{"id":50295,"date":"2024-05-15T16:04:41","date_gmt":"2024-05-15T19:04:41","guid":{"rendered":"https:\/\/noticiasribeiraopreto.com.br\/index.php\/2024\/05\/15\/motorista-morre-apos-colisao-entre-carro-e-caminhao-em-rodovia-na-regiao-de-ribeirao\/"},"modified":"2024-05-15T16:04:41","modified_gmt":"2024-05-15T19:04:41","slug":"motorista-morre-apos-colisao-entre-carro-e-caminhao-em-rodovia-na-regiao-de-ribeirao","status":"publish","type":"post","link":"https:\/\/noticiasribeiraopreto.com.br\/index.php\/2024\/05\/15\/motorista-morre-apos-colisao-entre-carro-e-caminhao-em-rodovia-na-regiao-de-ribeirao\/","title":{"rendered":"Motorista morre ap\u00f3s colis\u00e3o entre carro e caminh\u00e3o em rodovia na regi\u00e3o de Ribeir\u00e3o"},"content":{"rendered":"<div class='code-block code-block-1' style='margin: 8px 0 8px auto; text-align: right; display: block; clear: both;'>\n<p><a href=\"https:\/\/wa.link\/vpicfd\"><img data-recalc-dims=\"1\" class=\"wp-image-4922\" style=\"aspect-ratio: 2.0253164556962027; width: 561px; height: auto;\" src=\"https:\/\/i0.wp.com\/ismaelcolosi.com.br\/wp-content\/uploads\/2023\/11\/grupo-de-empregos-whatsapp-e-facebook-ismael-colosi-vagas.jpg?ssl=1\" alt=\"\" \/><\/a><\/p>\n<!-- \/wp:image -->\n<\/div>\n<p> <br \/>\n<\/p>\n<div data-td-block-uid=\"tdi_101\">\n<div class=\"tdb-block-inner td-fix-index\">\n<p>Um <strong>homem <\/strong>morreu na tarde desta quarta-feira (15), ap\u00f3s se envolver em um <strong>acidente <\/strong>na rodovia M\u00e1rio Doneg\u00e1, entre <strong>Ribeir\u00e3o Preto e Dumont<\/strong>.<\/p>\n<p>De acordo com as informa\u00e7\u00f5es da <strong>Pol\u00edcia Militar Rodovi\u00e1ria<\/strong>, a batida foi entre <strong>carro <\/strong>e <strong>caminh\u00e3o<\/strong>, em um trecho de pista simples. <mark style=\"background-color:#fcb900\" class=\"has-inline-color\">A rodovia est\u00e1 parcialmente interditada, contudo, n\u00e3o h\u00e1 congestionamento no local. <\/mark><\/p>\n<p>Ainda segundo a <strong>PMR<\/strong>, a v\u00edtima fatal conduzia o carro sentido Dumont. A caminh\u00e3o estava no sentido contr\u00e1rio.<\/p>\n<p>Equipes do <strong>Servi\u00e7o de Atendimento M\u00f3vel de Urg\u00eancia (Samu)<\/strong> foram acionadas, mas a v\u00edtima morreu no local. O motorista do caminh\u00e3o n\u00e3o teve ferimentos.<\/p>\n<p>As <strong>causas do acidente<\/strong>, contudo, dever\u00e3o ser <strong>investigadas<\/strong>. <\/p>\n<hr class=\"wp-block-separator has-alpha-channel-opacity\"\/>\n<p>SAIBA MAIS<\/p>\n<p>Marinha alerta para ondas de at\u00e9 3 metros no litoral de SP<\/p>\n<h4 class=\"wp-block-heading\"><strong>FIQUE ON<\/strong><\/h4>\n<p>Fique ligado em tudo que acontece em Ribeir\u00e3o Preto e regi\u00e3o. Siga os perfis do<strong>\u00a0acidade on\u00a0<\/strong>no<a href=\"https:\/\/www.instagram.com\/acidadeonribeirao\" target=\"_blank\" rel=\"noreferrer noopener\">\u00a0Instagram<\/a>\u00a0e no\u00a0<a href=\"https:\/\/www.facebook.com\/acidadeonribeirao\/\" target=\"_blank\" rel=\"noreferrer noopener\">Facebook<\/a>.<\/p>\n<p>Receba not\u00edcias do<strong>\u00a0acidade on<\/strong>\u00a0no WhatsApp.\u00a0<a href=\"https:\/\/chat.whatsapp.com\/CdrZ6xrf7quD44Vw3WlPuZ\" target=\"_blank\" rel=\"noreferrer noopener\">Para entrar no grupo, basta clicar aqui.<\/a><\/p>\n<p>Fa\u00e7a uma den\u00fancia ou sugira uma reportagem sobre Ribeir\u00e3o Preto e regi\u00e3o pelo WhatsApp: 16 99117 7802.<\/p>\n<p>VEJA TAMB\u00c9M<\/p>\n<p>Isabel Veloso pode adotar uma crian\u00e7a, mesmo com c\u00e2ncer terminal?<\/p>\n<p><!-- AI CONTENT END 1 -->\n<\/div>\n<\/div>\n<p><script async src=\"\/\/www.instagram.com\/embed.js\"><\/script><br \/>\n<br \/><br \/>\n<br \/><a href=\"https:\/\/www.acidadeon.com\/ribeiraopreto\/cotidiano\/motorista-morre-apos-colisao-entre-carro-e-caminhao-em-rodovia-na-regiao-de-ribeirao\/\">Source link <\/a><\/p>\n<!-- CONTENT END 1 -->\n","protected":false},"excerpt":{"rendered":"<p>Um homem morreu na tarde desta quarta-feira (15), ap\u00f3s se envolver em um acidente na rodovia M\u00e1rio Doneg\u00e1, entre Ribeir\u00e3o Preto e Dumont. De acordo&#8230;<\/p>\n","protected":false},"author":1,"featured_media":50296,"comment_status":"open","ping_status":"open","sticky":false,"template":"","format":"standard","meta":{"advanced_seo_description":"","jetpack_seo_html_title":"","jetpack_seo_noindex":false,"jetpack_post_was_ever_published":false,"_jetpack_newsletter_access":"","_jetpack_dont_email_post_to_subs":false,"_jetpack_newsletter_tier_id":0,"_jetpack_memberships_contains_paywalled_content":false,"_jetpack_memberships_contains_paid_content":false,"footnotes":"","jetpack_publicize_message":"","jetpack_publicize_feature_enabled":true,"jetpack_social_post_already_shared":true,"jetpack_social_options":{"image_generator_settings":{"template":"highway","default_image_id":0,"font":"","enabled":false},"version":2}},"categories":[11],"tags":[],"class_list":["post-50295","post","type-post","status-publish","format-standard","has-post-thumbnail","hentry","category-noticias-de-ribeirao-preto-sp-e-regiao-ismael-colosi"],"jetpack_publicize_connections":[],"jetpack_featured_media_url":"https:\/\/i0.wp.com\/noticiasribeiraopreto.com.br\/wp-content\/uploads\/2024\/05\/Copia-de-Copia-de-TAMANHO-EXATO-PARA-FOTOS-NO-SISTEMA-NOVO-40_2024-05-15_18-48-25_png_2024-05-15_18-48-25.webp.webp?fit=1200%2C675&ssl=1","jetpack-related-posts":[{"id":82589,"url":"https:\/\/noticiasribeiraopreto.com.br\/index.php\/2026\/02\/20\/acidente-entre-dois-veiculos-deixa-vitimas-em-rodovia-na-regiao-de-ribeirao-preto\/","url_meta":{"origin":50295,"position":0},"title":"Acidente entre dois ve\u00edculos deixa v\u00edtimas em rodovia na regi\u00e3o de Ribeir\u00e3o Preto","author":"noticiasribeiraopreto.com.br","date":"20 de February de 2026","format":false,"excerpt":"Um acidente envolveu um carro e uma picape na manh\u00e3 desta sexta-feira (20), na rodovia M\u00e1rio Doneg\u00e1 (SP-291), no sentido a Dumont regi\u00e3o de Ribeir\u00e3o Preto. Segundo informa\u00e7\u00f5es, um casal que estava na picape e o motorista do carro foram socorridos e encaminhados a uma unidade de sa\u00fade de Dumont.\u2026","rel":"","context":"In &quot;Not\u00edcias de Ribeir\u00e3o Preto-SP e Regi\u00e3o&quot;","block_context":{"text":"Not\u00edcias de Ribeir\u00e3o Preto-SP e Regi\u00e3o","link":"https:\/\/noticiasribeiraopreto.com.br\/index.php\/category\/noticias-de-ribeirao-preto-sp-e-regiao-ismael-colosi\/"},"img":{"alt_text":"","src":"https:\/\/i0.wp.com\/noticiasribeiraopreto.com.br\/wp-content\/uploads\/2026\/02\/ACIDENTE-1_2026-02-20_11-26-59.webp.webp?fit=1200%2C760&ssl=1&resize=350%2C200","width":350,"height":200,"srcset":"https:\/\/i0.wp.com\/noticiasribeiraopreto.com.br\/wp-content\/uploads\/2026\/02\/ACIDENTE-1_2026-02-20_11-26-59.webp.webp?fit=1200%2C760&ssl=1&resize=350%2C200 1x, https:\/\/i0.wp.com\/noticiasribeiraopreto.com.br\/wp-content\/uploads\/2026\/02\/ACIDENTE-1_2026-02-20_11-26-59.webp.webp?fit=1200%2C760&ssl=1&resize=525%2C300 1.5x, https:\/\/i0.wp.com\/noticiasribeiraopreto.com.br\/wp-content\/uploads\/2026\/02\/ACIDENTE-1_2026-02-20_11-26-59.webp.webp?fit=1200%2C760&ssl=1&resize=700%2C400 2x, https:\/\/i0.wp.com\/noticiasribeiraopreto.com.br\/wp-content\/uploads\/2026\/02\/ACIDENTE-1_2026-02-20_11-26-59.webp.webp?fit=1200%2C760&ssl=1&resize=1050%2C600 3x"},"classes":[]},{"id":61329,"url":"https:\/\/noticiasribeiraopreto.com.br\/index.php\/2024\/12\/09\/acidente-entre-carro-e-caminhao-deixa-um-morto-em-rodovia-na-regiao-de-ribeirao\/","url_meta":{"origin":50295,"position":1},"title":"Acidente entre carro e caminh\u00e3o deixa um morto em rodovia na regi\u00e3o de Ribeir\u00e3o","author":"noticiasribeiraopreto.com.br","date":"9 de December de 2024","format":false,"excerpt":"Um acidente, na tarde desta segunda-feira (9), envolvendo um carro e um caminh\u00e3o, deixou uma pessoa morta na rodovia Abr\u00e3o Assed, em Cajuru, na regi\u00e3o de Ribeir\u00e3o Preto. Segundo testemunhas, o motorista do utilit\u00e1rio n\u00e3o resistiu e morreu no local. N\u00e3o foi divulgada a identidade da v\u00edtima. Em nota, o\u2026","rel":"","context":"In &quot;Not\u00edcias de Ribeir\u00e3o Preto-SP e Regi\u00e3o&quot;","block_context":{"text":"Not\u00edcias de Ribeir\u00e3o Preto-SP e Regi\u00e3o","link":"https:\/\/noticiasribeiraopreto.com.br\/index.php\/category\/noticias-de-ribeirao-preto-sp-e-regiao-ismael-colosi\/"},"img":{"alt_text":"","src":"https:\/\/i0.wp.com\/noticiasribeiraopreto.com.br\/wp-content\/uploads\/2024\/12\/Copia-de-Copia-de-Copia-de-TAMANHO-EXATO-PARA-FOTOS-NO-SISTEMA-NOVO-2024-12-09T190604.578_2024-12-09_22-13-11_png_2024-12-09_22-13-12.webp.webp?fit=1200%2C675&ssl=1&resize=350%2C200","width":350,"height":200,"srcset":"https:\/\/i0.wp.com\/noticiasribeiraopreto.com.br\/wp-content\/uploads\/2024\/12\/Copia-de-Copia-de-Copia-de-TAMANHO-EXATO-PARA-FOTOS-NO-SISTEMA-NOVO-2024-12-09T190604.578_2024-12-09_22-13-11_png_2024-12-09_22-13-12.webp.webp?fit=1200%2C675&ssl=1&resize=350%2C200 1x, https:\/\/i0.wp.com\/noticiasribeiraopreto.com.br\/wp-content\/uploads\/2024\/12\/Copia-de-Copia-de-Copia-de-TAMANHO-EXATO-PARA-FOTOS-NO-SISTEMA-NOVO-2024-12-09T190604.578_2024-12-09_22-13-11_png_2024-12-09_22-13-12.webp.webp?fit=1200%2C675&ssl=1&resize=525%2C300 1.5x, https:\/\/i0.wp.com\/noticiasribeiraopreto.com.br\/wp-content\/uploads\/2024\/12\/Copia-de-Copia-de-Copia-de-TAMANHO-EXATO-PARA-FOTOS-NO-SISTEMA-NOVO-2024-12-09T190604.578_2024-12-09_22-13-11_png_2024-12-09_22-13-12.webp.webp?fit=1200%2C675&ssl=1&resize=700%2C400 2x, https:\/\/i0.wp.com\/noticiasribeiraopreto.com.br\/wp-content\/uploads\/2024\/12\/Copia-de-Copia-de-Copia-de-TAMANHO-EXATO-PARA-FOTOS-NO-SISTEMA-NOVO-2024-12-09T190604.578_2024-12-09_22-13-11_png_2024-12-09_22-13-12.webp.webp?fit=1200%2C675&ssl=1&resize=1050%2C600 3x"},"classes":[]},{"id":84515,"url":"https:\/\/noticiasribeiraopreto.com.br\/index.php\/2026\/04\/10\/motorista-morre-apos-colisao-entre-dois-caminhoes-em-rodovia-da-regiao\/","url_meta":{"origin":50295,"position":2},"title":"Motorista morre ap\u00f3s colis\u00e3o entre dois caminh\u00f5es em rodovia da regi\u00e3o","author":"noticiasribeiraopreto.com.br","date":"10 de April de 2026","format":false,"excerpt":"Ler o resumo da not\u00edcia Motorista morreu em colis\u00e3o entre dois caminh\u00f5es na rodovia Laurentino Mascari, em Taquaritinga (SP), na tarde desta sexta-feira (10). Condutor de caminh\u00e3o branco perdeu o controle ap\u00f3s dormir ao volante e atingiu a lateral de um caminh\u00e3o preto no sentido oposto. O passageiro do caminh\u00e3o\u2026","rel":"","context":"In &quot;Not\u00edcias de Ribeir\u00e3o Preto-SP e Regi\u00e3o&quot;","block_context":{"text":"Not\u00edcias de Ribeir\u00e3o Preto-SP e Regi\u00e3o","link":"https:\/\/noticiasribeiraopreto.com.br\/index.php\/category\/noticias-de-ribeirao-preto-sp-e-regiao-ismael-colosi\/"},"img":{"alt_text":"","src":"https:\/\/i0.wp.com\/noticiasribeiraopreto.com.br\/wp-content\/uploads\/2026\/04\/030911d9-d2f5-4c7a-8495-ad2559c94125_2026-04-10_18-59-43.webp.webp?fit=704%2C576&ssl=1&resize=350%2C200","width":350,"height":200,"srcset":"https:\/\/i0.wp.com\/noticiasribeiraopreto.com.br\/wp-content\/uploads\/2026\/04\/030911d9-d2f5-4c7a-8495-ad2559c94125_2026-04-10_18-59-43.webp.webp?fit=704%2C576&ssl=1&resize=350%2C200 1x, https:\/\/i0.wp.com\/noticiasribeiraopreto.com.br\/wp-content\/uploads\/2026\/04\/030911d9-d2f5-4c7a-8495-ad2559c94125_2026-04-10_18-59-43.webp.webp?fit=704%2C576&ssl=1&resize=525%2C300 1.5x, https:\/\/i0.wp.com\/noticiasribeiraopreto.com.br\/wp-content\/uploads\/2026\/04\/030911d9-d2f5-4c7a-8495-ad2559c94125_2026-04-10_18-59-43.webp.webp?fit=704%2C576&ssl=1&resize=700%2C400 2x"},"classes":[]},{"id":68719,"url":"https:\/\/noticiasribeiraopreto.com.br\/index.php\/2025\/04\/28\/motorista-morre-apos-acidente-com-caminhao-no-anel-viario-norte-em-ribeirao-preto\/","url_meta":{"origin":50295,"position":3},"title":"Motorista morre ap\u00f3s acidente com caminh\u00e3o no Anel Vi\u00e1rio Norte em Ribeir\u00e3o Preto","author":"noticiasribeiraopreto.com.br","date":"28 de April de 2025","format":false,"excerpt":"O motorista de um carro morreu no in\u00edcio da tarde desta segunda-feira (28) ap\u00f3s se envolver em um acidente na rodovia Alexandre Balbo (Anel Vi\u00e1rio Norte), em Ribeir\u00e3o Preto. O carro dirigido pela v\u00edtima colidiu com a traseira de um caminh\u00e3o, que seguia no sentido da rodovia Anhanguera. O acidente\u2026","rel":"","context":"In &quot;Not\u00edcias de Ribeir\u00e3o Preto-SP e Regi\u00e3o&quot;","block_context":{"text":"Not\u00edcias de Ribeir\u00e3o Preto-SP e Regi\u00e3o","link":"https:\/\/noticiasribeiraopreto.com.br\/index.php\/category\/noticias-de-ribeirao-preto-sp-e-regiao-ismael-colosi\/"},"img":{"alt_text":"","src":"https:\/\/i0.wp.com\/noticiasribeiraopreto.com.br\/wp-content\/uploads\/2025\/04\/imagem-mostra-acidente-carro-caminhao_2025-04-28_16-24-54.webp.webp?fit=1200%2C900&ssl=1&resize=350%2C200","width":350,"height":200,"srcset":"https:\/\/i0.wp.com\/noticiasribeiraopreto.com.br\/wp-content\/uploads\/2025\/04\/imagem-mostra-acidente-carro-caminhao_2025-04-28_16-24-54.webp.webp?fit=1200%2C900&ssl=1&resize=350%2C200 1x, https:\/\/i0.wp.com\/noticiasribeiraopreto.com.br\/wp-content\/uploads\/2025\/04\/imagem-mostra-acidente-carro-caminhao_2025-04-28_16-24-54.webp.webp?fit=1200%2C900&ssl=1&resize=525%2C300 1.5x, https:\/\/i0.wp.com\/noticiasribeiraopreto.com.br\/wp-content\/uploads\/2025\/04\/imagem-mostra-acidente-carro-caminhao_2025-04-28_16-24-54.webp.webp?fit=1200%2C900&ssl=1&resize=700%2C400 2x, https:\/\/i0.wp.com\/noticiasribeiraopreto.com.br\/wp-content\/uploads\/2025\/04\/imagem-mostra-acidente-carro-caminhao_2025-04-28_16-24-54.webp.webp?fit=1200%2C900&ssl=1&resize=1050%2C600 3x"},"classes":[]},{"id":62564,"url":"https:\/\/noticiasribeiraopreto.com.br\/index.php\/2025\/01\/17\/motorista-morre-apos-acidente-entre-caminhao-e-van-em-rodovia-na-regiao-de-ribeirao-preto\/","url_meta":{"origin":50295,"position":4},"title":"Motorista morre ap\u00f3s acidente entre caminh\u00e3o e van em rodovia na regi\u00e3o de Ribeir\u00e3o Preto","author":"noticiasribeiraopreto.com.br","date":"17 de January de 2025","format":false,"excerpt":"Um homem morreu ap\u00f3s um acidente de tr\u00e2nsito pr\u00f3ximo ao km 399 da rodovia Armando Salles de Oliveira, em Bebedouro, cidade na regi\u00e3o de Ribeir\u00e3o Preto, na manh\u00e3 desta sexta-feira (17). De acordo com o DER (Departamento de Estradas de Rodagem do Estado de S\u00e3o Paulo), o acidente aconteceu por\u2026","rel":"","context":"In &quot;Not\u00edcias de Ribeir\u00e3o Preto-SP e Regi\u00e3o&quot;","block_context":{"text":"Not\u00edcias de Ribeir\u00e3o Preto-SP e Regi\u00e3o","link":"https:\/\/noticiasribeiraopreto.com.br\/index.php\/category\/noticias-de-ribeirao-preto-sp-e-regiao-ismael-colosi\/"},"img":{"alt_text":"","src":"https:\/\/i0.wp.com\/noticiasribeiraopreto.com.br\/wp-content\/uploads\/2025\/01\/Copia-de-Copia-de-Copia-de-TAMANHO-EXATO-PARA-FOTOS-NO-SISTEMA-NOVO-2025-01-17T152357.324_2025-01-17_18-24-04_png_2025-01-17_18-24-04.webp.webp?fit=1200%2C675&ssl=1&resize=350%2C200","width":350,"height":200,"srcset":"https:\/\/i0.wp.com\/noticiasribeiraopreto.com.br\/wp-content\/uploads\/2025\/01\/Copia-de-Copia-de-Copia-de-TAMANHO-EXATO-PARA-FOTOS-NO-SISTEMA-NOVO-2025-01-17T152357.324_2025-01-17_18-24-04_png_2025-01-17_18-24-04.webp.webp?fit=1200%2C675&ssl=1&resize=350%2C200 1x, https:\/\/i0.wp.com\/noticiasribeiraopreto.com.br\/wp-content\/uploads\/2025\/01\/Copia-de-Copia-de-Copia-de-TAMANHO-EXATO-PARA-FOTOS-NO-SISTEMA-NOVO-2025-01-17T152357.324_2025-01-17_18-24-04_png_2025-01-17_18-24-04.webp.webp?fit=1200%2C675&ssl=1&resize=525%2C300 1.5x, https:\/\/i0.wp.com\/noticiasribeiraopreto.com.br\/wp-content\/uploads\/2025\/01\/Copia-de-Copia-de-Copia-de-TAMANHO-EXATO-PARA-FOTOS-NO-SISTEMA-NOVO-2025-01-17T152357.324_2025-01-17_18-24-04_png_2025-01-17_18-24-04.webp.webp?fit=1200%2C675&ssl=1&resize=700%2C400 2x, https:\/\/i0.wp.com\/noticiasribeiraopreto.com.br\/wp-content\/uploads\/2025\/01\/Copia-de-Copia-de-Copia-de-TAMANHO-EXATO-PARA-FOTOS-NO-SISTEMA-NOVO-2025-01-17T152357.324_2025-01-17_18-24-04_png_2025-01-17_18-24-04.webp.webp?fit=1200%2C675&ssl=1&resize=1050%2C600 3x"},"classes":[]},{"id":77987,"url":"https:\/\/noticiasribeiraopreto.com.br\/index.php\/2025\/09\/30\/motorista-morre-em-acidente-entre-carro-e-caminhao-na-regiao-de-ribeirao-preto\/","url_meta":{"origin":50295,"position":5},"title":"Motorista morre em acidente entre carro e caminh\u00e3o na regi\u00e3o de Ribeir\u00e3o Preto","author":"noticiasribeiraopreto.com.br","date":"30 de September de 2025","format":false,"excerpt":"O motorista de um carro morreu ap\u00f3s se envolver em uma batida com um caminh\u00e3o no fim da tarde desta segunda-feira (29), na rodovia Jos\u00e9 Fregonezi (SP-328), em Cravinhos, na regi\u00e3o de Ribeir\u00e3o Preto. Segundo o boletim de ocorr\u00eancia (BO), An\u00e9sio Balbino, de 67 anos, morreu no local, no km\u2026","rel":"","context":"In &quot;Not\u00edcias de Ribeir\u00e3o Preto-SP e Regi\u00e3o&quot;","block_context":{"text":"Not\u00edcias de Ribeir\u00e3o Preto-SP e Regi\u00e3o","link":"https:\/\/noticiasribeiraopreto.com.br\/index.php\/category\/noticias-de-ribeirao-preto-sp-e-regiao-ismael-colosi\/"},"img":{"alt_text":"","src":"https:\/\/i0.wp.com\/noticiasribeiraopreto.com.br\/wp-content\/uploads\/2025\/09\/IMG-20250930-WA0024_2025-09-30_11-17-50.webp.webp?fit=1200%2C747&ssl=1&resize=350%2C200","width":350,"height":200,"srcset":"https:\/\/i0.wp.com\/noticiasribeiraopreto.com.br\/wp-content\/uploads\/2025\/09\/IMG-20250930-WA0024_2025-09-30_11-17-50.webp.webp?fit=1200%2C747&ssl=1&resize=350%2C200 1x, https:\/\/i0.wp.com\/noticiasribeiraopreto.com.br\/wp-content\/uploads\/2025\/09\/IMG-20250930-WA0024_2025-09-30_11-17-50.webp.webp?fit=1200%2C747&ssl=1&resize=525%2C300 1.5x, https:\/\/i0.wp.com\/noticiasribeiraopreto.com.br\/wp-content\/uploads\/2025\/09\/IMG-20250930-WA0024_2025-09-30_11-17-50.webp.webp?fit=1200%2C747&ssl=1&resize=700%2C400 2x, https:\/\/i0.wp.com\/noticiasribeiraopreto.com.br\/wp-content\/uploads\/2025\/09\/IMG-20250930-WA0024_2025-09-30_11-17-50.webp.webp?fit=1200%2C747&ssl=1&resize=1050%2C600 3x"},"classes":[]}],"jetpack_sharing_enabled":true,"jetpack_shortlink":"https:\/\/wp.me\/peQAOb-d5d","_links":{"self":[{"href":"https:\/\/noticiasribeiraopreto.com.br\/index.php\/wp-json\/wp\/v2\/posts\/50295","targetHints":{"allow":["GET"]}}],"collection":[{"href":"https:\/\/noticiasribeiraopreto.com.br\/index.php\/wp-json\/wp\/v2\/posts"}],"about":[{"href":"https:\/\/noticiasribeiraopreto.com.br\/index.php\/wp-json\/wp\/v2\/types\/post"}],"author":[{"embeddable":true,"href":"https:\/\/noticiasribeiraopreto.com.br\/index.php\/wp-json\/wp\/v2\/users\/1"}],"replies":[{"embeddable":true,"href":"https:\/\/noticiasribeiraopreto.com.br\/index.php\/wp-json\/wp\/v2\/comments?post=50295"}],"version-history":[{"count":0,"href":"https:\/\/noticiasribeiraopreto.com.br\/index.php\/wp-json\/wp\/v2\/posts\/50295\/revisions"}],"wp:featuredmedia":[{"embeddable":true,"href":"https:\/\/noticiasribeiraopreto.com.br\/index.php\/wp-json\/wp\/v2\/media\/50296"}],"wp:attachment":[{"href":"https:\/\/noticiasribeiraopreto.com.br\/index.php\/wp-json\/wp\/v2\/media?parent=50295"}],"wp:term":[{"taxonomy":"category","embeddable":true,"href":"https:\/\/noticiasribeiraopreto.com.br\/index.php\/wp-json\/wp\/v2\/categories?post=50295"},{"taxonomy":"post_tag","embeddable":true,"href":"https:\/\/noticiasribeiraopreto.com.br\/index.php\/wp-json\/wp\/v2\/tags?post=50295"}],"curies":[{"name":"wp","href":"https:\/\/api.w.org\/{rel}","templated":true}]}}