{"id":50299,"date":"2024-05-15T16:20:29","date_gmt":"2024-05-15T19:20:29","guid":{"rendered":"https:\/\/noticiasribeiraopreto.com.br\/index.php\/2024\/05\/15\/consumidor-deve-pagar-r-4-pelo-quilo-do-arroz-importado-pelo-governo-federal\/"},"modified":"2024-05-15T16:20:29","modified_gmt":"2024-05-15T19:20:29","slug":"consumidor-deve-pagar-r-4-pelo-quilo-do-arroz-importado-pelo-governo-federal","status":"publish","type":"post","link":"https:\/\/noticiasribeiraopreto.com.br\/index.php\/2024\/05\/15\/consumidor-deve-pagar-r-4-pelo-quilo-do-arroz-importado-pelo-governo-federal\/","title":{"rendered":"Consumidor deve pagar R$ 4 pelo quilo do arroz importado pelo Governo Federal"},"content":{"rendered":"<div class='code-block code-block-1' style='margin: 8px 0 8px auto; text-align: right; display: block; clear: both;'>\n<p><a href=\"https:\/\/wa.link\/vpicfd\"><img data-recalc-dims=\"1\" class=\"wp-image-4922\" style=\"aspect-ratio: 2.0253164556962027; width: 561px; height: auto;\" src=\"https:\/\/i0.wp.com\/ismaelcolosi.com.br\/wp-content\/uploads\/2023\/11\/grupo-de-empregos-whatsapp-e-facebook-ismael-colosi-vagas.jpg?ssl=1\" alt=\"\" \/><\/a><\/p>\n<!-- \/wp:image -->\n<\/div>\n<p> <br \/>\n<\/p>\n<div>\n<p>Ap\u00f3s o <strong>Governo Federal <\/strong>anunciar a <strong>importa\u00e7\u00e3o de arroz<\/strong>, para <strong>minimizar as consequ\u00eancias econ\u00f4micas provocadas pelos eventos clim\u00e1ticos no Rio Grande do Sul, principal produtor do gr\u00e3o no pa\u00eds<\/strong>, foi divulgado na <strong>ter\u00e7a-feira<\/strong> (14), que o <span style=\"background-color:#f7cc62\" class=\"td_text_highlight_marker\"><mark style=\"background-color:rgba(0, 0, 0, 0)\" class=\"has-inline-color has-black-color\"><strong>pre\u00e7o final, de um dos principais alimentos da refei\u00e7\u00e3o do brasileiro, deve custar aos consumidores R$ 4 o quilo<\/strong>.<\/mark><\/span><\/p>\n<p>A <strong>MP<\/strong> (Medida Provis\u00f3ria) foi <strong>publicada no Di\u00e1rio Oficial da Uni\u00e3o<\/strong> com<strong> par\u00e2metros para que a Conab <\/strong>(Companhia Nacional de Abastecimento)<strong> importe o gr\u00e3o<\/strong>. Entre eles, a <strong>quantidade de at\u00e9 um milh\u00e3o de toneladas de arroz por meio de leil\u00f5es p\u00fablicos, durante este ano.<\/strong><\/p>\n<p>Diante disso<strong><span style=\"background-color:#f7cc62\" class=\"td_text_highlight_marker\"><mark style=\"background-color:rgba(0, 0, 0, 0)\" class=\"has-inline-color has-black-color\">, a primeira compra de at\u00e9 104.34 toneladas de arroz no primeiro leil\u00e3o est\u00e1 marcada para acontecer no pr\u00f3ximo dia 21. Para essa aquisi\u00e7\u00e3o foram previstos R$ 416,1 milh\u00f5es e outros R$ 100 milh\u00f5es para as despesas relativas \u00e0 equaliza\u00e7\u00e3o dos pre\u00e7os para venda<\/mark><\/span><\/strong>.<\/p>\n<p>Segundo a <strong>portaria do governo<\/strong>, a <strong><span style=\"background-color:#f7cc62\" class=\"td_text_highlight_marker\"><mark style=\"background-color:rgba(0, 0, 0, 0)\" class=\"has-inline-color has-black-color\">primeira remessa do arroz importado ser\u00e1 destinada \u00e0 venda de pequenos varejistas e equipamentos p\u00fablicos de seguran\u00e7a alimentar e nutricional das regi\u00f5es metropolitanas dos estados de S\u00e3o Paulo, Bahia, Minas Gerais, Rio de Janeiro, Pernambuco, Par\u00e1 e Cear\u00e1<\/mark><\/span><\/strong>.<\/p>\n<p>O<strong> ministro Carlos F\u00e1varo<\/strong>, do <strong>Mapa<\/strong> (Minist\u00e9rio da Agricultura e Pecu\u00e1ria), <strong>refor\u00e7ou<\/strong> que a <strong>iniciativa <\/strong>teve como <strong>objetivo evitar a alta nos pre\u00e7os do arroz<\/strong> e, que a <strong>importa\u00e7\u00e3o do gr\u00e3o<\/strong>, <strong>n\u00e3o concorrer\u00e1 com os agricultores<\/strong> <strong>brasileiros<\/strong>, uma vez que o <strong>produto comprado<\/strong> no <strong>exterior<\/strong> deve ser repassado <strong>apenas<\/strong> para os <strong>pequenos mercados<\/strong>.<\/p>\n<blockquote class=\"wp-block-quote\">\n<p>\u201cO Governo Federal n\u00e3o pensa, em hip\u00f3tese alguma, em concorrer com os produtores de arroz que passam por dificuldades. Nosso objetivo \u00e9 evitar especula\u00e7\u00e3o financeira e estabilizar o pre\u00e7o do produto nos mercados de todo o pa\u00eds\u201d, argumentou. \u201c\u00c9 arroz pronto para consumo, j\u00e1 descascado, para n\u00e3o afetar a rela\u00e7\u00e3o de produtores, cerealistas e atacadistas\u201d, explicou F\u00e1varo.<\/p>\n<\/blockquote>\n<h2 class=\"wp-block-heading\"><strong>Como ser\u00e1 o arroz importado<\/strong><\/h2>\n<p>O <strong>cereal <\/strong>ser\u00e1 <strong><span style=\"background-color:#f7cc62\" class=\"td_text_highlight_marker\"><mark style=\"background-color:rgba(0, 0, 0, 0)\" class=\"has-inline-color has-black-color\">empacotado em embalagem de dois quilos, que ser\u00e1 padronizada com a marca do Governo Federal. Al\u00e9m disso, vai constar o pre\u00e7o que deve ser vendido ao consumidor.<\/mark><\/span><\/strong><\/p>\n<p>Todo o produto importado ser\u00e1 descarregado nos portos de Santos (SP), Salvador (BA), Recife (PE) e Itaqui (MA).<\/p>\n<p>SAIBA MAIS <\/p>\n<p>Cemit\u00e9rio de Ribeir\u00e3o recebe mais uma edi\u00e7\u00e3o de visita cultural; Veja como participar<\/p>\n<p><!-- AI CONTENT END 1 -->\n<\/div>\n<p><br \/>\n<br \/><a href=\"https:\/\/www.acidadeon.com\/ribeiraopreto\/politica\/consumidor-deve-pagar-r-4-pelo-quilo-do-arroz-importado-pelo-governo-federal\/\">Source link <\/a><\/p>\n<!-- CONTENT END 1 -->\n","protected":false},"excerpt":{"rendered":"<p>Ap\u00f3s o Governo Federal anunciar a importa\u00e7\u00e3o de arroz, para minimizar as consequ\u00eancias econ\u00f4micas provocadas pelos eventos clim\u00e1ticos no Rio Grande do Sul, principal produtor&#8230;<\/p>\n","protected":false},"author":1,"featured_media":50300,"comment_status":"open","ping_status":"open","sticky":false,"template":"","format":"standard","meta":{"advanced_seo_description":"","jetpack_seo_html_title":"","jetpack_seo_noindex":false,"jetpack_post_was_ever_published":false,"_jetpack_newsletter_access":"","_jetpack_dont_email_post_to_subs":false,"_jetpack_newsletter_tier_id":0,"_jetpack_memberships_contains_paywalled_content":false,"_jetpack_memberships_contains_paid_content":false,"footnotes":"","jetpack_publicize_message":"","jetpack_publicize_feature_enabled":true,"jetpack_social_post_already_shared":true,"jetpack_social_options":{"image_generator_settings":{"template":"highway","default_image_id":0,"font":"","enabled":false},"version":2}},"categories":[11],"tags":[],"class_list":["post-50299","post","type-post","status-publish","format-standard","has-post-thumbnail","hentry","category-noticias-de-ribeirao-preto-sp-e-regiao-ismael-colosi"],"jetpack_publicize_connections":[],"jetpack_featured_media_url":"https:\/\/i0.wp.com\/noticiasribeiraopreto.com.br\/wp-content\/uploads\/2024\/05\/handler-1_2024-05-15_18-42-32_jpg_2024-05-15_18-42-32.webp.webp?fit=768%2C512&ssl=1","jetpack-related-posts":[{"id":49314,"url":"https:\/\/noticiasribeiraopreto.com.br\/index.php\/2024\/05\/09\/vai-faltar-arroz-produto-ja-esta-mais-caro-em-ribeirao-preto-veja-o-que-diz-especialista\/","url_meta":{"origin":50299,"position":0},"title":"Vai faltar arroz? Produto j\u00e1 est\u00e1 mais caro em Ribeir\u00e3o Preto; Veja o que diz especialista","author":"noticiasribeiraopreto.com.br","date":"9 de May de 2024","format":false,"excerpt":"As enchentes que atingem o Rio Grande do Sul desde a semana passada preocupou diversos consumidores de Ribeir\u00e3o Preto em rela\u00e7\u00e3o a falta de arroz nos supermercados, j\u00e1 que o estado \u00e9 respons\u00e1vel por 70% da produ\u00e7\u00e3o do cereal no pa\u00eds. Segundo o presidente da Federa\u00e7\u00e3o da Agricultura e Pecu\u00e1ria\u2026","rel":"","context":"In &quot;Not\u00edcias de Ribeir\u00e3o Preto-SP e Regi\u00e3o&quot;","block_context":{"text":"Not\u00edcias de Ribeir\u00e3o Preto-SP e Regi\u00e3o","link":"https:\/\/noticiasribeiraopreto.com.br\/index.php\/category\/noticias-de-ribeirao-preto-sp-e-regiao-ismael-colosi\/"},"img":{"alt_text":"","src":"https:\/\/i0.wp.com\/noticiasribeiraopreto.com.br\/wp-content\/uploads\/2024\/05\/AnyConv.com__sack-rice-with-rice-wooden-spoon-rice-plant_2024-05-10_00-12-14-scaled.webp.webp?fit=1200%2C800&ssl=1&resize=350%2C200","width":350,"height":200,"srcset":"https:\/\/i0.wp.com\/noticiasribeiraopreto.com.br\/wp-content\/uploads\/2024\/05\/AnyConv.com__sack-rice-with-rice-wooden-spoon-rice-plant_2024-05-10_00-12-14-scaled.webp.webp?fit=1200%2C800&ssl=1&resize=350%2C200 1x, https:\/\/i0.wp.com\/noticiasribeiraopreto.com.br\/wp-content\/uploads\/2024\/05\/AnyConv.com__sack-rice-with-rice-wooden-spoon-rice-plant_2024-05-10_00-12-14-scaled.webp.webp?fit=1200%2C800&ssl=1&resize=525%2C300 1.5x, https:\/\/i0.wp.com\/noticiasribeiraopreto.com.br\/wp-content\/uploads\/2024\/05\/AnyConv.com__sack-rice-with-rice-wooden-spoon-rice-plant_2024-05-10_00-12-14-scaled.webp.webp?fit=1200%2C800&ssl=1&resize=700%2C400 2x, https:\/\/i0.wp.com\/noticiasribeiraopreto.com.br\/wp-content\/uploads\/2024\/05\/AnyConv.com__sack-rice-with-rice-wooden-spoon-rice-plant_2024-05-10_00-12-14-scaled.webp.webp?fit=1200%2C800&ssl=1&resize=1050%2C600 3x"},"classes":[]},{"id":52747,"url":"https:\/\/noticiasribeiraopreto.com.br\/index.php\/2024\/06\/12\/compra-de-arroz-importado-e-cancelada-pelo-governo-federal\/","url_meta":{"origin":50299,"position":1},"title":"Compra de arroz importado \u00e9 cancelada pelo Governo Federal","author":"noticiasribeiraopreto.com.br","date":"12 de June de 2024","format":false,"excerpt":"A compra das 263,3 mil toneladas de arroz que seriam importadas, ap\u00f3s leil\u00e3o realizado pela Conab (Companhia Nacional de Abastecimento) em 6 de maio, foi cancelada pelo Governo Federal nesta ter\u00e7a-feira (11). \u00a0 Ap\u00f3s reuni\u00e3o com o presidente Luiz In\u00e1cio Lula da Silva, em Bras\u00edlia, o presidente da Conab, Edegar\u2026","rel":"","context":"In &quot;Not\u00edcias de Ribeir\u00e3o Preto-SP e Regi\u00e3o&quot;","block_context":{"text":"Not\u00edcias de Ribeir\u00e3o Preto-SP e Regi\u00e3o","link":"https:\/\/noticiasribeiraopreto.com.br\/index.php\/category\/noticias-de-ribeirao-preto-sp-e-regiao-ismael-colosi\/"},"img":{"alt_text":"","src":"https:\/\/i0.wp.com\/noticiasribeiraopreto.com.br\/wp-content\/uploads\/2024\/06\/3_2024-06-11_18-28-02_jpg_2024-06-11_18-28-02.webp.webp?fit=1200%2C675&ssl=1&resize=350%2C200","width":350,"height":200,"srcset":"https:\/\/i0.wp.com\/noticiasribeiraopreto.com.br\/wp-content\/uploads\/2024\/06\/3_2024-06-11_18-28-02_jpg_2024-06-11_18-28-02.webp.webp?fit=1200%2C675&ssl=1&resize=350%2C200 1x, https:\/\/i0.wp.com\/noticiasribeiraopreto.com.br\/wp-content\/uploads\/2024\/06\/3_2024-06-11_18-28-02_jpg_2024-06-11_18-28-02.webp.webp?fit=1200%2C675&ssl=1&resize=525%2C300 1.5x, https:\/\/i0.wp.com\/noticiasribeiraopreto.com.br\/wp-content\/uploads\/2024\/06\/3_2024-06-11_18-28-02_jpg_2024-06-11_18-28-02.webp.webp?fit=1200%2C675&ssl=1&resize=700%2C400 2x, https:\/\/i0.wp.com\/noticiasribeiraopreto.com.br\/wp-content\/uploads\/2024\/06\/3_2024-06-11_18-28-02_jpg_2024-06-11_18-28-02.webp.webp?fit=1200%2C675&ssl=1&resize=1050%2C600 3x"},"classes":[]},{"id":12806,"url":"https:\/\/noticiasribeiraopreto.com.br\/index.php\/2023\/12\/08\/lavar-ou-nao-o-arroz-voce-provavelmente-esta-fazendo-errado\/","url_meta":{"origin":50299,"position":2},"title":"Lavar ou n\u00e3o o arroz? Voc\u00ea provavelmente est\u00e1 fazendo errado","author":"noticiasribeiraopreto.com.br","date":"8 de December de 2023","format":false,"excerpt":"\u00c9 muito prov\u00e1vel que voc\u00ea j\u00e1 tenha visto sua m\u00e3e ou av\u00f3 lavando o arroz antes de cozinh\u00e1-lo. Mas j\u00e1 parou para se perguntar se esse cuidado \u00e9 o mais correto? Alguns juram que o cereal tem que ser lavado at\u00e9 que aquela \u00e1gua branca saia por completo. Mas acredite:\u2026","rel":"","context":"In &quot;Variedades&quot;","block_context":{"text":"Variedades","link":"https:\/\/noticiasribeiraopreto.com.br\/index.php\/category\/variedades\/"},"img":{"alt_text":"","src":"https:\/\/i0.wp.com\/noticiasribeiraopreto.com.br\/wp-content\/uploads\/2023\/12\/istock-468156873.jpg?fit=1200%2C638&ssl=1&resize=350%2C200","width":350,"height":200,"srcset":"https:\/\/i0.wp.com\/noticiasribeiraopreto.com.br\/wp-content\/uploads\/2023\/12\/istock-468156873.jpg?fit=1200%2C638&ssl=1&resize=350%2C200 1x, https:\/\/i0.wp.com\/noticiasribeiraopreto.com.br\/wp-content\/uploads\/2023\/12\/istock-468156873.jpg?fit=1200%2C638&ssl=1&resize=525%2C300 1.5x, https:\/\/i0.wp.com\/noticiasribeiraopreto.com.br\/wp-content\/uploads\/2023\/12\/istock-468156873.jpg?fit=1200%2C638&ssl=1&resize=700%2C400 2x, https:\/\/i0.wp.com\/noticiasribeiraopreto.com.br\/wp-content\/uploads\/2023\/12\/istock-468156873.jpg?fit=1200%2C638&ssl=1&resize=1050%2C600 3x"},"classes":[]},{"id":49425,"url":"https:\/\/noticiasribeiraopreto.com.br\/index.php\/2024\/05\/10\/saiba-se-estoque-de-arroz-no-brasil-esta-garantido\/","url_meta":{"origin":50299,"position":3},"title":"Saiba se estoque de arroz no Brasil est\u00e1 garantido","author":"noticiasribeiraopreto.com.br","date":"10 de May de 2024","format":false,"excerpt":"A Federarroz (Federa\u00e7\u00e3o das Associa\u00e7\u00f5es de Arrozeiros do Rio Grande do Sul) e a Abras (Associa\u00e7\u00e3o Brasileira de Supermercados) garantiram que n\u00e3o h\u00e1 risco de desabastecimento do gr\u00e3o no Brasil, apesar das enchentes no Rio Grande do Sul, que \u00e9 o estado respons\u00e1vel por 70% da produ\u00e7\u00e3o nacional. O Governo\u2026","rel":"","context":"In &quot;Not\u00edcias de Ribeir\u00e3o Preto-SP e Regi\u00e3o&quot;","block_context":{"text":"Not\u00edcias de Ribeir\u00e3o Preto-SP e Regi\u00e3o","link":"https:\/\/noticiasribeiraopreto.com.br\/index.php\/category\/noticias-de-ribeirao-preto-sp-e-regiao-ismael-colosi\/"},"img":{"alt_text":"","src":"https:\/\/i0.wp.com\/noticiasribeiraopreto.com.br\/wp-content\/uploads\/2024\/05\/Capturar_2024-05-10_17-35-17_jpg_2024-05-10_17-35-17.webp.webp?fit=1098%2C642&ssl=1&resize=350%2C200","width":350,"height":200,"srcset":"https:\/\/i0.wp.com\/noticiasribeiraopreto.com.br\/wp-content\/uploads\/2024\/05\/Capturar_2024-05-10_17-35-17_jpg_2024-05-10_17-35-17.webp.webp?fit=1098%2C642&ssl=1&resize=350%2C200 1x, https:\/\/i0.wp.com\/noticiasribeiraopreto.com.br\/wp-content\/uploads\/2024\/05\/Capturar_2024-05-10_17-35-17_jpg_2024-05-10_17-35-17.webp.webp?fit=1098%2C642&ssl=1&resize=525%2C300 1.5x, https:\/\/i0.wp.com\/noticiasribeiraopreto.com.br\/wp-content\/uploads\/2024\/05\/Capturar_2024-05-10_17-35-17_jpg_2024-05-10_17-35-17.webp.webp?fit=1098%2C642&ssl=1&resize=700%2C400 2x, https:\/\/i0.wp.com\/noticiasribeiraopreto.com.br\/wp-content\/uploads\/2024\/05\/Capturar_2024-05-10_17-35-17_jpg_2024-05-10_17-35-17.webp.webp?fit=1098%2C642&ssl=1&resize=1050%2C600 3x"},"classes":[]},{"id":42592,"url":"https:\/\/noticiasribeiraopreto.com.br\/index.php\/2024\/03\/15\/preco-do-arroz-deve-cair-20\/","url_meta":{"origin":50299,"position":4},"title":"Pre\u00e7o do arroz deve cair 20%","author":"noticiasribeiraopreto.com.br","date":"15 de March de 2024","format":false,"excerpt":"15 de mar\u00e7o de 2024 | 14:0015 de mar\u00e7o de 2024 | 9:28 0O governo federal espera uma queda em torno de 20% no pre\u00e7o do arroz nas pr\u00f3ximas semanas. Nesta quinta-feira, 14 de mar\u00e7o, o presidente Luiz In\u00e1cio Lula da Silva participou de reuni\u00e3o com ministros para tratar da\u2026","rel":"","context":"In &quot;Not\u00edcias de Ribeir\u00e3o Preto-SP e Regi\u00e3o&quot;","block_context":{"text":"Not\u00edcias de Ribeir\u00e3o Preto-SP e Regi\u00e3o","link":"https:\/\/noticiasribeiraopreto.com.br\/index.php\/category\/noticias-de-ribeirao-preto-sp-e-regiao-ismael-colosi\/"},"img":{"alt_text":"","src":"https:\/\/i0.wp.com\/noticiasribeiraopreto.com.br\/wp-content\/uploads\/2024\/03\/Rango-Detalhe-Miracle-Stock-Shutterstock-scaled.jpg?fit=1000%2C605&ssl=1&resize=350%2C200","width":350,"height":200,"srcset":"https:\/\/i0.wp.com\/noticiasribeiraopreto.com.br\/wp-content\/uploads\/2024\/03\/Rango-Detalhe-Miracle-Stock-Shutterstock-scaled.jpg?fit=1000%2C605&ssl=1&resize=350%2C200 1x, https:\/\/i0.wp.com\/noticiasribeiraopreto.com.br\/wp-content\/uploads\/2024\/03\/Rango-Detalhe-Miracle-Stock-Shutterstock-scaled.jpg?fit=1000%2C605&ssl=1&resize=525%2C300 1.5x, https:\/\/i0.wp.com\/noticiasribeiraopreto.com.br\/wp-content\/uploads\/2024\/03\/Rango-Detalhe-Miracle-Stock-Shutterstock-scaled.jpg?fit=1000%2C605&ssl=1&resize=700%2C400 2x"},"classes":[]},{"id":50684,"url":"https:\/\/noticiasribeiraopreto.com.br\/index.php\/2024\/05\/17\/procon-sp-comeca-a-monitorar-os-precos-do-arroz-em-supermercados\/","url_meta":{"origin":50299,"position":5},"title":"Procon-SP come\u00e7a a monitorar os pre\u00e7os do arroz em supermercados","author":"noticiasribeiraopreto.com.br","date":"17 de May de 2024","format":false,"excerpt":"O Procon-SP informou que desde quarta-feira (15) come\u00e7ou a monitorar os pre\u00e7os do arroz. O objetivo do \u00f3rg\u00e3o \u00e9 verificar eventual oscila\u00e7\u00e3o nos valores do produto e auxiliar os consumidores em suas decis\u00f5es de compra. De acordo com o Procon, a medida foi necess\u00e1ria ap\u00f3s \u201cinforma\u00e7\u00f5es equivocadas sobre os impactos\u2026","rel":"","context":"In &quot;Not\u00edcias de Ribeir\u00e3o Preto-SP e Regi\u00e3o&quot;","block_context":{"text":"Not\u00edcias de Ribeir\u00e3o Preto-SP e Regi\u00e3o","link":"https:\/\/noticiasribeiraopreto.com.br\/index.php\/category\/noticias-de-ribeirao-preto-sp-e-regiao-ismael-colosi\/"},"img":{"alt_text":"","src":"https:\/\/i0.wp.com\/noticiasribeiraopreto.com.br\/wp-content\/uploads\/2024\/05\/AnyConv.com__sack-rice-with-rice-wooden-spoon-rice-plant_2024-05-10_00-12-14-scaled.webp.webp?fit=1200%2C800&ssl=1&resize=350%2C200","width":350,"height":200,"srcset":"https:\/\/i0.wp.com\/noticiasribeiraopreto.com.br\/wp-content\/uploads\/2024\/05\/AnyConv.com__sack-rice-with-rice-wooden-spoon-rice-plant_2024-05-10_00-12-14-scaled.webp.webp?fit=1200%2C800&ssl=1&resize=350%2C200 1x, https:\/\/i0.wp.com\/noticiasribeiraopreto.com.br\/wp-content\/uploads\/2024\/05\/AnyConv.com__sack-rice-with-rice-wooden-spoon-rice-plant_2024-05-10_00-12-14-scaled.webp.webp?fit=1200%2C800&ssl=1&resize=525%2C300 1.5x, https:\/\/i0.wp.com\/noticiasribeiraopreto.com.br\/wp-content\/uploads\/2024\/05\/AnyConv.com__sack-rice-with-rice-wooden-spoon-rice-plant_2024-05-10_00-12-14-scaled.webp.webp?fit=1200%2C800&ssl=1&resize=700%2C400 2x, https:\/\/i0.wp.com\/noticiasribeiraopreto.com.br\/wp-content\/uploads\/2024\/05\/AnyConv.com__sack-rice-with-rice-wooden-spoon-rice-plant_2024-05-10_00-12-14-scaled.webp.webp?fit=1200%2C800&ssl=1&resize=1050%2C600 3x"},"classes":[]}],"jetpack_sharing_enabled":true,"jetpack_shortlink":"https:\/\/wp.me\/peQAOb-d5h","_links":{"self":[{"href":"https:\/\/noticiasribeiraopreto.com.br\/index.php\/wp-json\/wp\/v2\/posts\/50299","targetHints":{"allow":["GET"]}}],"collection":[{"href":"https:\/\/noticiasribeiraopreto.com.br\/index.php\/wp-json\/wp\/v2\/posts"}],"about":[{"href":"https:\/\/noticiasribeiraopreto.com.br\/index.php\/wp-json\/wp\/v2\/types\/post"}],"author":[{"embeddable":true,"href":"https:\/\/noticiasribeiraopreto.com.br\/index.php\/wp-json\/wp\/v2\/users\/1"}],"replies":[{"embeddable":true,"href":"https:\/\/noticiasribeiraopreto.com.br\/index.php\/wp-json\/wp\/v2\/comments?post=50299"}],"version-history":[{"count":0,"href":"https:\/\/noticiasribeiraopreto.com.br\/index.php\/wp-json\/wp\/v2\/posts\/50299\/revisions"}],"wp:featuredmedia":[{"embeddable":true,"href":"https:\/\/noticiasribeiraopreto.com.br\/index.php\/wp-json\/wp\/v2\/media\/50300"}],"wp:attachment":[{"href":"https:\/\/noticiasribeiraopreto.com.br\/index.php\/wp-json\/wp\/v2\/media?parent=50299"}],"wp:term":[{"taxonomy":"category","embeddable":true,"href":"https:\/\/noticiasribeiraopreto.com.br\/index.php\/wp-json\/wp\/v2\/categories?post=50299"},{"taxonomy":"post_tag","embeddable":true,"href":"https:\/\/noticiasribeiraopreto.com.br\/index.php\/wp-json\/wp\/v2\/tags?post=50299"}],"curies":[{"name":"wp","href":"https:\/\/api.w.org\/{rel}","templated":true}]}}