{"id":50311,"date":"2024-05-15T17:20:22","date_gmt":"2024-05-15T20:20:22","guid":{"rendered":"https:\/\/noticiasribeiraopreto.com.br\/index.php\/2024\/05\/15\/galpao-de-materiais-de-reciclaveis-pega-fogo-em-ribeirao-preto-e-mobiliza-bombeiros-veja-video\/"},"modified":"2024-05-15T17:20:22","modified_gmt":"2024-05-15T20:20:22","slug":"galpao-de-materiais-de-reciclaveis-pega-fogo-em-ribeirao-preto-e-mobiliza-bombeiros-veja-video","status":"publish","type":"post","link":"https:\/\/noticiasribeiraopreto.com.br\/index.php\/2024\/05\/15\/galpao-de-materiais-de-reciclaveis-pega-fogo-em-ribeirao-preto-e-mobiliza-bombeiros-veja-video\/","title":{"rendered":"Galp\u00e3o de materiais de recicl\u00e1veis pega fogo em Ribeir\u00e3o Preto e mobiliza Bombeiros; Veja v\u00eddeo"},"content":{"rendered":"<div class='code-block code-block-1' style='margin: 8px 0 8px auto; text-align: right; display: block; clear: both;'>\n<p><a href=\"https:\/\/wa.link\/vpicfd\"><img data-recalc-dims=\"1\" class=\"wp-image-4922\" style=\"aspect-ratio: 2.0253164556962027; width: 561px; height: auto;\" src=\"https:\/\/i0.wp.com\/ismaelcolosi.com.br\/wp-content\/uploads\/2023\/11\/grupo-de-empregos-whatsapp-e-facebook-ismael-colosi-vagas.jpg?ssl=1\" alt=\"\" \/><\/a><\/p>\n<!-- \/wp:image -->\n<\/div>\n<p> <br \/>\n<\/p>\n<div data-td-block-uid=\"tdi_101\">\n<div class=\"tdb-block-inner td-fix-index\">\n<p>Equipes do <strong>Corpo de Bombeiros<\/strong> de <strong>Ribeir\u00e3o Preto<\/strong> se mobilizaram na <strong>tarde desta quarta-feira<\/strong> (15) para <strong>combater um inc\u00eandio de grande propor\u00e7\u00e3o em um galp\u00e3o de materiais de recicl\u00e1veis<\/strong>, na rua Lorena, no bairro <strong>Jardim Salgado Filho<\/strong>, zona Norte da cidade.<\/p>\n<p><strong>De acordo com os bombeiros<\/strong>, cinco viaturas est\u00e3o no local e diversos caminh\u00f5es-pipa <strong>est\u00e3o ajudando no combate \u00e0s chamas<\/strong>. Al\u00e9m da Defesa Civil e Saerp (Secretaria de \u00c1gua e Esgoto de Ribeir\u00e3o Preto),que tamb\u00e9m est\u00e3o no local.<\/p>\n<p>Ainda, segundo a corpora\u00e7\u00e3o, o<strong> inc\u00eandio come\u00e7ou<\/strong> ap\u00f3s <strong>algu\u00e9m ter ateado fogo<\/strong> em um<strong> sof\u00e1 abandonado<\/strong> <strong>atr\u00e1s do galp\u00e3o<\/strong>.<\/p>\n<p>Apesar da<strong> propor\u00e7\u00e3o do inc\u00eandio<\/strong>, <strong>n\u00e3o houve feridos<\/strong>. <\/p>\n<blockquote class=\"instagram-media\" data-instgrm-captioned=\"\" data-instgrm-permalink=\"https:\/\/www.instagram.com\/reel\/C7AE9VGp3lo\/?utm_source=ig_embed&amp;utm_campaign=loading\" data-instgrm-version=\"14\" style=\" background:#FFF; border:0; border-radius:3px; box-shadow:0 0 1px 0 rgba(0,0,0,0.5),0 1px 10px 0 rgba(0,0,0,0.15); margin: 1px; max-width:540px; min-width:326px; padding:0; width:99.375%; width:-webkit-calc(100% - 2px); width:calc(100% - 2px);\"\/>\n<p>SAIBA MAIS <\/p>\n<p>Motorista morre ap\u00f3s colis\u00e3o entre carro e caminh\u00e3o em rodovia na regi\u00e3o de Ribeir\u00e3o<\/p>\n<h4 class=\"wp-block-heading\"><strong>FIQUE ON<\/strong><\/h4>\n<p>Fique ligado em tudo que acontece em Ribeir\u00e3o Preto e regi\u00e3o. Siga os perfis do<strong>\u00a0acidade on\u00a0<\/strong>no<a href=\"https:\/\/www.instagram.com\/acidadeonribeirao\" target=\"_blank\" rel=\"noreferrer noopener\">\u00a0Instagram<\/a>\u00a0e no\u00a0<a href=\"https:\/\/www.facebook.com\/acidadeonribeirao\/\" target=\"_blank\" rel=\"noreferrer noopener\">Facebook<\/a>.<\/p>\n<p>Receba not\u00edcias do<strong>\u00a0acidade on<\/strong>\u00a0no WhatsApp.\u00a0<a href=\"https:\/\/chat.whatsapp.com\/CdrZ6xrf7quD44Vw3WlPuZ\" target=\"_blank\" rel=\"noreferrer noopener\">Para entrar no grupo, basta clicar aqui.<\/a><\/p>\n<p>Fa\u00e7a uma den\u00fancia ou sugira uma reportagem sobre Ribeir\u00e3o Preto e regi\u00e3o pelo WhatsApp: 16 99117 7802.<\/p>\n<p>VEJA TAMB\u00c9M<\/p>\n<p>Isabel Veloso pode adotar uma crian\u00e7a, mesmo com c\u00e2ncer terminal?<\/p>\n<p><!-- AI CONTENT END 1 -->\n<\/div>\n<\/div>\n<p><script async src=\"\/\/www.instagram.com\/embed.js\"><\/script><br \/>\n<br \/><br \/>\n<br \/><a href=\"https:\/\/www.acidadeon.com\/ribeiraopreto\/cotidiano\/galpao-de-materiais-de-reciclaveis-pega-fogo-em-ribeirao-preto-e-mobiliza-bombeiros-veja-video\/\">Source link <\/a><\/p>\n<!-- CONTENT END 1 -->\n","protected":false},"excerpt":{"rendered":"<p>Equipes do Corpo de Bombeiros de Ribeir\u00e3o Preto se mobilizaram na tarde desta quarta-feira (15) para combater um inc\u00eandio de grande propor\u00e7\u00e3o em um galp\u00e3o&#8230;<\/p>\n","protected":false},"author":1,"featured_media":50312,"comment_status":"open","ping_status":"open","sticky":false,"template":"","format":"standard","meta":{"advanced_seo_description":"","jetpack_seo_html_title":"","jetpack_seo_noindex":false,"jetpack_post_was_ever_published":false,"_jetpack_newsletter_access":"","_jetpack_dont_email_post_to_subs":false,"_jetpack_newsletter_tier_id":0,"_jetpack_memberships_contains_paywalled_content":false,"_jetpack_memberships_contains_paid_content":false,"footnotes":"","jetpack_publicize_message":"","jetpack_publicize_feature_enabled":true,"jetpack_social_post_already_shared":true,"jetpack_social_options":{"image_generator_settings":{"template":"highway","default_image_id":0,"font":"","enabled":false},"version":2}},"categories":[11],"tags":[],"class_list":["post-50311","post","type-post","status-publish","format-standard","has-post-thumbnail","hentry","category-noticias-de-ribeirao-preto-sp-e-regiao-ismael-colosi"],"jetpack_publicize_connections":[],"jetpack_featured_media_url":"https:\/\/i0.wp.com\/noticiasribeiraopreto.com.br\/wp-content\/uploads\/2024\/05\/Copia-de-Copia-de-TAMANHO-EXATO-PARA-FOTOS-NO-SISTEMA-NOVO-6_2024-05-15_19-57-46_jpg_2024-05-15_19-57-47.webp.webp?fit=1200%2C675&ssl=1","jetpack-related-posts":[{"id":53685,"url":"https:\/\/noticiasribeiraopreto.com.br\/index.php\/2024\/06\/22\/incendio-atinge-deposito-de-materiais-reciclaveis-em-ribeirao-preto-video\/","url_meta":{"origin":50311,"position":0},"title":"Inc\u00eandio atinge dep\u00f3sito de materiais recicl\u00e1veis em Ribeir\u00e3o Preto; V\u00eddeo","author":"noticiasribeiraopreto.com.br","date":"22 de June de 2024","format":false,"excerpt":"Um inc\u00eandio atingiu um dep\u00f3sito de materiais recicl\u00e1veis em Ribeir\u00e3o Preto na tarde deste s\u00e1bado (22) \u2013 veja o v\u00eddeo. Segundo moradores, um cachorro teria morrido no local. O inc\u00eandio atingiu o galp\u00e3o, que fica na rua Ribeir\u00e3o Preto, na Vila Elisa, na zona Norte de Ribeir\u00e3o Preto. As chamas\u2026","rel":"","context":"In &quot;Not\u00edcias de Ribeir\u00e3o Preto-SP e Regi\u00e3o&quot;","block_context":{"text":"Not\u00edcias de Ribeir\u00e3o Preto-SP e Regi\u00e3o","link":"https:\/\/noticiasribeiraopreto.com.br\/index.php\/category\/noticias-de-ribeirao-preto-sp-e-regiao-ismael-colosi\/"},"img":{"alt_text":"","src":"https:\/\/i0.wp.com\/noticiasribeiraopreto.com.br\/wp-content\/uploads\/2024\/06\/AnyConv.com__incendio-ribeirao_2024-06-22_19-18-52.webp.webp?fit=1191%2C1200&ssl=1&resize=350%2C200","width":350,"height":200,"srcset":"https:\/\/i0.wp.com\/noticiasribeiraopreto.com.br\/wp-content\/uploads\/2024\/06\/AnyConv.com__incendio-ribeirao_2024-06-22_19-18-52.webp.webp?fit=1191%2C1200&ssl=1&resize=350%2C200 1x, https:\/\/i0.wp.com\/noticiasribeiraopreto.com.br\/wp-content\/uploads\/2024\/06\/AnyConv.com__incendio-ribeirao_2024-06-22_19-18-52.webp.webp?fit=1191%2C1200&ssl=1&resize=525%2C300 1.5x, https:\/\/i0.wp.com\/noticiasribeiraopreto.com.br\/wp-content\/uploads\/2024\/06\/AnyConv.com__incendio-ribeirao_2024-06-22_19-18-52.webp.webp?fit=1191%2C1200&ssl=1&resize=700%2C400 2x, https:\/\/i0.wp.com\/noticiasribeiraopreto.com.br\/wp-content\/uploads\/2024\/06\/AnyConv.com__incendio-ribeirao_2024-06-22_19-18-52.webp.webp?fit=1191%2C1200&ssl=1&resize=1050%2C600 3x"},"classes":[]},{"id":76455,"url":"https:\/\/noticiasribeiraopreto.com.br\/index.php\/2025\/08\/29\/video-fogo-destroi-deposito-de-reciclagens-na-zona-norte\/","url_meta":{"origin":50311,"position":1},"title":"V\u00cdDEO &#8211; Fogo destr\u00f3i dep\u00f3sito de reciclagens na zona Norte","author":"noticiasribeiraopreto.com.br","date":"29 de August de 2025","format":false,"excerpt":"Galp\u00e3o armazenava materiais pl\u00e1sticos e intensidade das chamas fez com que parte do muro desabasse 29 de agosto de 2025 09:4529 de agosto de 2025 09:461 Compartilhar0 Por: Adalberto Luque Um galp\u00e3o de produtos recicl\u00e1veis ficou destru\u00eddo ap\u00f3s ser atingido por um grande inc\u00eandio, na madrugada desta sexta-feira (29). O\u2026","rel":"","context":"In &quot;Not\u00edcias de Ribeir\u00e3o Preto-SP e Regi\u00e3o&quot;","block_context":{"text":"Not\u00edcias de Ribeir\u00e3o Preto-SP e Regi\u00e3o","link":"https:\/\/noticiasribeiraopreto.com.br\/index.php\/category\/noticias-de-ribeirao-preto-sp-e-regiao-ismael-colosi\/"},"img":{"alt_text":"","src":"https:\/\/i0.wp.com\/noticiasribeiraopreto.com.br\/wp-content\/uploads\/2025\/08\/29-ago-2025-incendioreciclaveis2.jpg?fit=822%2C457&ssl=1&resize=350%2C200","width":350,"height":200,"srcset":"https:\/\/i0.wp.com\/noticiasribeiraopreto.com.br\/wp-content\/uploads\/2025\/08\/29-ago-2025-incendioreciclaveis2.jpg?fit=822%2C457&ssl=1&resize=350%2C200 1x, https:\/\/i0.wp.com\/noticiasribeiraopreto.com.br\/wp-content\/uploads\/2025\/08\/29-ago-2025-incendioreciclaveis2.jpg?fit=822%2C457&ssl=1&resize=525%2C300 1.5x, https:\/\/i0.wp.com\/noticiasribeiraopreto.com.br\/wp-content\/uploads\/2025\/08\/29-ago-2025-incendioreciclaveis2.jpg?fit=822%2C457&ssl=1&resize=700%2C400 2x"},"classes":[]},{"id":19173,"url":"https:\/\/noticiasribeiraopreto.com.br\/index.php\/2023\/12\/21\/videos-incendio-atinge-empresa-em-ribeirao-preto\/","url_meta":{"origin":50311,"position":2},"title":"V\u00cdDEOS &#8211; Inc\u00eandio atinge empresa em Ribeir\u00e3o Preto","author":"noticiasribeiraopreto.com.br","date":"21 de December de 2023","format":false,"excerpt":"Local armazenava pneus e fuma\u00e7a preta pode ser vista a quil\u00f4metros de dist\u00e2ncia, em v\u00e1rios pontos da cidade 21 de dezembro de 2023 | 14:5921 de dezembro de 2023 | 15:25 2Por: Adalberto LuqueUm inc\u00eandio de grandes propor\u00e7\u00f5es atingiu, na tarde desta quinta-feira (21), uma empresa que trabalha com pneus.\u2026","rel":"","context":"In &quot;Not\u00edcias de Ribeir\u00e3o Preto-SP e Regi\u00e3o&quot;","block_context":{"text":"Not\u00edcias de Ribeir\u00e3o Preto-SP e Regi\u00e3o","link":"https:\/\/noticiasribeiraopreto.com.br\/index.php\/category\/noticias-de-ribeirao-preto-sp-e-regiao-ismael-colosi\/"},"img":{"alt_text":"","src":"https:\/\/i0.wp.com\/noticiasribeiraopreto.com.br\/wp-content\/uploads\/2023\/12\/00-21-dez-2023-incendio-av-brasil-02-foto-redes-sociais-scaled.jpg?fit=565%2C645&ssl=1&resize=350%2C200","width":350,"height":200,"srcset":"https:\/\/i0.wp.com\/noticiasribeiraopreto.com.br\/wp-content\/uploads\/2023\/12\/00-21-dez-2023-incendio-av-brasil-02-foto-redes-sociais-scaled.jpg?fit=565%2C645&ssl=1&resize=350%2C200 1x, https:\/\/i0.wp.com\/noticiasribeiraopreto.com.br\/wp-content\/uploads\/2023\/12\/00-21-dez-2023-incendio-av-brasil-02-foto-redes-sociais-scaled.jpg?fit=565%2C645&ssl=1&resize=525%2C300 1.5x"},"classes":[]},{"id":61479,"url":"https:\/\/noticiasribeiraopreto.com.br\/index.php\/2024\/12\/13\/incendio-atinge-galpao-na-zona-norte-de-ribeirao-preto-video\/","url_meta":{"origin":50311,"position":3},"title":"Inc\u00eandio atinge galp\u00e3o na zona Norte de Ribeir\u00e3o Preto; V\u00eddeo","author":"noticiasribeiraopreto.com.br","date":"13 de December de 2024","format":false,"excerpt":"Um\u00a0inc\u00eandio atinge um galp\u00e3o na tarde desta sexta (13), na rua Peru, na Vila Mariana, zona Norte de Ribeir\u00e3o Preto. O fogo gera uma intensa fuma\u00e7a preta. Assista ao v\u00eddeo abaixo. Segundo as primeiras informa\u00e7\u00f5es, no galp\u00e3o funcionaria uma empresa de fibras. O Corpo de Bombeiros foi mobilizado e atua\u2026","rel":"","context":"In &quot;Not\u00edcias de Ribeir\u00e3o Preto-SP e Regi\u00e3o&quot;","block_context":{"text":"Not\u00edcias de Ribeir\u00e3o Preto-SP e Regi\u00e3o","link":"https:\/\/noticiasribeiraopreto.com.br\/index.php\/category\/noticias-de-ribeirao-preto-sp-e-regiao-ismael-colosi\/"},"img":{"alt_text":"","src":"https:\/\/i0.wp.com\/noticiasribeiraopreto.com.br\/wp-content\/uploads\/2024\/12\/INCENDIO_2024-12-13_16-12-15_jpg_2024-12-13_16-12-15.webp.webp?fit=1200%2C773&ssl=1&resize=350%2C200","width":350,"height":200,"srcset":"https:\/\/i0.wp.com\/noticiasribeiraopreto.com.br\/wp-content\/uploads\/2024\/12\/INCENDIO_2024-12-13_16-12-15_jpg_2024-12-13_16-12-15.webp.webp?fit=1200%2C773&ssl=1&resize=350%2C200 1x, https:\/\/i0.wp.com\/noticiasribeiraopreto.com.br\/wp-content\/uploads\/2024\/12\/INCENDIO_2024-12-13_16-12-15_jpg_2024-12-13_16-12-15.webp.webp?fit=1200%2C773&ssl=1&resize=525%2C300 1.5x, https:\/\/i0.wp.com\/noticiasribeiraopreto.com.br\/wp-content\/uploads\/2024\/12\/INCENDIO_2024-12-13_16-12-15_jpg_2024-12-13_16-12-15.webp.webp?fit=1200%2C773&ssl=1&resize=700%2C400 2x, https:\/\/i0.wp.com\/noticiasribeiraopreto.com.br\/wp-content\/uploads\/2024\/12\/INCENDIO_2024-12-13_16-12-15_jpg_2024-12-13_16-12-15.webp.webp?fit=1200%2C773&ssl=1&resize=1050%2C600 3x"},"classes":[]},{"id":50729,"url":"https:\/\/noticiasribeiraopreto.com.br\/index.php\/2024\/05\/18\/incendio-atinge-galpao-e-destroi-veiculos-em-ribeirao-preto\/","url_meta":{"origin":50311,"position":4},"title":"Inc\u00eandio atinge galp\u00e3o e destr\u00f3i ve\u00edculos em Ribeir\u00e3o Preto","author":"noticiasribeiraopreto.com.br","date":"18 de May de 2024","format":false,"excerpt":"Um inc\u00eandio atinge um galp\u00e3o com ve\u00edculos na Vila Virg\u00ednia, zona Oeste de Ribeir\u00e3o Preto, no in\u00edcio da tarde deste s\u00e1bado (18) \u2013 veja o v\u00eddeo abaixo. Ningu\u00e9m ficou ferido. De acordo com o Corpo de Bombeiros, pelo menos, seis ve\u00edculos foram atingidos pelas chamas que come\u00e7ou no im\u00f3vel, que\u2026","rel":"","context":"In &quot;Not\u00edcias de Ribeir\u00e3o Preto-SP e Regi\u00e3o&quot;","block_context":{"text":"Not\u00edcias de Ribeir\u00e3o Preto-SP e Regi\u00e3o","link":"https:\/\/noticiasribeiraopreto.com.br\/index.php\/category\/noticias-de-ribeirao-preto-sp-e-regiao-ismael-colosi\/"},"img":{"alt_text":"","src":"https:\/\/i0.wp.com\/noticiasribeiraopreto.com.br\/wp-content\/uploads\/2024\/05\/incedio-ribeirao-preto_2024-05-18_17-07-34_jpg_2024-05-18_17-07-34.webp.webp?fit=1200%2C675&ssl=1&resize=350%2C200","width":350,"height":200,"srcset":"https:\/\/i0.wp.com\/noticiasribeiraopreto.com.br\/wp-content\/uploads\/2024\/05\/incedio-ribeirao-preto_2024-05-18_17-07-34_jpg_2024-05-18_17-07-34.webp.webp?fit=1200%2C675&ssl=1&resize=350%2C200 1x, https:\/\/i0.wp.com\/noticiasribeiraopreto.com.br\/wp-content\/uploads\/2024\/05\/incedio-ribeirao-preto_2024-05-18_17-07-34_jpg_2024-05-18_17-07-34.webp.webp?fit=1200%2C675&ssl=1&resize=525%2C300 1.5x, https:\/\/i0.wp.com\/noticiasribeiraopreto.com.br\/wp-content\/uploads\/2024\/05\/incedio-ribeirao-preto_2024-05-18_17-07-34_jpg_2024-05-18_17-07-34.webp.webp?fit=1200%2C675&ssl=1&resize=700%2C400 2x, https:\/\/i0.wp.com\/noticiasribeiraopreto.com.br\/wp-content\/uploads\/2024\/05\/incedio-ribeirao-preto_2024-05-18_17-07-34_jpg_2024-05-18_17-07-34.webp.webp?fit=1200%2C675&ssl=1&resize=1050%2C600 3x"},"classes":[]},{"id":84954,"url":"https:\/\/noticiasribeiraopreto.com.br\/index.php\/2026\/04\/18\/incendio-em-area-proxima-a-reciclaveis-assusta-moradores-da-zona-norte-de-ribeirao-video\/","url_meta":{"origin":50311,"position":5},"title":"Inc\u00eandio em \u00e1rea pr\u00f3xima a recicl\u00e1veis assusta moradores da zona Norte de Ribeir\u00e3o; V\u00eddeo","author":"noticiasribeiraopreto.com.br","date":"18 de April de 2026","format":false,"excerpt":"Ler o resumo da not\u00edcia \r Inc\u00eandio de grandes propor\u00e7\u00f5es ocorreu em terreno pr\u00f3ximo a dep\u00f3sito de recicl\u00e1veis no Parque Industrial Tanquinho, zona Norte de Ribeir\u00e3o Preto, na noite de 17\/04, \u00e0s 23h.\r As chamas se espalharam em cerca de 20 minutos, atingindo a fia\u00e7\u00e3o de um poste e a\u2026","rel":"","context":"In &quot;Not\u00edcias de Ribeir\u00e3o Preto-SP e Regi\u00e3o&quot;","block_context":{"text":"Not\u00edcias de Ribeir\u00e3o Preto-SP e Regi\u00e3o","link":"https:\/\/noticiasribeiraopreto.com.br\/index.php\/category\/noticias-de-ribeirao-preto-sp-e-regiao-ismael-colosi\/"},"img":{"alt_text":"","src":"https:\/\/i0.wp.com\/noticiasribeiraopreto.com.br\/wp-content\/uploads\/2026\/04\/palace-1_2026-04-18_13-49-55.webp.webp?fit=1200%2C675&ssl=1&resize=350%2C200","width":350,"height":200,"srcset":"https:\/\/i0.wp.com\/noticiasribeiraopreto.com.br\/wp-content\/uploads\/2026\/04\/palace-1_2026-04-18_13-49-55.webp.webp?fit=1200%2C675&ssl=1&resize=350%2C200 1x, https:\/\/i0.wp.com\/noticiasribeiraopreto.com.br\/wp-content\/uploads\/2026\/04\/palace-1_2026-04-18_13-49-55.webp.webp?fit=1200%2C675&ssl=1&resize=525%2C300 1.5x, https:\/\/i0.wp.com\/noticiasribeiraopreto.com.br\/wp-content\/uploads\/2026\/04\/palace-1_2026-04-18_13-49-55.webp.webp?fit=1200%2C675&ssl=1&resize=700%2C400 2x, https:\/\/i0.wp.com\/noticiasribeiraopreto.com.br\/wp-content\/uploads\/2026\/04\/palace-1_2026-04-18_13-49-55.webp.webp?fit=1200%2C675&ssl=1&resize=1050%2C600 3x"},"classes":[]}],"jetpack_sharing_enabled":true,"jetpack_shortlink":"https:\/\/wp.me\/peQAOb-d5t","_links":{"self":[{"href":"https:\/\/noticiasribeiraopreto.com.br\/index.php\/wp-json\/wp\/v2\/posts\/50311","targetHints":{"allow":["GET"]}}],"collection":[{"href":"https:\/\/noticiasribeiraopreto.com.br\/index.php\/wp-json\/wp\/v2\/posts"}],"about":[{"href":"https:\/\/noticiasribeiraopreto.com.br\/index.php\/wp-json\/wp\/v2\/types\/post"}],"author":[{"embeddable":true,"href":"https:\/\/noticiasribeiraopreto.com.br\/index.php\/wp-json\/wp\/v2\/users\/1"}],"replies":[{"embeddable":true,"href":"https:\/\/noticiasribeiraopreto.com.br\/index.php\/wp-json\/wp\/v2\/comments?post=50311"}],"version-history":[{"count":0,"href":"https:\/\/noticiasribeiraopreto.com.br\/index.php\/wp-json\/wp\/v2\/posts\/50311\/revisions"}],"wp:featuredmedia":[{"embeddable":true,"href":"https:\/\/noticiasribeiraopreto.com.br\/index.php\/wp-json\/wp\/v2\/media\/50312"}],"wp:attachment":[{"href":"https:\/\/noticiasribeiraopreto.com.br\/index.php\/wp-json\/wp\/v2\/media?parent=50311"}],"wp:term":[{"taxonomy":"category","embeddable":true,"href":"https:\/\/noticiasribeiraopreto.com.br\/index.php\/wp-json\/wp\/v2\/categories?post=50311"},{"taxonomy":"post_tag","embeddable":true,"href":"https:\/\/noticiasribeiraopreto.com.br\/index.php\/wp-json\/wp\/v2\/tags?post=50311"}],"curies":[{"name":"wp","href":"https:\/\/api.w.org\/{rel}","templated":true}]}}