{"id":50317,"date":"2024-05-15T17:49:43","date_gmt":"2024-05-15T20:49:43","guid":{"rendered":"https:\/\/noticiasribeiraopreto.com.br\/index.php\/2024\/05\/15\/companhias-aereas-anunciam-novos-voos-para-o-aeroporto-de-ribeirao-preto\/"},"modified":"2024-05-15T17:49:43","modified_gmt":"2024-05-15T20:49:43","slug":"companhias-aereas-anunciam-novos-voos-para-o-aeroporto-de-ribeirao-preto","status":"publish","type":"post","link":"https:\/\/noticiasribeiraopreto.com.br\/index.php\/2024\/05\/15\/companhias-aereas-anunciam-novos-voos-para-o-aeroporto-de-ribeirao-preto\/","title":{"rendered":"Companhias a\u00e9reas anunciam novos voos para o aeroporto de Ribeir\u00e3o Preto"},"content":{"rendered":"<div class='code-block code-block-1' style='margin: 8px 0 8px auto; text-align: right; display: block; clear: both;'>\n<p><a href=\"https:\/\/wa.link\/vpicfd\"><img data-recalc-dims=\"1\" class=\"wp-image-4922\" style=\"aspect-ratio: 2.0253164556962027; width: 561px; height: auto;\" src=\"https:\/\/i0.wp.com\/ismaelcolosi.com.br\/wp-content\/uploads\/2023\/11\/grupo-de-empregos-whatsapp-e-facebook-ismael-colosi-vagas.jpg?ssl=1\" alt=\"\" \/><\/a><\/p>\n<!-- \/wp:image -->\n<\/div>\n<p> <br \/>\n<\/p>\n<div>\n<p>O <strong>Aeroporto Estadual Leite Lopes<\/strong>, em <strong>Ribeir\u00e3o Preto<\/strong>, vai oferecer voos para o<strong> Aeroporto Internacional de Belo Horizonte<\/strong>, <strong>em Confins, na Grande BH<\/strong>, a partir do segundo semestre deste ano.<\/p>\n<p>O anuncio da opera\u00e7\u00e3o foi realizado nesta semana, por duas companhias a\u00e9reas: <strong>Azul <\/strong>e <strong>Voepass<\/strong>. De acordo com as empresas, os voos ser\u00e3o operados pelas <strong>aeronaves ATR 72-600 <\/strong>e <strong>ATR-72<\/strong>, respectivamente, com capacidade para 70 passageiros.<\/p>\n<p><mark style=\"background-color:#fcb900\" class=\"has-inline-color\">A iniciativa das companhias tem o <strong>intuito de ampliar e fortalecer as rotas regionais<\/strong>.<\/mark> A nova malha a\u00e9rea tamb\u00e9m possui conex\u00f5es entre Belo Horizonte (MG) e S\u00e3o Jos\u00e9 do Rio Preto (SP), para a <strong>Azul<\/strong>, e voos entre Belo Horizonte (MG) e Porto Seguro (BA), para a <strong>Voepass<\/strong>.<\/p>\n<h3 class=\"wp-block-heading\"><strong>Confira o hor\u00e1rios dos novos voos<\/strong><\/h3>\n<h4 class=\"wp-block-heading\"><strong>Azul<\/strong><\/h4>\n<p>De acordo com a <strong>Azul<\/strong>, os voos ter\u00e3o in\u00edcio no dia <strong>7 de agosto<\/strong>, e ser\u00e3o realizados <strong>diariamente<\/strong>. Confira os hor\u00e1rios:<\/p>\n<ul>\n<li>Sa\u00edda de Ribeir\u00e3o Preto: 10h50 e 19h20 \/ Chegada em Belo Horizonte: 12h20 e 20h45<\/li>\n<\/ul>\n<ul>\n<li>Sa\u00edda de Belo Horizonte: 08h45 e 17h15 \/ Chegada em Ribeir\u00e3o Preto: 10h15 e 18h45<\/li>\n<\/ul>\n<figure class=\"wp-block-pullquote\">\n<blockquote>\n<p>Os hor\u00e1rios programados visam maximizar a conveni\u00eancia dos viajantes, permitindo uma experi\u00eancia de viagem tranquila e eficiente<\/p>\n<p><cite>Vitor Silva, Gerente Geral de Planejamento e Estrat\u00e9gia da Azul<\/cite><\/p><\/blockquote>\n<\/figure>\n<p>Em <strong>Ribeir\u00e3o Preto<\/strong>, atualmente a companhia realiza mais de <strong>40 voos semanais para cinco destinos<\/strong>: Viracopos (SP); Porto Seguro (BA); Macei\u00f3 (AL); Natal (RN) e Recife (PE).<\/p>\n<h4 class=\"wp-block-heading\"><strong>Voepass<\/strong><\/h4>\n<p>A <strong>Voepass <\/strong>informou que os voos <strong>saindo de Ribeir\u00e3o Preto<\/strong> acontecer\u00e3o <strong>\u00e0s sextas-feiras, a partir do dia 5 de julho<\/strong>. J\u00e1 o retorno acontece \u00e0s segundas-feiras. Confira os hor\u00e1rios:<\/p>\n<ul>\n<li>Sa\u00edda de Ribeir\u00e3o Preto \u00e0s sextas-feiras: 19h \/ Chegada em Belo Horizonte: 20h25 <\/li>\n<\/ul>\n<ul>\n<li>Sa\u00edda de Belo Horizonte \u00e0s segundas-feiras: 7h \/ Chegada em Ribeir\u00e3o Preto: 8h25<\/li>\n<\/ul>\n<figure class=\"wp-block-pullquote\">\n<blockquote>\n<p>Estamos sempre estudando novas possibilidades de ampliar nossas rotas regionais e Belo Horizonte, atrav\u00e9s do Aeroporto Internacional de Confins, era um destino bastante desejado<\/p>\n<p><cite>Eduardo Busch, CEO da VOEPASS Linhas A\u00e9reas<\/cite><\/p><\/blockquote>\n<\/figure>\n<p>Segundo a empresa, as passagens j\u00e1 est\u00e3o \u00e0 venda nos canais de distribui\u00e7\u00e3o da companhia e parceiros comerciais.<\/p>\n<hr class=\"wp-block-separator has-alpha-channel-opacity\"\/>\n<p>SAIBA MAIS<\/p>\n<p>Galp\u00e3o de materiais de recicl\u00e1veis pega fogo em Ribeir\u00e3o Preto e mobiliza Bombeiros; Veja v\u00eddeo<\/p>\n<h4 class=\"wp-block-heading\"><strong>FIQUE ON<\/strong><\/h4>\n<p>Fique ligado em tudo que acontece em Ribeir\u00e3o Preto e regi\u00e3o. Siga os perfis do<strong>\u00a0acidade on\u00a0<\/strong>no<a href=\"https:\/\/www.instagram.com\/acidadeonribeirao\" target=\"_blank\" rel=\"noreferrer noopener\">\u00a0Instagram<\/a>\u00a0e no\u00a0<a href=\"https:\/\/www.facebook.com\/acidadeonribeirao\/\" target=\"_blank\" rel=\"noreferrer noopener\">Facebook<\/a>.<\/p>\n<p>Receba not\u00edcias do<strong>\u00a0acidade on<\/strong>\u00a0no WhatsApp.\u00a0<a href=\"https:\/\/chat.whatsapp.com\/CdrZ6xrf7quD44Vw3WlPuZ\" target=\"_blank\" rel=\"noreferrer noopener\">Para entrar no grupo, basta clicar aqui.<\/a><\/p>\n<p>Fa\u00e7a uma den\u00fancia ou sugira uma reportagem sobre Ribeir\u00e3o Preto e regi\u00e3o pelo WhatsApp: 16 99117 7802.<\/p>\n<p>VEJA TAMB\u00c9M<\/p>\n<p>Lolita de goiabada do Clayton Rodrigues; confira passo a passo<\/p>\n<p><!-- AI CONTENT END 1 -->\n<\/div>\n<p><script async src=\"\/\/www.instagram.com\/embed.js\"><\/script><br \/>\n<br \/><br \/>\n<br \/><a href=\"https:\/\/www.acidadeon.com\/ribeiraopreto\/economia\/companhias-aereas-anunciam-novos-voos-para-o-aeroporto-de-ribeirao-preto\/\">Source link <\/a><\/p>\n<!-- CONTENT END 1 -->\n","protected":false},"excerpt":{"rendered":"<p>O Aeroporto Estadual Leite Lopes, em Ribeir\u00e3o Preto, vai oferecer voos para o Aeroporto Internacional de Belo Horizonte, em Confins, na Grande BH, a partir&#8230;<\/p>\n","protected":false},"author":1,"featured_media":50318,"comment_status":"open","ping_status":"open","sticky":false,"template":"","format":"standard","meta":{"advanced_seo_description":"","jetpack_seo_html_title":"","jetpack_seo_noindex":false,"jetpack_post_was_ever_published":false,"_jetpack_newsletter_access":"","_jetpack_dont_email_post_to_subs":false,"_jetpack_newsletter_tier_id":0,"_jetpack_memberships_contains_paywalled_content":false,"_jetpack_memberships_contains_paid_content":false,"footnotes":"","jetpack_publicize_message":"","jetpack_publicize_feature_enabled":true,"jetpack_social_post_already_shared":true,"jetpack_social_options":{"image_generator_settings":{"template":"highway","default_image_id":0,"font":"","enabled":false},"version":2}},"categories":[11],"tags":[],"class_list":["post-50317","post","type-post","status-publish","format-standard","has-post-thumbnail","hentry","category-noticias-de-ribeirao-preto-sp-e-regiao-ismael-colosi"],"jetpack_publicize_connections":[],"jetpack_featured_media_url":"https:\/\/i0.wp.com\/noticiasribeiraopreto.com.br\/wp-content\/uploads\/2024\/05\/EntendaasmudanasnoaeroportodeRibeiroPretonosvoosparaSoPaulo_Tamanho_2_image.jpg?fit=1200%2C900&ssl=1","jetpack-related-posts":[{"id":54431,"url":"https:\/\/noticiasribeiraopreto.com.br\/index.php\/2024\/07\/11\/aeroporto-de-ribeirao-preto-comeca-operar-voo-direto-para-belo-horizonte\/","url_meta":{"origin":50317,"position":0},"title":"Aeroporto de Ribeir\u00e3o Preto come\u00e7a operar voo direto para Belo Horizonte","author":"noticiasribeiraopreto.com.br","date":"11 de July de 2024","format":false,"excerpt":"O Aeroporto Estadual Doutor Leite Lopes, em Ribeir\u00e3o Preto, iniciou a opera\u00e7\u00e3o de voos diretos ao Aeroporto Internacional Confins, em Belo Horizonte, desde a \u00faltima sexta-feira (5). A companhia a\u00e9rea Voepass fez o an\u00fancio das novas opera\u00e7\u00f5es em maio deste ano. Segundo a empresa, os voos s\u00e3o operados pela\u00a0aeronave ATR-72,\u2026","rel":"","context":"In &quot;Not\u00edcias de Ribeir\u00e3o Preto-SP e Regi\u00e3o&quot;","block_context":{"text":"Not\u00edcias de Ribeir\u00e3o Preto-SP e Regi\u00e3o","link":"https:\/\/noticiasribeiraopreto.com.br\/index.php\/category\/noticias-de-ribeirao-preto-sp-e-regiao-ismael-colosi\/"},"img":{"alt_text":"","src":"https:\/\/i0.wp.com\/noticiasribeiraopreto.com.br\/wp-content\/uploads\/2024\/07\/WhatsApp-Image-2023-09-18-at-14.49.44-1068x601-1_2024-07-10_18-40-53_jpeg_2024-07-10_18-40-53.webp.webp?fit=1068%2C601&ssl=1&resize=350%2C200","width":350,"height":200,"srcset":"https:\/\/i0.wp.com\/noticiasribeiraopreto.com.br\/wp-content\/uploads\/2024\/07\/WhatsApp-Image-2023-09-18-at-14.49.44-1068x601-1_2024-07-10_18-40-53_jpeg_2024-07-10_18-40-53.webp.webp?fit=1068%2C601&ssl=1&resize=350%2C200 1x, https:\/\/i0.wp.com\/noticiasribeiraopreto.com.br\/wp-content\/uploads\/2024\/07\/WhatsApp-Image-2023-09-18-at-14.49.44-1068x601-1_2024-07-10_18-40-53_jpeg_2024-07-10_18-40-53.webp.webp?fit=1068%2C601&ssl=1&resize=525%2C300 1.5x, https:\/\/i0.wp.com\/noticiasribeiraopreto.com.br\/wp-content\/uploads\/2024\/07\/WhatsApp-Image-2023-09-18-at-14.49.44-1068x601-1_2024-07-10_18-40-53_jpeg_2024-07-10_18-40-53.webp.webp?fit=1068%2C601&ssl=1&resize=700%2C400 2x, https:\/\/i0.wp.com\/noticiasribeiraopreto.com.br\/wp-content\/uploads\/2024\/07\/WhatsApp-Image-2023-09-18-at-14.49.44-1068x601-1_2024-07-10_18-40-53_jpeg_2024-07-10_18-40-53.webp.webp?fit=1068%2C601&ssl=1&resize=1050%2C600 3x"},"classes":[]},{"id":61092,"url":"https:\/\/noticiasribeiraopreto.com.br\/index.php\/2024\/12\/03\/aviao-da-voepass-apresenta-problema-e-voo-atrasa-quase-2h-em-ribeirao-preto\/","url_meta":{"origin":50317,"position":1},"title":"Avi\u00e3o da Voepass apresenta problema e voo atrasa quase 2h em Ribeir\u00e3o Preto","author":"noticiasribeiraopreto.com.br","date":"3 de December de 2024","format":false,"excerpt":"Um avi\u00e3o da Voepass que realizaria um voo de Ribeir\u00e3o Preto com destino a Guarulhos, nesta ter\u00e7a-feira (3), apresentou um problema e foi substitu\u00eddo pela companhia a\u00e9rea. Segundo a empresa, a aeronave teve uma \u201cintercorr\u00eancia t\u00e9cnica\u201d e o voo 2212 atrasou 1h49, quando decolou \u00e0s 7h29 do aeroporto Leite Lopes.\u2026","rel":"","context":"In &quot;Not\u00edcias de Ribeir\u00e3o Preto-SP e Regi\u00e3o&quot;","block_context":{"text":"Not\u00edcias de Ribeir\u00e3o Preto-SP e Regi\u00e3o","link":"https:\/\/noticiasribeiraopreto.com.br\/index.php\/category\/noticias-de-ribeirao-preto-sp-e-regiao-ismael-colosi\/"},"img":{"alt_text":"","src":"https:\/\/i0.wp.com\/noticiasribeiraopreto.com.br\/wp-content\/uploads\/2024\/12\/aviao_voepass_1024x576_03062020103053.jpg?fit=1024%2C682&ssl=1&resize=350%2C200","width":350,"height":200,"srcset":"https:\/\/i0.wp.com\/noticiasribeiraopreto.com.br\/wp-content\/uploads\/2024\/12\/aviao_voepass_1024x576_03062020103053.jpg?fit=1024%2C682&ssl=1&resize=350%2C200 1x, https:\/\/i0.wp.com\/noticiasribeiraopreto.com.br\/wp-content\/uploads\/2024\/12\/aviao_voepass_1024x576_03062020103053.jpg?fit=1024%2C682&ssl=1&resize=525%2C300 1.5x, https:\/\/i0.wp.com\/noticiasribeiraopreto.com.br\/wp-content\/uploads\/2024\/12\/aviao_voepass_1024x576_03062020103053.jpg?fit=1024%2C682&ssl=1&resize=700%2C400 2x"},"classes":[]},{"id":54385,"url":"https:\/\/noticiasribeiraopreto.com.br\/index.php\/2024\/07\/10\/companhia-aerea-de-ribeirao-preto-anuncia-novas-bases-em-chapeco-e-no-rio-de-janeiro\/","url_meta":{"origin":50317,"position":2},"title":"Companhia a\u00e9rea de Ribeir\u00e3o Preto anuncia novas bases em Chapec\u00f3 e no Rio de Janeiro","author":"noticiasribeiraopreto.com.br","date":"10 de July de 2024","format":false,"excerpt":"A companhia a\u00e9rea Voepass, que tem sede em Ribeir\u00e3o Preto, anunciou a abertura de uma nova base no Aeroporto de Chapec\u00f3 (SC) e outra no Aeroporto Gale\u00e3o no Rio de Janeiro, nesta quarta-feira (10). Conforme o comunicado, a base em Chapec\u00f3 (SC) ter\u00e1 voos para Congonhas (SP) e para Florian\u00f3polis\u2026","rel":"","context":"In &quot;Not\u00edcias de Ribeir\u00e3o Preto-SP e Regi\u00e3o&quot;","block_context":{"text":"Not\u00edcias de Ribeir\u00e3o Preto-SP e Regi\u00e3o","link":"https:\/\/noticiasribeiraopreto.com.br\/index.php\/category\/noticias-de-ribeirao-preto-sp-e-regiao-ismael-colosi\/"},"img":{"alt_text":"","src":"https:\/\/i0.wp.com\/noticiasribeiraopreto.com.br\/wp-content\/uploads\/2024\/07\/20220526_173450_2.jpg?fit=1200%2C826&ssl=1&resize=350%2C200","width":350,"height":200,"srcset":"https:\/\/i0.wp.com\/noticiasribeiraopreto.com.br\/wp-content\/uploads\/2024\/07\/20220526_173450_2.jpg?fit=1200%2C826&ssl=1&resize=350%2C200 1x, https:\/\/i0.wp.com\/noticiasribeiraopreto.com.br\/wp-content\/uploads\/2024\/07\/20220526_173450_2.jpg?fit=1200%2C826&ssl=1&resize=525%2C300 1.5x, https:\/\/i0.wp.com\/noticiasribeiraopreto.com.br\/wp-content\/uploads\/2024\/07\/20220526_173450_2.jpg?fit=1200%2C826&ssl=1&resize=700%2C400 2x, https:\/\/i0.wp.com\/noticiasribeiraopreto.com.br\/wp-content\/uploads\/2024\/07\/20220526_173450_2.jpg?fit=1200%2C826&ssl=1&resize=1050%2C600 3x"},"classes":[]},{"id":64702,"url":"https:\/\/noticiasribeiraopreto.com.br\/index.php\/2025\/03\/11\/procon-sp-notifica-voepass-sobre-medidas-apos-suspensao-de-voos\/","url_meta":{"origin":50317,"position":3},"title":"Procon-SP notifica Voepass sobre medidas ap\u00f3s suspens\u00e3o de voos","author":"noticiasribeiraopreto.com.br","date":"11 de March de 2025","format":false,"excerpt":"O Procon-SP notificou a Voepass para prestar esclarecimentos sobre o atendimento aos consumidores, ap\u00f3s a Anac (Ag\u00eancia Nacional de Avia\u00e7\u00e3o Civil) suspender as opera\u00e7\u00f5es a\u00e9reas da companhia com sede em Ribeir\u00e3o Preto, por falhas de seguran\u00e7a, a partir desta ter\u00e7a-feira (11). A Latam tamb\u00e9m foi notificada devido ao acordo de\u2026","rel":"","context":"In &quot;Not\u00edcias de Ribeir\u00e3o Preto-SP e Regi\u00e3o&quot;","block_context":{"text":"Not\u00edcias de Ribeir\u00e3o Preto-SP e Regi\u00e3o","link":"https:\/\/noticiasribeiraopreto.com.br\/index.php\/category\/noticias-de-ribeirao-preto-sp-e-regiao-ismael-colosi\/"},"img":{"alt_text":"","src":"https:\/\/i0.wp.com\/noticiasribeiraopreto.com.br\/wp-content\/uploads\/2025\/03\/cccccccccccccc_2025-03-11_19-23-50_jpeg_2025-03-11_19-23-50-e1741721048403.webp.webp?fit=860%2C523&ssl=1&resize=350%2C200","width":350,"height":200,"srcset":"https:\/\/i0.wp.com\/noticiasribeiraopreto.com.br\/wp-content\/uploads\/2025\/03\/cccccccccccccc_2025-03-11_19-23-50_jpeg_2025-03-11_19-23-50-e1741721048403.webp.webp?fit=860%2C523&ssl=1&resize=350%2C200 1x, https:\/\/i0.wp.com\/noticiasribeiraopreto.com.br\/wp-content\/uploads\/2025\/03\/cccccccccccccc_2025-03-11_19-23-50_jpeg_2025-03-11_19-23-50-e1741721048403.webp.webp?fit=860%2C523&ssl=1&resize=525%2C300 1.5x, https:\/\/i0.wp.com\/noticiasribeiraopreto.com.br\/wp-content\/uploads\/2025\/03\/cccccccccccccc_2025-03-11_19-23-50_jpeg_2025-03-11_19-23-50-e1741721048403.webp.webp?fit=860%2C523&ssl=1&resize=700%2C400 2x"},"classes":[]},{"id":41897,"url":"https:\/\/noticiasribeiraopreto.com.br\/index.php\/2024\/03\/11\/empresa-aerea-voara-do-santos-dumont-a-rp-e-guarulhos\/","url_meta":{"origin":50317,"position":4},"title":"Empresa a\u00e9rea voar\u00e1 do Santos Dumont a RP e Guarulhos","author":"noticiasribeiraopreto.com.br","date":"11 de March de 2024","format":false,"excerpt":"11 de mar\u00e7o de 2024 | 19:50 0A Azul conectar\u00e1 viajantes de\u00a0Ribeir\u00e3o Preto (SP) ao Rio de Janeiro, com destino ao\u00a0Aeroporto Santos Dumont.\u00a0A companhia a\u00e9rea tamb\u00e9m operar\u00e1 do terminal central carioca ao\u00a0Aeroporto Internacional de Guarulhos. Os servi\u00e7os come\u00e7am em 15 de mar\u00e7o.Os servi\u00e7os entre Rio de Janeiro e Ribeir\u00e3o Preto\u2026","rel":"","context":"In &quot;Not\u00edcias de Ribeir\u00e3o Preto-SP e Regi\u00e3o&quot;","block_context":{"text":"Not\u00edcias de Ribeir\u00e3o Preto-SP e Regi\u00e3o","link":"https:\/\/noticiasribeiraopreto.com.br\/index.php\/category\/noticias-de-ribeirao-preto-sp-e-regiao-ismael-colosi\/"},"img":{"alt_text":"","src":"https:\/\/i0.wp.com\/noticiasribeiraopreto.com.br\/wp-content\/uploads\/2024\/03\/Economy-Class-do-A330-200.jpg?fit=960%2C636&ssl=1&resize=350%2C200","width":350,"height":200,"srcset":"https:\/\/i0.wp.com\/noticiasribeiraopreto.com.br\/wp-content\/uploads\/2024\/03\/Economy-Class-do-A330-200.jpg?fit=960%2C636&ssl=1&resize=350%2C200 1x, https:\/\/i0.wp.com\/noticiasribeiraopreto.com.br\/wp-content\/uploads\/2024\/03\/Economy-Class-do-A330-200.jpg?fit=960%2C636&ssl=1&resize=525%2C300 1.5x, https:\/\/i0.wp.com\/noticiasribeiraopreto.com.br\/wp-content\/uploads\/2024\/03\/Economy-Class-do-A330-200.jpg?fit=960%2C636&ssl=1&resize=700%2C400 2x"},"classes":[]},{"id":60384,"url":"https:\/\/noticiasribeiraopreto.com.br\/index.php\/2024\/11\/12\/aeroporto-de-ribeirao-tera-mais-voos-durante-a-madrugada-saiba-o-destino\/","url_meta":{"origin":50317,"position":5},"title":"Aeroporto de Ribeir\u00e3o ter\u00e1 mais voos durante a madrugada; Saiba o destino","author":"noticiasribeiraopreto.com.br","date":"12 de November de 2024","format":false,"excerpt":"O Minist\u00e9rio do Turismo (Mtur) anunciou, nesta segunda-feira (11), a amplia\u00e7\u00e3o do n\u00famero de voos para diversos destinos do pa\u00eds durante o ver\u00e3o. Em Ribeir\u00e3o Preto, o aeroporto Leite Lopes ter\u00e1 voos extras para Campinas \u2013 saiba mais abaixo. De acordo com o MTur, em todo o pa\u00eds ser\u00e3o 17,8\u2026","rel":"","context":"In &quot;Not\u00edcias de Ribeir\u00e3o Preto-SP e Regi\u00e3o&quot;","block_context":{"text":"Not\u00edcias de Ribeir\u00e3o Preto-SP e Regi\u00e3o","link":"https:\/\/noticiasribeiraopreto.com.br\/index.php\/category\/noticias-de-ribeirao-preto-sp-e-regiao-ismael-colosi\/"},"img":{"alt_text":"","src":"https:\/\/i0.wp.com\/noticiasribeiraopreto.com.br\/wp-content\/uploads\/2024\/11\/WhatsApp-Image-2023-09-15-at-13.19.06.jpeg?fit=1200%2C722&ssl=1&resize=350%2C200","width":350,"height":200,"srcset":"https:\/\/i0.wp.com\/noticiasribeiraopreto.com.br\/wp-content\/uploads\/2024\/11\/WhatsApp-Image-2023-09-15-at-13.19.06.jpeg?fit=1200%2C722&ssl=1&resize=350%2C200 1x, https:\/\/i0.wp.com\/noticiasribeiraopreto.com.br\/wp-content\/uploads\/2024\/11\/WhatsApp-Image-2023-09-15-at-13.19.06.jpeg?fit=1200%2C722&ssl=1&resize=525%2C300 1.5x, https:\/\/i0.wp.com\/noticiasribeiraopreto.com.br\/wp-content\/uploads\/2024\/11\/WhatsApp-Image-2023-09-15-at-13.19.06.jpeg?fit=1200%2C722&ssl=1&resize=700%2C400 2x, https:\/\/i0.wp.com\/noticiasribeiraopreto.com.br\/wp-content\/uploads\/2024\/11\/WhatsApp-Image-2023-09-15-at-13.19.06.jpeg?fit=1200%2C722&ssl=1&resize=1050%2C600 3x"},"classes":[]}],"jetpack_sharing_enabled":true,"jetpack_shortlink":"https:\/\/wp.me\/peQAOb-d5z","_links":{"self":[{"href":"https:\/\/noticiasribeiraopreto.com.br\/index.php\/wp-json\/wp\/v2\/posts\/50317","targetHints":{"allow":["GET"]}}],"collection":[{"href":"https:\/\/noticiasribeiraopreto.com.br\/index.php\/wp-json\/wp\/v2\/posts"}],"about":[{"href":"https:\/\/noticiasribeiraopreto.com.br\/index.php\/wp-json\/wp\/v2\/types\/post"}],"author":[{"embeddable":true,"href":"https:\/\/noticiasribeiraopreto.com.br\/index.php\/wp-json\/wp\/v2\/users\/1"}],"replies":[{"embeddable":true,"href":"https:\/\/noticiasribeiraopreto.com.br\/index.php\/wp-json\/wp\/v2\/comments?post=50317"}],"version-history":[{"count":0,"href":"https:\/\/noticiasribeiraopreto.com.br\/index.php\/wp-json\/wp\/v2\/posts\/50317\/revisions"}],"wp:featuredmedia":[{"embeddable":true,"href":"https:\/\/noticiasribeiraopreto.com.br\/index.php\/wp-json\/wp\/v2\/media\/50318"}],"wp:attachment":[{"href":"https:\/\/noticiasribeiraopreto.com.br\/index.php\/wp-json\/wp\/v2\/media?parent=50317"}],"wp:term":[{"taxonomy":"category","embeddable":true,"href":"https:\/\/noticiasribeiraopreto.com.br\/index.php\/wp-json\/wp\/v2\/categories?post=50317"},{"taxonomy":"post_tag","embeddable":true,"href":"https:\/\/noticiasribeiraopreto.com.br\/index.php\/wp-json\/wp\/v2\/tags?post=50317"}],"curies":[{"name":"wp","href":"https:\/\/api.w.org\/{rel}","templated":true}]}}