{"id":50323,"date":"2024-05-15T18:21:37","date_gmt":"2024-05-15T21:21:37","guid":{"rendered":"https:\/\/noticiasribeiraopreto.com.br\/index.php\/2024\/05\/15\/rua-da-zona-sul-de-ribeirao-preto-passa-ter-sentido-unico-veja-qual\/"},"modified":"2024-05-15T18:21:37","modified_gmt":"2024-05-15T21:21:37","slug":"rua-da-zona-sul-de-ribeirao-preto-passa-ter-sentido-unico-veja-qual","status":"publish","type":"post","link":"https:\/\/noticiasribeiraopreto.com.br\/index.php\/2024\/05\/15\/rua-da-zona-sul-de-ribeirao-preto-passa-ter-sentido-unico-veja-qual\/","title":{"rendered":"Rua da zona Sul de Ribeir\u00e3o Preto passa ter sentido \u00fanico; Veja qual"},"content":{"rendered":"<div class='code-block code-block-1' style='margin: 8px 0 8px auto; text-align: right; display: block; clear: both;'>\n<p><a href=\"https:\/\/wa.link\/vpicfd\"><img data-recalc-dims=\"1\" class=\"wp-image-4922\" style=\"aspect-ratio: 2.0253164556962027; width: 561px; height: auto;\" src=\"https:\/\/i0.wp.com\/ismaelcolosi.com.br\/wp-content\/uploads\/2023\/11\/grupo-de-empregos-whatsapp-e-facebook-ismael-colosi-vagas.jpg?ssl=1\" alt=\"\" \/><\/a><\/p>\n<!-- \/wp:image -->\n<\/div>\n<p> <br \/>\n<\/p>\n<div data-td-block-uid=\"tdi_101\">\n<div class=\"tdb-block-inner td-fix-index\">\n<p><span style=\"background-color:#f7cc62\" class=\"td_text_highlight_marker\"><mark style=\"background-color:rgba(0, 0, 0, 0)\" class=\"has-inline-color has-black-color\">A <strong>RP Mobi<\/strong>, empresa que gerencia o tr\u00e2nsito e o transporte em Ribeir\u00e3o Preto, <strong>alterou nesta quarta-feira<\/strong> (15), <strong>para sentido \u00fanico a rua Galileu Galilei, a partir da rua Newton Stilac Leal em dire\u00e7\u00e3o a rua Dr. Benjamin A. Stauffer<\/strong>, no bairro<strong> Jardim Iraj\u00e1<\/strong>, na <strong>zona Sul <\/strong>da cidade.<\/mark><\/span><\/p>\n<p><strong>Al\u00e9m da altera\u00e7\u00e3o do sentido da via,<\/strong> foram <strong>implantadas placas de sinaliza\u00e7\u00e3o<\/strong>, <strong>cavaletes<\/strong> e <strong>pintura de solo<\/strong> nos locais, para <strong>alertar sobre a mudan\u00e7a<\/strong>.<\/p>\n<p>A <strong>RP Mobi<\/strong> informou, ainda, que tamb\u00e9m est\u00e1 <strong>sinalizando o cruzamento da rua Newton Stilac Leall com a rua Platina<\/strong>, nas proximidades da <strong>escola municipal \u201cDomingos Adilson Canesin\u201d<\/strong>. <\/p>\n<p>No <strong>cruzamento<\/strong> ser\u00e3o <strong>pintadas faixas de travessia de pedestres<\/strong>, <strong>marcas de canaliza\u00e7\u00e3o para maior controle do fluxo veicular<\/strong>, al\u00e9m de <strong>placas no canteiro central<\/strong>, rec\u00e9m implantado.<\/p>\n<p>SAIBA MAIS <\/p>\n<p>Companhias a\u00e9reas anunciam novos voos para o aeroporto de Ribeir\u00e3o Preto<\/p>\n<h4 class=\"wp-block-heading\"><strong>FIQUE ON<\/strong><\/h4>\n<p>Fique ligado em tudo que acontece em Ribeir\u00e3o Preto e regi\u00e3o. Siga os perfis do<strong>\u00a0acidade on\u00a0<\/strong>no<a href=\"https:\/\/www.instagram.com\/acidadeonribeirao\" target=\"_blank\" rel=\"noreferrer noopener\">\u00a0Instagram<\/a>\u00a0e no\u00a0<a href=\"https:\/\/www.facebook.com\/acidadeonribeirao\/\" target=\"_blank\" rel=\"noreferrer noopener\">Facebook<\/a>.<\/p>\n<p>Receba not\u00edcias do<strong>\u00a0acidade on<\/strong>\u00a0no WhatsApp.\u00a0<a href=\"https:\/\/chat.whatsapp.com\/CdrZ6xrf7quD44Vw3WlPuZ\" target=\"_blank\" rel=\"noreferrer noopener\">Para entrar no grupo, basta clicar aqui.<\/a><\/p>\n<p>Fa\u00e7a uma den\u00fancia ou sugira uma reportagem sobre Ribeir\u00e3o Preto e regi\u00e3o pelo WhatsApp: 16 99117 7802.<\/p>\n<p>VEJA TAMB\u00c9M<\/p>\n<p>Lolita de goiabada do Clayton Rodrigues; confira passo a passo<\/p>\n<p><!-- AI CONTENT END 1 -->\n<\/div>\n<\/div>\n<p><script async src=\"\/\/www.instagram.com\/embed.js\"><\/script><br \/>\n<br \/><br \/>\n<br \/><a href=\"https:\/\/www.acidadeon.com\/ribeiraopreto\/cotidiano\/rua-da-zona-sul-de-ribeirao-preto-passa-ter-sentido-unico-veja-qual\/\">Source link <\/a><\/p>\n<!-- CONTENT END 1 -->\n","protected":false},"excerpt":{"rendered":"<p>A RP Mobi, empresa que gerencia o tr\u00e2nsito e o transporte em Ribeir\u00e3o Preto, alterou nesta quarta-feira (15), para sentido \u00fanico a rua Galileu Galilei,&#8230;<\/p>\n","protected":false},"author":1,"featured_media":50324,"comment_status":"open","ping_status":"open","sticky":false,"template":"","format":"standard","meta":{"advanced_seo_description":"","jetpack_seo_html_title":"","jetpack_seo_noindex":false,"jetpack_post_was_ever_published":false,"_jetpack_newsletter_access":"","_jetpack_dont_email_post_to_subs":false,"_jetpack_newsletter_tier_id":0,"_jetpack_memberships_contains_paywalled_content":false,"_jetpack_memberships_contains_paid_content":false,"footnotes":"","jetpack_publicize_message":"","jetpack_publicize_feature_enabled":true,"jetpack_social_post_already_shared":true,"jetpack_social_options":{"image_generator_settings":{"template":"highway","default_image_id":0,"font":"","enabled":false},"version":2}},"categories":[11],"tags":[],"class_list":["post-50323","post","type-post","status-publish","format-standard","has-post-thumbnail","hentry","category-noticias-de-ribeirao-preto-sp-e-regiao-ismael-colosi"],"jetpack_publicize_connections":[],"jetpack_featured_media_url":"https:\/\/i0.wp.com\/noticiasribeiraopreto.com.br\/wp-content\/uploads\/2024\/05\/Copia-de-Copia-de-TAMANHO-EXATO-PARA-FOTOS-NO-SISTEMA-NOVO-7_2024-05-15_21-09-22_jpg_2024-05-15_21-09-22.webp.webp?fit=1200%2C675&ssl=1","jetpack-related-posts":[{"id":75444,"url":"https:\/\/noticiasribeiraopreto.com.br\/index.php\/2025\/08\/08\/ruas-tem-sentidos-alterados-nas-zonas-leste-e-norte-de-ribeirao-preto-veja-as-mudancas\/","url_meta":{"origin":50323,"position":0},"title":"Ruas t\u00eam sentidos alterados nas zonas Leste e Norte de Ribeir\u00e3o Preto; veja as mudan\u00e7as","author":"noticiasribeiraopreto.com.br","date":"8 de August de 2025","format":false,"excerpt":"A circula\u00e7\u00e3o de ve\u00edculos em ruas das zonas Leste e Norte de Ribeir\u00e3o Preto muda a partir deste domingo (10). No bairro Recreio Anhanguera, sete vias ter\u00e3o o sentido de tr\u00e1fego alterado. J\u00e1 no Parque Industrial Tanquinho, uma rua passa a operar em m\u00e3o dupla. As mudan\u00e7as afetam tamb\u00e9m o\u2026","rel":"","context":"In &quot;Not\u00edcias de Ribeir\u00e3o Preto-SP e Regi\u00e3o&quot;","block_context":{"text":"Not\u00edcias de Ribeir\u00e3o Preto-SP e Regi\u00e3o","link":"https:\/\/noticiasribeiraopreto.com.br\/index.php\/category\/noticias-de-ribeirao-preto-sp-e-regiao-ismael-colosi\/"},"img":{"alt_text":"","src":"https:\/\/i0.wp.com\/noticiasribeiraopreto.com.br\/wp-content\/uploads\/2025\/08\/Copia-de-Copia-de-Copia-de-TAMANHO-EXATO-PARA-FOTOS-NO-SISTEMA-NOVO-2025-08-08T173807.224_2025-08-08_20-41-07.webp.webp?fit=1200%2C675&ssl=1&resize=350%2C200","width":350,"height":200,"srcset":"https:\/\/i0.wp.com\/noticiasribeiraopreto.com.br\/wp-content\/uploads\/2025\/08\/Copia-de-Copia-de-Copia-de-TAMANHO-EXATO-PARA-FOTOS-NO-SISTEMA-NOVO-2025-08-08T173807.224_2025-08-08_20-41-07.webp.webp?fit=1200%2C675&ssl=1&resize=350%2C200 1x, https:\/\/i0.wp.com\/noticiasribeiraopreto.com.br\/wp-content\/uploads\/2025\/08\/Copia-de-Copia-de-Copia-de-TAMANHO-EXATO-PARA-FOTOS-NO-SISTEMA-NOVO-2025-08-08T173807.224_2025-08-08_20-41-07.webp.webp?fit=1200%2C675&ssl=1&resize=525%2C300 1.5x, https:\/\/i0.wp.com\/noticiasribeiraopreto.com.br\/wp-content\/uploads\/2025\/08\/Copia-de-Copia-de-Copia-de-TAMANHO-EXATO-PARA-FOTOS-NO-SISTEMA-NOVO-2025-08-08T173807.224_2025-08-08_20-41-07.webp.webp?fit=1200%2C675&ssl=1&resize=700%2C400 2x, https:\/\/i0.wp.com\/noticiasribeiraopreto.com.br\/wp-content\/uploads\/2025\/08\/Copia-de-Copia-de-Copia-de-TAMANHO-EXATO-PARA-FOTOS-NO-SISTEMA-NOVO-2025-08-08T173807.224_2025-08-08_20-41-07.webp.webp?fit=1200%2C675&ssl=1&resize=1050%2C600 3x"},"classes":[]},{"id":55991,"url":"https:\/\/noticiasribeiraopreto.com.br\/index.php\/2024\/08\/08\/novas-ruas-de-ribeirao-preto-tem-sentido-de-direcao-alterado-veja-locais-afetados\/","url_meta":{"origin":50323,"position":1},"title":"Novas ruas de Ribeir\u00e3o Preto t\u00eam sentido de dire\u00e7\u00e3o alterado; Veja locais afetados","author":"noticiasribeiraopreto.com.br","date":"8 de August de 2024","format":false,"excerpt":"A RP Mobi, empresa que gerencia o tr\u00e2nsito de Ribeir\u00e3o Preto, informou que duas novas ruas do munic\u00edpio tiveram implanta\u00e7\u00e3o de sentido \u00fanico de dire\u00e7\u00e3o, nesta quinta-feira (8). Conforme o comunicado, as altera\u00e7\u00f5es aconteceram na Vila Elisa, zona Norte de Ribeir\u00e3o Preto. \u201cA altera\u00e7\u00e3o da sinaliza\u00e7\u00e3o est\u00e1 sendo acompanhada pela\u2026","rel":"","context":"In &quot;Not\u00edcias de Ribeir\u00e3o Preto-SP e Regi\u00e3o&quot;","block_context":{"text":"Not\u00edcias de Ribeir\u00e3o Preto-SP e Regi\u00e3o","link":"https:\/\/noticiasribeiraopreto.com.br\/index.php\/category\/noticias-de-ribeirao-preto-sp-e-regiao-ismael-colosi\/"},"img":{"alt_text":"","src":"https:\/\/i0.wp.com\/noticiasribeiraopreto.com.br\/wp-content\/uploads\/2024\/08\/rua-belgica_2024-08-08_20-56-00_png_2024-08-08_20-56-00.webp.webp?fit=656%2C389&ssl=1&resize=350%2C200","width":350,"height":200,"srcset":"https:\/\/i0.wp.com\/noticiasribeiraopreto.com.br\/wp-content\/uploads\/2024\/08\/rua-belgica_2024-08-08_20-56-00_png_2024-08-08_20-56-00.webp.webp?fit=656%2C389&ssl=1&resize=350%2C200 1x, https:\/\/i0.wp.com\/noticiasribeiraopreto.com.br\/wp-content\/uploads\/2024\/08\/rua-belgica_2024-08-08_20-56-00_png_2024-08-08_20-56-00.webp.webp?fit=656%2C389&ssl=1&resize=525%2C300 1.5x"},"classes":[]},{"id":50001,"url":"https:\/\/noticiasribeiraopreto.com.br\/index.php\/2024\/05\/14\/novas-ruas-de-ribeirao-preto-terao-sentido-alterado-veja-os-locais-afetados\/","url_meta":{"origin":50323,"position":2},"title":"Novas ruas de Ribeir\u00e3o Preto ter\u00e3o sentido alterado; Veja os locais afetados","author":"noticiasribeiraopreto.com.br","date":"14 de May de 2024","format":false,"excerpt":"A RP Mobi realizar\u00e1 na manh\u00e3 desta ter\u00e7a-feira (14) a implanta\u00e7\u00e3o do sentido \u00fanico em duas ruas do bairro Valentina Figueiredo, na zona Norte de Ribeir\u00e3o Preto. As mudan\u00e7as afetam as ruas Tito Bonagamba e Jo\u00e3o Gual. Na semana passada, a medida j\u00e1 havia sido aplicada na zona Leste. Segundo\u2026","rel":"","context":"In &quot;Not\u00edcias de Ribeir\u00e3o Preto-SP e Regi\u00e3o&quot;","block_context":{"text":"Not\u00edcias de Ribeir\u00e3o Preto-SP e Regi\u00e3o","link":"https:\/\/noticiasribeiraopreto.com.br\/index.php\/category\/noticias-de-ribeirao-preto-sp-e-regiao-ismael-colosi\/"},"img":{"alt_text":"","src":"https:\/\/i0.wp.com\/noticiasribeiraopreto.com.br\/wp-content\/uploads\/2024\/05\/AnyConv.com__sentido-proibido_2024-05-14_13-52-38.webp.webp?fit=880%2C712&ssl=1&resize=350%2C200","width":350,"height":200,"srcset":"https:\/\/i0.wp.com\/noticiasribeiraopreto.com.br\/wp-content\/uploads\/2024\/05\/AnyConv.com__sentido-proibido_2024-05-14_13-52-38.webp.webp?fit=880%2C712&ssl=1&resize=350%2C200 1x, https:\/\/i0.wp.com\/noticiasribeiraopreto.com.br\/wp-content\/uploads\/2024\/05\/AnyConv.com__sentido-proibido_2024-05-14_13-52-38.webp.webp?fit=880%2C712&ssl=1&resize=525%2C300 1.5x, https:\/\/i0.wp.com\/noticiasribeiraopreto.com.br\/wp-content\/uploads\/2024\/05\/AnyConv.com__sentido-proibido_2024-05-14_13-52-38.webp.webp?fit=880%2C712&ssl=1&resize=700%2C400 2x"},"classes":[]},{"id":45937,"url":"https:\/\/noticiasribeiraopreto.com.br\/index.php\/2024\/04\/08\/avenida-de-ribeirao-preto-e-interditada-para-retirada-de-enxame-de-abelhas-saiba-mais\/","url_meta":{"origin":50323,"position":3},"title":"Avenida de Ribeir\u00e3o Preto \u00e9 interditada para retirada de enxame de abelhas; Saiba mais","author":"noticiasribeiraopreto.com.br","date":"8 de April de 2024","format":false,"excerpt":"A avenida Carlos Eduardo de Gasperi Consoni, na zona Sul de Ribeir\u00e3o Preto, ter\u00e1 um trecho interditado nesta ter\u00e7a-feira (9), a partir das 19h30, para a remo\u00e7\u00e3o de um enxame de abelhas. A previs\u00e3o \u00e9 de que o local seja liberado na noite de quarta-feira (10). De acordo com a\u2026","rel":"","context":"In &quot;Not\u00edcias de Ribeir\u00e3o Preto-SP e Regi\u00e3o&quot;","block_context":{"text":"Not\u00edcias de Ribeir\u00e3o Preto-SP e Regi\u00e3o","link":"https:\/\/noticiasribeiraopreto.com.br\/index.php\/category\/noticias-de-ribeirao-preto-sp-e-regiao-ismael-colosi\/"},"img":{"alt_text":"","src":"https:\/\/i0.wp.com\/noticiasribeiraopreto.com.br\/wp-content\/uploads\/2024\/04\/close-up-shot-working-honey-bees-apiary-beehive-scaled.jpg?fit=1200%2C801&ssl=1&resize=350%2C200","width":350,"height":200,"srcset":"https:\/\/i0.wp.com\/noticiasribeiraopreto.com.br\/wp-content\/uploads\/2024\/04\/close-up-shot-working-honey-bees-apiary-beehive-scaled.jpg?fit=1200%2C801&ssl=1&resize=350%2C200 1x, https:\/\/i0.wp.com\/noticiasribeiraopreto.com.br\/wp-content\/uploads\/2024\/04\/close-up-shot-working-honey-bees-apiary-beehive-scaled.jpg?fit=1200%2C801&ssl=1&resize=525%2C300 1.5x, https:\/\/i0.wp.com\/noticiasribeiraopreto.com.br\/wp-content\/uploads\/2024\/04\/close-up-shot-working-honey-bees-apiary-beehive-scaled.jpg?fit=1200%2C801&ssl=1&resize=700%2C400 2x, https:\/\/i0.wp.com\/noticiasribeiraopreto.com.br\/wp-content\/uploads\/2024\/04\/close-up-shot-working-honey-bees-apiary-beehive-scaled.jpg?fit=1200%2C801&ssl=1&resize=1050%2C600 3x"},"classes":[]},{"id":60388,"url":"https:\/\/noticiasribeiraopreto.com.br\/index.php\/2024\/11\/12\/rua-de-ribeirao-preto-passa-a-ter-sentido-unico-de-direcao-veja-qual\/","url_meta":{"origin":50323,"position":4},"title":"Rua de Ribeir\u00e3o Preto passa a ter sentido \u00fanico de dire\u00e7\u00e3o; Veja qual","author":"noticiasribeiraopreto.com.br","date":"12 de November de 2024","format":false,"excerpt":"A RP Mobi informou que foi implantado o sentido \u00fanico de dire\u00e7\u00e3o em toda extens\u00e3o da rua Maestro Joaquim Rangel, no bairro Alto da Boa Vista, zona Sul de Ribeir\u00e3o Preto. De acordo com a pasta, a altera\u00e7\u00e3o na sinaliza\u00e7\u00e3o integra o novo plano de circula\u00e7\u00e3o vi\u00e1ria na regi\u00e3o do\u2026","rel":"","context":"In &quot;Not\u00edcias de Ribeir\u00e3o Preto-SP e Regi\u00e3o&quot;","block_context":{"text":"Not\u00edcias de Ribeir\u00e3o Preto-SP e Regi\u00e3o","link":"https:\/\/noticiasribeiraopreto.com.br\/index.php\/category\/noticias-de-ribeirao-preto-sp-e-regiao-ismael-colosi\/"},"img":{"alt_text":"","src":"https:\/\/i0.wp.com\/noticiasribeiraopreto.com.br\/wp-content\/uploads\/2024\/11\/rua-lagoinha.jpg?fit=500%2C333&ssl=1&resize=350%2C200","width":350,"height":200},"classes":[]},{"id":71658,"url":"https:\/\/noticiasribeiraopreto.com.br\/index.php\/2025\/06\/08\/trecho-de-rua-em-ribeirao-preto-passa-a-ter-sentido-unico-de-direcao\/","url_meta":{"origin":50323,"position":5},"title":"Trecho de rua em Ribeir\u00e3o Preto passa a ter sentido \u00fanico de dire\u00e7\u00e3o","author":"noticiasribeiraopreto.com.br","date":"8 de June de 2025","format":false,"excerpt":"Um trecho da rua Olinda, no Jardim Sumar\u00e9, em Ribeir\u00e3o Preto, teve o sentido de dire\u00e7\u00e3o alterado pela RP Mobi na \u00faltima quinta-feira (5). A via passeou a ter sentido \u00fanico e a altera\u00e7\u00e3o aconteceu no trecho a partir da rua Cerqueira C\u00e9sar em dire\u00e7\u00e3o \u00e0 avenida Caramuru. Com essa\u2026","rel":"","context":"In &quot;Not\u00edcias de Ribeir\u00e3o Preto-SP e Regi\u00e3o&quot;","block_context":{"text":"Not\u00edcias de Ribeir\u00e3o Preto-SP e Regi\u00e3o","link":"https:\/\/noticiasribeiraopreto.com.br\/index.php\/category\/noticias-de-ribeirao-preto-sp-e-regiao-ismael-colosi\/"},"img":{"alt_text":"","src":"https:\/\/i0.wp.com\/noticiasribeiraopreto.com.br\/wp-content\/uploads\/2025\/06\/rua-olinda-pare_2025-06-08_19-31-13.webp.webp?fit=1000%2C666&ssl=1&resize=350%2C200","width":350,"height":200,"srcset":"https:\/\/i0.wp.com\/noticiasribeiraopreto.com.br\/wp-content\/uploads\/2025\/06\/rua-olinda-pare_2025-06-08_19-31-13.webp.webp?fit=1000%2C666&ssl=1&resize=350%2C200 1x, https:\/\/i0.wp.com\/noticiasribeiraopreto.com.br\/wp-content\/uploads\/2025\/06\/rua-olinda-pare_2025-06-08_19-31-13.webp.webp?fit=1000%2C666&ssl=1&resize=525%2C300 1.5x, https:\/\/i0.wp.com\/noticiasribeiraopreto.com.br\/wp-content\/uploads\/2025\/06\/rua-olinda-pare_2025-06-08_19-31-13.webp.webp?fit=1000%2C666&ssl=1&resize=700%2C400 2x"},"classes":[]}],"jetpack_sharing_enabled":true,"jetpack_shortlink":"https:\/\/wp.me\/peQAOb-d5F","_links":{"self":[{"href":"https:\/\/noticiasribeiraopreto.com.br\/index.php\/wp-json\/wp\/v2\/posts\/50323","targetHints":{"allow":["GET"]}}],"collection":[{"href":"https:\/\/noticiasribeiraopreto.com.br\/index.php\/wp-json\/wp\/v2\/posts"}],"about":[{"href":"https:\/\/noticiasribeiraopreto.com.br\/index.php\/wp-json\/wp\/v2\/types\/post"}],"author":[{"embeddable":true,"href":"https:\/\/noticiasribeiraopreto.com.br\/index.php\/wp-json\/wp\/v2\/users\/1"}],"replies":[{"embeddable":true,"href":"https:\/\/noticiasribeiraopreto.com.br\/index.php\/wp-json\/wp\/v2\/comments?post=50323"}],"version-history":[{"count":0,"href":"https:\/\/noticiasribeiraopreto.com.br\/index.php\/wp-json\/wp\/v2\/posts\/50323\/revisions"}],"wp:featuredmedia":[{"embeddable":true,"href":"https:\/\/noticiasribeiraopreto.com.br\/index.php\/wp-json\/wp\/v2\/media\/50324"}],"wp:attachment":[{"href":"https:\/\/noticiasribeiraopreto.com.br\/index.php\/wp-json\/wp\/v2\/media?parent=50323"}],"wp:term":[{"taxonomy":"category","embeddable":true,"href":"https:\/\/noticiasribeiraopreto.com.br\/index.php\/wp-json\/wp\/v2\/categories?post=50323"},{"taxonomy":"post_tag","embeddable":true,"href":"https:\/\/noticiasribeiraopreto.com.br\/index.php\/wp-json\/wp\/v2\/tags?post=50323"}],"curies":[{"name":"wp","href":"https:\/\/api.w.org\/{rel}","templated":true}]}}