{"id":50334,"date":"2024-05-15T19:24:44","date_gmt":"2024-05-15T22:24:44","guid":{"rendered":"https:\/\/noticiasribeiraopreto.com.br\/index.php\/2024\/05\/15\/ator-de-2-filhos-de-francisco-se-apresenta-de-forma-gratuita-em-ribeirao-preto-veja-quando\/"},"modified":"2024-05-15T19:24:44","modified_gmt":"2024-05-15T22:24:44","slug":"ator-de-2-filhos-de-francisco-se-apresenta-de-forma-gratuita-em-ribeirao-preto-veja-quando","status":"publish","type":"post","link":"https:\/\/noticiasribeiraopreto.com.br\/index.php\/2024\/05\/15\/ator-de-2-filhos-de-francisco-se-apresenta-de-forma-gratuita-em-ribeirao-preto-veja-quando\/","title":{"rendered":"Ator de \u20182 Filhos de Francisco\u2019 se apresenta de forma gratuita em Ribeir\u00e3o Preto; Veja quando"},"content":{"rendered":"<div class='code-block code-block-1' style='margin: 8px 0 8px auto; text-align: right; display: block; clear: both;'>\n<p><a href=\"https:\/\/wa.link\/vpicfd\"><img data-recalc-dims=\"1\" class=\"wp-image-4922\" style=\"aspect-ratio: 2.0253164556962027; width: 561px; height: auto;\" src=\"https:\/\/i0.wp.com\/ismaelcolosi.com.br\/wp-content\/uploads\/2023\/11\/grupo-de-empregos-whatsapp-e-facebook-ismael-colosi-vagas.jpg?ssl=1\" alt=\"\" \/><\/a><\/p>\n<!-- \/wp:image -->\n<\/div>\n<p> <br \/>\n<\/p>\n<div data-td-block-uid=\"tdi_101\">\n<div class=\"tdb-block-inner td-fix-index\">\n<p>O ator <strong>\u00c2ngelo Ant\u00f4nio<\/strong>, que atuou nos sucessos \u2018<strong>2 Filhos de Franscisco<\/strong>\u2019, \u2018<strong>O Cravo e a Rosa<\/strong>\u2019 e \u2018<strong>Pantanal<\/strong>\u2019 se apresenta nos dias <strong>27 e 28 de maio<\/strong>, \u00e0s <strong>20h<\/strong>, com o mon\u00f3logo \u2018<strong>Um Precip\u00edcio no Mar<\/strong>\u2019 no <strong>Sesi<\/strong> de <strong>Ribeir\u00e3o Preto<\/strong>.<\/p>\n<p>O mon\u00f3logo \u00e9 um texto do ingl\u00eas <strong>Simon Stephens<\/strong>, e fala sobre a hist\u00f3ria do fot\u00f3grafo Alex (\u00c2ngelo Ant\u00f4nio), que visita o sogro em sua casa de praia, para aproveitar um feriado com sua esposa e filha pequena, como faz todos\u00a0os anos.<\/p>\n<p>Contudo, a luz que pisca na superf\u00edcie n\u00e3o mostra o abismo que est\u00e1 por baixo. O espet\u00e1culo \u00e9 uma \u201ctrag\u00e9dia moderna de tirar o f\u00f4lego\u201d.<\/p>\n<h2 class=\"wp-block-heading\"><strong>Como reservar os ingressos?<\/strong><\/h2>\n<p>Os ingressos devem ser reservados atrav\u00e9s do site <strong>Meu Sesi <\/strong>(<a href=\"https:\/\/www.sesisp.org.br\/evento\/f1eb6069-8b54-4912-afba-586778b9d7ae\/um-precipicio-no-mar\" target=\"_blank\" rel=\"noreferrer noopener\">clique aqui)<\/a>. As reservas estar\u00e3o dispon\u00edveis a partir da pr\u00f3xima <strong>segunda-feira (20)<\/strong>. <\/p>\n<p>No dia da apresenta\u00e7\u00e3o, \u00e9 recomendado que o p\u00fablico chegue <strong>15 minutos antes<\/strong> do in\u00edcio do espet\u00e1culo. O <strong>Centro Cultural Sesi<\/strong> est\u00e1 localizado na <strong>rua Jo\u00e3o Ignacchitti, no Jardim Castelo Branco<\/strong>. <\/p>\n<h3 class=\"wp-block-heading\"><strong>Servi\u00e7o<\/strong><\/h3>\n<p>Quando: 27 e 28 de maio, segunda-feira e ter\u00e7a-feira<br \/>Hor\u00e1rio: 20h <br \/>Local: Sesi Ribeir\u00e3o Preto<br \/>Endere\u00e7o: Rua Jo\u00e3o Ignacchitti \u2013 Jardim Castelo Branco <br \/>Ingressos: gratuitos \u2013 reservas a partir do dia 20 de maio, no site Meu Sesi (<a href=\"https:\/\/www.sesisp.org.br\/evento\/f1eb6069-8b54-4912-afba-586778b9d7ae\/um-precipicio-no-mar\" target=\"_blank\" rel=\"noreferrer noopener\">clique aqui)<\/a><\/p>\n<p>SAIBA MAIS<br \/>Assaltante armado com faca derruba v\u00edtima durante roubo de bolsa em Ribeir\u00e3o Preto<\/p>\n<h4 class=\"wp-block-heading\"><strong>FIQUE ON<\/strong><\/h4>\n<p>Fique ligado em tudo que acontece em Ribeir\u00e3o Preto e regi\u00e3o. Siga os perfis do <strong>acidade on <\/strong>no <a href=\"https:\/\/www.instagram.com\/acidadeonribeirao\" target=\"_blank\" rel=\"noreferrer noopener\">Instagram<\/a> e no <a href=\"https:\/\/www.facebook.com\/acidadeonribeirao\" target=\"_blank\" rel=\"noreferrer noopener\">Facebook<\/a>.<\/p>\n<p>Receba not\u00edcias do acidade on no WhatsApp. Para entrar no grupo, basta <a href=\"https:\/\/chat.whatsapp.com\/CdrZ6xrf7quD44Vw3WlPuZ\" target=\"_blank\" rel=\"noreferrer noopener\">clicar aqui<\/a>.<\/p>\n<p>Fa\u00e7a uma den\u00fancia ou sugira uma reportagem sobre Ribeir\u00e3o Preto e regi\u00e3o pelo WhatsApp: 16 99117 7802.<\/p>\n<p>VEJA TAMB\u00c9M<br \/>Rota do Arrai\u00e1 da EPTV 2024 vai come\u00e7ar!<\/p>\n<p><!-- AI CONTENT END 1 -->\n<\/div>\n<\/div>\n<p><script async src=\"\/\/www.instagram.com\/embed.js\"><\/script><br \/>\n<br \/><br \/>\n<br \/><a href=\"https:\/\/www.acidadeon.com\/ribeiraopreto\/lazer-e-cultura\/ator-de-2-filhos-de-francisco-se-apresenta-de-forma-gratuita-em-ribeirao-preto-veja-quando\/\">Source link <\/a><\/p>\n<!-- CONTENT END 1 -->\n","protected":false},"excerpt":{"rendered":"<p>O ator \u00c2ngelo Ant\u00f4nio, que atuou nos sucessos \u20182 Filhos de Franscisco\u2019, \u2018O Cravo e a Rosa\u2019 e \u2018Pantanal\u2019 se apresenta nos dias 27 e&#8230;<\/p>\n","protected":false},"author":1,"featured_media":50335,"comment_status":"open","ping_status":"open","sticky":false,"template":"","format":"standard","meta":{"advanced_seo_description":"","jetpack_seo_html_title":"","jetpack_seo_noindex":false,"jetpack_post_was_ever_published":false,"_jetpack_newsletter_access":"","_jetpack_dont_email_post_to_subs":false,"_jetpack_newsletter_tier_id":0,"_jetpack_memberships_contains_paywalled_content":false,"_jetpack_memberships_contains_paid_content":false,"footnotes":"","jetpack_publicize_message":"","jetpack_publicize_feature_enabled":true,"jetpack_social_post_already_shared":true,"jetpack_social_options":{"image_generator_settings":{"template":"highway","default_image_id":0,"font":"","enabled":false},"version":2}},"categories":[11],"tags":[],"class_list":["post-50334","post","type-post","status-publish","format-standard","has-post-thumbnail","hentry","category-noticias-de-ribeirao-preto-sp-e-regiao-ismael-colosi"],"jetpack_publicize_connections":[],"jetpack_featured_media_url":"https:\/\/i0.wp.com\/noticiasribeiraopreto.com.br\/wp-content\/uploads\/2024\/05\/e377abf3-a05d-4558-875f-00bd1f383937_2024-05-15_22-09-25_png_2024-05-15_22-09-26.webp.webp?fit=1066%2C600&ssl=1","jetpack-related-posts":[{"id":34805,"url":"https:\/\/noticiasribeiraopreto.com.br\/index.php\/2024\/02\/03\/amaury-lorenzo-se-apresenta-no-teatro-municipal-de-ribeirao-preto-saiba-como-comprar-ingressos\/","url_meta":{"origin":50334,"position":0},"title":"Amaury Lorenzo se apresenta no Teatro Municipal de Ribeir\u00e3o Preto; Saiba como comprar ingressos","author":"noticiasribeiraopreto.com.br","date":"3 de February de 2024","format":false,"excerpt":"O ator Amaury Lorenzo vai se apresentar em Ribeir\u00e3o Preto nos dias 23 e 24 de mar\u00e7o com o espet\u00e1culo \u201cA Luta\u201d no Teatro Municipal. Os ingressos podem ser adquiridos on-line e os pre\u00e7os variam entre R$ 60 a R$ 120. O ator ganhou destaque recentemente na TV ap\u00f3s dar\u2026","rel":"","context":"In &quot;Not\u00edcias de Ribeir\u00e3o Preto-SP e Regi\u00e3o&quot;","block_context":{"text":"Not\u00edcias de Ribeir\u00e3o Preto-SP e Regi\u00e3o","link":"https:\/\/noticiasribeiraopreto.com.br\/index.php\/category\/noticias-de-ribeirao-preto-sp-e-regiao-ismael-colosi\/"},"img":{"alt_text":"","src":"https:\/\/i0.wp.com\/noticiasribeiraopreto.com.br\/wp-content\/uploads\/2024\/02\/Copia-de-Copia-de-TAMANHO-EXATO-PARA-FOTOS-NO-SISTEMA-NOVO-2.jpg?fit=1200%2C675&ssl=1&resize=350%2C200","width":350,"height":200,"srcset":"https:\/\/i0.wp.com\/noticiasribeiraopreto.com.br\/wp-content\/uploads\/2024\/02\/Copia-de-Copia-de-TAMANHO-EXATO-PARA-FOTOS-NO-SISTEMA-NOVO-2.jpg?fit=1200%2C675&ssl=1&resize=350%2C200 1x, https:\/\/i0.wp.com\/noticiasribeiraopreto.com.br\/wp-content\/uploads\/2024\/02\/Copia-de-Copia-de-TAMANHO-EXATO-PARA-FOTOS-NO-SISTEMA-NOVO-2.jpg?fit=1200%2C675&ssl=1&resize=525%2C300 1.5x, https:\/\/i0.wp.com\/noticiasribeiraopreto.com.br\/wp-content\/uploads\/2024\/02\/Copia-de-Copia-de-TAMANHO-EXATO-PARA-FOTOS-NO-SISTEMA-NOVO-2.jpg?fit=1200%2C675&ssl=1&resize=700%2C400 2x, https:\/\/i0.wp.com\/noticiasribeiraopreto.com.br\/wp-content\/uploads\/2024\/02\/Copia-de-Copia-de-TAMANHO-EXATO-PARA-FOTOS-NO-SISTEMA-NOVO-2.jpg?fit=1200%2C675&ssl=1&resize=1050%2C600 3x"},"classes":[]},{"id":55689,"url":"https:\/\/noticiasribeiraopreto.com.br\/index.php\/2024\/08\/05\/protagonista-de-novela-apresenta-monologo-no-teatro-municipal-de-ribeirao-preto\/","url_meta":{"origin":50334,"position":1},"title":"Protagonista de novela apresenta mon\u00f3logo no Teatro Municipal de Ribeir\u00e3o Preto","author":"noticiasribeiraopreto.com.br","date":"5 de August de 2024","format":false,"excerpt":"O ator Samuel de Assis, que ganhou destaque em seu personagem \u2018Ben\u2019, um dos protagonistas da novela \u2018Vai Na F\u00e9\u2019, da TV Globo\/EPTV, ir\u00e1 apresentar gratuitamente no dia 16 de agosto, \u00e0s 20h, no Teatro Municipal de Ribeir\u00e3o Preto, o mon\u00f3logo sobre racismo, \u201cE Voc\u00eas, Quem S\u00e3o?\u201d. O solo conta\u2026","rel":"","context":"In &quot;Not\u00edcias de Ribeir\u00e3o Preto-SP e Regi\u00e3o&quot;","block_context":{"text":"Not\u00edcias de Ribeir\u00e3o Preto-SP e Regi\u00e3o","link":"https:\/\/noticiasribeiraopreto.com.br\/index.php\/category\/noticias-de-ribeirao-preto-sp-e-regiao-ismael-colosi\/"},"img":{"alt_text":"","src":"https:\/\/i0.wp.com\/noticiasribeiraopreto.com.br\/wp-content\/uploads\/2024\/08\/Copia-de-Copia-de-TAMANHO-EXATO-PARA-FOTOS-NO-SISTEMA-NOVO-28_2024-08-05_12-19-11_jpg_2024-08-05_12-19-11.webp.webp?fit=1200%2C675&ssl=1&resize=350%2C200","width":350,"height":200,"srcset":"https:\/\/i0.wp.com\/noticiasribeiraopreto.com.br\/wp-content\/uploads\/2024\/08\/Copia-de-Copia-de-TAMANHO-EXATO-PARA-FOTOS-NO-SISTEMA-NOVO-28_2024-08-05_12-19-11_jpg_2024-08-05_12-19-11.webp.webp?fit=1200%2C675&ssl=1&resize=350%2C200 1x, https:\/\/i0.wp.com\/noticiasribeiraopreto.com.br\/wp-content\/uploads\/2024\/08\/Copia-de-Copia-de-TAMANHO-EXATO-PARA-FOTOS-NO-SISTEMA-NOVO-28_2024-08-05_12-19-11_jpg_2024-08-05_12-19-11.webp.webp?fit=1200%2C675&ssl=1&resize=525%2C300 1.5x, https:\/\/i0.wp.com\/noticiasribeiraopreto.com.br\/wp-content\/uploads\/2024\/08\/Copia-de-Copia-de-TAMANHO-EXATO-PARA-FOTOS-NO-SISTEMA-NOVO-28_2024-08-05_12-19-11_jpg_2024-08-05_12-19-11.webp.webp?fit=1200%2C675&ssl=1&resize=700%2C400 2x, https:\/\/i0.wp.com\/noticiasribeiraopreto.com.br\/wp-content\/uploads\/2024\/08\/Copia-de-Copia-de-TAMANHO-EXATO-PARA-FOTOS-NO-SISTEMA-NOVO-28_2024-08-05_12-19-11_jpg_2024-08-05_12-19-11.webp.webp?fit=1200%2C675&ssl=1&resize=1050%2C600 3x"},"classes":[]},{"id":72288,"url":"https:\/\/noticiasribeiraopreto.com.br\/index.php\/2025\/06\/15\/ribeirao-recebe-monologo-gratuito-nao-conta-pra-ninguem-saiba-como-reservar-ingresso\/","url_meta":{"origin":50334,"position":2},"title":"Ribeir\u00e3o recebe mon\u00f3logo gratuito &#8216;N\u00e3o Conta Pra Ningu\u00e9m&#8217;; Saiba como reservar ingresso","author":"noticiasribeiraopreto.com.br","date":"15 de June de 2025","format":false,"excerpt":"Depois de passar por cidades do interior paulista e fazer sucesso na capital, o mon\u00f3logo \u201cN\u00e3o Conta Pra Ningu\u00e9m\u201d chega a Ribeir\u00e3o Preto para tr\u00eas apresenta\u00e7\u00f5es gratuitas no Teatro do Sesi, nos dias 20 e 21 de junho, \u00e0s 20h, e 22 de junho, \u00e0s 19h. Os interessados devem reservar\u2026","rel":"","context":"In &quot;Not\u00edcias de Ribeir\u00e3o Preto-SP e Regi\u00e3o&quot;","block_context":{"text":"Not\u00edcias de Ribeir\u00e3o Preto-SP e Regi\u00e3o","link":"https:\/\/noticiasribeiraopreto.com.br\/index.php\/category\/noticias-de-ribeirao-preto-sp-e-regiao-ismael-colosi\/"},"img":{"alt_text":"","src":"https:\/\/i0.wp.com\/noticiasribeiraopreto.com.br\/wp-content\/uploads\/2025\/06\/IMG_7783_2025-06-15_18-03-53.webp.webp?fit=1200%2C800&ssl=1&resize=350%2C200","width":350,"height":200,"srcset":"https:\/\/i0.wp.com\/noticiasribeiraopreto.com.br\/wp-content\/uploads\/2025\/06\/IMG_7783_2025-06-15_18-03-53.webp.webp?fit=1200%2C800&ssl=1&resize=350%2C200 1x, https:\/\/i0.wp.com\/noticiasribeiraopreto.com.br\/wp-content\/uploads\/2025\/06\/IMG_7783_2025-06-15_18-03-53.webp.webp?fit=1200%2C800&ssl=1&resize=525%2C300 1.5x, https:\/\/i0.wp.com\/noticiasribeiraopreto.com.br\/wp-content\/uploads\/2025\/06\/IMG_7783_2025-06-15_18-03-53.webp.webp?fit=1200%2C800&ssl=1&resize=700%2C400 2x, https:\/\/i0.wp.com\/noticiasribeiraopreto.com.br\/wp-content\/uploads\/2025\/06\/IMG_7783_2025-06-15_18-03-53.webp.webp?fit=1200%2C800&ssl=1&resize=1050%2C600 3x"},"classes":[]},{"id":29856,"url":"https:\/\/noticiasribeiraopreto.com.br\/index.php\/2024\/01\/19\/nany-people-se-apresenta-em-ribeirao-com-o-stand-up-como-salvar-um-casamento\/","url_meta":{"origin":50334,"position":3},"title":"Nany People se apresenta em Ribeir\u00e3o com o stand-up &#8216;Como Salvar Um Casamento&#8217;","author":"noticiasribeiraopreto.com.br","date":"19 de January de 2024","format":false,"excerpt":"A atriz e comediante Nany People volta a Ribeir\u00e3o Preto no dia 1\u00ba de mar\u00e7o para apresentar o seu novo espet\u00e1culo \u201cComo Salvar Um Casamento\u201c, no Teatro Municipal. A artista retorna \u00e0s suas ra\u00edzes teatrais num mon\u00f3logo que fez hist\u00f3ria em sua carreira. O espet\u00e1culo ter\u00e1 \u00fanica apresenta\u00e7\u00e3o e as\u2026","rel":"","context":"In &quot;Not\u00edcias de Ribeir\u00e3o Preto-SP e Regi\u00e3o&quot;","block_context":{"text":"Not\u00edcias de Ribeir\u00e3o Preto-SP e Regi\u00e3o","link":"https:\/\/noticiasribeiraopreto.com.br\/index.php\/category\/noticias-de-ribeirao-preto-sp-e-regiao-ismael-colosi\/"},"img":{"alt_text":"","src":"https:\/\/i0.wp.com\/noticiasribeiraopreto.com.br\/wp-content\/uploads\/2024\/01\/FOTO-CARDS-1.jpg?fit=640%2C500&ssl=1&resize=350%2C200","width":350,"height":200,"srcset":"https:\/\/i0.wp.com\/noticiasribeiraopreto.com.br\/wp-content\/uploads\/2024\/01\/FOTO-CARDS-1.jpg?fit=640%2C500&ssl=1&resize=350%2C200 1x, https:\/\/i0.wp.com\/noticiasribeiraopreto.com.br\/wp-content\/uploads\/2024\/01\/FOTO-CARDS-1.jpg?fit=640%2C500&ssl=1&resize=525%2C300 1.5x"},"classes":[]},{"id":59979,"url":"https:\/\/noticiasribeiraopreto.com.br\/index.php\/2024\/11\/03\/mateus-solano-estrela-monologo-no-theatro-pedro-ii-em-ribeirao-preto\/","url_meta":{"origin":50334,"position":4},"title":"Mateus Solano estrela mon\u00f3logo no Theatro Pedro II em Ribeir\u00e3o Preto","author":"noticiasribeiraopreto.com.br","date":"3 de November de 2024","format":false,"excerpt":"O ator Mateus Solano chega ao Theatro Pedro II, em Ribeir\u00e3o Preto, no dia 30 de novembro, \u00e0s 20h, com o mon\u00f3logo \u201cO Figurante\u201d. Os ingressos para o espet\u00e1culo custam entre R$ 40 (meia-entrada) e R$ 160. A dire\u00e7\u00e3o \u00e9 de Miguel Thir\u00e9, parceiro de Mateus Solano no sucesso \u201cSelfie\u201d,\u2026","rel":"","context":"In &quot;Not\u00edcias de Ribeir\u00e3o Preto-SP e Regi\u00e3o&quot;","block_context":{"text":"Not\u00edcias de Ribeir\u00e3o Preto-SP e Regi\u00e3o","link":"https:\/\/noticiasribeiraopreto.com.br\/index.php\/category\/noticias-de-ribeirao-preto-sp-e-regiao-ismael-colosi\/"},"img":{"alt_text":"","src":"https:\/\/i0.wp.com\/noticiasribeiraopreto.com.br\/wp-content\/uploads\/2024\/11\/MATEUS-SOLANO-O-FIGURANTE_2024-11-03_17-52-16_jpg_2024-11-03_17-52-16.webp.webp?fit=902%2C664&ssl=1&resize=350%2C200","width":350,"height":200,"srcset":"https:\/\/i0.wp.com\/noticiasribeiraopreto.com.br\/wp-content\/uploads\/2024\/11\/MATEUS-SOLANO-O-FIGURANTE_2024-11-03_17-52-16_jpg_2024-11-03_17-52-16.webp.webp?fit=902%2C664&ssl=1&resize=350%2C200 1x, https:\/\/i0.wp.com\/noticiasribeiraopreto.com.br\/wp-content\/uploads\/2024\/11\/MATEUS-SOLANO-O-FIGURANTE_2024-11-03_17-52-16_jpg_2024-11-03_17-52-16.webp.webp?fit=902%2C664&ssl=1&resize=525%2C300 1.5x, https:\/\/i0.wp.com\/noticiasribeiraopreto.com.br\/wp-content\/uploads\/2024\/11\/MATEUS-SOLANO-O-FIGURANTE_2024-11-03_17-52-16_jpg_2024-11-03_17-52-16.webp.webp?fit=902%2C664&ssl=1&resize=700%2C400 2x"},"classes":[]},{"id":76981,"url":"https:\/\/noticiasribeiraopreto.com.br\/index.php\/2025\/09\/09\/sidney-magal-apresenta-show-com-entrada-gratuita-no-sesi-ribeirao-preto\/","url_meta":{"origin":50334,"position":5},"title":"Sidney Magal apresenta show com entrada gratuita no Sesi Ribeir\u00e3o Preto","author":"noticiasribeiraopreto.com.br","date":"9 de September de 2025","format":false,"excerpt":"O cantor Sidney Magal se apresenta no Sesi Ribeir\u00e3o Preto no pr\u00f3ximo dia 21 de setembro, a partir das 18h, em show com entrada gratuita. No in\u00e9dito show \u201cR\u00e1dio do Magal\u201d, Sidney Magal traz um espet\u00e1culo que memora sua carreira e de artistas que dominavam as paradas sucesso, com um\u2026","rel":"","context":"In &quot;Not\u00edcias de Ribeir\u00e3o Preto-SP e Regi\u00e3o&quot;","block_context":{"text":"Not\u00edcias de Ribeir\u00e3o Preto-SP e Regi\u00e3o","link":"https:\/\/noticiasribeiraopreto.com.br\/index.php\/category\/noticias-de-ribeirao-preto-sp-e-regiao-ismael-colosi\/"},"img":{"alt_text":"","src":"https:\/\/i0.wp.com\/noticiasribeiraopreto.com.br\/wp-content\/uploads\/2025\/09\/sidney-magal_2025-09-09_18-07-03.webp.webp?fit=1200%2C675&ssl=1&resize=350%2C200","width":350,"height":200,"srcset":"https:\/\/i0.wp.com\/noticiasribeiraopreto.com.br\/wp-content\/uploads\/2025\/09\/sidney-magal_2025-09-09_18-07-03.webp.webp?fit=1200%2C675&ssl=1&resize=350%2C200 1x, https:\/\/i0.wp.com\/noticiasribeiraopreto.com.br\/wp-content\/uploads\/2025\/09\/sidney-magal_2025-09-09_18-07-03.webp.webp?fit=1200%2C675&ssl=1&resize=525%2C300 1.5x, https:\/\/i0.wp.com\/noticiasribeiraopreto.com.br\/wp-content\/uploads\/2025\/09\/sidney-magal_2025-09-09_18-07-03.webp.webp?fit=1200%2C675&ssl=1&resize=700%2C400 2x, https:\/\/i0.wp.com\/noticiasribeiraopreto.com.br\/wp-content\/uploads\/2025\/09\/sidney-magal_2025-09-09_18-07-03.webp.webp?fit=1200%2C675&ssl=1&resize=1050%2C600 3x"},"classes":[]}],"jetpack_sharing_enabled":true,"jetpack_shortlink":"https:\/\/wp.me\/peQAOb-d5Q","_links":{"self":[{"href":"https:\/\/noticiasribeiraopreto.com.br\/index.php\/wp-json\/wp\/v2\/posts\/50334","targetHints":{"allow":["GET"]}}],"collection":[{"href":"https:\/\/noticiasribeiraopreto.com.br\/index.php\/wp-json\/wp\/v2\/posts"}],"about":[{"href":"https:\/\/noticiasribeiraopreto.com.br\/index.php\/wp-json\/wp\/v2\/types\/post"}],"author":[{"embeddable":true,"href":"https:\/\/noticiasribeiraopreto.com.br\/index.php\/wp-json\/wp\/v2\/users\/1"}],"replies":[{"embeddable":true,"href":"https:\/\/noticiasribeiraopreto.com.br\/index.php\/wp-json\/wp\/v2\/comments?post=50334"}],"version-history":[{"count":0,"href":"https:\/\/noticiasribeiraopreto.com.br\/index.php\/wp-json\/wp\/v2\/posts\/50334\/revisions"}],"wp:featuredmedia":[{"embeddable":true,"href":"https:\/\/noticiasribeiraopreto.com.br\/index.php\/wp-json\/wp\/v2\/media\/50335"}],"wp:attachment":[{"href":"https:\/\/noticiasribeiraopreto.com.br\/index.php\/wp-json\/wp\/v2\/media?parent=50334"}],"wp:term":[{"taxonomy":"category","embeddable":true,"href":"https:\/\/noticiasribeiraopreto.com.br\/index.php\/wp-json\/wp\/v2\/categories?post=50334"},{"taxonomy":"post_tag","embeddable":true,"href":"https:\/\/noticiasribeiraopreto.com.br\/index.php\/wp-json\/wp\/v2\/tags?post=50334"}],"curies":[{"name":"wp","href":"https:\/\/api.w.org\/{rel}","templated":true}]}}