{"id":50344,"date":"2024-05-15T20:06:08","date_gmt":"2024-05-15T23:06:08","guid":{"rendered":"https:\/\/noticiasribeiraopreto.com.br\/index.php\/2024\/05\/15\/unesp-tem-concurso-publico-no-interior-de-sp-com-salarios-de-ate-r-10-mil\/"},"modified":"2024-05-15T20:06:08","modified_gmt":"2024-05-15T23:06:08","slug":"unesp-tem-concurso-publico-no-interior-de-sp-com-salarios-de-ate-r-10-mil","status":"publish","type":"post","link":"https:\/\/noticiasribeiraopreto.com.br\/index.php\/2024\/05\/15\/unesp-tem-concurso-publico-no-interior-de-sp-com-salarios-de-ate-r-10-mil\/","title":{"rendered":"Unesp tem concurso p\u00fablico no interior de SP com sal\u00e1rios de at\u00e9 R$ 10 mil"},"content":{"rendered":"<div class='code-block code-block-1' style='margin: 8px 0 8px auto; text-align: right; display: block; clear: both;'>\n<p><a href=\"https:\/\/wa.link\/vpicfd\"><img data-recalc-dims=\"1\" class=\"wp-image-4922\" style=\"aspect-ratio: 2.0253164556962027; width: 561px; height: auto;\" src=\"https:\/\/i0.wp.com\/ismaelcolosi.com.br\/wp-content\/uploads\/2023\/11\/grupo-de-empregos-whatsapp-e-facebook-ismael-colosi-vagas.jpg?ssl=1\" alt=\"\" \/><\/a><\/p>\n<!-- \/wp:image -->\n<\/div>\n<p> <br \/>\n<\/p>\n<div>\n<p>A <strong>Universidade Estadual Paulista (Unesp)<\/strong> abriu concurso p\u00fablico com <strong>seis vagas<\/strong> para diversos campi no estado de S\u00e3o Paulo. <mark style=\"background-color:#fcb900\" class=\"has-inline-color\">No interior, h\u00e1 vagas para <strong>Franca <\/strong>e <strong>Jaboticabal<\/strong>, cidades na regi\u00e3o de<strong> Ribeir\u00e3o Preto<\/strong>.<\/mark><\/p>\n<p>Existem oportunidades para n\u00edvel fundamental, m\u00e9dio e superior e os sal\u00e1rios variam entre <strong>R$ 3.486,23<\/strong> e <strong>R$ 10.198,15.<\/strong><\/p>\n<p>As inscri\u00e7\u00f5es devem ser realizadas no site da<strong> Funda\u00e7\u00e3o Vunesp (<a href=\"https:\/\/www.vunesp.com.br\/\" target=\"_blank\" rel=\"noreferrer noopener\">clique aqui<\/a>)<\/strong> no per\u00edodo entre <strong>23 de maio<\/strong> e <strong>04 de julho<\/strong> de 2024. O valor da taxa de inscri\u00e7\u00e3o varia entre R$ 91 e R$ 192.<\/p>\n<h2 class=\"wp-block-heading\"><strong>Confira as oportunidades<\/strong><\/h2>\n<ul>\n<li><strong>Edital 057\/2024 (Campus de Franca)<\/strong><\/li>\n<\/ul>\n<p>Uma vaga para M\u00e9dico (\u00c1rea de atua\u00e7\u00e3o: Medicina do Trabalho e Cl\u00ednica Geral). Sal\u00e1rio de R$ 6.937,54. Taxa de -inscri\u00e7\u00e3o R$ 192.<\/p>\n<ul>\n<li><strong>Edital 005\/2024 (Campus de Jaboticabal)<\/strong><\/li>\n<\/ul>\n<p>Uma vaga para Assistente de Suporte Acad\u00eamico IV (\u00c1rea de atua\u00e7\u00e3o: Cole\u00e7\u00e3o Biol\u00f3gica e Patrim\u00f4nio Gen\u00e9tico). Sal\u00e1rio de R$ 10.195,15. Taxa de inscri\u00e7\u00e3o R$ 192.<\/p>\n<ul>\n<li><strong>Edital 144\/2024 (Campus de S\u00e3o Jos\u00e9 do Rio Preto)<\/strong><\/li>\n<\/ul>\n<p>Uma vaga para Assistente Operacional II (\u00c1rea de atua\u00e7\u00e3o: Cozinha). Sal\u00e1rio de R$ 3.486,23. Taxa de inscri\u00e7\u00e3o R$ 91.<\/p>\n<ul>\n<li><strong>Edital 028\/2024 (Campus de Araraquara)<\/strong><\/li>\n<\/ul>\n<p>Uma vaga para Assistente de Inform\u00e1tica II (\u00c1rea de atua\u00e7\u00e3o: Desenvolvimento de Sistemas). Sal\u00e1rio de R$ 5.150,75. Taxa de inscri\u00e7\u00e3o 129.<\/p>\n<ul>\n<li><strong>Edital 035\/2024 (Campus do Litoral Paulista)<\/strong><\/li>\n<\/ul>\n<p>Uma vaga para Assistente de Inform\u00e1tica II (\u00c1rea de atua\u00e7\u00e3o: Redes, Infraestrutura e Suporte ao Usu\u00e1rio). Sal\u00e1rio de R$ 5.150,75. Taxa de inscri\u00e7\u00e3o R$ 129.<\/p>\n<ul>\n<li><strong>Edital 076\/2024 (Campus S\u00e3o Paulo)<\/strong><\/li>\n<\/ul>\n<p>Uma vaga para T\u00e9cnico de Enfermagem. Sal\u00e1rio de R$ 5.150,75. Taxa de inscri\u00e7\u00e3o R$ 129.<\/p>\n<p>Os editais completos podem ser conferidos <a href=\"https:\/\/www.vunesp.com.br\/busca\/concurso\/proximo\" target=\"_blank\" rel=\"noreferrer noopener\">clicando aqui<\/a>.<\/p>\n<hr class=\"wp-block-separator has-alpha-channel-opacity\"\/>\n<p>SAIBA MAIS<\/p>\n<p>Companhias a\u00e9reas anunciam novos voos para o aeroporto de Ribeir\u00e3o Preto<\/p>\n<h4 class=\"wp-block-heading\"><strong>FIQUE ON<\/strong><\/h4>\n<p>Fique ligado em tudo que acontece em Ribeir\u00e3o Preto e regi\u00e3o. Siga os perfis do<strong>\u00a0acidade on\u00a0<\/strong>no<a href=\"https:\/\/www.instagram.com\/acidadeonribeirao\" target=\"_blank\" rel=\"noreferrer noopener\">\u00a0Instagram<\/a>\u00a0e no\u00a0<a href=\"https:\/\/www.facebook.com\/acidadeonribeirao\/\" target=\"_blank\" rel=\"noreferrer noopener\">Facebook<\/a>.<\/p>\n<p>Receba not\u00edcias do<strong>\u00a0acidade on<\/strong>\u00a0no WhatsApp.\u00a0<a href=\"https:\/\/chat.whatsapp.com\/CdrZ6xrf7quD44Vw3WlPuZ\" target=\"_blank\" rel=\"noreferrer noopener\">Para entrar no grupo, basta clicar aqui.<\/a><\/p>\n<p>Fa\u00e7a uma den\u00fancia ou sugira uma reportagem sobre Ribeir\u00e3o Preto e regi\u00e3o pelo WhatsApp: 16 99117 7802.<\/p>\n<p>VEJA TAMB\u00c9M<\/p>\n<p>Qual \u00e9 a briga entre Grazi Massafera e Isis Valverde?<\/p>\n<p><!-- AI CONTENT END 1 -->\n<\/div>\n<p><script async src=\"\/\/www.instagram.com\/embed.js\"><\/script><br \/>\n<br \/><br \/>\n<br \/><a href=\"https:\/\/www.acidadeon.com\/ribeiraopreto\/economia\/unesp-tem-concurso-publico-no-interior-de-sp-com-salarios-de-ate-r-10-mil\/\">Source link <\/a><\/p>\n<!-- CONTENT END 1 -->\n","protected":false},"excerpt":{"rendered":"<p>A Universidade Estadual Paulista (Unesp) abriu concurso p\u00fablico com seis vagas para diversos campi no estado de S\u00e3o Paulo. No interior, h\u00e1 vagas para Franca&#8230;<\/p>\n","protected":false},"author":1,"featured_media":49792,"comment_status":"open","ping_status":"open","sticky":false,"template":"","format":"standard","meta":{"advanced_seo_description":"","jetpack_seo_html_title":"","jetpack_seo_noindex":false,"jetpack_post_was_ever_published":false,"_jetpack_newsletter_access":"","_jetpack_dont_email_post_to_subs":false,"_jetpack_newsletter_tier_id":0,"_jetpack_memberships_contains_paywalled_content":false,"_jetpack_memberships_contains_paid_content":false,"footnotes":"","jetpack_publicize_message":"","jetpack_publicize_feature_enabled":true,"jetpack_social_post_already_shared":true,"jetpack_social_options":{"image_generator_settings":{"template":"highway","default_image_id":0,"font":"","enabled":false},"version":2}},"categories":[11],"tags":[],"class_list":["post-50344","post","type-post","status-publish","format-standard","has-post-thumbnail","hentry","category-noticias-de-ribeirao-preto-sp-e-regiao-ismael-colosi"],"jetpack_publicize_connections":[],"jetpack_featured_media_url":"https:\/\/i0.wp.com\/noticiasribeiraopreto.com.br\/wp-content\/uploads\/2024\/05\/AnyConv.com__concurso-publico-5.webp.webp?fit=1500%2C1000&ssl=1","jetpack-related-posts":[{"id":83622,"url":"https:\/\/noticiasribeiraopreto.com.br\/index.php\/2026\/03\/22\/unesp-abre-concurso-publico-com-14-vagas-e-salarios-de-ate-r-12-mil\/","url_meta":{"origin":50344,"position":0},"title":"Unesp abre concurso p\u00fablico com 14 vagas e sal\u00e1rios de at\u00e9 R$ 12 mil","author":"noticiasribeiraopreto.com.br","date":"22 de March de 2026","format":false,"excerpt":"A Unesp (Universidade Estadual Paulista) abriu concurso p\u00fablico com 14 vagas para diversos campi espalhados por S\u00e3o Paulo. Os sal\u00e1rios variam entre R$4.258,11 e R$12.456,12. As oportunidades s\u00e3o para diversas \u00e1reas nos campi de S\u00e3o Paulo (capital), Araraquara, Bauru, Rio Claro, Registro, Sorocaba, Botucatu e Tup\u00e3. As inscri\u00e7\u00f5es devem ser\u2026","rel":"","context":"In &quot;Not\u00edcias de Ribeir\u00e3o Preto-SP e Regi\u00e3o&quot;","block_context":{"text":"Not\u00edcias de Ribeir\u00e3o Preto-SP e Regi\u00e3o","link":"https:\/\/noticiasribeiraopreto.com.br\/index.php\/category\/noticias-de-ribeirao-preto-sp-e-regiao-ismael-colosi\/"},"img":{"alt_text":"","src":"https:\/\/i0.wp.com\/noticiasribeiraopreto.com.br\/wp-content\/uploads\/2026\/03\/concurso_2025-10-10_18-32-50.webp.webp?fit=1200%2C963&ssl=1&resize=350%2C200","width":350,"height":200,"srcset":"https:\/\/i0.wp.com\/noticiasribeiraopreto.com.br\/wp-content\/uploads\/2026\/03\/concurso_2025-10-10_18-32-50.webp.webp?fit=1200%2C963&ssl=1&resize=350%2C200 1x, https:\/\/i0.wp.com\/noticiasribeiraopreto.com.br\/wp-content\/uploads\/2026\/03\/concurso_2025-10-10_18-32-50.webp.webp?fit=1200%2C963&ssl=1&resize=525%2C300 1.5x, https:\/\/i0.wp.com\/noticiasribeiraopreto.com.br\/wp-content\/uploads\/2026\/03\/concurso_2025-10-10_18-32-50.webp.webp?fit=1200%2C963&ssl=1&resize=700%2C400 2x, https:\/\/i0.wp.com\/noticiasribeiraopreto.com.br\/wp-content\/uploads\/2026\/03\/concurso_2025-10-10_18-32-50.webp.webp?fit=1200%2C963&ssl=1&resize=1050%2C600 3x"},"classes":[]},{"id":60366,"url":"https:\/\/noticiasribeiraopreto.com.br\/index.php\/2024\/11\/12\/unesp-abre-concurso-publico-com-salarios-de-ate-r-11-mil-veja-como-participar\/","url_meta":{"origin":50344,"position":1},"title":"Unesp abre concurso p\u00fablico com sal\u00e1rios de at\u00e9 R$ 11 mil; Veja como participar","author":"noticiasribeiraopreto.com.br","date":"12 de November de 2024","format":false,"excerpt":"A Unesp (Universidade Estadual Paulista) publicou nesta ter\u00e7a-feira a abertura de concurso p\u00fablico com vagas de n\u00edvel m\u00e9dio e superior com sal\u00e1rios entre R$ 4.671,89 e R$ 11.243,46. As oportunidades s\u00e3o para diversos campi no interior de S\u00e3o Paulo. As inscri\u00e7\u00f5es devem ser realizadas no per\u00edodo entre 19 de novembro\u2026","rel":"","context":"In &quot;Not\u00edcias de Ribeir\u00e3o Preto-SP e Regi\u00e3o&quot;","block_context":{"text":"Not\u00edcias de Ribeir\u00e3o Preto-SP e Regi\u00e3o","link":"https:\/\/noticiasribeiraopreto.com.br\/index.php\/category\/noticias-de-ribeirao-preto-sp-e-regiao-ismael-colosi\/"},"img":{"alt_text":"","src":"https:\/\/i0.wp.com\/noticiasribeiraopreto.com.br\/wp-content\/uploads\/2024\/03\/AnyConv.com__concurso-publico-2.webp.webp?fit=1200%2C800&ssl=1&resize=350%2C200","width":350,"height":200,"srcset":"https:\/\/i0.wp.com\/noticiasribeiraopreto.com.br\/wp-content\/uploads\/2024\/03\/AnyConv.com__concurso-publico-2.webp.webp?fit=1200%2C800&ssl=1&resize=350%2C200 1x, https:\/\/i0.wp.com\/noticiasribeiraopreto.com.br\/wp-content\/uploads\/2024\/03\/AnyConv.com__concurso-publico-2.webp.webp?fit=1200%2C800&ssl=1&resize=525%2C300 1.5x, https:\/\/i0.wp.com\/noticiasribeiraopreto.com.br\/wp-content\/uploads\/2024\/03\/AnyConv.com__concurso-publico-2.webp.webp?fit=1200%2C800&ssl=1&resize=700%2C400 2x, https:\/\/i0.wp.com\/noticiasribeiraopreto.com.br\/wp-content\/uploads\/2024\/03\/AnyConv.com__concurso-publico-2.webp.webp?fit=1200%2C800&ssl=1&resize=1050%2C600 3x"},"classes":[]},{"id":58248,"url":"https:\/\/noticiasribeiraopreto.com.br\/index.php\/2024\/09\/22\/veja-sete-concursos-publicos-com-mais-de-200-vagas-no-interior-de-sp\/","url_meta":{"origin":50344,"position":2},"title":"Veja sete concursos p\u00fablicos com mais de 200 vagas no interior de SP","author":"noticiasribeiraopreto.com.br","date":"22 de September de 2024","format":false,"excerpt":"Voc\u00ea procura por uma oportunidade de emprego no servi\u00e7o p\u00fablico? O acidade on Ribeir\u00e3o separou uma lista com sete concursos p\u00fablico que t\u00eam, somados, mais de 200 vagas dispon\u00edveis no interior de S\u00e3o Paulo. As vagas nos concursos p\u00fablicos s\u00e3o de n\u00edvel fundamental, m\u00e9dio, t\u00e9cnico e superior com sal\u00e1rios de\u2026","rel":"","context":"In &quot;Not\u00edcias de Ribeir\u00e3o Preto-SP e Regi\u00e3o&quot;","block_context":{"text":"Not\u00edcias de Ribeir\u00e3o Preto-SP e Regi\u00e3o","link":"https:\/\/noticiasribeiraopreto.com.br\/index.php\/category\/noticias-de-ribeirao-preto-sp-e-regiao-ismael-colosi\/"},"img":{"alt_text":"","src":"https:\/\/i0.wp.com\/noticiasribeiraopreto.com.br\/wp-content\/uploads\/2024\/05\/Copia-de-Copia-de-TAMANHO-EXATO-PARA-FOTOS-NO-SISTEMA-NOVO-33_2024-05-23_13-39-05_jpg_2024-05-23_13-39-05.webp.webp?fit=1200%2C675&ssl=1&resize=350%2C200","width":350,"height":200,"srcset":"https:\/\/i0.wp.com\/noticiasribeiraopreto.com.br\/wp-content\/uploads\/2024\/05\/Copia-de-Copia-de-TAMANHO-EXATO-PARA-FOTOS-NO-SISTEMA-NOVO-33_2024-05-23_13-39-05_jpg_2024-05-23_13-39-05.webp.webp?fit=1200%2C675&ssl=1&resize=350%2C200 1x, https:\/\/i0.wp.com\/noticiasribeiraopreto.com.br\/wp-content\/uploads\/2024\/05\/Copia-de-Copia-de-TAMANHO-EXATO-PARA-FOTOS-NO-SISTEMA-NOVO-33_2024-05-23_13-39-05_jpg_2024-05-23_13-39-05.webp.webp?fit=1200%2C675&ssl=1&resize=525%2C300 1.5x, https:\/\/i0.wp.com\/noticiasribeiraopreto.com.br\/wp-content\/uploads\/2024\/05\/Copia-de-Copia-de-TAMANHO-EXATO-PARA-FOTOS-NO-SISTEMA-NOVO-33_2024-05-23_13-39-05_jpg_2024-05-23_13-39-05.webp.webp?fit=1200%2C675&ssl=1&resize=700%2C400 2x, https:\/\/i0.wp.com\/noticiasribeiraopreto.com.br\/wp-content\/uploads\/2024\/05\/Copia-de-Copia-de-TAMANHO-EXATO-PARA-FOTOS-NO-SISTEMA-NOVO-33_2024-05-23_13-39-05_jpg_2024-05-23_13-39-05.webp.webp?fit=1200%2C675&ssl=1&resize=1050%2C600 3x"},"classes":[]},{"id":59197,"url":"https:\/\/noticiasribeiraopreto.com.br\/index.php\/2024\/10\/17\/unesp-abre-concurso-publico-com-salarios-de-ate-r-8-mil-no-interior-de-sp\/","url_meta":{"origin":50344,"position":3},"title":"Unesp abre concurso p\u00fablico com sal\u00e1rios de at\u00e9 R$ 8 mil no interior de SP","author":"noticiasribeiraopreto.com.br","date":"17 de October de 2024","format":false,"excerpt":"A Unesp (Universidade Estadual Paulista) publicou edital de concurso p\u00fablico para o cargo de professor substituto para o campus de Franca, no interior de S\u00e3o Paulo. Os sal\u00e1rios para o cargo variam entre R$ 4,8 mil e R$ 8,1 mil, conforme a titula\u00e7\u00e3o do profissional aprovado. A vaga \u00e9 para\u2026","rel":"","context":"In &quot;Not\u00edcias de Ribeir\u00e3o Preto-SP e Regi\u00e3o&quot;","block_context":{"text":"Not\u00edcias de Ribeir\u00e3o Preto-SP e Regi\u00e3o","link":"https:\/\/noticiasribeiraopreto.com.br\/index.php\/category\/noticias-de-ribeirao-preto-sp-e-regiao-ismael-colosi\/"},"img":{"alt_text":"","src":"https:\/\/i0.wp.com\/noticiasribeiraopreto.com.br\/wp-content\/uploads\/2024\/10\/concurso-publico.jpg?fit=1200%2C800&ssl=1&resize=350%2C200","width":350,"height":200,"srcset":"https:\/\/i0.wp.com\/noticiasribeiraopreto.com.br\/wp-content\/uploads\/2024\/10\/concurso-publico.jpg?fit=1200%2C800&ssl=1&resize=350%2C200 1x, https:\/\/i0.wp.com\/noticiasribeiraopreto.com.br\/wp-content\/uploads\/2024\/10\/concurso-publico.jpg?fit=1200%2C800&ssl=1&resize=525%2C300 1.5x, https:\/\/i0.wp.com\/noticiasribeiraopreto.com.br\/wp-content\/uploads\/2024\/10\/concurso-publico.jpg?fit=1200%2C800&ssl=1&resize=700%2C400 2x, https:\/\/i0.wp.com\/noticiasribeiraopreto.com.br\/wp-content\/uploads\/2024\/10\/concurso-publico.jpg?fit=1200%2C800&ssl=1&resize=1050%2C600 3x"},"classes":[]},{"id":61481,"url":"https:\/\/noticiasribeiraopreto.com.br\/index.php\/2024\/12\/13\/inscricoes-para-concurso-com-salarios-de-r-11-mil-terminam-na-quarta-feira\/","url_meta":{"origin":50344,"position":4},"title":"Inscri\u00e7\u00f5es para concurso com sal\u00e1rios de R$ 11 mil terminam na quarta-feira","author":"noticiasribeiraopreto.com.br","date":"13 de December de 2024","format":false,"excerpt":"As inscri\u00e7\u00f5es para o concurso p\u00fablico da Unesp (Universidade Estadual Paulista), terminam na pr\u00f3xima quarta-feira (18). As vagas s\u00e3o para diferentes campi no interior de S\u00e3o Paulo \u2013 veja abaixo. As oportunidades s\u00e3o de n\u00edvel m\u00e9dio e superior com sal\u00e1rios entre R$ 4.671,89 e R$ 11.243,46. Al\u00e9m disso, a Unesp\u2026","rel":"","context":"In &quot;Not\u00edcias de Ribeir\u00e3o Preto-SP e Regi\u00e3o&quot;","block_context":{"text":"Not\u00edcias de Ribeir\u00e3o Preto-SP e Regi\u00e3o","link":"https:\/\/noticiasribeiraopreto.com.br\/index.php\/category\/noticias-de-ribeirao-preto-sp-e-regiao-ismael-colosi\/"},"img":{"alt_text":"","src":"https:\/\/i0.wp.com\/noticiasribeiraopreto.com.br\/wp-content\/uploads\/2024\/05\/AnyConv.com__concurso-publico-5.webp.webp?fit=1200%2C800&ssl=1&resize=350%2C200","width":350,"height":200,"srcset":"https:\/\/i0.wp.com\/noticiasribeiraopreto.com.br\/wp-content\/uploads\/2024\/05\/AnyConv.com__concurso-publico-5.webp.webp?fit=1200%2C800&ssl=1&resize=350%2C200 1x, https:\/\/i0.wp.com\/noticiasribeiraopreto.com.br\/wp-content\/uploads\/2024\/05\/AnyConv.com__concurso-publico-5.webp.webp?fit=1200%2C800&ssl=1&resize=525%2C300 1.5x, https:\/\/i0.wp.com\/noticiasribeiraopreto.com.br\/wp-content\/uploads\/2024\/05\/AnyConv.com__concurso-publico-5.webp.webp?fit=1200%2C800&ssl=1&resize=700%2C400 2x, https:\/\/i0.wp.com\/noticiasribeiraopreto.com.br\/wp-content\/uploads\/2024\/05\/AnyConv.com__concurso-publico-5.webp.webp?fit=1200%2C800&ssl=1&resize=1050%2C600 3x"},"classes":[]},{"id":59060,"url":"https:\/\/noticiasribeiraopreto.com.br\/index.php\/2024\/10\/13\/veja-cinco-concursos-publicos-com-mais-de-110-vagas-no-interior-de-sp\/","url_meta":{"origin":50344,"position":5},"title":"Veja cinco concursos p\u00fablicos com mais de 110 vagas no interior de SP","author":"noticiasribeiraopreto.com.br","date":"13 de October de 2024","format":false,"excerpt":"Os interessados em concorrer a uma vaga em concurso p\u00fablico contam com mais de 110 oportunidades em cinco editais dispon\u00edveis no interior de S\u00e3o Paulo. As oportunidades s\u00e3o para cargos de n\u00edvel m\u00e9dio, t\u00e9cnico e superior. Os sal\u00e1rios variam entre R$ 2,1 mil e R$ 12,6 mil. Confira a lista\u2026","rel":"","context":"In &quot;Not\u00edcias de Ribeir\u00e3o Preto-SP e Regi\u00e3o&quot;","block_context":{"text":"Not\u00edcias de Ribeir\u00e3o Preto-SP e Regi\u00e3o","link":"https:\/\/noticiasribeiraopreto.com.br\/index.php\/category\/noticias-de-ribeirao-preto-sp-e-regiao-ismael-colosi\/"},"img":{"alt_text":"","src":"https:\/\/i0.wp.com\/noticiasribeiraopreto.com.br\/wp-content\/uploads\/2024\/09\/Copia-de-Copia-de-TAMANHO-EXATO-PARA-FOTOS-NO-SISTEMA-NOVO-22_2024-07-24_20-00-55_jpg_2024-07-24_20-00-55.webp.webp?fit=1200%2C675&ssl=1&resize=350%2C200","width":350,"height":200,"srcset":"https:\/\/i0.wp.com\/noticiasribeiraopreto.com.br\/wp-content\/uploads\/2024\/09\/Copia-de-Copia-de-TAMANHO-EXATO-PARA-FOTOS-NO-SISTEMA-NOVO-22_2024-07-24_20-00-55_jpg_2024-07-24_20-00-55.webp.webp?fit=1200%2C675&ssl=1&resize=350%2C200 1x, https:\/\/i0.wp.com\/noticiasribeiraopreto.com.br\/wp-content\/uploads\/2024\/09\/Copia-de-Copia-de-TAMANHO-EXATO-PARA-FOTOS-NO-SISTEMA-NOVO-22_2024-07-24_20-00-55_jpg_2024-07-24_20-00-55.webp.webp?fit=1200%2C675&ssl=1&resize=525%2C300 1.5x, https:\/\/i0.wp.com\/noticiasribeiraopreto.com.br\/wp-content\/uploads\/2024\/09\/Copia-de-Copia-de-TAMANHO-EXATO-PARA-FOTOS-NO-SISTEMA-NOVO-22_2024-07-24_20-00-55_jpg_2024-07-24_20-00-55.webp.webp?fit=1200%2C675&ssl=1&resize=700%2C400 2x, https:\/\/i0.wp.com\/noticiasribeiraopreto.com.br\/wp-content\/uploads\/2024\/09\/Copia-de-Copia-de-TAMANHO-EXATO-PARA-FOTOS-NO-SISTEMA-NOVO-22_2024-07-24_20-00-55_jpg_2024-07-24_20-00-55.webp.webp?fit=1200%2C675&ssl=1&resize=1050%2C600 3x"},"classes":[]}],"jetpack_sharing_enabled":true,"jetpack_shortlink":"https:\/\/wp.me\/peQAOb-d60","_links":{"self":[{"href":"https:\/\/noticiasribeiraopreto.com.br\/index.php\/wp-json\/wp\/v2\/posts\/50344","targetHints":{"allow":["GET"]}}],"collection":[{"href":"https:\/\/noticiasribeiraopreto.com.br\/index.php\/wp-json\/wp\/v2\/posts"}],"about":[{"href":"https:\/\/noticiasribeiraopreto.com.br\/index.php\/wp-json\/wp\/v2\/types\/post"}],"author":[{"embeddable":true,"href":"https:\/\/noticiasribeiraopreto.com.br\/index.php\/wp-json\/wp\/v2\/users\/1"}],"replies":[{"embeddable":true,"href":"https:\/\/noticiasribeiraopreto.com.br\/index.php\/wp-json\/wp\/v2\/comments?post=50344"}],"version-history":[{"count":0,"href":"https:\/\/noticiasribeiraopreto.com.br\/index.php\/wp-json\/wp\/v2\/posts\/50344\/revisions"}],"wp:featuredmedia":[{"embeddable":true,"href":"https:\/\/noticiasribeiraopreto.com.br\/index.php\/wp-json\/wp\/v2\/media\/49792"}],"wp:attachment":[{"href":"https:\/\/noticiasribeiraopreto.com.br\/index.php\/wp-json\/wp\/v2\/media?parent=50344"}],"wp:term":[{"taxonomy":"category","embeddable":true,"href":"https:\/\/noticiasribeiraopreto.com.br\/index.php\/wp-json\/wp\/v2\/categories?post=50344"},{"taxonomy":"post_tag","embeddable":true,"href":"https:\/\/noticiasribeiraopreto.com.br\/index.php\/wp-json\/wp\/v2\/tags?post=50344"}],"curies":[{"name":"wp","href":"https:\/\/api.w.org\/{rel}","templated":true}]}}