{"id":50357,"date":"2024-05-15T22:29:34","date_gmt":"2024-05-16T01:29:34","guid":{"rendered":"https:\/\/noticiasribeiraopreto.com.br\/index.php\/2024\/05\/15\/cbf-atende-clubes-e-suspende-rodadas-do-brasileirao-por-causa-das-chuvas-no-rs\/"},"modified":"2024-05-15T22:29:34","modified_gmt":"2024-05-16T01:29:34","slug":"cbf-atende-clubes-e-suspende-rodadas-do-brasileirao-por-causa-das-chuvas-no-rs","status":"publish","type":"post","link":"https:\/\/noticiasribeiraopreto.com.br\/index.php\/2024\/05\/15\/cbf-atende-clubes-e-suspende-rodadas-do-brasileirao-por-causa-das-chuvas-no-rs\/","title":{"rendered":"CBF atende clubes e suspende rodadas do Brasileir\u00e3o por causa das chuvas no RS"},"content":{"rendered":"<div class='code-block code-block-1' style='margin: 8px 0 8px auto; text-align: right; display: block; clear: both;'>\n<p><a href=\"https:\/\/wa.link\/vpicfd\"><img data-recalc-dims=\"1\" class=\"wp-image-4922\" style=\"aspect-ratio: 2.0253164556962027; width: 561px; height: auto;\" src=\"https:\/\/i0.wp.com\/ismaelcolosi.com.br\/wp-content\/uploads\/2023\/11\/grupo-de-empregos-whatsapp-e-facebook-ismael-colosi-vagas.jpg?ssl=1\" alt=\"\" \/><\/a><\/p>\n<!-- \/wp:image -->\n<\/div>\n<p> <br \/>\n<\/p>\n<div data-td-block-uid=\"tdi_101\">\n<div class=\"tdb-block-inner td-fix-index\">\n<p>A <strong>CBF <\/strong>decidiu suspender as <strong>rodadas 7 e 8 do Brasileir\u00e3o<\/strong>, conforme anunciou nesta quarta-feira (15), ap\u00f3s consultar os 20 clubes do campeonato e receber de 15 deles o pedido de suspens\u00e3o em solidariedade ao <strong>Rio Grande do Sul<\/strong>, que atravessa um desastre ambiental causado por fortes chuvas que t\u00eam elevado o n\u00edvel do lago Gua\u00edba. <\/p>\n<p><mark style=\"background-color:#fcb900\" class=\"has-inline-color\">Com isso, a competi\u00e7\u00e3o nacional n\u00e3o deve ter partidas <strong>antes do dia 1\u00ba de junho<\/strong>, para quando est\u00e1 prevista a nona rodada.<\/mark><\/p>\n<h3 class=\"wp-block-heading\"><strong>Os clubes favor\u00e1veis ao adiamento das partidas foram:<\/strong><\/h3>\n<p>Tamb\u00e9m foi levada em considera\u00e7\u00e3o a solicita\u00e7\u00e3o feita anteriormente pela Federa\u00e7\u00e3o Ga\u00facha de Futebol (FGF), que encaminhou e endossou o pleito dos seus clubes filiados. At\u00e9 ent\u00e3o, apenas os jogos das equipes ga\u00fachas estavam suspensos. Corinthians, Palmeiras, S\u00e3o Paulo, Flamengo e Red Bull Bragantino s\u00e3o os times que n\u00e3o se manifestaram a favor da paralisa\u00e7\u00e3o.<\/p>\n<figure class=\"wp-block-pullquote\">\n<blockquote>\n<p>Nos \u00faltimos dias, o Brasil se viu radicalmente afetado por uma trag\u00e9dia ambiental sem precedentes na hist\u00f3ria, que impactou diretamente milh\u00f5es de pessoas no Estado do Rio Grande do Sul e, por conseguinte, o futebol praticado no Brasil. Nesse sentido, n\u00e3o se pode olvidar que o esporte e a sociedade caminham concomitantemente, n\u00e3o podendo se separar ainda mais em um momento t\u00e3o dif\u00edcil para a popula\u00e7\u00e3o brasileira<\/p>\n<p><cite>diz o comunicado da CBF<\/cite><\/p><\/blockquote>\n<\/figure>\n<p>A suspens\u00e3o anunciada nesta quarta-feira \u00e9 exclusivamente do Brasileir\u00e3o. A princ\u00edpio, a <strong>Copa do Brasil<\/strong>, tamb\u00e9m organizada pela <strong>CBF <\/strong>e que tem jogos na semana que vem, <strong>continua sendo disputada normalmente<\/strong>, com exce\u00e7\u00e3o das partidas envolvendo o quarteto ga\u00facho <strong>Gr\u00eamio<\/strong>,<strong> Internacional<\/strong>, <strong>Juventude <\/strong>e <strong>Ypiranga-RS<\/strong>.<\/p>\n<p><em>Por Bruno Accorsi<\/em><\/p>\n<hr class=\"wp-block-separator has-alpha-channel-opacity\"\/>\n<p>SAIBA MAIS<\/p>\n<p>Unesp tem concurso p\u00fablico no interior de SP com sal\u00e1rios de at\u00e9 R$ 10 mil<\/p>\n<h4 class=\"wp-block-heading\"><strong>FIQUE ON<\/strong><\/h4>\n<p>Fique ligado em tudo que acontece em Ribeir\u00e3o Preto e regi\u00e3o. Siga os perfis do<strong>\u00a0acidade on\u00a0<\/strong>no<a href=\"https:\/\/www.instagram.com\/acidadeonribeirao\" target=\"_blank\" rel=\"noreferrer noopener\">\u00a0Instagram<\/a>\u00a0e no\u00a0<a href=\"https:\/\/www.facebook.com\/acidadeonribeirao\/\" target=\"_blank\" rel=\"noreferrer noopener\">Facebook<\/a>.<\/p>\n<p>Receba not\u00edcias do<strong>\u00a0acidade on<\/strong>\u00a0no WhatsApp.\u00a0<a href=\"https:\/\/chat.whatsapp.com\/CdrZ6xrf7quD44Vw3WlPuZ\" target=\"_blank\" rel=\"noreferrer noopener\">Para entrar no grupo, basta clicar aqui.<\/a><\/p>\n<p>Fa\u00e7a uma den\u00fancia ou sugira uma reportagem sobre Ribeir\u00e3o Preto e regi\u00e3o pelo WhatsApp: 16 99117 7802.<\/p>\n<p>VEJA TAMB\u00c9M<\/p>\n<p>Posso declarar o Imposto de Renda no feriado?<\/p>\n<p><!-- AI CONTENT END 1 -->\n<\/div>\n<\/div>\n<p><script async src=\"\/\/www.instagram.com\/embed.js\"><\/script><br \/>\n<br \/><br \/>\n<br \/><a href=\"https:\/\/www.acidadeon.com\/ribeiraopreto\/esportes\/cbf-atende-clubes-e-suspende-rodadas-do-brasileirao-por-causa-das-chuvas-no-rs\/\">Source link <\/a><\/p>\n<!-- CONTENT END 1 -->\n","protected":false},"excerpt":{"rendered":"<p>A CBF decidiu suspender as rodadas 7 e 8 do Brasileir\u00e3o, conforme anunciou nesta quarta-feira (15), ap\u00f3s consultar os 20 clubes do campeonato e receber&#8230;<\/p>\n","protected":false},"author":1,"featured_media":50358,"comment_status":"open","ping_status":"open","sticky":false,"template":"","format":"standard","meta":{"advanced_seo_description":"","jetpack_seo_html_title":"","jetpack_seo_noindex":false,"jetpack_post_was_ever_published":false,"_jetpack_newsletter_access":"","_jetpack_dont_email_post_to_subs":false,"_jetpack_newsletter_tier_id":0,"_jetpack_memberships_contains_paywalled_content":false,"_jetpack_memberships_contains_paid_content":false,"footnotes":"","jetpack_publicize_message":"","jetpack_publicize_feature_enabled":true,"jetpack_social_post_already_shared":true,"jetpack_social_options":{"image_generator_settings":{"template":"highway","default_image_id":0,"font":"","enabled":false},"version":2}},"categories":[11],"tags":[],"class_list":["post-50357","post","type-post","status-publish","format-standard","has-post-thumbnail","hentry","category-noticias-de-ribeirao-preto-sp-e-regiao-ismael-colosi"],"jetpack_publicize_connections":[],"jetpack_featured_media_url":"https:\/\/i0.wp.com\/noticiasribeiraopreto.com.br\/wp-content\/uploads\/2024\/05\/futebol_esta_1024x576_16032021130129.jpg?fit=1024%2C576&ssl=1","jetpack-related-posts":[{"id":81745,"url":"https:\/\/noticiasribeiraopreto.com.br\/index.php\/2026\/01\/15\/definidas-datas-horarios-e-locais-das-rodadas-iniciais-do-brasileirao\/","url_meta":{"origin":50357,"position":0},"title":"Definidas datas, hor\u00e1rios e locais das rodadas iniciais do Brasileir\u00e3o","author":"noticiasribeiraopreto.com.br","date":"15 de January de 2026","format":false,"excerpt":"\r \r \r 15 de janeiro de 2026 14:3415 de janeiro de 2026 10:38 \r Compartilhar0 H\u00e1 exatos 15 dias para o in\u00edcio da S\u00e9rie A do Campeonato Brasileiro de futebol masculino, a CBF divulgou nesta ter\u00e7a-feira (13) a tabela detalhada das primeiras oito rodadas. A abertura da competi\u00e7\u00e3o ser\u00e1\u2026","rel":"","context":"In &quot;Not\u00edcias de Ribeir\u00e3o Preto-SP e Regi\u00e3o&quot;","block_context":{"text":"Not\u00edcias de Ribeir\u00e3o Preto-SP e Regi\u00e3o","link":"https:\/\/noticiasribeiraopreto.com.br\/index.php\/category\/noticias-de-ribeirao-preto-sp-e-regiao-ismael-colosi\/"},"img":{"alt_text":"","src":"https:\/\/i0.wp.com\/noticiasribeiraopreto.com.br\/wp-content\/uploads\/2026\/01\/brasileirao_trofeu_2026_cbf.webp.webp?fit=1170%2C700&ssl=1&resize=350%2C200","width":350,"height":200,"srcset":"https:\/\/i0.wp.com\/noticiasribeiraopreto.com.br\/wp-content\/uploads\/2026\/01\/brasileirao_trofeu_2026_cbf.webp.webp?fit=1170%2C700&ssl=1&resize=350%2C200 1x, https:\/\/i0.wp.com\/noticiasribeiraopreto.com.br\/wp-content\/uploads\/2026\/01\/brasileirao_trofeu_2026_cbf.webp.webp?fit=1170%2C700&ssl=1&resize=525%2C300 1.5x, https:\/\/i0.wp.com\/noticiasribeiraopreto.com.br\/wp-content\/uploads\/2026\/01\/brasileirao_trofeu_2026_cbf.webp.webp?fit=1170%2C700&ssl=1&resize=700%2C400 2x, https:\/\/i0.wp.com\/noticiasribeiraopreto.com.br\/wp-content\/uploads\/2026\/01\/brasileirao_trofeu_2026_cbf.webp.webp?fit=1170%2C700&ssl=1&resize=1050%2C600 3x"},"classes":[]},{"id":78054,"url":"https:\/\/noticiasribeiraopreto.com.br\/index.php\/2025\/10\/01\/cbf-revoluciona-calendario-do-futebol-brasileiro-para-2026\/","url_meta":{"origin":50357,"position":1},"title":"CBF revoluciona calend\u00e1rio do futebol brasileiro para 2026","author":"noticiasribeiraopreto.com.br","date":"1 de October de 2025","format":false,"excerpt":"Brasileir\u00e3o come\u00e7a em janeiro; entidade cria novas competi\u00e7\u00f5es regionais e altera torneios nacionais 1 de outubro de 2025 13:221 de outubro de 2025 13:244 Compartilhar1 A Confedera\u00e7\u00e3o Brasileira de Futebol (CBF) oficializou nesta quarta-feira (1\u00ba) o novo calend\u00e1rio do futebol brasileiro, que entrar\u00e1 em vigor para o pr\u00f3ximo quadri\u00eanio, entre\u2026","rel":"","context":"In &quot;Not\u00edcias de Ribeir\u00e3o Preto-SP e Regi\u00e3o&quot;","block_context":{"text":"Not\u00edcias de Ribeir\u00e3o Preto-SP e Regi\u00e3o","link":"https:\/\/noticiasribeiraopreto.com.br\/index.php\/category\/noticias-de-ribeirao-preto-sp-e-regiao-ismael-colosi\/"},"img":{"alt_text":"","src":"https:\/\/i0.wp.com\/noticiasribeiraopreto.com.br\/wp-content\/uploads\/2025\/10\/4-Novo-calendario-CBF-Rafael-Ribeiro_CBF.jpg?fit=799%2C515&ssl=1&resize=350%2C200","width":350,"height":200,"srcset":"https:\/\/i0.wp.com\/noticiasribeiraopreto.com.br\/wp-content\/uploads\/2025\/10\/4-Novo-calendario-CBF-Rafael-Ribeiro_CBF.jpg?fit=799%2C515&ssl=1&resize=350%2C200 1x, https:\/\/i0.wp.com\/noticiasribeiraopreto.com.br\/wp-content\/uploads\/2025\/10\/4-Novo-calendario-CBF-Rafael-Ribeiro_CBF.jpg?fit=799%2C515&ssl=1&resize=525%2C300 1.5x, https:\/\/i0.wp.com\/noticiasribeiraopreto.com.br\/wp-content\/uploads\/2025\/10\/4-Novo-calendario-CBF-Rafael-Ribeiro_CBF.jpg?fit=799%2C515&ssl=1&resize=700%2C400 2x"},"classes":[]},{"id":70058,"url":"https:\/\/noticiasribeiraopreto.com.br\/index.php\/2025\/05\/22\/botafogo-anuncia-boicote-da-eleicao-da-cbf-veja-o-motivo\/","url_meta":{"origin":50357,"position":2},"title":"Botafogo anuncia boicote da elei\u00e7\u00e3o da CBF; Veja o motivo","author":"noticiasribeiraopreto.com.br","date":"22 de May de 2025","format":false,"excerpt":"O Botafogo de Ribeir\u00e3o Preto \u00e9 um dos 20 clubes que v\u00e3o boicotar a elei\u00e7\u00e3o da CBF (Confedera\u00e7\u00e3o Brasileira de Futebol), que acontece no pr\u00f3ximo domingo (25). O Pantera apoiava a candidatura do presidente da FPF (Federa\u00e7\u00e3o Paulista de Futebol (FPF), Reinaldo Carneiro Bastos, que n\u00e3o conseguiu registrar uma chapa.\u2026","rel":"","context":"In &quot;Not\u00edcias de Ribeir\u00e3o Preto-SP e Regi\u00e3o&quot;","block_context":{"text":"Not\u00edcias de Ribeir\u00e3o Preto-SP e Regi\u00e3o","link":"https:\/\/noticiasribeiraopreto.com.br\/index.php\/category\/noticias-de-ribeirao-preto-sp-e-regiao-ismael-colosi\/"},"img":{"alt_text":"","src":"https:\/\/i0.wp.com\/noticiasribeiraopreto.com.br\/wp-content\/uploads\/2024\/12\/botafogo-arena_2024-12-15_17-13-24_jpg_2024-12-15_17-13-24.webp.webp?fit=1200%2C799&ssl=1&resize=350%2C200","width":350,"height":200,"srcset":"https:\/\/i0.wp.com\/noticiasribeiraopreto.com.br\/wp-content\/uploads\/2024\/12\/botafogo-arena_2024-12-15_17-13-24_jpg_2024-12-15_17-13-24.webp.webp?fit=1200%2C799&ssl=1&resize=350%2C200 1x, https:\/\/i0.wp.com\/noticiasribeiraopreto.com.br\/wp-content\/uploads\/2024\/12\/botafogo-arena_2024-12-15_17-13-24_jpg_2024-12-15_17-13-24.webp.webp?fit=1200%2C799&ssl=1&resize=525%2C300 1.5x, https:\/\/i0.wp.com\/noticiasribeiraopreto.com.br\/wp-content\/uploads\/2024\/12\/botafogo-arena_2024-12-15_17-13-24_jpg_2024-12-15_17-13-24.webp.webp?fit=1200%2C799&ssl=1&resize=700%2C400 2x, https:\/\/i0.wp.com\/noticiasribeiraopreto.com.br\/wp-content\/uploads\/2024\/12\/botafogo-arena_2024-12-15_17-13-24_jpg_2024-12-15_17-13-24.webp.webp?fit=1200%2C799&ssl=1&resize=1050%2C600 3x"},"classes":[]},{"id":79993,"url":"https:\/\/noticiasribeiraopreto.com.br\/index.php\/2025\/11\/12\/fpf-anuncia-novo-formato-do-paulistao-em-modelo-europeu-e-define-confrontos\/","url_meta":{"origin":50357,"position":3},"title":"FPF anuncia novo formato do Paulist\u00e3o em \u2018modelo europeu\u2019 e define confrontos","author":"noticiasribeiraopreto.com.br","date":"12 de November de 2025","format":false,"excerpt":"Equipes far\u00e3o oito jogos na primeira fase para definir classificados ao mata-mata e rebaixados 12 de novembro de 2025 11:1038 Compartilhar1A Federa\u00e7\u00e3o Paulista de Futebol (FPF) realizou, na noite de ter\u00e7a-feira (11), o lan\u00e7amento do Paulist\u00e3o 2026. O evento no Pacaembu detalhou o novo formato de disputa estadual, que adotou\u2026","rel":"","context":"In &quot;Not\u00edcias de Ribeir\u00e3o Preto-SP e Regi\u00e3o&quot;","block_context":{"text":"Not\u00edcias de Ribeir\u00e3o Preto-SP e Regi\u00e3o","link":"https:\/\/noticiasribeiraopreto.com.br\/index.php\/category\/noticias-de-ribeirao-preto-sp-e-regiao-ismael-colosi\/"},"img":{"alt_text":"","src":"https:\/\/i0.wp.com\/noticiasribeiraopreto.com.br\/wp-content\/uploads\/2025\/11\/1-Sorteio-Paulistao-2026-Jhony-Inacio_Ag.-Paulistao.jpg?fit=799%2C533&ssl=1&resize=350%2C200","width":350,"height":200,"srcset":"https:\/\/i0.wp.com\/noticiasribeiraopreto.com.br\/wp-content\/uploads\/2025\/11\/1-Sorteio-Paulistao-2026-Jhony-Inacio_Ag.-Paulistao.jpg?fit=799%2C533&ssl=1&resize=350%2C200 1x, https:\/\/i0.wp.com\/noticiasribeiraopreto.com.br\/wp-content\/uploads\/2025\/11\/1-Sorteio-Paulistao-2026-Jhony-Inacio_Ag.-Paulistao.jpg?fit=799%2C533&ssl=1&resize=525%2C300 1.5x, https:\/\/i0.wp.com\/noticiasribeiraopreto.com.br\/wp-content\/uploads\/2025\/11\/1-Sorteio-Paulistao-2026-Jhony-Inacio_Ag.-Paulistao.jpg?fit=799%2C533&ssl=1&resize=700%2C400 2x"},"classes":[]},{"id":70377,"url":"https:\/\/noticiasribeiraopreto.com.br\/index.php\/2025\/05\/25\/em-eleicao-marcada-por-boicote-de-clubes-cbf-elege-novo-presidente-saiba-quem-e\/","url_meta":{"origin":50357,"position":4},"title":"Em elei\u00e7\u00e3o marcada por boicote de clubes, CBF elege novo presidente; saiba quem \u00e9","author":"noticiasribeiraopreto.com.br","date":"25 de May de 2025","format":false,"excerpt":"Samir Xaud, dirigente de Roraima, foi eleito presidente da Confedera\u00e7\u00e3o Brasileira de Futebol (CBF) na manh\u00e3 deste domingo (25), em elei\u00e7\u00e3o realizada na sede da entidade, no Rio de Janeiro. A vota\u00e7\u00e3o foi marcada pelo boicote de parte dos clubes, que rejeitaram a participa\u00e7\u00e3o no pleito, incluindo a proposta de\u2026","rel":"","context":"In &quot;Not\u00edcias de Ribeir\u00e3o Preto-SP e Regi\u00e3o&quot;","block_context":{"text":"Not\u00edcias de Ribeir\u00e3o Preto-SP e Regi\u00e3o","link":"https:\/\/noticiasribeiraopreto.com.br\/index.php\/category\/noticias-de-ribeirao-preto-sp-e-regiao-ismael-colosi\/"},"img":{"alt_text":"","src":"https:\/\/i0.wp.com\/noticiasribeiraopreto.com.br\/wp-content\/uploads\/2025\/05\/Copia-de-Copia-de-Copia-de-TAMANHO-EXATO-PARA-FOTOS-NO-SISTEMA-NOVO-95_2025-05-25_18-28-55.webp.webp?fit=1200%2C675&ssl=1&resize=350%2C200","width":350,"height":200,"srcset":"https:\/\/i0.wp.com\/noticiasribeiraopreto.com.br\/wp-content\/uploads\/2025\/05\/Copia-de-Copia-de-Copia-de-TAMANHO-EXATO-PARA-FOTOS-NO-SISTEMA-NOVO-95_2025-05-25_18-28-55.webp.webp?fit=1200%2C675&ssl=1&resize=350%2C200 1x, https:\/\/i0.wp.com\/noticiasribeiraopreto.com.br\/wp-content\/uploads\/2025\/05\/Copia-de-Copia-de-Copia-de-TAMANHO-EXATO-PARA-FOTOS-NO-SISTEMA-NOVO-95_2025-05-25_18-28-55.webp.webp?fit=1200%2C675&ssl=1&resize=525%2C300 1.5x, https:\/\/i0.wp.com\/noticiasribeiraopreto.com.br\/wp-content\/uploads\/2025\/05\/Copia-de-Copia-de-Copia-de-TAMANHO-EXATO-PARA-FOTOS-NO-SISTEMA-NOVO-95_2025-05-25_18-28-55.webp.webp?fit=1200%2C675&ssl=1&resize=700%2C400 2x, https:\/\/i0.wp.com\/noticiasribeiraopreto.com.br\/wp-content\/uploads\/2025\/05\/Copia-de-Copia-de-Copia-de-TAMANHO-EXATO-PARA-FOTOS-NO-SISTEMA-NOVO-95_2025-05-25_18-28-55.webp.webp?fit=1200%2C675&ssl=1&resize=1050%2C600 3x"},"classes":[]},{"id":81150,"url":"https:\/\/noticiasribeiraopreto.com.br\/index.php\/2025\/12\/25\/corinthians-ultrapassa-palmeiras-e-sao-paulo-e-assume-2a-lugar-do-ranking-da-cbf\/","url_meta":{"origin":50357,"position":5},"title":"Corinthians ultrapassa Palmeiras e S\u00e3o Paulo e assume 2\u00aa lugar do ranking da CBF","author":"noticiasribeiraopreto.com.br","date":"25 de December de 2025","format":false,"excerpt":"\r \r \r 25 de dezembro de 2025 07:3024 de dezembro de 2025 11:02 \r Compartilhar0 A Confedera\u00e7\u00e3o Brasileira de Futebol (CBF) divulgou nesta quarta-feira a atualiza\u00e7\u00e3o do seu ranking nacional de clubes, que \u00e9 utilizado para defini\u00e7\u00e3o de potes nos sorteios referentes \u00e0 Copa do Brasil. O Flamengo sustentou\u2026","rel":"","context":"In &quot;Not\u00edcias de Ribeir\u00e3o Preto-SP e Regi\u00e3o&quot;","block_context":{"text":"Not\u00edcias de Ribeir\u00e3o Preto-SP e Regi\u00e3o","link":"https:\/\/noticiasribeiraopreto.com.br\/index.php\/category\/noticias-de-ribeirao-preto-sp-e-regiao-ismael-colosi\/"},"img":{"alt_text":"","src":"https:\/\/i0.wp.com\/noticiasribeiraopreto.com.br\/wp-content\/uploads\/2025\/12\/jogadores_do_corinthians_celebram_a_conquista_da_koec.jpg?fit=941%2C748&ssl=1&resize=350%2C200","width":350,"height":200,"srcset":"https:\/\/i0.wp.com\/noticiasribeiraopreto.com.br\/wp-content\/uploads\/2025\/12\/jogadores_do_corinthians_celebram_a_conquista_da_koec.jpg?fit=941%2C748&ssl=1&resize=350%2C200 1x, https:\/\/i0.wp.com\/noticiasribeiraopreto.com.br\/wp-content\/uploads\/2025\/12\/jogadores_do_corinthians_celebram_a_conquista_da_koec.jpg?fit=941%2C748&ssl=1&resize=525%2C300 1.5x, https:\/\/i0.wp.com\/noticiasribeiraopreto.com.br\/wp-content\/uploads\/2025\/12\/jogadores_do_corinthians_celebram_a_conquista_da_koec.jpg?fit=941%2C748&ssl=1&resize=700%2C400 2x"},"classes":[]}],"jetpack_sharing_enabled":true,"jetpack_shortlink":"https:\/\/wp.me\/peQAOb-d6d","_links":{"self":[{"href":"https:\/\/noticiasribeiraopreto.com.br\/index.php\/wp-json\/wp\/v2\/posts\/50357","targetHints":{"allow":["GET"]}}],"collection":[{"href":"https:\/\/noticiasribeiraopreto.com.br\/index.php\/wp-json\/wp\/v2\/posts"}],"about":[{"href":"https:\/\/noticiasribeiraopreto.com.br\/index.php\/wp-json\/wp\/v2\/types\/post"}],"author":[{"embeddable":true,"href":"https:\/\/noticiasribeiraopreto.com.br\/index.php\/wp-json\/wp\/v2\/users\/1"}],"replies":[{"embeddable":true,"href":"https:\/\/noticiasribeiraopreto.com.br\/index.php\/wp-json\/wp\/v2\/comments?post=50357"}],"version-history":[{"count":0,"href":"https:\/\/noticiasribeiraopreto.com.br\/index.php\/wp-json\/wp\/v2\/posts\/50357\/revisions"}],"wp:featuredmedia":[{"embeddable":true,"href":"https:\/\/noticiasribeiraopreto.com.br\/index.php\/wp-json\/wp\/v2\/media\/50358"}],"wp:attachment":[{"href":"https:\/\/noticiasribeiraopreto.com.br\/index.php\/wp-json\/wp\/v2\/media?parent=50357"}],"wp:term":[{"taxonomy":"category","embeddable":true,"href":"https:\/\/noticiasribeiraopreto.com.br\/index.php\/wp-json\/wp\/v2\/categories?post=50357"},{"taxonomy":"post_tag","embeddable":true,"href":"https:\/\/noticiasribeiraopreto.com.br\/index.php\/wp-json\/wp\/v2\/tags?post=50357"}],"curies":[{"name":"wp","href":"https:\/\/api.w.org\/{rel}","templated":true}]}}