{"id":50388,"date":"2024-05-16T07:20:59","date_gmt":"2024-05-16T10:20:59","guid":{"rendered":"https:\/\/noticiasribeiraopreto.com.br\/index.php\/2024\/05\/16\/campeonato-entre-escolas-deve-reunir-600-alunos-da-rede-municipal-de-ribeirao-preto\/"},"modified":"2024-05-16T07:20:59","modified_gmt":"2024-05-16T10:20:59","slug":"campeonato-entre-escolas-deve-reunir-600-alunos-da-rede-municipal-de-ribeirao-preto","status":"publish","type":"post","link":"https:\/\/noticiasribeiraopreto.com.br\/index.php\/2024\/05\/16\/campeonato-entre-escolas-deve-reunir-600-alunos-da-rede-municipal-de-ribeirao-preto\/","title":{"rendered":"Campeonato entre escolas deve reunir 600 alunos da rede municipal de Ribeir\u00e3o Preto"},"content":{"rendered":"<div class='code-block code-block-1' style='margin: 8px 0 8px auto; text-align: right; display: block; clear: both;'>\n<p><a href=\"https:\/\/wa.link\/vpicfd\"><img data-recalc-dims=\"1\" class=\"wp-image-4922\" style=\"aspect-ratio: 2.0253164556962027; width: 561px; height: auto;\" src=\"https:\/\/i0.wp.com\/ismaelcolosi.com.br\/wp-content\/uploads\/2023\/11\/grupo-de-empregos-whatsapp-e-facebook-ismael-colosi-vagas.jpg?ssl=1\" alt=\"\" \/><\/a><\/p>\n<!-- \/wp:image -->\n<\/div>\n<p> <br \/>\n<\/p>\n<div data-td-block-uid=\"tdi_101\">\n<div class=\"tdb-block-inner td-fix-index\">\n<p><strong>Alunos de Ribeir\u00e3o Preto participam do Cirem 2024 (Campeonato Interescolar da Rede Municipal de Ensino) a partir da pr\u00f3xima segunda-feira (20).<\/strong><\/p>\n<p>O <strong>tradicional evento<\/strong>, realizado h\u00e1 38 anos pela <a href=\"https:\/\/www.ribeiraopreto.sp.gov.br\/portal\/educacao\/\" target=\"_blank\" rel=\"noreferrer noopener\">Secretaria Municipal da Educa\u00e7\u00e3o<\/a>, <span style=\"background-color:#f7cc62\" class=\"td_text_highlight_marker\">deve reunir aproximadamente 600 alunos do ensino fundamental, com idades entre 6 e 15 anos<\/span>, nas modalidades de <strong>voleibol, futsal, handebol, basquetebol, badminton, xadrez, atletismo, dodgeball, mini v\u00f4lei, dama e t\u00eanis de mesa<\/strong>.<\/p>\n<p>Neste ano, tamb\u00e9m haver\u00e1 provas de <strong>paratletismo<\/strong>, com a participa\u00e7\u00e3o de alunos da <strong>Escola Egydio Predreschi<\/strong>.<\/p>\n<p>Na solenidade de <strong>abertura<\/strong>, na <strong>Cava do Bosque<\/strong>, haver\u00e1 <strong>apresenta\u00e7\u00e3o <\/strong>de <strong>dan\u00e7a esportiva <\/strong>realizada pelas unidades escolares.<\/p>\n<h2 class=\"wp-block-heading\"><strong>Como ser\u00e1 o campeonato?<\/strong><\/h2>\n<p>O <strong>Cirem 2024<\/strong> ser\u00e1 dividido em tr\u00eas categorias:<\/p>\n<ul>\n<li><strong>Sub 15 \u2013 De 20\/05 at\u00e9 18\/06<\/strong><\/li>\n<\/ul>\n<ul>\n<li><strong>Sub 11 \u2013 De 01\/10 at\u00e9 04\/10<\/strong><\/li>\n<\/ul>\n<ul>\n<li><strong>Sub 13 \u2013 De 08\/10 at\u00e9 31\/10<\/strong><\/li>\n<\/ul>\n<p>SAIBA MAIS<\/p>\n<p>CBF atende clubes e suspende rodadas do Brasileir\u00e3o por causa das chuvas no RS<\/p>\n<h4 class=\"wp-block-heading\"><strong>FIQUE ON<\/strong><\/h4>\n<p>Fique ligado em tudo que acontece em Ribeir\u00e3o Preto e regi\u00e3o. Siga os perfis do<strong>\u00a0acidade on\u00a0<\/strong>no<a href=\"https:\/\/www.instagram.com\/acidadeonribeirao\" target=\"_blank\" rel=\"noreferrer noopener\">\u00a0Instagram<\/a>\u00a0e no\u00a0<a href=\"https:\/\/www.facebook.com\/acidadeonribeirao\/\" target=\"_blank\" rel=\"noreferrer noopener\">Facebook<\/a>.<\/p>\n<p>Receba not\u00edcias do<strong>\u00a0acidade on<\/strong>\u00a0no WhatsApp.\u00a0<a href=\"https:\/\/chat.whatsapp.com\/CdrZ6xrf7quD44Vw3WlPuZ\" target=\"_blank\" rel=\"noreferrer noopener\">Para entrar no grupo, basta clicar aqui.<\/a><\/p>\n<p>Fa\u00e7a uma den\u00fancia ou sugira uma reportagem sobre Ribeir\u00e3o Preto e regi\u00e3o pelo WhatsApp: 16 99117 7802.<\/p>\n<p>VEJA TAMB\u00c9M<\/p>\n<p>Como e onde sacar o PIS\/Pasep 2024?<\/p>\n<p><!-- AI CONTENT END 3 -->\n<\/div>\n<\/div>\n<p><script async src=\"\/\/www.instagram.com\/embed.js\"><\/script><br \/>\n<br \/><br \/>\n<br \/><a href=\"https:\/\/www.acidadeon.com\/ribeiraopreto\/esportes\/campeonato-entre-escolas-deve-reunir-600-alunos-da-rede-municipal-de-ribeirao-preto\/\">Source link <\/a><\/p>\n<!-- CONTENT END 1 -->\n","protected":false},"excerpt":{"rendered":"<p>Alunos de Ribeir\u00e3o Preto participam do Cirem 2024 (Campeonato Interescolar da Rede Municipal de Ensino) a partir da pr\u00f3xima segunda-feira (20). O tradicional evento, realizado&#8230;<\/p>\n","protected":false},"author":1,"featured_media":50389,"comment_status":"open","ping_status":"open","sticky":false,"template":"","format":"standard","meta":{"advanced_seo_description":"","jetpack_seo_html_title":"","jetpack_seo_noindex":false,"jetpack_post_was_ever_published":false,"_jetpack_newsletter_access":"","_jetpack_dont_email_post_to_subs":false,"_jetpack_newsletter_tier_id":0,"_jetpack_memberships_contains_paywalled_content":false,"_jetpack_memberships_contains_paid_content":false,"footnotes":"","jetpack_publicize_message":"","jetpack_publicize_feature_enabled":true,"jetpack_social_post_already_shared":true,"jetpack_social_options":{"image_generator_settings":{"template":"highway","default_image_id":0,"font":"","enabled":false},"version":2}},"categories":[11],"tags":[],"class_list":["post-50388","post","type-post","status-publish","format-standard","has-post-thumbnail","hentry","category-noticias-de-ribeirao-preto-sp-e-regiao-ismael-colosi"],"jetpack_publicize_connections":[],"jetpack_featured_media_url":"https:\/\/i0.wp.com\/noticiasribeiraopreto.com.br\/wp-content\/uploads\/2024\/05\/abertura_cirem_4_2024-05-16_10-07-08_jpeg_2024-05-16_10-07-08.webp.webp?fit=1000%2C666&ssl=1","jetpack-related-posts":[{"id":74697,"url":"https:\/\/noticiasribeiraopreto.com.br\/index.php\/2025\/07\/27\/50-mil-alunos-voltam-as-aulas-nesta-segunda-na-rede-municipal-de-ribeirao-preto\/","url_meta":{"origin":50388,"position":0},"title":"50 mil alunos voltam \u00e0s aulas nesta segunda na rede municipal de Ribeir\u00e3o Preto","author":"noticiasribeiraopreto.com.br","date":"27 de July de 2025","format":false,"excerpt":"As aulas do segundo semestre letivo ser\u00e3o retornadas nesta segunda-feira (28), a partir das 7h, em 146 escolas da rede municipal de ensino de Ribeir\u00e3o Preto. Aproximadamente 50 mil alunos da Educa\u00e7\u00e3o Infantil, Ensino Fundamental e Educa\u00e7\u00e3o de Jovens e Adultos (EJA) devem voltar \u00e0s atividades ap\u00f3s o per\u00edodo de\u2026","rel":"","context":"In &quot;Not\u00edcias de Ribeir\u00e3o Preto-SP e Regi\u00e3o&quot;","block_context":{"text":"Not\u00edcias de Ribeir\u00e3o Preto-SP e Regi\u00e3o","link":"https:\/\/noticiasribeiraopreto.com.br\/index.php\/category\/noticias-de-ribeirao-preto-sp-e-regiao-ismael-colosi\/"},"img":{"alt_text":"","src":"https:\/\/i0.wp.com\/noticiasribeiraopreto.com.br\/wp-content\/uploads\/2025\/07\/a.ok_.educacao_volta_as_aulas_2025_-_foto_guilherme_sircili_18_2025-07-27_20-59-52.webp.webp?fit=1200%2C799&ssl=1&resize=350%2C200","width":350,"height":200,"srcset":"https:\/\/i0.wp.com\/noticiasribeiraopreto.com.br\/wp-content\/uploads\/2025\/07\/a.ok_.educacao_volta_as_aulas_2025_-_foto_guilherme_sircili_18_2025-07-27_20-59-52.webp.webp?fit=1200%2C799&ssl=1&resize=350%2C200 1x, https:\/\/i0.wp.com\/noticiasribeiraopreto.com.br\/wp-content\/uploads\/2025\/07\/a.ok_.educacao_volta_as_aulas_2025_-_foto_guilherme_sircili_18_2025-07-27_20-59-52.webp.webp?fit=1200%2C799&ssl=1&resize=525%2C300 1.5x, https:\/\/i0.wp.com\/noticiasribeiraopreto.com.br\/wp-content\/uploads\/2025\/07\/a.ok_.educacao_volta_as_aulas_2025_-_foto_guilherme_sircili_18_2025-07-27_20-59-52.webp.webp?fit=1200%2C799&ssl=1&resize=700%2C400 2x, https:\/\/i0.wp.com\/noticiasribeiraopreto.com.br\/wp-content\/uploads\/2025\/07\/a.ok_.educacao_volta_as_aulas_2025_-_foto_guilherme_sircili_18_2025-07-27_20-59-52.webp.webp?fit=1200%2C799&ssl=1&resize=1050%2C600 3x"},"classes":[]},{"id":5412,"url":"https:\/\/noticiasribeiraopreto.com.br\/index.php\/2023\/11\/23\/camara-aprova-botao-de-alerta-para-escolas-da-rede-municipal\/","url_meta":{"origin":50388,"position":1},"title":"C\u00e2mara aprova \u201cBot\u00e3o de Alerta\u201d para escolas da rede municipal","author":"noticiasribeiraopreto.com.br","date":"23 de November de 2023","format":false,"excerpt":"7 Ataques a escolas t\u00eam crescido em todo o Pa\u00eds nos \u00faltimos anos. Entre janeiro e outubro deste ano foram nove ataques em institui\u00e7\u00f5es de ensino, com nove mortes registradas \u2013 ano de maior incid\u00eancia esse tipo de crime no Brasil -. Com o intuito de criar um ambiente mais\u2026","rel":"","context":"In &quot;Not\u00edcias de Ribeir\u00e3o Preto-SP e Regi\u00e3o&quot;","block_context":{"text":"Not\u00edcias de Ribeir\u00e3o Preto-SP e Regi\u00e3o","link":"https:\/\/noticiasribeiraopreto.com.br\/index.php\/category\/noticias-de-ribeirao-preto-sp-e-regiao-ismael-colosi\/"},"img":{"alt_text":"","src":"https:\/\/i0.wp.com\/noticiasribeiraopreto.com.br\/wp-content\/uploads\/2023\/11\/398993662_724071823097410_3185260106992482884_n20231110110627.jpg?fit=1200%2C800&ssl=1&resize=350%2C200","width":350,"height":200,"srcset":"https:\/\/i0.wp.com\/noticiasribeiraopreto.com.br\/wp-content\/uploads\/2023\/11\/398993662_724071823097410_3185260106992482884_n20231110110627.jpg?fit=1200%2C800&ssl=1&resize=350%2C200 1x, https:\/\/i0.wp.com\/noticiasribeiraopreto.com.br\/wp-content\/uploads\/2023\/11\/398993662_724071823097410_3185260106992482884_n20231110110627.jpg?fit=1200%2C800&ssl=1&resize=525%2C300 1.5x, https:\/\/i0.wp.com\/noticiasribeiraopreto.com.br\/wp-content\/uploads\/2023\/11\/398993662_724071823097410_3185260106992482884_n20231110110627.jpg?fit=1200%2C800&ssl=1&resize=700%2C400 2x, https:\/\/i0.wp.com\/noticiasribeiraopreto.com.br\/wp-content\/uploads\/2023\/11\/398993662_724071823097410_3185260106992482884_n20231110110627.jpg?fit=1200%2C800&ssl=1&resize=1050%2C600 3x"},"classes":[]},{"id":6077,"url":"https:\/\/noticiasribeiraopreto.com.br\/index.php\/2023\/11\/24\/estado-abrira-ano-letivo-no-dia-15-de-fevereiro\/","url_meta":{"origin":50388,"position":2},"title":"Estado abrir\u00e1 ano letivo no dia 15 de fevereiro\u00a0","author":"noticiasribeiraopreto.com.br","date":"24 de November de 2023","format":false,"excerpt":"24 de novembro de 2023 | 18:0024 de novembro de 2023 | 10:20 0A Secretaria da Educa\u00e7\u00e3o do Estado de S\u00e3o Paulo (Seduc\u2013SP) j\u00e1 definiu o calend\u00e1rio letivo de 2024. No pr\u00f3ximo ano, as aulas na rede estadual ter\u00e3o in\u00edcio no dia 15 de fevereiro. O t\u00e9rmino est\u00e1 previsto para\u2026","rel":"","context":"In &quot;Not\u00edcias de Ribeir\u00e3o Preto-SP e Regi\u00e3o&quot;","block_context":{"text":"Not\u00edcias de Ribeir\u00e3o Preto-SP e Regi\u00e3o","link":"https:\/\/noticiasribeiraopreto.com.br\/index.php\/category\/noticias-de-ribeirao-preto-sp-e-regiao-ismael-colosi\/"},"img":{"alt_text":"","src":"https:\/\/i0.wp.com\/noticiasribeiraopreto.com.br\/wp-content\/uploads\/2023\/11\/escola.jpg?fit=700%2C450&ssl=1&resize=350%2C200","width":350,"height":200,"srcset":"https:\/\/i0.wp.com\/noticiasribeiraopreto.com.br\/wp-content\/uploads\/2023\/11\/escola.jpg?fit=700%2C450&ssl=1&resize=350%2C200 1x, https:\/\/i0.wp.com\/noticiasribeiraopreto.com.br\/wp-content\/uploads\/2023\/11\/escola.jpg?fit=700%2C450&ssl=1&resize=525%2C300 1.5x, https:\/\/i0.wp.com\/noticiasribeiraopreto.com.br\/wp-content\/uploads\/2023\/11\/escola.jpg?fit=700%2C450&ssl=1&resize=700%2C400 2x"},"classes":[]},{"id":37098,"url":"https:\/\/noticiasribeiraopreto.com.br\/index.php\/2024\/02\/14\/alunos-da-rede-estadual-voltam-as-aulas-nesta-quinta-feira-em-ribeirao-preto\/","url_meta":{"origin":50388,"position":3},"title":"Alunos da rede estadual voltam \u00e0s aulas nesta quinta-feira em Ribeir\u00e3o Preto","author":"noticiasribeiraopreto.com.br","date":"14 de February de 2024","format":false,"excerpt":"Os 45 mil alunos, das 75 escolas da rede estadual de ensino em Ribeir\u00e3o Preto devem voltar \u00e0s aulas nesta quinta-feira (15). Segundo a Secretaria da Educa\u00e7\u00e3o do Estado de S\u00e3o Paulo, entre as novidades para este ano letivo \u00e9 que os alunos dos anos finais do ensino fundamental e\u2026","rel":"","context":"In &quot;Not\u00edcias de Ribeir\u00e3o Preto-SP e Regi\u00e3o&quot;","block_context":{"text":"Not\u00edcias de Ribeir\u00e3o Preto-SP e Regi\u00e3o","link":"https:\/\/noticiasribeiraopreto.com.br\/index.php\/category\/noticias-de-ribeirao-preto-sp-e-regiao-ismael-colosi\/"},"img":{"alt_text":"","src":"https:\/\/i0.wp.com\/noticiasribeiraopreto.com.br\/wp-content\/uploads\/2024\/02\/10402423935_f08010593c_o-scaled.jpg?fit=1200%2C825&ssl=1&resize=350%2C200","width":350,"height":200,"srcset":"https:\/\/i0.wp.com\/noticiasribeiraopreto.com.br\/wp-content\/uploads\/2024\/02\/10402423935_f08010593c_o-scaled.jpg?fit=1200%2C825&ssl=1&resize=350%2C200 1x, https:\/\/i0.wp.com\/noticiasribeiraopreto.com.br\/wp-content\/uploads\/2024\/02\/10402423935_f08010593c_o-scaled.jpg?fit=1200%2C825&ssl=1&resize=525%2C300 1.5x, https:\/\/i0.wp.com\/noticiasribeiraopreto.com.br\/wp-content\/uploads\/2024\/02\/10402423935_f08010593c_o-scaled.jpg?fit=1200%2C825&ssl=1&resize=700%2C400 2x, https:\/\/i0.wp.com\/noticiasribeiraopreto.com.br\/wp-content\/uploads\/2024\/02\/10402423935_f08010593c_o-scaled.jpg?fit=1200%2C825&ssl=1&resize=1050%2C600 3x"},"classes":[]},{"id":63761,"url":"https:\/\/noticiasribeiraopreto.com.br\/index.php\/2025\/02\/20\/ribeirao-preto-tem-mais-de-60-alunos-premiados-na-olimpiada-de-matematica\/","url_meta":{"origin":50388,"position":4},"title":"Ribeir\u00e3o Preto tem mais de 60 alunos premiados na Olimp\u00edada de Matem\u00e1tica","author":"noticiasribeiraopreto.com.br","date":"20 de February de 2025","format":false,"excerpt":"Mais de 60 alunos da rede municipal de Ribeir\u00e3o Preto foram premiados na 19\u00aa edi\u00e7\u00e3o da OBMEP (Olimp\u00edada Brasileira de Matem\u00e1tica das Escolas P\u00fablicas). Al\u00e9m disso, duas professoras receberam reconhecimento pelo desempenho de seus alunos. A cerim\u00f4nia de premia\u00e7\u00e3o ser\u00e1 realizada ao longo de 2025. Entre os premiados est\u00e1 o\u2026","rel":"","context":"In &quot;Not\u00edcias de Ribeir\u00e3o Preto-SP e Regi\u00e3o&quot;","block_context":{"text":"Not\u00edcias de Ribeir\u00e3o Preto-SP e Regi\u00e3o","link":"https:\/\/noticiasribeiraopreto.com.br\/index.php\/category\/noticias-de-ribeirao-preto-sp-e-regiao-ismael-colosi\/"},"img":{"alt_text":"","src":"https:\/\/i0.wp.com\/noticiasribeiraopreto.com.br\/wp-content\/uploads\/2025\/02\/olimpiada-matematica_2025-02-20_20-44-25_jpg_2025-02-20_20-44-25.webp.webp?fit=1200%2C628&ssl=1&resize=350%2C200","width":350,"height":200,"srcset":"https:\/\/i0.wp.com\/noticiasribeiraopreto.com.br\/wp-content\/uploads\/2025\/02\/olimpiada-matematica_2025-02-20_20-44-25_jpg_2025-02-20_20-44-25.webp.webp?fit=1200%2C628&ssl=1&resize=350%2C200 1x, https:\/\/i0.wp.com\/noticiasribeiraopreto.com.br\/wp-content\/uploads\/2025\/02\/olimpiada-matematica_2025-02-20_20-44-25_jpg_2025-02-20_20-44-25.webp.webp?fit=1200%2C628&ssl=1&resize=525%2C300 1.5x, https:\/\/i0.wp.com\/noticiasribeiraopreto.com.br\/wp-content\/uploads\/2025\/02\/olimpiada-matematica_2025-02-20_20-44-25_jpg_2025-02-20_20-44-25.webp.webp?fit=1200%2C628&ssl=1&resize=700%2C400 2x, https:\/\/i0.wp.com\/noticiasribeiraopreto.com.br\/wp-content\/uploads\/2025\/02\/olimpiada-matematica_2025-02-20_20-44-25_jpg_2025-02-20_20-44-25.webp.webp?fit=1200%2C628&ssl=1&resize=1050%2C600 3x"},"classes":[]},{"id":39343,"url":"https:\/\/noticiasribeiraopreto.com.br\/index.php\/2024\/02\/25\/ribeirao-preto-e-destaque-na-alfabetizacao\/","url_meta":{"origin":50388,"position":5},"title":"Ribeir\u00e3o Preto \u00e9 destaque na alfabetiza\u00e7\u00e3o\u00a0","author":"noticiasribeiraopreto.com.br","date":"25 de February de 2024","format":false,"excerpt":"25 de fevereiro de 2024 | 10:0024 de fevereiro de 2024 | 12:09 0O munic\u00edpio de Ribeir\u00e3o Preto recebeu o pr\u00eamio Munic\u00edpio Destaque na Alfabetiza\u00e7\u00e3o, realizado pela Secretaria Estadual da Educa\u00e7\u00e3o, em raz\u00e3o do crescimento no quesito flu\u00eancia leitora referente ao ano passado.\u00a0\u00a0A avalia\u00e7\u00e3o de flu\u00eancia consiste na aferi\u00e7\u00e3o da\u2026","rel":"","context":"In &quot;Not\u00edcias de Ribeir\u00e3o Preto-SP e Regi\u00e3o&quot;","block_context":{"text":"Not\u00edcias de Ribeir\u00e3o Preto-SP e Regi\u00e3o","link":"https:\/\/noticiasribeiraopreto.com.br\/index.php\/category\/noticias-de-ribeirao-preto-sp-e-regiao-ismael-colosi\/"},"img":{"alt_text":"","src":"https:\/\/i0.wp.com\/noticiasribeiraopreto.com.br\/wp-content\/uploads\/2024\/02\/2-educacao-foto-escolas1-creditofernandogonzaga-scaled.jpg?fit=967%2C645&ssl=1&resize=350%2C200","width":350,"height":200,"srcset":"https:\/\/i0.wp.com\/noticiasribeiraopreto.com.br\/wp-content\/uploads\/2024\/02\/2-educacao-foto-escolas1-creditofernandogonzaga-scaled.jpg?fit=967%2C645&ssl=1&resize=350%2C200 1x, https:\/\/i0.wp.com\/noticiasribeiraopreto.com.br\/wp-content\/uploads\/2024\/02\/2-educacao-foto-escolas1-creditofernandogonzaga-scaled.jpg?fit=967%2C645&ssl=1&resize=525%2C300 1.5x, https:\/\/i0.wp.com\/noticiasribeiraopreto.com.br\/wp-content\/uploads\/2024\/02\/2-educacao-foto-escolas1-creditofernandogonzaga-scaled.jpg?fit=967%2C645&ssl=1&resize=700%2C400 2x"},"classes":[]}],"jetpack_sharing_enabled":true,"jetpack_shortlink":"https:\/\/wp.me\/peQAOb-d6I","_links":{"self":[{"href":"https:\/\/noticiasribeiraopreto.com.br\/index.php\/wp-json\/wp\/v2\/posts\/50388","targetHints":{"allow":["GET"]}}],"collection":[{"href":"https:\/\/noticiasribeiraopreto.com.br\/index.php\/wp-json\/wp\/v2\/posts"}],"about":[{"href":"https:\/\/noticiasribeiraopreto.com.br\/index.php\/wp-json\/wp\/v2\/types\/post"}],"author":[{"embeddable":true,"href":"https:\/\/noticiasribeiraopreto.com.br\/index.php\/wp-json\/wp\/v2\/users\/1"}],"replies":[{"embeddable":true,"href":"https:\/\/noticiasribeiraopreto.com.br\/index.php\/wp-json\/wp\/v2\/comments?post=50388"}],"version-history":[{"count":0,"href":"https:\/\/noticiasribeiraopreto.com.br\/index.php\/wp-json\/wp\/v2\/posts\/50388\/revisions"}],"wp:featuredmedia":[{"embeddable":true,"href":"https:\/\/noticiasribeiraopreto.com.br\/index.php\/wp-json\/wp\/v2\/media\/50389"}],"wp:attachment":[{"href":"https:\/\/noticiasribeiraopreto.com.br\/index.php\/wp-json\/wp\/v2\/media?parent=50388"}],"wp:term":[{"taxonomy":"category","embeddable":true,"href":"https:\/\/noticiasribeiraopreto.com.br\/index.php\/wp-json\/wp\/v2\/categories?post=50388"},{"taxonomy":"post_tag","embeddable":true,"href":"https:\/\/noticiasribeiraopreto.com.br\/index.php\/wp-json\/wp\/v2\/tags?post=50388"}],"curies":[{"name":"wp","href":"https:\/\/api.w.org\/{rel}","templated":true}]}}