{"id":50392,"date":"2024-05-16T08:38:38","date_gmt":"2024-05-16T11:38:38","guid":{"rendered":"https:\/\/noticiasribeiraopreto.com.br\/index.php\/2024\/05\/16\/identificado-motorista-de-24-anos-morto-apos-batida-em-rodovia-de-ribeirao-preto\/"},"modified":"2024-05-16T08:38:38","modified_gmt":"2024-05-16T11:38:38","slug":"identificado-motorista-de-24-anos-morto-apos-batida-em-rodovia-de-ribeirao-preto","status":"publish","type":"post","link":"https:\/\/noticiasribeiraopreto.com.br\/index.php\/2024\/05\/16\/identificado-motorista-de-24-anos-morto-apos-batida-em-rodovia-de-ribeirao-preto\/","title":{"rendered":"Identificado motorista de 24 anos morto ap\u00f3s batida em rodovia de Ribeir\u00e3o Preto"},"content":{"rendered":"<div class='code-block code-block-1' style='margin: 8px 0 8px auto; text-align: right; display: block; clear: both;'>\n<p><a href=\"https:\/\/wa.link\/vpicfd\"><img data-recalc-dims=\"1\" class=\"wp-image-4922\" style=\"aspect-ratio: 2.0253164556962027; width: 561px; height: auto;\" src=\"https:\/\/i0.wp.com\/ismaelcolosi.com.br\/wp-content\/uploads\/2023\/11\/grupo-de-empregos-whatsapp-e-facebook-ismael-colosi-vagas.jpg?ssl=1\" alt=\"\" \/><\/a><\/p>\n<!-- \/wp:image -->\n<\/div>\n<p> <br \/>\n<\/p>\n<div data-td-block-uid=\"tdi_101\">\n<div class=\"tdb-block-inner td-fix-index\">\n<p><strong>A Pol\u00edcia Civil identificou o motorista de um carro que morreu nesta quarta-feira (15), ap\u00f3s se envolver em uma batida com um caminh\u00e3o, no km 2 da rodovia M\u00e1rio Doneg\u00e1 (SP-291), em Ribeir\u00e3o Preto.<\/strong><\/p>\n<p>Segundo o <strong>boletim de ocorr\u00eancia (BO)<\/strong>, <span style=\"background-color:#f7cc62\" class=\"td_text_highlight_marker\">a v\u00edtima Guilherme Roberto Gonzaga Moreschi, de 24 anos, n\u00e3o resistiu e faleceu ainda no local da colis\u00e3o.<\/span> O <strong>condutor <\/strong>de um <strong>caminh\u00e3o <\/strong>tamb\u00e9m envolvido foi <strong>socorrido <\/strong>com ferimentos leves e levado \u00e0 <strong>UPA da Treze de Maio<\/strong>. <\/p>\n<p>A <strong>batida <\/strong>ocorreu em trecho de <strong>pista simples<\/strong>. A <strong>Pol\u00edcia Cient\u00edfica periciou <\/strong>o local e as <strong>causas <\/strong>ainda dever\u00e3o ser <strong>apuradas<\/strong>.<\/p>\n<p>O <strong>BO <\/strong>foi registrado na <strong>CPJ (Central de Pol\u00edcia Judici\u00e1ria) Permanente <\/strong>como <strong>homic\u00eddio culposo (sem inten\u00e7\u00e3o) na dire\u00e7\u00e3o de ve\u00edculo automotor <\/strong>para <strong>investiga\u00e7\u00e3o <\/strong>da <strong>Pol\u00edcia Civil.<\/strong><\/p>\n<p>SAIBA MAIS<\/p>\n<p>Motorista morre ap\u00f3s colis\u00e3o entre carro e caminh\u00e3o em rodovia na regi\u00e3o de Ribeir\u00e3o<\/p>\n<h4 class=\"wp-block-heading\"><strong>FIQUE ON<\/strong><\/h4>\n<p>Fique ligado em tudo que acontece em Ribeir\u00e3o Preto e regi\u00e3o. Siga os perfis do<strong>\u00a0acidade on\u00a0<\/strong>no<a href=\"https:\/\/www.instagram.com\/acidadeonribeirao\" target=\"_blank\" rel=\"noreferrer noopener\">\u00a0Instagram<\/a>\u00a0e no\u00a0<a href=\"https:\/\/www.facebook.com\/acidadeonribeirao\/\" target=\"_blank\" rel=\"noreferrer noopener\">Facebook<\/a>.<\/p>\n<p>Receba not\u00edcias do<strong>\u00a0acidade on<\/strong>\u00a0no WhatsApp.\u00a0<a href=\"https:\/\/chat.whatsapp.com\/CdrZ6xrf7quD44Vw3WlPuZ\" target=\"_blank\" rel=\"noreferrer noopener\">Para entrar no grupo, basta clicar aqui.<\/a><\/p>\n<p>Fa\u00e7a uma den\u00fancia ou sugira uma reportagem sobre Ribeir\u00e3o Preto e regi\u00e3o pelo WhatsApp: 16 99117 7802.<\/p>\n<p>VEJA TAMB\u00c9M<\/p>\n<p>Como e onde sacar o PIS\/Pasep 2024?<\/p>\n<p><!-- AI CONTENT END 1 -->\n<\/div>\n<\/div>\n<p><script async src=\"\/\/www.instagram.com\/embed.js\"><\/script><br \/>\n<br \/><br \/>\n<br \/><a href=\"https:\/\/www.acidadeon.com\/ribeiraopreto\/cotidiano\/identificado-motorista-de-24-anos-morto-apos-batida-em-rodovia-de-ribeirao-preto\/\">Source link <\/a><\/p>\n<!-- CONTENT END 1 -->\n","protected":false},"excerpt":{"rendered":"<p>A Pol\u00edcia Civil identificou o motorista de um carro que morreu nesta quarta-feira (15), ap\u00f3s se envolver em uma batida com um caminh\u00e3o, no km&#8230;<\/p>\n","protected":false},"author":1,"featured_media":50393,"comment_status":"open","ping_status":"open","sticky":false,"template":"","format":"standard","meta":{"advanced_seo_description":"","jetpack_seo_html_title":"","jetpack_seo_noindex":false,"jetpack_post_was_ever_published":false,"_jetpack_newsletter_access":"","_jetpack_dont_email_post_to_subs":false,"_jetpack_newsletter_tier_id":0,"_jetpack_memberships_contains_paywalled_content":false,"_jetpack_memberships_contains_paid_content":false,"footnotes":"","jetpack_publicize_message":"","jetpack_publicize_feature_enabled":true,"jetpack_social_post_already_shared":true,"jetpack_social_options":{"image_generator_settings":{"template":"highway","default_image_id":0,"font":"","enabled":false},"version":2}},"categories":[11],"tags":[],"class_list":["post-50392","post","type-post","status-publish","format-standard","has-post-thumbnail","hentry","category-noticias-de-ribeirao-preto-sp-e-regiao-ismael-colosi"],"jetpack_publicize_connections":[],"jetpack_featured_media_url":"https:\/\/i0.wp.com\/noticiasribeiraopreto.com.br\/wp-content\/uploads\/2024\/05\/ACIDENTE_2024-05-16_11-13-46_jpg_2024-05-16_11-13-47.webp.webp?fit=2000%2C1527&ssl=1","jetpack-related-posts":[{"id":60453,"url":"https:\/\/noticiasribeiraopreto.com.br\/index.php\/2024\/11\/14\/identificado-motorista-morto-apos-batida-traseira-em-rodovia-na-regiao-de-ribeirao\/","url_meta":{"origin":50392,"position":0},"title":"Identificado motorista morto ap\u00f3s batida traseira em rodovia na regi\u00e3o de Ribeir\u00e3o","author":"noticiasribeiraopreto.com.br","date":"14 de November de 2024","format":false,"excerpt":"A Pol\u00edcia Civil identificou o motorista de uma caminhonete que morreu nesta quinta-feira (14), ap\u00f3s se envolver em uma batida com um caminh\u00e3o carregado de pedras, na rodovia Jos\u00e9 Fregonezi (SP-328), em Cravinhos, na regi\u00e3o de Ribeir\u00e3o Preto.\u00a0 Segundo o boletim de ocorr\u00eancia (BO), Adriano Conte seguia com o ve\u00edculo\u2026","rel":"","context":"In &quot;Not\u00edcias de Ribeir\u00e3o Preto-SP e Regi\u00e3o&quot;","block_context":{"text":"Not\u00edcias de Ribeir\u00e3o Preto-SP e Regi\u00e3o","link":"https:\/\/noticiasribeiraopreto.com.br\/index.php\/category\/noticias-de-ribeirao-preto-sp-e-regiao-ismael-colosi\/"},"img":{"alt_text":"","src":"https:\/\/i0.wp.com\/noticiasribeiraopreto.com.br\/wp-content\/uploads\/2024\/11\/ACIDENTE_2024-11-14_15-07-32_jpg_2024-11-14_15-07-33.webp.webp?fit=1200%2C780&ssl=1&resize=350%2C200","width":350,"height":200,"srcset":"https:\/\/i0.wp.com\/noticiasribeiraopreto.com.br\/wp-content\/uploads\/2024\/11\/ACIDENTE_2024-11-14_15-07-32_jpg_2024-11-14_15-07-33.webp.webp?fit=1200%2C780&ssl=1&resize=350%2C200 1x, https:\/\/i0.wp.com\/noticiasribeiraopreto.com.br\/wp-content\/uploads\/2024\/11\/ACIDENTE_2024-11-14_15-07-32_jpg_2024-11-14_15-07-33.webp.webp?fit=1200%2C780&ssl=1&resize=525%2C300 1.5x, https:\/\/i0.wp.com\/noticiasribeiraopreto.com.br\/wp-content\/uploads\/2024\/11\/ACIDENTE_2024-11-14_15-07-32_jpg_2024-11-14_15-07-33.webp.webp?fit=1200%2C780&ssl=1&resize=700%2C400 2x, https:\/\/i0.wp.com\/noticiasribeiraopreto.com.br\/wp-content\/uploads\/2024\/11\/ACIDENTE_2024-11-14_15-07-32_jpg_2024-11-14_15-07-33.webp.webp?fit=1200%2C780&ssl=1&resize=1050%2C600 3x"},"classes":[]},{"id":58025,"url":"https:\/\/noticiasribeiraopreto.com.br\/index.php\/2024\/09\/17\/motorista-e-resgatado-apos-batida-em-rodovia-na-regiao-de-ribeirao-video\/","url_meta":{"origin":50392,"position":1},"title":"Motorista \u00e9 resgatado ap\u00f3s batida em rodovia na regi\u00e3o de Ribeir\u00e3o; V\u00eddeo","author":"noticiasribeiraopreto.com.br","date":"17 de September de 2024","format":false,"excerpt":"O motorista de um furg\u00e3o foi resgatado pelo Corpo de Bombeiros na noite desta segunda-feira (16), ap\u00f3s se envolver em uma batida com um caminh\u00e3o, na rodovia F\u00e1bio Talarico (SP-354), em S\u00e3o Jos\u00e9 da Bela Vista, cidade a aproximadamente 80 quil\u00f4metros de Ribeir\u00e3o Preto. Assista ao v\u00eddeo abaixo. Segundo o\u2026","rel":"","context":"In &quot;Not\u00edcias de Ribeir\u00e3o Preto-SP e Regi\u00e3o&quot;","block_context":{"text":"Not\u00edcias de Ribeir\u00e3o Preto-SP e Regi\u00e3o","link":"https:\/\/noticiasribeiraopreto.com.br\/index.php\/category\/noticias-de-ribeirao-preto-sp-e-regiao-ismael-colosi\/"},"img":{"alt_text":"","src":"https:\/\/i0.wp.com\/noticiasribeiraopreto.com.br\/wp-content\/uploads\/2024\/09\/ACIDENTE_2024-09-17_13-08-28_jpg_2024-09-17_13-08-29.webp.webp?fit=1200%2C814&ssl=1&resize=350%2C200","width":350,"height":200,"srcset":"https:\/\/i0.wp.com\/noticiasribeiraopreto.com.br\/wp-content\/uploads\/2024\/09\/ACIDENTE_2024-09-17_13-08-28_jpg_2024-09-17_13-08-29.webp.webp?fit=1200%2C814&ssl=1&resize=350%2C200 1x, https:\/\/i0.wp.com\/noticiasribeiraopreto.com.br\/wp-content\/uploads\/2024\/09\/ACIDENTE_2024-09-17_13-08-28_jpg_2024-09-17_13-08-29.webp.webp?fit=1200%2C814&ssl=1&resize=525%2C300 1.5x, https:\/\/i0.wp.com\/noticiasribeiraopreto.com.br\/wp-content\/uploads\/2024\/09\/ACIDENTE_2024-09-17_13-08-28_jpg_2024-09-17_13-08-29.webp.webp?fit=1200%2C814&ssl=1&resize=700%2C400 2x, https:\/\/i0.wp.com\/noticiasribeiraopreto.com.br\/wp-content\/uploads\/2024\/09\/ACIDENTE_2024-09-17_13-08-28_jpg_2024-09-17_13-08-29.webp.webp?fit=1200%2C814&ssl=1&resize=1050%2C600 3x"},"classes":[]},{"id":54458,"url":"https:\/\/noticiasribeiraopreto.com.br\/index.php\/2024\/07\/11\/idoso-morre-apos-batida-entre-carro-e-caminhao-em-vicinal-na-regiao-de-ribeirao-preto\/","url_meta":{"origin":50392,"position":2},"title":"Idoso morre ap\u00f3s batida entre carro e caminh\u00e3o em vicinal na regi\u00e3o de Ribeir\u00e3o Preto","author":"noticiasribeiraopreto.com.br","date":"11 de July de 2024","format":false,"excerpt":"O motorista de um carro morreu na noite desta quarta-feira (10), depois da batida do ve\u00edculo com um caminh\u00e3o na estrada vicinal Cel. Francisco Orlando, em Morro Agudo, a aproximadamente 70 quil\u00f4metros de\u00a0Ribeir\u00e3o Preto. Segundo o boletim de ocorr\u00eancia (BO), Carlos Henrique de Castro, de 68 anos, chegou\u00a0 a ser\u2026","rel":"","context":"In &quot;Not\u00edcias de Ribeir\u00e3o Preto-SP e Regi\u00e3o&quot;","block_context":{"text":"Not\u00edcias de Ribeir\u00e3o Preto-SP e Regi\u00e3o","link":"https:\/\/noticiasribeiraopreto.com.br\/index.php\/category\/noticias-de-ribeirao-preto-sp-e-regiao-ismael-colosi\/"},"img":{"alt_text":"","src":"https:\/\/i0.wp.com\/noticiasribeiraopreto.com.br\/wp-content\/uploads\/2024\/07\/WhatsApp-Image-2024-07-11-at-08.40.14_2024-07-11_11-41-37_jpeg_2024-07-11_11-41-37.webp.webp?fit=1200%2C1100&ssl=1&resize=350%2C200","width":350,"height":200,"srcset":"https:\/\/i0.wp.com\/noticiasribeiraopreto.com.br\/wp-content\/uploads\/2024\/07\/WhatsApp-Image-2024-07-11-at-08.40.14_2024-07-11_11-41-37_jpeg_2024-07-11_11-41-37.webp.webp?fit=1200%2C1100&ssl=1&resize=350%2C200 1x, https:\/\/i0.wp.com\/noticiasribeiraopreto.com.br\/wp-content\/uploads\/2024\/07\/WhatsApp-Image-2024-07-11-at-08.40.14_2024-07-11_11-41-37_jpeg_2024-07-11_11-41-37.webp.webp?fit=1200%2C1100&ssl=1&resize=525%2C300 1.5x, https:\/\/i0.wp.com\/noticiasribeiraopreto.com.br\/wp-content\/uploads\/2024\/07\/WhatsApp-Image-2024-07-11-at-08.40.14_2024-07-11_11-41-37_jpeg_2024-07-11_11-41-37.webp.webp?fit=1200%2C1100&ssl=1&resize=700%2C400 2x, https:\/\/i0.wp.com\/noticiasribeiraopreto.com.br\/wp-content\/uploads\/2024\/07\/WhatsApp-Image-2024-07-11-at-08.40.14_2024-07-11_11-41-37_jpeg_2024-07-11_11-41-37.webp.webp?fit=1200%2C1100&ssl=1&resize=1050%2C600 3x"},"classes":[]},{"id":57560,"url":"https:\/\/noticiasribeiraopreto.com.br\/index.php\/2024\/09\/04\/motociclista-morre-apos-batida-com-caminhao-em-ribeirao-preto\/","url_meta":{"origin":50392,"position":3},"title":"Motociclista morre ap\u00f3s batida com caminh\u00e3o em Ribeir\u00e3o Preto","author":"noticiasribeiraopreto.com.br","date":"4 de September de 2024","format":false,"excerpt":"Um motociclista de 45 anos morreu nesta ter\u00e7a-feira (3), depois de se envolver em uma batida com um caminh\u00e3o no Jardim Independ\u00eancia, zona Norte de Ribeir\u00e3o Preto. Segundo o boletim de ocorr\u00eancia (BO), a v\u00edtima, identificada como Jeova Cardoso dos Anjos, n\u00e3o resistiu e faleceu no local da colis\u00e3o. Ainda\u2026","rel":"","context":"In &quot;Not\u00edcias de Ribeir\u00e3o Preto-SP e Regi\u00e3o&quot;","block_context":{"text":"Not\u00edcias de Ribeir\u00e3o Preto-SP e Regi\u00e3o","link":"https:\/\/noticiasribeiraopreto.com.br\/index.php\/category\/noticias-de-ribeirao-preto-sp-e-regiao-ismael-colosi\/"},"img":{"alt_text":"","src":"https:\/\/i0.wp.com\/noticiasribeiraopreto.com.br\/wp-content\/uploads\/2024\/09\/policia_2.jpg?fit=1200%2C900&ssl=1&resize=350%2C200","width":350,"height":200,"srcset":"https:\/\/i0.wp.com\/noticiasribeiraopreto.com.br\/wp-content\/uploads\/2024\/09\/policia_2.jpg?fit=1200%2C900&ssl=1&resize=350%2C200 1x, https:\/\/i0.wp.com\/noticiasribeiraopreto.com.br\/wp-content\/uploads\/2024\/09\/policia_2.jpg?fit=1200%2C900&ssl=1&resize=525%2C300 1.5x, https:\/\/i0.wp.com\/noticiasribeiraopreto.com.br\/wp-content\/uploads\/2024\/09\/policia_2.jpg?fit=1200%2C900&ssl=1&resize=700%2C400 2x, https:\/\/i0.wp.com\/noticiasribeiraopreto.com.br\/wp-content\/uploads\/2024\/09\/policia_2.jpg?fit=1200%2C900&ssl=1&resize=1050%2C600 3x"},"classes":[]},{"id":83961,"url":"https:\/\/noticiasribeiraopreto.com.br\/index.php\/2026\/03\/30\/motorista-de-van-e-socorrido-em-estado-grave-apos-batida-com-caminhao-na-anhanguera\/","url_meta":{"origin":50392,"position":4},"title":"Motorista de van \u00e9 socorrido em estado grave ap\u00f3s batida com caminh\u00e3o na Anhanguera","author":"noticiasribeiraopreto.com.br","date":"30 de March de 2026","format":false,"excerpt":"O motorista de uma van foi socorrido em estado grave nesta segunda-feira (30), depois de se envolver em uma batida com um caminh\u00e3o no km 275 da rodovia Anhanguera (SP-330), em S\u00e3o Sim\u00e3o, na regi\u00e3o de Ribeir\u00e3o Preto. Segundo as informa\u00e7\u00f5es, o van atingiu a traseira do caminh\u00e3o e depois\u2026","rel":"","context":"In &quot;Not\u00edcias de Ribeir\u00e3o Preto-SP e Regi\u00e3o&quot;","block_context":{"text":"Not\u00edcias de Ribeir\u00e3o Preto-SP e Regi\u00e3o","link":"https:\/\/noticiasribeiraopreto.com.br\/index.php\/category\/noticias-de-ribeirao-preto-sp-e-regiao-ismael-colosi\/"},"img":{"alt_text":"","src":"https:\/\/i0.wp.com\/noticiasribeiraopreto.com.br\/wp-content\/uploads\/2026\/03\/WhatsApp-Image-2026-03-30-at-08.04.28_2026-03-30_11-19-09.webp.webp?fit=1200%2C900&ssl=1&resize=350%2C200","width":350,"height":200,"srcset":"https:\/\/i0.wp.com\/noticiasribeiraopreto.com.br\/wp-content\/uploads\/2026\/03\/WhatsApp-Image-2026-03-30-at-08.04.28_2026-03-30_11-19-09.webp.webp?fit=1200%2C900&ssl=1&resize=350%2C200 1x, https:\/\/i0.wp.com\/noticiasribeiraopreto.com.br\/wp-content\/uploads\/2026\/03\/WhatsApp-Image-2026-03-30-at-08.04.28_2026-03-30_11-19-09.webp.webp?fit=1200%2C900&ssl=1&resize=525%2C300 1.5x, https:\/\/i0.wp.com\/noticiasribeiraopreto.com.br\/wp-content\/uploads\/2026\/03\/WhatsApp-Image-2026-03-30-at-08.04.28_2026-03-30_11-19-09.webp.webp?fit=1200%2C900&ssl=1&resize=700%2C400 2x, https:\/\/i0.wp.com\/noticiasribeiraopreto.com.br\/wp-content\/uploads\/2026\/03\/WhatsApp-Image-2026-03-30-at-08.04.28_2026-03-30_11-19-09.webp.webp?fit=1200%2C900&ssl=1&resize=1050%2C600 3x"},"classes":[]},{"id":59072,"url":"https:\/\/noticiasribeiraopreto.com.br\/index.php\/2024\/10\/14\/medico-e-socorrido-apos-batida-entre-carro-e-caminhao-na-regiao-de-ribeirao-preto\/","url_meta":{"origin":50392,"position":5},"title":"M\u00e9dico \u00e9 socorrido ap\u00f3s batida entre carro e caminh\u00e3o na regi\u00e3o de Ribeir\u00e3o Preto","author":"noticiasribeiraopreto.com.br","date":"14 de October de 2024","format":false,"excerpt":"Um m\u00e9dico ficou ferido na noite deste domingo (13), ap\u00f3s bater o carro na traseira de um caminh\u00e3o, na rodovia C\u00e2ndido Portinari (SP-334), em Franca, cidade a aproximadamente 80 quil\u00f4metros de Ribeir\u00e3o Preto. De acordo com o Corpo de Bombeiros, o acidente ocorreu pr\u00f3ximo ao Jardim Paineiras, quando o motorista\u2026","rel":"","context":"In &quot;Not\u00edcias de Ribeir\u00e3o Preto-SP e Regi\u00e3o&quot;","block_context":{"text":"Not\u00edcias de Ribeir\u00e3o Preto-SP e Regi\u00e3o","link":"https:\/\/noticiasribeiraopreto.com.br\/index.php\/category\/noticias-de-ribeirao-preto-sp-e-regiao-ismael-colosi\/"},"img":{"alt_text":"","src":"https:\/\/i0.wp.com\/noticiasribeiraopreto.com.br\/wp-content\/uploads\/2024\/10\/ACIDENTE-_2024-10-14_10-00-29_jpg_2024-10-14_10-00-29.webp.webp?fit=1200%2C866&ssl=1&resize=350%2C200","width":350,"height":200,"srcset":"https:\/\/i0.wp.com\/noticiasribeiraopreto.com.br\/wp-content\/uploads\/2024\/10\/ACIDENTE-_2024-10-14_10-00-29_jpg_2024-10-14_10-00-29.webp.webp?fit=1200%2C866&ssl=1&resize=350%2C200 1x, https:\/\/i0.wp.com\/noticiasribeiraopreto.com.br\/wp-content\/uploads\/2024\/10\/ACIDENTE-_2024-10-14_10-00-29_jpg_2024-10-14_10-00-29.webp.webp?fit=1200%2C866&ssl=1&resize=525%2C300 1.5x, https:\/\/i0.wp.com\/noticiasribeiraopreto.com.br\/wp-content\/uploads\/2024\/10\/ACIDENTE-_2024-10-14_10-00-29_jpg_2024-10-14_10-00-29.webp.webp?fit=1200%2C866&ssl=1&resize=700%2C400 2x, https:\/\/i0.wp.com\/noticiasribeiraopreto.com.br\/wp-content\/uploads\/2024\/10\/ACIDENTE-_2024-10-14_10-00-29_jpg_2024-10-14_10-00-29.webp.webp?fit=1200%2C866&ssl=1&resize=1050%2C600 3x"},"classes":[]}],"jetpack_sharing_enabled":true,"jetpack_shortlink":"https:\/\/wp.me\/peQAOb-d6M","_links":{"self":[{"href":"https:\/\/noticiasribeiraopreto.com.br\/index.php\/wp-json\/wp\/v2\/posts\/50392","targetHints":{"allow":["GET"]}}],"collection":[{"href":"https:\/\/noticiasribeiraopreto.com.br\/index.php\/wp-json\/wp\/v2\/posts"}],"about":[{"href":"https:\/\/noticiasribeiraopreto.com.br\/index.php\/wp-json\/wp\/v2\/types\/post"}],"author":[{"embeddable":true,"href":"https:\/\/noticiasribeiraopreto.com.br\/index.php\/wp-json\/wp\/v2\/users\/1"}],"replies":[{"embeddable":true,"href":"https:\/\/noticiasribeiraopreto.com.br\/index.php\/wp-json\/wp\/v2\/comments?post=50392"}],"version-history":[{"count":0,"href":"https:\/\/noticiasribeiraopreto.com.br\/index.php\/wp-json\/wp\/v2\/posts\/50392\/revisions"}],"wp:featuredmedia":[{"embeddable":true,"href":"https:\/\/noticiasribeiraopreto.com.br\/index.php\/wp-json\/wp\/v2\/media\/50393"}],"wp:attachment":[{"href":"https:\/\/noticiasribeiraopreto.com.br\/index.php\/wp-json\/wp\/v2\/media?parent=50392"}],"wp:term":[{"taxonomy":"category","embeddable":true,"href":"https:\/\/noticiasribeiraopreto.com.br\/index.php\/wp-json\/wp\/v2\/categories?post=50392"},{"taxonomy":"post_tag","embeddable":true,"href":"https:\/\/noticiasribeiraopreto.com.br\/index.php\/wp-json\/wp\/v2\/tags?post=50392"}],"curies":[{"name":"wp","href":"https:\/\/api.w.org\/{rel}","templated":true}]}}