{"id":50400,"date":"2024-05-16T09:13:00","date_gmt":"2024-05-16T12:13:00","guid":{"rendered":"https:\/\/noticiasribeiraopreto.com.br\/index.php\/2024\/05\/16\/pf-de-ribeirao-faz-operacao-contra-lavagem-de-dinheiro-do-trafico-de-drogas-e-contrabando\/"},"modified":"2024-05-16T09:13:00","modified_gmt":"2024-05-16T12:13:00","slug":"pf-de-ribeirao-faz-operacao-contra-lavagem-de-dinheiro-do-trafico-de-drogas-e-contrabando","status":"publish","type":"post","link":"https:\/\/noticiasribeiraopreto.com.br\/index.php\/2024\/05\/16\/pf-de-ribeirao-faz-operacao-contra-lavagem-de-dinheiro-do-trafico-de-drogas-e-contrabando\/","title":{"rendered":"PF de Ribeir\u00e3o faz opera\u00e7\u00e3o contra lavagem de dinheiro do tr\u00e1fico de drogas e contrabando"},"content":{"rendered":"<div class='code-block code-block-1' style='margin: 8px 0 8px auto; text-align: right; display: block; clear: both;'>\n<p><a href=\"https:\/\/wa.link\/vpicfd\"><img data-recalc-dims=\"1\" class=\"wp-image-4922\" style=\"aspect-ratio: 2.0253164556962027; width: 561px; height: auto;\" src=\"https:\/\/i0.wp.com\/ismaelcolosi.com.br\/wp-content\/uploads\/2023\/11\/grupo-de-empregos-whatsapp-e-facebook-ismael-colosi-vagas.jpg?ssl=1\" alt=\"\" \/><\/a><\/p>\n<!-- \/wp:image -->\n<\/div>\n<p> <br \/>\n<\/p>\n<div data-td-block-uid=\"tdi_101\">\n<div class=\"tdb-block-inner td-fix-index\">\n<p><strong>A PF (Pol\u00edcia Federal) de Ribeir\u00e3o Preto deflagrou nesta quinta-feira (16) a opera\u00e7\u00e3o Pallium contra uma quadrilha suspeita de integrar em um esquema de lavagem de dinheiro do tr\u00e1fico de drogas e de contrabando.<\/strong><\/p>\n<p>Segundo a PF, <span style=\"background-color:#f7cc62\" class=\"td_text_highlight_marker\">s\u00e3o cumpridos 20 mandados de busca em dez cidades localizadas nos estados de S\u00e3o Paulo, Minas Gerais, Pernambuco e Para\u00edba.<\/span>Os nomes dos munic\u00edpios, contudo,  ainda n\u00e3o foram divulgados.<\/p>\n<p><strong>Armas <\/strong>e <strong>rel\u00f3gios <\/strong>teriam sido <strong>apreendidos <\/strong>durante a a\u00e7\u00e3o. <\/p>\n<h2 class=\"wp-block-heading\"><strong>Como era o esquema<\/strong><\/h2>\n<p>A PF informou que o <strong>grupo <\/strong>teria adotado como estrat\u00e9gia o <strong>d\u00f3lar-cabo<\/strong> e suas <strong>varia\u00e7\u00f5es<\/strong>.<\/p>\n<blockquote class=\"wp-block-quote\">\n<p>\u201cOs reais transitados pelo sistema financeiro por meio de \u201claranjas\u201d e empresas de fachada eram utilizados para a compensa\u00e7\u00e3o de recursos movimentados no interesse do operador e seus clientes donos dos recursos il\u00edcitos\u201d<\/p>\n<p><cite>Pol\u00edcia Federal<\/cite><\/p><\/blockquote>\n<h3 class=\"wp-block-heading\"><strong>Crimes e penas<\/strong><\/h3>\n<p>As <strong>penas <\/strong>m\u00ednimas e m\u00e1ximas para os <span style=\"background-color:#f7cc62\" class=\"td_text_highlight_marker\">crimes de associa\u00e7\u00e3o criminosa, falsidade ideol\u00f3gica, evas\u00e3o de divisas e lavagem de dinheiro <\/span>variam de <strong>7 a 24 anos de pris\u00e3o<\/strong>.<\/p>\n<p>A <strong>PF <\/strong>dever\u00e1 conceder <strong>entrevista <\/strong>\u00e0 <strong>imprensa <\/strong>na manh\u00e3 desta quinta, para passar mais <strong>detalhes <\/strong>da <strong>opera\u00e7\u00e3o<\/strong>.<\/p>\n<p>SAIBA MAIS<\/p>\n<p>Identificado motorista de 24 anos morto ap\u00f3s batida em rodovia de Ribeir\u00e3o Preto<\/p>\n<h4 class=\"wp-block-heading\"><strong>FIQUE ON<\/strong><\/h4>\n<p>Fique ligado em tudo que acontece em Ribeir\u00e3o Preto e regi\u00e3o. Siga os perfis do<strong>\u00a0acidade on\u00a0<\/strong>no<a href=\"https:\/\/www.instagram.com\/acidadeonribeirao\" target=\"_blank\" rel=\"noreferrer noopener\">\u00a0Instagram<\/a>\u00a0e no\u00a0<a href=\"https:\/\/www.facebook.com\/acidadeonribeirao\/\" target=\"_blank\" rel=\"noreferrer noopener\">Facebook<\/a>.<\/p>\n<p>Receba not\u00edcias do<strong>\u00a0acidade on<\/strong>\u00a0no WhatsApp.\u00a0<a href=\"https:\/\/chat.whatsapp.com\/CdrZ6xrf7quD44Vw3WlPuZ\" target=\"_blank\" rel=\"noreferrer noopener\">Para entrar no grupo, basta clicar aqui.<\/a><\/p>\n<p>Fa\u00e7a uma den\u00fancia ou sugira uma reportagem sobre Ribeir\u00e3o Preto e regi\u00e3o pelo WhatsApp: 16 99117 7802.<\/p>\n<p>VEJA TAMB\u00c9M<\/p>\n<p>Como e onde sacar o PIS\/Pasep 2024?<\/p>\n<p><!-- AI CONTENT END 3 -->\n<\/div>\n<\/div>\n<p><script async src=\"\/\/www.instagram.com\/embed.js\"><\/script><br \/>\n<br \/><br \/>\n<br \/><a href=\"https:\/\/www.acidadeon.com\/ribeiraopreto\/cotidiano\/pf-de-ribeirao-faz-operacao-contra-lavagem-de-dinheiro-do-trafico-de-drogas-e-contrabando\/\">Source link <\/a><\/p>\n<!-- CONTENT END 1 -->\n","protected":false},"excerpt":{"rendered":"<p>A PF (Pol\u00edcia Federal) de Ribeir\u00e3o Preto deflagrou nesta quinta-feira (16) a opera\u00e7\u00e3o Pallium contra uma quadrilha suspeita de integrar em um esquema de lavagem&#8230;<\/p>\n","protected":false},"author":1,"featured_media":50401,"comment_status":"open","ping_status":"open","sticky":false,"template":"","format":"standard","meta":{"advanced_seo_description":"","jetpack_seo_html_title":"","jetpack_seo_noindex":false,"jetpack_post_was_ever_published":false,"_jetpack_newsletter_access":"","_jetpack_dont_email_post_to_subs":false,"_jetpack_newsletter_tier_id":0,"_jetpack_memberships_contains_paywalled_content":false,"_jetpack_memberships_contains_paid_content":false,"footnotes":"","jetpack_publicize_message":"","jetpack_publicize_feature_enabled":true,"jetpack_social_post_already_shared":true,"jetpack_social_options":{"image_generator_settings":{"template":"highway","default_image_id":0,"font":"","enabled":false},"version":2}},"categories":[11],"tags":[],"class_list":["post-50400","post","type-post","status-publish","format-standard","has-post-thumbnail","hentry","category-noticias-de-ribeirao-preto-sp-e-regiao-ismael-colosi"],"jetpack_publicize_connections":[],"jetpack_featured_media_url":"https:\/\/i0.wp.com\/noticiasribeiraopreto.com.br\/wp-content\/uploads\/2024\/05\/WhatsApp-Image-2024-05-16-at-08.09.44_2024-05-16_12-05-48_jpeg_2024-05-16_12-05-48.webp.webp?fit=1280%2C591&ssl=1","jetpack-related-posts":[{"id":77634,"url":"https:\/\/noticiasribeiraopreto.com.br\/index.php\/2025\/09\/23\/pf-e-gaeco-miram-quadrilha-de-ribeirao-preto-em-esquema-de-trafico-e-lavagem-de-dinheiro\/","url_meta":{"origin":50400,"position":0},"title":"PF e Gaeco miram quadrilha de Ribeir\u00e3o Preto em esquema de tr\u00e1fico e lavagem de dinheiro","author":"noticiasribeiraopreto.com.br","date":"23 de September de 2025","format":false,"excerpt":"A PF (Pol\u00edcia Federal) e o Gaeco (Grupo de Atua\u00e7\u00e3o Especial de Combate ao Crime Organizado) deflagraram nesta ter\u00e7a-feira (23), em Ribeir\u00e3o Preto, a 2\u00aa fase da opera\u00e7\u00e3o Arco Sul contra suspeitos de integrarem uma quadrilha de tr\u00e1fico de drogas e lavagem de dinheiro com atua\u00e7\u00e3o em tr\u00eas estados. A\u2026","rel":"","context":"In &quot;Not\u00edcias de Ribeir\u00e3o Preto-SP e Regi\u00e3o&quot;","block_context":{"text":"Not\u00edcias de Ribeir\u00e3o Preto-SP e Regi\u00e3o","link":"https:\/\/noticiasribeiraopreto.com.br\/index.php\/category\/noticias-de-ribeirao-preto-sp-e-regiao-ismael-colosi\/"},"img":{"alt_text":"","src":"https:\/\/i0.wp.com\/noticiasribeiraopreto.com.br\/wp-content\/uploads\/2025\/09\/WhatsApp-Image-2025-09-23-at-08.46.03_2025-09-23_11-53-22.webp.webp?fit=1200%2C675&ssl=1&resize=350%2C200","width":350,"height":200,"srcset":"https:\/\/i0.wp.com\/noticiasribeiraopreto.com.br\/wp-content\/uploads\/2025\/09\/WhatsApp-Image-2025-09-23-at-08.46.03_2025-09-23_11-53-22.webp.webp?fit=1200%2C675&ssl=1&resize=350%2C200 1x, https:\/\/i0.wp.com\/noticiasribeiraopreto.com.br\/wp-content\/uploads\/2025\/09\/WhatsApp-Image-2025-09-23-at-08.46.03_2025-09-23_11-53-22.webp.webp?fit=1200%2C675&ssl=1&resize=525%2C300 1.5x, https:\/\/i0.wp.com\/noticiasribeiraopreto.com.br\/wp-content\/uploads\/2025\/09\/WhatsApp-Image-2025-09-23-at-08.46.03_2025-09-23_11-53-22.webp.webp?fit=1200%2C675&ssl=1&resize=700%2C400 2x, https:\/\/i0.wp.com\/noticiasribeiraopreto.com.br\/wp-content\/uploads\/2025\/09\/WhatsApp-Image-2025-09-23-at-08.46.03_2025-09-23_11-53-22.webp.webp?fit=1200%2C675&ssl=1&resize=1050%2C600 3x"},"classes":[]},{"id":61420,"url":"https:\/\/noticiasribeiraopreto.com.br\/index.php\/2024\/12\/12\/operacao-da-pf-em-ribeirao-e-rifaina-mira-esquema-de-lavagem-de-r-6-mi-do-trafico\/","url_meta":{"origin":50400,"position":1},"title":"Opera\u00e7\u00e3o da PF em Ribeir\u00e3o e Rifaina mira esquema de lavagem de R$ 6 mi do tr\u00e1fico","author":"noticiasribeiraopreto.com.br","date":"12 de December de 2024","format":false,"excerpt":"A PF (Pol\u00edcia Federal) de Ribeir\u00e3o Preto deflagrou nesta quinta-feira (12) a opera\u00e7\u00e3o Herege contra o crime de lavagem dinheiro de ao menos R$ 6\u00a0milh\u00f5es do tr\u00e1fico de drogas. S\u00e3o quatro mandados de busca e apreens\u00e3o e um de pris\u00e3o preventiva cumpridos em Ribeir\u00e3o e Rifaina. Segundo a PF, a\u2026","rel":"","context":"In &quot;Not\u00edcias de Ribeir\u00e3o Preto-SP e Regi\u00e3o&quot;","block_context":{"text":"Not\u00edcias de Ribeir\u00e3o Preto-SP e Regi\u00e3o","link":"https:\/\/noticiasribeiraopreto.com.br\/index.php\/category\/noticias-de-ribeirao-preto-sp-e-regiao-ismael-colosi\/"},"img":{"alt_text":"","src":"https:\/\/i0.wp.com\/noticiasribeiraopreto.com.br\/wp-content\/uploads\/2024\/12\/POLICIA-FEDERAL_2024-12-12_14-12-34_jpg_2024-12-12_14-12-34.webp.webp?fit=1200%2C907&ssl=1&resize=350%2C200","width":350,"height":200,"srcset":"https:\/\/i0.wp.com\/noticiasribeiraopreto.com.br\/wp-content\/uploads\/2024\/12\/POLICIA-FEDERAL_2024-12-12_14-12-34_jpg_2024-12-12_14-12-34.webp.webp?fit=1200%2C907&ssl=1&resize=350%2C200 1x, https:\/\/i0.wp.com\/noticiasribeiraopreto.com.br\/wp-content\/uploads\/2024\/12\/POLICIA-FEDERAL_2024-12-12_14-12-34_jpg_2024-12-12_14-12-34.webp.webp?fit=1200%2C907&ssl=1&resize=525%2C300 1.5x, https:\/\/i0.wp.com\/noticiasribeiraopreto.com.br\/wp-content\/uploads\/2024\/12\/POLICIA-FEDERAL_2024-12-12_14-12-34_jpg_2024-12-12_14-12-34.webp.webp?fit=1200%2C907&ssl=1&resize=700%2C400 2x, https:\/\/i0.wp.com\/noticiasribeiraopreto.com.br\/wp-content\/uploads\/2024\/12\/POLICIA-FEDERAL_2024-12-12_14-12-34_jpg_2024-12-12_14-12-34.webp.webp?fit=1200%2C907&ssl=1&resize=1050%2C600 3x"},"classes":[]},{"id":77080,"url":"https:\/\/noticiasribeiraopreto.com.br\/index.php\/2025\/09\/11\/pf-faz-nova-operacao-contra-grupo-especializado-em-lavagem-de-dinheiro\/","url_meta":{"origin":50400,"position":2},"title":"PF faz nova opera\u00e7\u00e3o contra grupo especializado em lavagem de dinheiro","author":"noticiasribeiraopreto.com.br","date":"11 de September de 2025","format":false,"excerpt":"Opera\u00e7\u00e3o Hauler cumpre mandados de pris\u00e3o e de busca e apreens\u00e3o nas cidades de Ribeir\u00e3o Preto, Araraquara, Mat\u00e3o e Santos 11 de setembro de 2025 11:036 Compartilhar0 Por: Adalberto Luque A Pol\u00edcia Federal realizou, na manh\u00e3 desta quinta-feira (11), mais uma opera\u00e7\u00e3o contra grupos especializados na lavagem de dinheiro para\u2026","rel":"","context":"In &quot;Not\u00edcias de Ribeir\u00e3o Preto-SP e Regi\u00e3o&quot;","block_context":{"text":"Not\u00edcias de Ribeir\u00e3o Preto-SP e Regi\u00e3o","link":"https:\/\/noticiasribeiraopreto.com.br\/index.php\/category\/noticias-de-ribeirao-preto-sp-e-regiao-ismael-colosi\/"},"img":{"alt_text":"","src":"https:\/\/i0.wp.com\/noticiasribeiraopreto.com.br\/wp-content\/uploads\/2025\/09\/11-set-2025-operacaolavagempf2-scaled.jpg?fit=1200%2C675&ssl=1&resize=350%2C200","width":350,"height":200,"srcset":"https:\/\/i0.wp.com\/noticiasribeiraopreto.com.br\/wp-content\/uploads\/2025\/09\/11-set-2025-operacaolavagempf2-scaled.jpg?fit=1200%2C675&ssl=1&resize=350%2C200 1x, https:\/\/i0.wp.com\/noticiasribeiraopreto.com.br\/wp-content\/uploads\/2025\/09\/11-set-2025-operacaolavagempf2-scaled.jpg?fit=1200%2C675&ssl=1&resize=525%2C300 1.5x, https:\/\/i0.wp.com\/noticiasribeiraopreto.com.br\/wp-content\/uploads\/2025\/09\/11-set-2025-operacaolavagempf2-scaled.jpg?fit=1200%2C675&ssl=1&resize=700%2C400 2x, https:\/\/i0.wp.com\/noticiasribeiraopreto.com.br\/wp-content\/uploads\/2025\/09\/11-set-2025-operacaolavagempf2-scaled.jpg?fit=1200%2C675&ssl=1&resize=1050%2C600 3x"},"classes":[]},{"id":61339,"url":"https:\/\/noticiasribeiraopreto.com.br\/index.php\/2024\/12\/10\/operacao-da-pf-e-gaeco-mira-trafico-e-lavagem-de-dinheiro-de-r-46-milhoes\/","url_meta":{"origin":50400,"position":3},"title":"Opera\u00e7\u00e3o da PF e Gaeco mira tr\u00e1fico e lavagem de dinheiro de R$ 4,6 milh\u00f5es","author":"noticiasribeiraopreto.com.br","date":"10 de December de 2024","format":false,"excerpt":"A Pol\u00edcia Federal e o\u00a0Gaeco de Ribeir\u00e3o Preto deflagraram, na manh\u00e3 de ter\u00e7a-feira (10), a opera\u00e7\u00e3o Chibarrada contra o tr\u00e1fico de drogas e lavagem de dinheiro. Est\u00e3o sendo cumpridos oito mandados de pris\u00e3o e 11 de busca e apreens\u00e3o nas cidades paulistas de Ribeir\u00e3o, Monte Alto e Mat\u00e3o, e em\u2026","rel":"","context":"In &quot;Not\u00edcias de Ribeir\u00e3o Preto-SP e Regi\u00e3o&quot;","block_context":{"text":"Not\u00edcias de Ribeir\u00e3o Preto-SP e Regi\u00e3o","link":"https:\/\/noticiasribeiraopreto.com.br\/index.php\/category\/noticias-de-ribeirao-preto-sp-e-regiao-ismael-colosi\/"},"img":{"alt_text":"","src":"https:\/\/i0.wp.com\/noticiasribeiraopreto.com.br\/wp-content\/uploads\/2024\/12\/WhatsApp-Image-2024-12-10-at-09.39.48_2024-12-10_12-42-36_jpeg_2024-12-10_12-42-36.webp.webp?fit=1200%2C943&ssl=1&resize=350%2C200","width":350,"height":200,"srcset":"https:\/\/i0.wp.com\/noticiasribeiraopreto.com.br\/wp-content\/uploads\/2024\/12\/WhatsApp-Image-2024-12-10-at-09.39.48_2024-12-10_12-42-36_jpeg_2024-12-10_12-42-36.webp.webp?fit=1200%2C943&ssl=1&resize=350%2C200 1x, https:\/\/i0.wp.com\/noticiasribeiraopreto.com.br\/wp-content\/uploads\/2024\/12\/WhatsApp-Image-2024-12-10-at-09.39.48_2024-12-10_12-42-36_jpeg_2024-12-10_12-42-36.webp.webp?fit=1200%2C943&ssl=1&resize=525%2C300 1.5x, https:\/\/i0.wp.com\/noticiasribeiraopreto.com.br\/wp-content\/uploads\/2024\/12\/WhatsApp-Image-2024-12-10-at-09.39.48_2024-12-10_12-42-36_jpeg_2024-12-10_12-42-36.webp.webp?fit=1200%2C943&ssl=1&resize=700%2C400 2x, https:\/\/i0.wp.com\/noticiasribeiraopreto.com.br\/wp-content\/uploads\/2024\/12\/WhatsApp-Image-2024-12-10-at-09.39.48_2024-12-10_12-42-36_jpeg_2024-12-10_12-42-36.webp.webp?fit=1200%2C943&ssl=1&resize=1050%2C600 3x"},"classes":[]},{"id":61359,"url":"https:\/\/noticiasribeiraopreto.com.br\/index.php\/2024\/12\/10\/homem-apontado-como-lider-de-esquema-de-trafico-e-lavagem-de-dinheiro-e-preso-na-zona-sul-de-ribeirao\/","url_meta":{"origin":50400,"position":4},"title":"Homem apontado como l\u00edder de esquema de tr\u00e1fico e lavagem de dinheiro \u00e9 preso na zona Sul de Ribeir\u00e3o","author":"noticiasribeiraopreto.com.br","date":"10 de December de 2024","format":false,"excerpt":"A PF (Pol\u00edcia Federal) e o\u00a0Gaeco (Grupo de Atua\u00e7\u00e3o Especial de Combate ao Crime Organizado) prenderam nesta ter\u00e7a-feira (10), durante a opera\u00e7\u00e3o Chibarrada, um homem apontado como l\u00edder de um grupo criminoso com atua\u00e7\u00e3o no tr\u00e1fico de drogas e lavagem de dinheiro. A pris\u00e3o ocorreu na zona Sul de Ribeir\u00e3o\u2026","rel":"","context":"In &quot;Not\u00edcias de Ribeir\u00e3o Preto-SP e Regi\u00e3o&quot;","block_context":{"text":"Not\u00edcias de Ribeir\u00e3o Preto-SP e Regi\u00e3o","link":"https:\/\/noticiasribeiraopreto.com.br\/index.php\/category\/noticias-de-ribeirao-preto-sp-e-regiao-ismael-colosi\/"},"img":{"alt_text":"","src":"https:\/\/i0.wp.com\/noticiasribeiraopreto.com.br\/wp-content\/uploads\/2024\/12\/DINHEIRO_2024-12-10_17-49-34_jpg_2024-12-10_17-49-34.webp.webp?fit=1200%2C853&ssl=1&resize=350%2C200","width":350,"height":200,"srcset":"https:\/\/i0.wp.com\/noticiasribeiraopreto.com.br\/wp-content\/uploads\/2024\/12\/DINHEIRO_2024-12-10_17-49-34_jpg_2024-12-10_17-49-34.webp.webp?fit=1200%2C853&ssl=1&resize=350%2C200 1x, https:\/\/i0.wp.com\/noticiasribeiraopreto.com.br\/wp-content\/uploads\/2024\/12\/DINHEIRO_2024-12-10_17-49-34_jpg_2024-12-10_17-49-34.webp.webp?fit=1200%2C853&ssl=1&resize=525%2C300 1.5x, https:\/\/i0.wp.com\/noticiasribeiraopreto.com.br\/wp-content\/uploads\/2024\/12\/DINHEIRO_2024-12-10_17-49-34_jpg_2024-12-10_17-49-34.webp.webp?fit=1200%2C853&ssl=1&resize=700%2C400 2x, https:\/\/i0.wp.com\/noticiasribeiraopreto.com.br\/wp-content\/uploads\/2024\/12\/DINHEIRO_2024-12-10_17-49-34_jpg_2024-12-10_17-49-34.webp.webp?fit=1200%2C853&ssl=1&resize=1050%2C600 3x"},"classes":[]},{"id":14686,"url":"https:\/\/noticiasribeiraopreto.com.br\/index.php\/2023\/12\/12\/pf-apreende-carros-de-luxo-em-operacao-contra-traficantes-em-sp\/","url_meta":{"origin":50400,"position":5},"title":"PF apreende carros de luxo em opera\u00e7\u00e3o contra traficantes em SP","author":"noticiasribeiraopreto.com.br","date":"12 de December de 2023","format":false,"excerpt":"Agentes da Pol\u00edcia Federal (PF) atuam em parceria com a Pol\u00edcia Civil de S\u00e3o Paulo para prender 26 suspeitos de envolvimento num esquema de trafico de drogas e lavagem de dinheiros. Na manh\u00e3 desta ter\u00e7a-feira (12), os agentes aprenderam carros de luxo e outros bens dos investigados.De acordo com a\u2026","rel":"","context":"In &quot;Not\u00edcias de Ribeir\u00e3o Preto-SP e Regi\u00e3o&quot;","block_context":{"text":"Not\u00edcias de Ribeir\u00e3o Preto-SP e Regi\u00e3o","link":"https:\/\/noticiasribeiraopreto.com.br\/index.php\/category\/noticias-de-ribeirao-preto-sp-e-regiao-ismael-colosi\/"},"img":{"alt_text":"","src":"https:\/\/i0.wp.com\/noticiasribeiraopreto.com.br\/wp-content\/uploads\/2023\/12\/WhatsApp-Image-2023-12-12-at-09.41.53-e1702389559778.jpeg?fit=901%2C509&ssl=1&resize=350%2C200","width":350,"height":200,"srcset":"https:\/\/i0.wp.com\/noticiasribeiraopreto.com.br\/wp-content\/uploads\/2023\/12\/WhatsApp-Image-2023-12-12-at-09.41.53-e1702389559778.jpeg?fit=901%2C509&ssl=1&resize=350%2C200 1x, https:\/\/i0.wp.com\/noticiasribeiraopreto.com.br\/wp-content\/uploads\/2023\/12\/WhatsApp-Image-2023-12-12-at-09.41.53-e1702389559778.jpeg?fit=901%2C509&ssl=1&resize=525%2C300 1.5x, https:\/\/i0.wp.com\/noticiasribeiraopreto.com.br\/wp-content\/uploads\/2023\/12\/WhatsApp-Image-2023-12-12-at-09.41.53-e1702389559778.jpeg?fit=901%2C509&ssl=1&resize=700%2C400 2x"},"classes":[]}],"jetpack_sharing_enabled":true,"jetpack_shortlink":"https:\/\/wp.me\/peQAOb-d6U","_links":{"self":[{"href":"https:\/\/noticiasribeiraopreto.com.br\/index.php\/wp-json\/wp\/v2\/posts\/50400","targetHints":{"allow":["GET"]}}],"collection":[{"href":"https:\/\/noticiasribeiraopreto.com.br\/index.php\/wp-json\/wp\/v2\/posts"}],"about":[{"href":"https:\/\/noticiasribeiraopreto.com.br\/index.php\/wp-json\/wp\/v2\/types\/post"}],"author":[{"embeddable":true,"href":"https:\/\/noticiasribeiraopreto.com.br\/index.php\/wp-json\/wp\/v2\/users\/1"}],"replies":[{"embeddable":true,"href":"https:\/\/noticiasribeiraopreto.com.br\/index.php\/wp-json\/wp\/v2\/comments?post=50400"}],"version-history":[{"count":0,"href":"https:\/\/noticiasribeiraopreto.com.br\/index.php\/wp-json\/wp\/v2\/posts\/50400\/revisions"}],"wp:featuredmedia":[{"embeddable":true,"href":"https:\/\/noticiasribeiraopreto.com.br\/index.php\/wp-json\/wp\/v2\/media\/50401"}],"wp:attachment":[{"href":"https:\/\/noticiasribeiraopreto.com.br\/index.php\/wp-json\/wp\/v2\/media?parent=50400"}],"wp:term":[{"taxonomy":"category","embeddable":true,"href":"https:\/\/noticiasribeiraopreto.com.br\/index.php\/wp-json\/wp\/v2\/categories?post=50400"},{"taxonomy":"post_tag","embeddable":true,"href":"https:\/\/noticiasribeiraopreto.com.br\/index.php\/wp-json\/wp\/v2\/tags?post=50400"}],"curies":[{"name":"wp","href":"https:\/\/api.w.org\/{rel}","templated":true}]}}