{"id":50418,"date":"2024-05-16T10:29:52","date_gmt":"2024-05-16T13:29:52","guid":{"rendered":"https:\/\/noticiasribeiraopreto.com.br\/index.php\/2024\/05\/16\/morre-o-jornalista-esportivo-antero-greco-aos-69-anos-em-sao-paulo\/"},"modified":"2024-05-16T10:29:52","modified_gmt":"2024-05-16T13:29:52","slug":"morre-o-jornalista-esportivo-antero-greco-aos-69-anos-em-sao-paulo","status":"publish","type":"post","link":"https:\/\/noticiasribeiraopreto.com.br\/index.php\/2024\/05\/16\/morre-o-jornalista-esportivo-antero-greco-aos-69-anos-em-sao-paulo\/","title":{"rendered":"Morre o jornalista esportivo Antero Greco, aos 69 anos, em S\u00e3o Paulo"},"content":{"rendered":"<div class='code-block code-block-1' style='margin: 8px 0 8px auto; text-align: right; display: block; clear: both;'>\n<p><a href=\"https:\/\/wa.link\/vpicfd\"><img data-recalc-dims=\"1\" class=\"wp-image-4922\" style=\"aspect-ratio: 2.0253164556962027; width: 561px; height: auto;\" src=\"https:\/\/i0.wp.com\/ismaelcolosi.com.br\/wp-content\/uploads\/2023\/11\/grupo-de-empregos-whatsapp-e-facebook-ismael-colosi-vagas.jpg?ssl=1\" alt=\"\" \/><\/a><\/p>\n<!-- \/wp:image -->\n<\/div>\n<p> <br \/>\n<\/p>\n<div data-td-block-uid=\"tdi_101\">\n<div class=\"tdb-block-inner td-fix-index\">\n<p>Na <strong>madrugada<\/strong> desta <strong>quinta-feira (16)<\/strong>, morreu o jornalista esportivo <strong>Antero Greco,<\/strong> aos <strong>69 anos,<\/strong> em <strong>S\u00e3o Paulo<\/strong>. Ele estava <strong>internado<\/strong> tratando de um<strong> tumor no c\u00e9rebro<\/strong>, descoberto em <strong>junho de 2022<\/strong>.<\/p>\n<p>A informa\u00e7\u00e3o foi divulgada em nota pelo <strong>Hospital Benefic\u00eancia Portuguesa<\/strong>, onde estava internado para tratar a doen\u00e7a, e confirmada pela<strong> ESPN<\/strong>, emissora onde Antero trabalhava.<\/p>\n<p><strong>Antero Greco<\/strong> era uma das figuras mais conhecidas do jornalismo esportivo. O comentarista marcou \u00e9poca em parceria com <strong>Paulo Soares<\/strong>, o <strong>Amig\u00e3o<\/strong>, no comando do programa <em>SportsCenter<\/em>, e como rep\u00f3rter, editor e colunista do <strong>Estad\u00e3o<\/strong>.<\/p>\n<p>O vel\u00f3rio acontecer\u00e1 a partir das <strong>12h<\/strong>, e o sepultamento ser\u00e1 \u00e0s <strong>16h<\/strong>, no <strong>Cemit\u00e9rio do Redentor, em S\u00e3o Paulo<\/strong>.<\/p>\n<p>SAIBA MAIS<br \/>Galp\u00e3o de materiais de recicl\u00e1veis pega fogo em Ribeir\u00e3o Preto e mobiliza Bombeiros; Veja v\u00eddeo<\/p>\n<h4 class=\"wp-block-heading\"><strong>FIQUE ON<\/strong><\/h4>\n<p>Fique ligado em tudo que acontece em Ribeir\u00e3o Preto e regi\u00e3o. Siga os perfis do <strong>acidade on <\/strong>no <a href=\"https:\/\/www.instagram.com\/acidadeonribeirao\" target=\"_blank\" rel=\"noreferrer noopener\">Instagram<\/a> e no <a href=\"https:\/\/www.facebook.com\/acidadeonribeirao\" target=\"_blank\" rel=\"noreferrer noopener\">Facebook<\/a>.<\/p>\n<p>Receba not\u00edcias do acidade on no WhatsApp. Para entrar no grupo, basta <a href=\"https:\/\/chat.whatsapp.com\/CdrZ6xrf7quD44Vw3WlPuZ\" target=\"_blank\" rel=\"noreferrer noopener\">clicar aqui<\/a>.<\/p>\n<p>Fa\u00e7a uma den\u00fancia ou sugira uma reportagem sobre Ribeir\u00e3o Preto e regi\u00e3o pelo WhatsApp: 16 99117 7802.<\/p>\n<p>VEJA TAMB\u00c9M<br \/>Quando sai a segunda parte da terceira temporada de Bridgerton?<\/p>\n<p><!-- AI CONTENT END 1 -->\n<\/div>\n<\/div>\n<p><script async src=\"\/\/www.instagram.com\/embed.js\"><\/script><br \/>\n<br \/><br \/>\n<br \/><a href=\"https:\/\/www.acidadeon.com\/ribeiraopreto\/cotidiano\/morre-o-jornalista-esportivo-antero-greco-aos-69-anos-em-sao-paulo\/\">Source link <\/a><\/p>\n<!-- CONTENT END 1 -->\n","protected":false},"excerpt":{"rendered":"<p>Na madrugada desta quinta-feira (16), morreu o jornalista esportivo Antero Greco, aos 69 anos, em S\u00e3o Paulo. Ele estava internado tratando de um tumor no&#8230;<\/p>\n","protected":false},"author":1,"featured_media":50419,"comment_status":"open","ping_status":"open","sticky":false,"template":"","format":"standard","meta":{"advanced_seo_description":"","jetpack_seo_html_title":"","jetpack_seo_noindex":false,"jetpack_post_was_ever_published":false,"_jetpack_newsletter_access":"","_jetpack_dont_email_post_to_subs":false,"_jetpack_newsletter_tier_id":0,"_jetpack_memberships_contains_paywalled_content":false,"_jetpack_memberships_contains_paid_content":false,"footnotes":"","jetpack_publicize_message":"","jetpack_publicize_feature_enabled":true,"jetpack_social_post_already_shared":true,"jetpack_social_options":{"image_generator_settings":{"template":"highway","default_image_id":0,"font":"","enabled":false},"version":2}},"categories":[11],"tags":[],"class_list":["post-50418","post","type-post","status-publish","format-standard","has-post-thumbnail","hentry","category-noticias-de-ribeirao-preto-sp-e-regiao-ismael-colosi"],"jetpack_publicize_connections":[],"jetpack_featured_media_url":"https:\/\/i0.wp.com\/noticiasribeiraopreto.com.br\/wp-content\/uploads\/2024\/05\/Capturar_2024-05-16_13-12-36_jpg_2024-05-16_13-12-36.webp.webp?fit=918%2C509&ssl=1","jetpack-related-posts":[{"id":50466,"url":"https:\/\/noticiasribeiraopreto.com.br\/index.php\/2024\/05\/16\/narrador-esportivo-silvio-luiz-morre-aos-89-anos-em-sao-paulo\/","url_meta":{"origin":50418,"position":0},"title":"Narrador esportivo Silvio Luiz morre aos 89 anos em S\u00e3o Paulo","author":"noticiasribeiraopreto.com.br","date":"16 de May de 2024","format":false,"excerpt":"O narrador esportivo Silvio Luiz morreu nesta quinta-feira (19), aos 89 amos, em S\u00e3o Paulo. Ele foi v\u00edtima de fal\u00eancia de m\u00faltiplos \u00f3rg\u00e3os. Dono de bord\u00f5es marcantes, como \u201cOlho no lance\u201d, \u201cPelas barbas do profeta\u201d e \u201cFoi, foi, foi, foi ele\u2026o craque da camisa n\u00famero\u2026\u201d, Silvio Luiz tamb\u00e9m foi \u00e1rbitro\u2026","rel":"","context":"In &quot;Not\u00edcias de Ribeir\u00e3o Preto-SP e Regi\u00e3o&quot;","block_context":{"text":"Not\u00edcias de Ribeir\u00e3o Preto-SP e Regi\u00e3o","link":"https:\/\/noticiasribeiraopreto.com.br\/index.php\/category\/noticias-de-ribeirao-preto-sp-e-regiao-ismael-colosi\/"},"img":{"alt_text":"","src":"https:\/\/i0.wp.com\/noticiasribeiraopreto.com.br\/wp-content\/uploads\/2024\/05\/WhatsApp-Image-2024-05-16-at-11.05.27_2024-05-16_14-05-49_jpeg_2024-05-16_14-05-49.webp.webp?fit=1200%2C675&ssl=1&resize=350%2C200","width":350,"height":200,"srcset":"https:\/\/i0.wp.com\/noticiasribeiraopreto.com.br\/wp-content\/uploads\/2024\/05\/WhatsApp-Image-2024-05-16-at-11.05.27_2024-05-16_14-05-49_jpeg_2024-05-16_14-05-49.webp.webp?fit=1200%2C675&ssl=1&resize=350%2C200 1x, https:\/\/i0.wp.com\/noticiasribeiraopreto.com.br\/wp-content\/uploads\/2024\/05\/WhatsApp-Image-2024-05-16-at-11.05.27_2024-05-16_14-05-49_jpeg_2024-05-16_14-05-49.webp.webp?fit=1200%2C675&ssl=1&resize=525%2C300 1.5x, https:\/\/i0.wp.com\/noticiasribeiraopreto.com.br\/wp-content\/uploads\/2024\/05\/WhatsApp-Image-2024-05-16-at-11.05.27_2024-05-16_14-05-49_jpeg_2024-05-16_14-05-49.webp.webp?fit=1200%2C675&ssl=1&resize=700%2C400 2x, https:\/\/i0.wp.com\/noticiasribeiraopreto.com.br\/wp-content\/uploads\/2024\/05\/WhatsApp-Image-2024-05-16-at-11.05.27_2024-05-16_14-05-49_jpeg_2024-05-16_14-05-49.webp.webp?fit=1200%2C675&ssl=1&resize=1050%2C600 3x"},"classes":[]},{"id":50474,"url":"https:\/\/noticiasribeiraopreto.com.br\/index.php\/2024\/05\/16\/epra-cantar-veja-como-votar-nos-semifinalistas-do-concurso-musical-da-eptv\/","url_meta":{"origin":50418,"position":1},"title":"\u00c9Pra Cantar: Veja como votar nos semifinalistas do concurso musical da EPTV","author":"noticiasribeiraopreto.com.br","date":"16 de May de 2024","format":false,"excerpt":"O concurso \u00c9Pra Cantar, da EPTV, j\u00e1 est\u00e1 na semifinal. S\u00e3o 20 semifinalistas \u2013 cinco de cada \u00e1rea de cobertura da emissora. A vota\u00e7\u00e3o segue aberta at\u00e9 a pr\u00f3xima segunda-feira (20) e apenas quatro ir\u00e3o para final. A vota\u00e7\u00e3o foi aberta no Tudo EP na \u00faltima segunda-feira (13) e o\u2026","rel":"","context":"In &quot;Not\u00edcias de Ribeir\u00e3o Preto-SP e Regi\u00e3o&quot;","block_context":{"text":"Not\u00edcias de Ribeir\u00e3o Preto-SP e Regi\u00e3o","link":"https:\/\/noticiasribeiraopreto.com.br\/index.php\/category\/noticias-de-ribeirao-preto-sp-e-regiao-ismael-colosi\/"},"img":{"alt_text":"","src":"https:\/\/i0.wp.com\/noticiasribeiraopreto.com.br\/wp-content\/uploads\/2024\/05\/semifinalistas_2024-05-16_13-42-14_jpg_2024-05-16_13-42-14.webp.webp?fit=969%2C546&ssl=1&resize=350%2C200","width":350,"height":200,"srcset":"https:\/\/i0.wp.com\/noticiasribeiraopreto.com.br\/wp-content\/uploads\/2024\/05\/semifinalistas_2024-05-16_13-42-14_jpg_2024-05-16_13-42-14.webp.webp?fit=969%2C546&ssl=1&resize=350%2C200 1x, https:\/\/i0.wp.com\/noticiasribeiraopreto.com.br\/wp-content\/uploads\/2024\/05\/semifinalistas_2024-05-16_13-42-14_jpg_2024-05-16_13-42-14.webp.webp?fit=969%2C546&ssl=1&resize=525%2C300 1.5x, https:\/\/i0.wp.com\/noticiasribeiraopreto.com.br\/wp-content\/uploads\/2024\/05\/semifinalistas_2024-05-16_13-42-14_jpg_2024-05-16_13-42-14.webp.webp?fit=969%2C546&ssl=1&resize=700%2C400 2x"},"classes":[]},{"id":58663,"url":"https:\/\/noticiasribeiraopreto.com.br\/index.php\/2024\/10\/03\/morre-o-jornalista-e-apresentador-cid-moreira-aos-97-anos\/","url_meta":{"origin":50418,"position":2},"title":"Morre o jornalista e apresentador Cid Moreira, aos 97 anos","author":"noticiasribeiraopreto.com.br","date":"3 de October de 2024","format":false,"excerpt":"Morreu nesta quinta-feira (3) o jornalista, locutor e apresentador Cid Moreira, aos 97 anos. De acordo com a TV Globo, Cid Moreira estava internado em um hospital em Petr\u00f3polis, no Rio de Janeiro. O jornalista, que ficou conhecido por anos por estar \u00e0 frente do Jornal Nacional, estava tratando de\u2026","rel":"","context":"In &quot;Not\u00edcias de Ribeir\u00e3o Preto-SP e Regi\u00e3o&quot;","block_context":{"text":"Not\u00edcias de Ribeir\u00e3o Preto-SP e Regi\u00e3o","link":"https:\/\/noticiasribeiraopreto.com.br\/index.php\/category\/noticias-de-ribeirao-preto-sp-e-regiao-ismael-colosi\/"},"img":{"alt_text":"","src":"https:\/\/i0.wp.com\/noticiasribeiraopreto.com.br\/wp-content\/uploads\/2024\/10\/cid-moreira-1658867069522_v2_900x506.jpg_2024-10-03_12-33-59.webp.webp?fit=900%2C506&ssl=1&resize=350%2C200","width":350,"height":200,"srcset":"https:\/\/i0.wp.com\/noticiasribeiraopreto.com.br\/wp-content\/uploads\/2024\/10\/cid-moreira-1658867069522_v2_900x506.jpg_2024-10-03_12-33-59.webp.webp?fit=900%2C506&ssl=1&resize=350%2C200 1x, https:\/\/i0.wp.com\/noticiasribeiraopreto.com.br\/wp-content\/uploads\/2024\/10\/cid-moreira-1658867069522_v2_900x506.jpg_2024-10-03_12-33-59.webp.webp?fit=900%2C506&ssl=1&resize=525%2C300 1.5x, https:\/\/i0.wp.com\/noticiasribeiraopreto.com.br\/wp-content\/uploads\/2024\/10\/cid-moreira-1658867069522_v2_900x506.jpg_2024-10-03_12-33-59.webp.webp?fit=900%2C506&ssl=1&resize=700%2C400 2x"},"classes":[]},{"id":77959,"url":"https:\/\/noticiasribeiraopreto.com.br\/index.php\/2025\/09\/29\/shopping-de-ribeirao-preto-recebe-exposicao-de-halloween-com-entrada-gratuita\/","url_meta":{"origin":50418,"position":3},"title":"Shopping de Ribeir\u00e3o Preto recebe exposi\u00e7\u00e3o de Halloween com entrada gratuita","author":"noticiasribeiraopreto.com.br","date":"29 de September de 2025","format":false,"excerpt":"O Shopping Santa \u00darsula, localizado no Centro de Ribeir\u00e3o Preto, recebe at\u00e9 o dia 2 de novembro a exposi\u00e7\u00e3o \u201cMonstrinhos\u201d, inspirada na tem\u00e1tica de Halloween. A entrada \u00e9 gratuita. A mostra re\u00fane 19 personagens de at\u00e9 1,5 metro, distribu\u00eddos em quatro cen\u00e1rios interativos que prometem encantar o p\u00fablico. Al\u00e9m dos\u2026","rel":"","context":"In &quot;Not\u00edcias de Ribeir\u00e3o Preto-SP e Regi\u00e3o&quot;","block_context":{"text":"Not\u00edcias de Ribeir\u00e3o Preto-SP e Regi\u00e3o","link":"https:\/\/noticiasribeiraopreto.com.br\/index.php\/category\/noticias-de-ribeirao-preto-sp-e-regiao-ismael-colosi\/"},"img":{"alt_text":"","src":"https:\/\/i0.wp.com\/noticiasribeiraopreto.com.br\/wp-content\/uploads\/2025\/09\/WhatsApp-Image-2025-09-29-at-10.27.43_2025-09-29_15-30-45.webp.webp?fit=1200%2C900&ssl=1&resize=350%2C200","width":350,"height":200,"srcset":"https:\/\/i0.wp.com\/noticiasribeiraopreto.com.br\/wp-content\/uploads\/2025\/09\/WhatsApp-Image-2025-09-29-at-10.27.43_2025-09-29_15-30-45.webp.webp?fit=1200%2C900&ssl=1&resize=350%2C200 1x, https:\/\/i0.wp.com\/noticiasribeiraopreto.com.br\/wp-content\/uploads\/2025\/09\/WhatsApp-Image-2025-09-29-at-10.27.43_2025-09-29_15-30-45.webp.webp?fit=1200%2C900&ssl=1&resize=525%2C300 1.5x, https:\/\/i0.wp.com\/noticiasribeiraopreto.com.br\/wp-content\/uploads\/2025\/09\/WhatsApp-Image-2025-09-29-at-10.27.43_2025-09-29_15-30-45.webp.webp?fit=1200%2C900&ssl=1&resize=700%2C400 2x, https:\/\/i0.wp.com\/noticiasribeiraopreto.com.br\/wp-content\/uploads\/2025\/09\/WhatsApp-Image-2025-09-29-at-10.27.43_2025-09-29_15-30-45.webp.webp?fit=1200%2C900&ssl=1&resize=1050%2C600 3x"},"classes":[]},{"id":77940,"url":"https:\/\/noticiasribeiraopreto.com.br\/index.php\/2025\/09\/29\/passageira-registra-infestacao-de-baratas-em-onibus-de-ribeirao-preto-veja-video\/","url_meta":{"origin":50418,"position":4},"title":"Passageira registra infesta\u00e7\u00e3o de baratas em \u00f4nibus de Ribeir\u00e3o Preto; Veja v\u00eddeo","author":"noticiasribeiraopreto.com.br","date":"29 de September de 2025","format":false,"excerpt":"Uma passageira registrou no \u00faltimo s\u00e1bado (27) uma infesta\u00e7\u00e3o de baratas dentro de um \u00f4nibus urbano em Ribeir\u00e3o Preto. O ve\u00edculo \u00e9 utilizado na linha Jardim Am\u00e1lia \u2013 608. As imagens mostram v\u00e1rios insetos andando pelas janelas, na parte de dentro do ve\u00edculo. De acordo com o cons\u00f3rcio Pr\u00f3Urbano, o\u2026","rel":"","context":"In &quot;Not\u00edcias de Ribeir\u00e3o Preto-SP e Regi\u00e3o&quot;","block_context":{"text":"Not\u00edcias de Ribeir\u00e3o Preto-SP e Regi\u00e3o","link":"https:\/\/noticiasribeiraopreto.com.br\/index.php\/category\/noticias-de-ribeirao-preto-sp-e-regiao-ismael-colosi\/"},"img":{"alt_text":"","src":"https:\/\/i0.wp.com\/noticiasribeiraopreto.com.br\/wp-content\/uploads\/2025\/09\/onibus_2025-09-29_14-18-41.webp.webp?fit=1200%2C675&ssl=1&resize=350%2C200","width":350,"height":200,"srcset":"https:\/\/i0.wp.com\/noticiasribeiraopreto.com.br\/wp-content\/uploads\/2025\/09\/onibus_2025-09-29_14-18-41.webp.webp?fit=1200%2C675&ssl=1&resize=350%2C200 1x, https:\/\/i0.wp.com\/noticiasribeiraopreto.com.br\/wp-content\/uploads\/2025\/09\/onibus_2025-09-29_14-18-41.webp.webp?fit=1200%2C675&ssl=1&resize=525%2C300 1.5x, https:\/\/i0.wp.com\/noticiasribeiraopreto.com.br\/wp-content\/uploads\/2025\/09\/onibus_2025-09-29_14-18-41.webp.webp?fit=1200%2C675&ssl=1&resize=700%2C400 2x, https:\/\/i0.wp.com\/noticiasribeiraopreto.com.br\/wp-content\/uploads\/2025\/09\/onibus_2025-09-29_14-18-41.webp.webp?fit=1200%2C675&ssl=1&resize=1050%2C600 3x"},"classes":[]},{"id":83808,"url":"https:\/\/noticiasribeiraopreto.com.br\/index.php\/2026\/03\/26\/morre-o-apresentador-e-jornalista-fernando-kassab-aos-64-anos\/","url_meta":{"origin":50418,"position":5},"title":"Morre o apresentador e jornalista Fernando Kassab, aos 64 anos","author":"noticiasribeiraopreto.com.br","date":"26 de March de 2026","format":false,"excerpt":"Morreu nesta quinta-feira (26), em Campinas, o jornalista , apresentador e cozinheiro Fernando Kassab, aos 64 anos. Ele estava internado no Hospital PUC\u2011Campinas, onde tratava complica\u00e7\u00f5es de uma descompensa\u00e7\u00e3o card\u00edaca que evoluiu para insufici\u00eancia renal. Kassab tamb\u00e9m enfrentava um c\u00e2ncer de pele, diagnosticado em 2025. Kassab ficou conhecido pelos quadros\u2026","rel":"","context":"In &quot;Not\u00edcias de Ribeir\u00e3o Preto-SP e Regi\u00e3o&quot;","block_context":{"text":"Not\u00edcias de Ribeir\u00e3o Preto-SP e Regi\u00e3o","link":"https:\/\/noticiasribeiraopreto.com.br\/index.php\/category\/noticias-de-ribeirao-preto-sp-e-regiao-ismael-colosi\/"},"img":{"alt_text":"","src":"https:\/\/i0.wp.com\/noticiasribeiraopreto.com.br\/wp-content\/uploads\/2026\/03\/fernando-kassab_2026-03-26_15-02-32.webp.webp?fit=1200%2C674&ssl=1&resize=350%2C200","width":350,"height":200,"srcset":"https:\/\/i0.wp.com\/noticiasribeiraopreto.com.br\/wp-content\/uploads\/2026\/03\/fernando-kassab_2026-03-26_15-02-32.webp.webp?fit=1200%2C674&ssl=1&resize=350%2C200 1x, https:\/\/i0.wp.com\/noticiasribeiraopreto.com.br\/wp-content\/uploads\/2026\/03\/fernando-kassab_2026-03-26_15-02-32.webp.webp?fit=1200%2C674&ssl=1&resize=525%2C300 1.5x, https:\/\/i0.wp.com\/noticiasribeiraopreto.com.br\/wp-content\/uploads\/2026\/03\/fernando-kassab_2026-03-26_15-02-32.webp.webp?fit=1200%2C674&ssl=1&resize=700%2C400 2x, https:\/\/i0.wp.com\/noticiasribeiraopreto.com.br\/wp-content\/uploads\/2026\/03\/fernando-kassab_2026-03-26_15-02-32.webp.webp?fit=1200%2C674&ssl=1&resize=1050%2C600 3x"},"classes":[]}],"jetpack_sharing_enabled":true,"jetpack_shortlink":"https:\/\/wp.me\/peQAOb-d7c","_links":{"self":[{"href":"https:\/\/noticiasribeiraopreto.com.br\/index.php\/wp-json\/wp\/v2\/posts\/50418","targetHints":{"allow":["GET"]}}],"collection":[{"href":"https:\/\/noticiasribeiraopreto.com.br\/index.php\/wp-json\/wp\/v2\/posts"}],"about":[{"href":"https:\/\/noticiasribeiraopreto.com.br\/index.php\/wp-json\/wp\/v2\/types\/post"}],"author":[{"embeddable":true,"href":"https:\/\/noticiasribeiraopreto.com.br\/index.php\/wp-json\/wp\/v2\/users\/1"}],"replies":[{"embeddable":true,"href":"https:\/\/noticiasribeiraopreto.com.br\/index.php\/wp-json\/wp\/v2\/comments?post=50418"}],"version-history":[{"count":0,"href":"https:\/\/noticiasribeiraopreto.com.br\/index.php\/wp-json\/wp\/v2\/posts\/50418\/revisions"}],"wp:featuredmedia":[{"embeddable":true,"href":"https:\/\/noticiasribeiraopreto.com.br\/index.php\/wp-json\/wp\/v2\/media\/50419"}],"wp:attachment":[{"href":"https:\/\/noticiasribeiraopreto.com.br\/index.php\/wp-json\/wp\/v2\/media?parent=50418"}],"wp:term":[{"taxonomy":"category","embeddable":true,"href":"https:\/\/noticiasribeiraopreto.com.br\/index.php\/wp-json\/wp\/v2\/categories?post=50418"},{"taxonomy":"post_tag","embeddable":true,"href":"https:\/\/noticiasribeiraopreto.com.br\/index.php\/wp-json\/wp\/v2\/tags?post=50418"}],"curies":[{"name":"wp","href":"https:\/\/api.w.org\/{rel}","templated":true}]}}