{"id":50429,"date":"2024-05-16T11:05:19","date_gmt":"2024-05-16T14:05:19","guid":{"rendered":"https:\/\/noticiasribeiraopreto.com.br\/index.php\/2024\/05\/16\/usp-ribeirao-preto-abre-processo-seletivo-veja-como-participar\/"},"modified":"2024-05-16T11:05:19","modified_gmt":"2024-05-16T14:05:19","slug":"usp-ribeirao-preto-abre-processo-seletivo-veja-como-participar","status":"publish","type":"post","link":"https:\/\/noticiasribeiraopreto.com.br\/index.php\/2024\/05\/16\/usp-ribeirao-preto-abre-processo-seletivo-veja-como-participar\/","title":{"rendered":"USP Ribeir\u00e3o Preto abre processo seletivo; Veja como participar"},"content":{"rendered":"<div class='code-block code-block-1' style='margin: 8px 0 8px auto; text-align: right; display: block; clear: both;'>\n<p><a href=\"https:\/\/wa.link\/vpicfd\"><img data-recalc-dims=\"1\" class=\"wp-image-4922\" style=\"aspect-ratio: 2.0253164556962027; width: 561px; height: auto;\" src=\"https:\/\/i0.wp.com\/ismaelcolosi.com.br\/wp-content\/uploads\/2023\/11\/grupo-de-empregos-whatsapp-e-facebook-ismael-colosi-vagas.jpg?ssl=1\" alt=\"\" \/><\/a><\/p>\n<!-- \/wp:image -->\n<\/div>\n<p> <br \/>\n<\/p>\n<p>A <strong><a href=\"http:\/\/www.eeferp.usp.br\/?q=pt-br\" target=\"_blank\" rel=\"noreferrer noopener nofollow\">Escola de Educa\u00e7\u00e3o F\u00edsica e Esporte de Ribeir\u00e3o Preto da USP (Universidade de S\u00e3o Paulo) <\/a><\/strong>abriu processo seletivo para o cargo de professor contratado por prazo determinado. Os sal\u00e1rios s\u00e3o de R$ 2.558,66 para carga hor\u00e1ria de 12 horas semanais.<\/p>\n<p><mark style=\"background-color:#fcb900\" class=\"has-inline-color has-black-color\">As inscri\u00e7\u00f5es devem ser realizadas pela internet no<a href=\"https:\/\/uspdigital.usp.br\/gr\/admissao\" target=\"_blank\" rel=\"noreferrer noopener nofollow\"> site de admiss\u00f5es da <strong>USP <\/strong>(clique aqui) <\/a>no per\u00edodo das 8h do dia 20 de maio \u00e0s 17h do dia 29 de maio de 2024.<\/mark><\/p>\n<p>O candidato preencher os dados pessoais solicitados e anexar os seguintes documentos:<\/p>\n<ul>\n<li>Documento de identidade oficial;<\/li>\n<\/ul>\n<ul>\n<li> CPF (para candidatos brasileiros);<\/li>\n<\/ul>\n<ul>\n<li>Prova de que \u00e9 portador do t\u00edtulo de Doutor, outorgado ou reconhecido pela USP ou de validade nacional.<\/li>\n<\/ul>\n<p>O edital foi publicado no <strong>Di\u00e1rio Oficial de S\u00e3o Paulo<\/strong> desta quinta-feira (16) \u2013 <a href=\"http:\/\/diariooficial.imprensaoficial.com.br\/nav_v6\/index.asp?c=34846&amp;e=20240516&amp;p=1\" target=\"_blank\" rel=\"noreferrer noopener nofollow\">clique aqui e confira<\/a>.<\/p>\n<p>SAIBA MAIS<br \/>Interior de SP tem previs\u00e3o de chuva por causa de nova frente fria; Veja quando<\/p>\n<h2 class=\"wp-block-heading\"><strong>FIQUE ON<\/strong><\/h2>\n<p>Fique ligado em tudo que acontece em Ribeir\u00e3o Preto e regi\u00e3o. Siga os perfis do <strong>acidade on<\/strong> no <a href=\"https:\/\/www.instagram.com\/acidadeonribeirao\" target=\"_blank\" rel=\"noreferrer noopener nofollow\">Instagram<\/a> e no <a href=\"https:\/\/www.facebook.com\/acidadeonribeirao\/\" target=\"_blank\" rel=\"noreferrer noopener nofollow\">Facebook<\/a>.<\/p>\n<p>Receba not\u00edcias do <strong>acidade on<\/strong> no WhatsApp. <a href=\"https:\/\/chat.whatsapp.com\/CdrZ6xrf7quD44Vw3WlPuZ\" target=\"_blank\" rel=\"noreferrer noopener nofollow\">Para entrar no grupo, basta clicar aqui.<\/a><\/p>\n<p>Fa\u00e7a uma den\u00fancia ou sugira uma reportagem sobre Ribeir\u00e3o Preto e regi\u00e3o pelo WhatsApp: 16 99117 7802.<\/p>\n<p>VEJA TAMB\u00c9M<br \/>Enem ter\u00e1 novo prazo para inscri\u00e7\u00e3o?<\/p>\n<p>O post USP Ribeir\u00e3o Preto abre processo seletivo; Veja como participar apareceu primeiro em ACidade ON Ribeir\u00e3o Preto.<\/p>\n<p><script async src=\"\/\/www.instagram.com\/embed.js\"><\/script><br \/>\n<br \/><br \/>\n<br \/><a href=\"https:\/\/www.acidadeon.com\/ribeiraopreto\/economia\/usp-ribeirao-preto-abre-processo-seletivo-veja-como-participar\/\">Source link <\/a><\/p>\n<!-- CONTENT END 1 -->\n","protected":false},"excerpt":{"rendered":"<p>A Escola de Educa\u00e7\u00e3o F\u00edsica e Esporte de Ribeir\u00e3o Preto da USP (Universidade de S\u00e3o Paulo) abriu processo seletivo para o cargo de professor contratado&#8230;<\/p>\n","protected":false},"author":1,"featured_media":50430,"comment_status":"open","ping_status":"open","sticky":false,"template":"","format":"standard","meta":{"advanced_seo_description":"","jetpack_seo_html_title":"","jetpack_seo_noindex":false,"jetpack_post_was_ever_published":false,"_jetpack_newsletter_access":"","_jetpack_dont_email_post_to_subs":false,"_jetpack_newsletter_tier_id":0,"_jetpack_memberships_contains_paywalled_content":false,"_jetpack_memberships_contains_paid_content":false,"footnotes":"","jetpack_publicize_message":"","jetpack_publicize_feature_enabled":true,"jetpack_social_post_already_shared":true,"jetpack_social_options":{"image_generator_settings":{"template":"highway","default_image_id":0,"font":"","enabled":false},"version":2}},"categories":[11],"tags":[],"class_list":["post-50429","post","type-post","status-publish","format-standard","has-post-thumbnail","hentry","category-noticias-de-ribeirao-preto-sp-e-regiao-ismael-colosi"],"jetpack_publicize_connections":[],"jetpack_featured_media_url":"https:\/\/i0.wp.com\/noticiasribeiraopreto.com.br\/wp-content\/uploads\/2024\/05\/usp_ribeirao_500x320_26072019111611.jpg?fit=500%2C322&ssl=1","jetpack-related-posts":[{"id":70223,"url":"https:\/\/noticiasribeiraopreto.com.br\/index.php\/2025\/05\/23\/usp-ribeirao-preto-abre-processo-seletivo-para-duas-vagas-veja-como-participar\/","url_meta":{"origin":50429,"position":0},"title":"USP Ribeir\u00e3o Preto abre processo seletivo para duas vagas; Veja como participar","author":"noticiasribeiraopreto.com.br","date":"23 de May de 2025","format":false,"excerpt":"A Faculdade de Filosofia, Ci\u00eancias e Letras de Ribeir\u00e3o Preto da USP (Universidade de S\u00e3o Paulo) publicou edital de processo seletivo com duas vagas para o cargo de professor. Os sal\u00e1rios, para jornada de 12 horas semanais, variam entre R$ 1.920,77 e R$ 2.686,58. As vagas s\u00e3o para professor contratado\u2026","rel":"","context":"In &quot;Not\u00edcias de Ribeir\u00e3o Preto-SP e Regi\u00e3o&quot;","block_context":{"text":"Not\u00edcias de Ribeir\u00e3o Preto-SP e Regi\u00e3o","link":"https:\/\/noticiasribeiraopreto.com.br\/index.php\/category\/noticias-de-ribeirao-preto-sp-e-regiao-ismael-colosi\/"},"img":{"alt_text":"","src":"https:\/\/i0.wp.com\/noticiasribeiraopreto.com.br\/wp-content\/uploads\/2025\/01\/21_2025-01-02_15-54-47_jpg_2025-01-02_15-54-47.webp.webp?fit=1200%2C767&ssl=1&resize=350%2C200","width":350,"height":200,"srcset":"https:\/\/i0.wp.com\/noticiasribeiraopreto.com.br\/wp-content\/uploads\/2025\/01\/21_2025-01-02_15-54-47_jpg_2025-01-02_15-54-47.webp.webp?fit=1200%2C767&ssl=1&resize=350%2C200 1x, https:\/\/i0.wp.com\/noticiasribeiraopreto.com.br\/wp-content\/uploads\/2025\/01\/21_2025-01-02_15-54-47_jpg_2025-01-02_15-54-47.webp.webp?fit=1200%2C767&ssl=1&resize=525%2C300 1.5x, https:\/\/i0.wp.com\/noticiasribeiraopreto.com.br\/wp-content\/uploads\/2025\/01\/21_2025-01-02_15-54-47_jpg_2025-01-02_15-54-47.webp.webp?fit=1200%2C767&ssl=1&resize=700%2C400 2x, https:\/\/i0.wp.com\/noticiasribeiraopreto.com.br\/wp-content\/uploads\/2025\/01\/21_2025-01-02_15-54-47_jpg_2025-01-02_15-54-47.webp.webp?fit=1200%2C767&ssl=1&resize=1050%2C600 3x"},"classes":[]},{"id":59333,"url":"https:\/\/noticiasribeiraopreto.com.br\/index.php\/2024\/10\/21\/usp-ribeirao-preto-abre-processo-seletivo-veja-como-participar-2\/","url_meta":{"origin":50429,"position":1},"title":"USP Ribeir\u00e3o Preto abre processo seletivo; Veja como participar","author":"noticiasribeiraopreto.com.br","date":"21 de October de 2024","format":false,"excerpt":"A Escola de Enfermagem de Ribeir\u00e3o Preto da USP (Universidade de S\u00e3o Paulo) abriu processo seletivo simplificado para contrata\u00e7\u00e3o de professor por prazo determinando. Os sal\u00e1rios para o cargo variam entre R$ 1.920,77 e R$ 2.686,58, conforme o t\u00edtulo do profissional aprovado no processo seletivo. A vaga \u00e9 para o\u2026","rel":"","context":"In &quot;Not\u00edcias de Ribeir\u00e3o Preto-SP e Regi\u00e3o&quot;","block_context":{"text":"Not\u00edcias de Ribeir\u00e3o Preto-SP e Regi\u00e3o","link":"https:\/\/noticiasribeiraopreto.com.br\/index.php\/category\/noticias-de-ribeirao-preto-sp-e-regiao-ismael-colosi\/"},"img":{"alt_text":"","src":"https:\/\/i0.wp.com\/noticiasribeiraopreto.com.br\/wp-content\/uploads\/2024\/03\/AnyConv.com__escola-enfermagem-usp-ribeirao-preto-scaled.webp.webp?fit=1200%2C800&ssl=1&resize=350%2C200","width":350,"height":200,"srcset":"https:\/\/i0.wp.com\/noticiasribeiraopreto.com.br\/wp-content\/uploads\/2024\/03\/AnyConv.com__escola-enfermagem-usp-ribeirao-preto-scaled.webp.webp?fit=1200%2C800&ssl=1&resize=350%2C200 1x, https:\/\/i0.wp.com\/noticiasribeiraopreto.com.br\/wp-content\/uploads\/2024\/03\/AnyConv.com__escola-enfermagem-usp-ribeirao-preto-scaled.webp.webp?fit=1200%2C800&ssl=1&resize=525%2C300 1.5x, https:\/\/i0.wp.com\/noticiasribeiraopreto.com.br\/wp-content\/uploads\/2024\/03\/AnyConv.com__escola-enfermagem-usp-ribeirao-preto-scaled.webp.webp?fit=1200%2C800&ssl=1&resize=700%2C400 2x, https:\/\/i0.wp.com\/noticiasribeiraopreto.com.br\/wp-content\/uploads\/2024\/03\/AnyConv.com__escola-enfermagem-usp-ribeirao-preto-scaled.webp.webp?fit=1200%2C800&ssl=1&resize=1050%2C600 3x"},"classes":[]},{"id":54535,"url":"https:\/\/noticiasribeiraopreto.com.br\/index.php\/2024\/07\/12\/faculdade-de-medicina-de-ribeirao-preto-da-usp-esta-com-inscricoes-abertas-para-pos-graduacao\/","url_meta":{"origin":50429,"position":2},"title":"Faculdade de Medicina de Ribeir\u00e3o Preto da USP est\u00e1 com inscri\u00e7\u00f5es abertas para p\u00f3s-gradua\u00e7\u00e3o","author":"noticiasribeiraopreto.com.br","date":"12 de July de 2024","format":false,"excerpt":"A Faculdade de Medicina de Ribeir\u00e3o Preto da USP (FMRP-USP) est\u00e1 com inscri\u00e7\u00f5es abertas, at\u00e9 o dia 16 de agosto, para o processo seletivo dos programas de p\u00f3s-gradua\u00e7\u00e3o. Ao todo, s\u00e3o 16 vagas, sendo 12 em ampla concorr\u00eancia e quatro para a\u00e7\u00f5es afirmativas. Os interessados podem se inscrever, exclusivamente, pelo\u2026","rel":"","context":"In &quot;Not\u00edcias de Ribeir\u00e3o Preto-SP e Regi\u00e3o&quot;","block_context":{"text":"Not\u00edcias de Ribeir\u00e3o Preto-SP e Regi\u00e3o","link":"https:\/\/noticiasribeiraopreto.com.br\/index.php\/category\/noticias-de-ribeirao-preto-sp-e-regiao-ismael-colosi\/"},"img":{"alt_text":"","src":"https:\/\/i0.wp.com\/noticiasribeiraopreto.com.br\/wp-content\/uploads\/2024\/07\/fmrp4jpg_2024-07-11_23-52-20_jpg_2024-07-11_23-52-21.webp.webp?fit=1200%2C675&ssl=1&resize=350%2C200","width":350,"height":200,"srcset":"https:\/\/i0.wp.com\/noticiasribeiraopreto.com.br\/wp-content\/uploads\/2024\/07\/fmrp4jpg_2024-07-11_23-52-20_jpg_2024-07-11_23-52-21.webp.webp?fit=1200%2C675&ssl=1&resize=350%2C200 1x, https:\/\/i0.wp.com\/noticiasribeiraopreto.com.br\/wp-content\/uploads\/2024\/07\/fmrp4jpg_2024-07-11_23-52-20_jpg_2024-07-11_23-52-21.webp.webp?fit=1200%2C675&ssl=1&resize=525%2C300 1.5x, https:\/\/i0.wp.com\/noticiasribeiraopreto.com.br\/wp-content\/uploads\/2024\/07\/fmrp4jpg_2024-07-11_23-52-20_jpg_2024-07-11_23-52-21.webp.webp?fit=1200%2C675&ssl=1&resize=700%2C400 2x, https:\/\/i0.wp.com\/noticiasribeiraopreto.com.br\/wp-content\/uploads\/2024\/07\/fmrp4jpg_2024-07-11_23-52-20_jpg_2024-07-11_23-52-21.webp.webp?fit=1200%2C675&ssl=1&resize=1050%2C600 3x"},"classes":[]},{"id":67410,"url":"https:\/\/noticiasribeiraopreto.com.br\/index.php\/2025\/04\/13\/usp-tem-inscricoes-abertas-para-transferencia-de-alunos-de-outras-instituicoes-de-ensino\/","url_meta":{"origin":50429,"position":3},"title":"USP tem inscri\u00e7\u00f5es abertas para transfer\u00eancia de alunos de outras institui\u00e7\u00f5es de ensino","author":"noticiasribeiraopreto.com.br","date":"13 de April de 2025","format":false,"excerpt":"Quem est\u00e1 regularmente matriculado em cursos de gradua\u00e7\u00e3o de qualquer institui\u00e7\u00e3o de ensino superior pode participar do exame de transfer\u00eancia para cursos da USP. S\u00e3o 1.124 vagas, sendo 167 vagas para biol\u00f3gicas, 728 vagas para exatas e 176 para humanidades. As inscri\u00e7\u00f5es v\u00e3o at\u00e9 as 12h do dia 5 de\u2026","rel":"","context":"In &quot;Not\u00edcias de Franca-SP&quot;","block_context":{"text":"Not\u00edcias de Franca-SP","link":"https:\/\/noticiasribeiraopreto.com.br\/index.php\/category\/noticias-de-ribeirao-preto-sp-e-regiao-ismael-colosi\/noticias-franca-sp\/"},"img":{"alt_text":"","src":"https:\/\/i0.wp.com\/noticiasribeiraopreto.com.br\/wp-content\/uploads\/2025\/04\/Praca-do-Relogio-no-campus-da-USP-na-capital-.png?fit=1200%2C620&ssl=1&resize=350%2C200","width":350,"height":200,"srcset":"https:\/\/i0.wp.com\/noticiasribeiraopreto.com.br\/wp-content\/uploads\/2025\/04\/Praca-do-Relogio-no-campus-da-USP-na-capital-.png?fit=1200%2C620&ssl=1&resize=350%2C200 1x, https:\/\/i0.wp.com\/noticiasribeiraopreto.com.br\/wp-content\/uploads\/2025\/04\/Praca-do-Relogio-no-campus-da-USP-na-capital-.png?fit=1200%2C620&ssl=1&resize=525%2C300 1.5x, https:\/\/i0.wp.com\/noticiasribeiraopreto.com.br\/wp-content\/uploads\/2025\/04\/Praca-do-Relogio-no-campus-da-USP-na-capital-.png?fit=1200%2C620&ssl=1&resize=700%2C400 2x, https:\/\/i0.wp.com\/noticiasribeiraopreto.com.br\/wp-content\/uploads\/2025\/04\/Praca-do-Relogio-no-campus-da-USP-na-capital-.png?fit=1200%2C620&ssl=1&resize=1050%2C600 3x"},"classes":[]},{"id":58584,"url":"https:\/\/noticiasribeiraopreto.com.br\/index.php\/2024\/10\/01\/quer-estudar-na-usp-ribeirao-preto-veja-como-fazer-a-inscricao-na-fuvest\/","url_meta":{"origin":50429,"position":4},"title":"Quer estudar na USP Ribeir\u00e3o Preto? Veja como fazer a inscri\u00e7\u00e3o na Fuvest","author":"noticiasribeiraopreto.com.br","date":"1 de October de 2024","format":false,"excerpt":"As inscri\u00e7\u00f5es para a Fuvest 2025, principal vestibular de acesso \u00e0 USP (Universidade de S\u00e3o Paulo) terminam ao meio-dia da ter\u00e7a-feira (8). A universidade conta com campus em sete cidades do Estado de S\u00e3o Paulo, incluindo Ribeir\u00e3o Preto \u2013 al\u00e9m de Bauru, Lorena, Piracicaba, Pirassununga, S\u00e3o Carlos e S\u00e3o Paulo.\u2026","rel":"","context":"In &quot;Not\u00edcias de Ribeir\u00e3o Preto-SP e Regi\u00e3o&quot;","block_context":{"text":"Not\u00edcias de Ribeir\u00e3o Preto-SP e Regi\u00e3o","link":"https:\/\/noticiasribeiraopreto.com.br\/index.php\/category\/noticias-de-ribeirao-preto-sp-e-regiao-ismael-colosi\/"},"img":{"alt_text":"","src":"https:\/\/i0.wp.com\/noticiasribeiraopreto.com.br\/wp-content\/uploads\/2024\/10\/CAMPUS-DA-USP-DE-RIBEIRAO-PRETO-1024x683.jpg?fit=1024%2C683&ssl=1&resize=350%2C200","width":350,"height":200,"srcset":"https:\/\/i0.wp.com\/noticiasribeiraopreto.com.br\/wp-content\/uploads\/2024\/10\/CAMPUS-DA-USP-DE-RIBEIRAO-PRETO-1024x683.jpg?fit=1024%2C683&ssl=1&resize=350%2C200 1x, https:\/\/i0.wp.com\/noticiasribeiraopreto.com.br\/wp-content\/uploads\/2024\/10\/CAMPUS-DA-USP-DE-RIBEIRAO-PRETO-1024x683.jpg?fit=1024%2C683&ssl=1&resize=525%2C300 1.5x, https:\/\/i0.wp.com\/noticiasribeiraopreto.com.br\/wp-content\/uploads\/2024\/10\/CAMPUS-DA-USP-DE-RIBEIRAO-PRETO-1024x683.jpg?fit=1024%2C683&ssl=1&resize=700%2C400 2x"},"classes":[]},{"id":65904,"url":"https:\/\/noticiasribeiraopreto.com.br\/index.php\/2025\/03\/25\/usp-e-faepa-contam-com-vagas-abertas-em-ribeirao-preto-veja-como-participar\/","url_meta":{"origin":50429,"position":5},"title":"USP e Faepa contam com vagas abertas em Ribeir\u00e3o Preto; Veja como participar","author":"noticiasribeiraopreto.com.br","date":"25 de March de 2025","format":false,"excerpt":"A USP (Universidade de S\u00e3o Paulo) e Faepa (Funda\u00e7\u00e3o de Apoio ao Ensino, Pesquisa e Assist\u00eancia do Hospital das Cl\u00ednicas) contam com vagas abertas em Ribeir\u00e3o Preto. As vagas est\u00e3o dispon\u00edveis em um concurso p\u00fablico e em um processo seletivo. Confira as vagas Concurso p\u00fablico da USP A USP est\u00e1\u2026","rel":"","context":"In &quot;Not\u00edcias de Ribeir\u00e3o Preto-SP e Regi\u00e3o&quot;","block_context":{"text":"Not\u00edcias de Ribeir\u00e3o Preto-SP e Regi\u00e3o","link":"https:\/\/noticiasribeiraopreto.com.br\/index.php\/category\/noticias-de-ribeirao-preto-sp-e-regiao-ismael-colosi\/"},"img":{"alt_text":"","src":"https:\/\/i0.wp.com\/noticiasribeiraopreto.com.br\/wp-content\/uploads\/2024\/08\/concurso-publico-ribeirao-preto_2024-08-13_10-44-40_jpg_2024-08-13_10-44-40.webp.webp?fit=1200%2C800&ssl=1&resize=350%2C200","width":350,"height":200,"srcset":"https:\/\/i0.wp.com\/noticiasribeiraopreto.com.br\/wp-content\/uploads\/2024\/08\/concurso-publico-ribeirao-preto_2024-08-13_10-44-40_jpg_2024-08-13_10-44-40.webp.webp?fit=1200%2C800&ssl=1&resize=350%2C200 1x, https:\/\/i0.wp.com\/noticiasribeiraopreto.com.br\/wp-content\/uploads\/2024\/08\/concurso-publico-ribeirao-preto_2024-08-13_10-44-40_jpg_2024-08-13_10-44-40.webp.webp?fit=1200%2C800&ssl=1&resize=525%2C300 1.5x, https:\/\/i0.wp.com\/noticiasribeiraopreto.com.br\/wp-content\/uploads\/2024\/08\/concurso-publico-ribeirao-preto_2024-08-13_10-44-40_jpg_2024-08-13_10-44-40.webp.webp?fit=1200%2C800&ssl=1&resize=700%2C400 2x, https:\/\/i0.wp.com\/noticiasribeiraopreto.com.br\/wp-content\/uploads\/2024\/08\/concurso-publico-ribeirao-preto_2024-08-13_10-44-40_jpg_2024-08-13_10-44-40.webp.webp?fit=1200%2C800&ssl=1&resize=1050%2C600 3x"},"classes":[]}],"jetpack_sharing_enabled":true,"jetpack_shortlink":"https:\/\/wp.me\/peQAOb-d7n","_links":{"self":[{"href":"https:\/\/noticiasribeiraopreto.com.br\/index.php\/wp-json\/wp\/v2\/posts\/50429","targetHints":{"allow":["GET"]}}],"collection":[{"href":"https:\/\/noticiasribeiraopreto.com.br\/index.php\/wp-json\/wp\/v2\/posts"}],"about":[{"href":"https:\/\/noticiasribeiraopreto.com.br\/index.php\/wp-json\/wp\/v2\/types\/post"}],"author":[{"embeddable":true,"href":"https:\/\/noticiasribeiraopreto.com.br\/index.php\/wp-json\/wp\/v2\/users\/1"}],"replies":[{"embeddable":true,"href":"https:\/\/noticiasribeiraopreto.com.br\/index.php\/wp-json\/wp\/v2\/comments?post=50429"}],"version-history":[{"count":0,"href":"https:\/\/noticiasribeiraopreto.com.br\/index.php\/wp-json\/wp\/v2\/posts\/50429\/revisions"}],"wp:featuredmedia":[{"embeddable":true,"href":"https:\/\/noticiasribeiraopreto.com.br\/index.php\/wp-json\/wp\/v2\/media\/50430"}],"wp:attachment":[{"href":"https:\/\/noticiasribeiraopreto.com.br\/index.php\/wp-json\/wp\/v2\/media?parent=50429"}],"wp:term":[{"taxonomy":"category","embeddable":true,"href":"https:\/\/noticiasribeiraopreto.com.br\/index.php\/wp-json\/wp\/v2\/categories?post=50429"},{"taxonomy":"post_tag","embeddable":true,"href":"https:\/\/noticiasribeiraopreto.com.br\/index.php\/wp-json\/wp\/v2\/tags?post=50429"}],"curies":[{"name":"wp","href":"https:\/\/api.w.org\/{rel}","templated":true}]}}