{"id":5043,"date":"2023-11-22T18:25:49","date_gmt":"2023-11-22T21:25:49","guid":{"rendered":"https:\/\/noticiasribeiraopreto.com.br\/index.php\/2023\/11\/22\/interior-do-estado-de-sp-tem-alerta-da-defesa-civil-para-temporais-de-ate-170-milimetros\/"},"modified":"2023-11-22T18:25:49","modified_gmt":"2023-11-22T21:25:49","slug":"interior-do-estado-de-sp-tem-alerta-da-defesa-civil-para-temporais-de-ate-170-milimetros","status":"publish","type":"post","link":"https:\/\/noticiasribeiraopreto.com.br\/index.php\/2023\/11\/22\/interior-do-estado-de-sp-tem-alerta-da-defesa-civil-para-temporais-de-ate-170-milimetros\/","title":{"rendered":"Interior do estado de SP tem alerta da Defesa Civil para temporais de at\u00e9 170 mil\u00edmetros"},"content":{"rendered":"<div class='code-block code-block-1' style='margin: 8px 0 8px auto; text-align: right; display: block; clear: both;'>\n<p><a href=\"https:\/\/wa.link\/vpicfd\"><img data-recalc-dims=\"1\" class=\"wp-image-4922\" style=\"aspect-ratio: 2.0253164556962027; width: 561px; height: auto;\" src=\"https:\/\/i0.wp.com\/ismaelcolosi.com.br\/wp-content\/uploads\/2023\/11\/grupo-de-empregos-whatsapp-e-facebook-ismael-colosi-vagas.jpg?ssl=1\" alt=\"\" \/><\/a><\/p>\n<!-- \/wp:image -->\n<\/div>\n<p> <br \/>\n<\/p>\n<div>\n<p>A <strong>Defesa Civil<\/strong> publicou um alerta nesta quarta-feira (22) para temporais que podem ocorrer no <strong>interior de S\u00e3o Paulo<\/strong> entre quinta-feira (23) e s\u00e1bado (25).\u00a0 As chuvas podem atingir o acumulado de <strong>170 mil\u00edmetros<\/strong> e s\u00e3o motivadas por uma frente fria que chegou ao estado.<\/p>\n<p>De acordo com o \u00f3rg\u00e3o, h\u00e1 possibilidade de pancadas de chuvas virem acompanhadas de <strong>rajadas de vento de at\u00e9 80km\/h.<\/strong><\/p>\n<p><mark style=\"background-color:#fcb900\" class=\"has-inline-color\">Para as regi\u00f5es de <strong>Ribeir\u00e3o Preto<\/strong>, <strong>Barretos<\/strong>, <strong>Franca <\/strong>e <strong>Araraquara <\/strong>s\u00e3o esperados acumulados de at\u00e9 70 mm. <strong>Chuva considerada moderada<\/strong>.<\/mark><\/p>\n<p>J\u00e1 para as regi\u00f5es de Ara\u00e7atuba, Bauru, S\u00e3o Jos\u00e9 do Rio Preto, Itapeva e Vale do Ribeira, a previs\u00e3o \u00e9 de 100 mm, <strong>durante \u00e0s 72 horas do alerta<\/strong>, chuva considerada forte.<\/p>\n<p>Nas regi\u00f5es de Mar\u00edlia, Presidente Prudente, Serra da Mantiqueira e Vale do Para\u00edba, o acumulado pode ser de 110 mm.<strong> <\/strong>Em Campinas e Sorocaba, 170 mm, <strong>chuva severa<\/strong>. <\/p>\n<h4 class=\"wp-block-heading\"><strong>Orienta\u00e7\u00f5es<\/strong><\/h4>\n<p>Devido ao alerta emitido, o \u00f3rg\u00e3o recomenda que os moradores dessas regi\u00f5es <strong>evitem \u00e1reas arborizadas durante a tempestade<\/strong>, devido ao risco de quedas de \u00e1rvores.<\/p>\n<p>Tamb\u00e9m deve ser evitado enfrentar \u00e1reas alagadas ou com enxurradas. <mark style=\"background-color:#fcb900\" class=\"has-inline-color\">Uma l\u00e2mina com 15 cm de \u00e1gua pode arrastar uma pessoa e com 30 cm levar um autom\u00f3vel.<\/mark><\/p>\n<p>A <strong>Defesa Civil<\/strong> ainda recomenda que pessoas que moram em \u00e1reas de encosta observem os sinais de movimenta\u00e7\u00e3o do solo. Isso porque no processo de deslizamento \u00e9 comum surgirem rachaduras nas paredes dos im\u00f3veis, portas e janelas emperrarem, postes e \u00e1rvores se inclinarem e \u00e1gua lamacenta escorrer pelo morro.<\/p>\n<p>VEJA TAMB\u00c9M<\/p>\n<p>Chuva chega a Ribeir\u00e3o Preto e deve continuar ao longo da semana<\/p>\n<h4 class=\"wp-block-heading\"><strong><mark style=\"background-color:#fcb900\" class=\"has-inline-color\">FIQUE ON<\/mark><\/strong><\/h4>\n<p>Fique ligado em tudo que acontece em Ribeir\u00e3o Preto e regi\u00e3o. Siga os perfis do\u00a0<strong>acidade on<\/strong>\u00a0no\u00a0<a href=\"https:\/\/www.instagram.com\/acidadeonribeirao\" target=\"_blank\" rel=\"noreferrer noopener\">Instagram\u00a0<\/a>e no<a href=\"https:\/\/www.facebook.com\/acidadeonribeirao\" target=\"_blank\" rel=\"noreferrer noopener\">\u00a0Facebook.<\/a><\/p>\n<p>Receba not\u00edcias do\u00a0<strong>acidade on<\/strong>\u00a0no WhatsApp.<a href=\"https:\/\/www.instagram.com\/acidadeonribeirao\" target=\"_blank\" rel=\"noreferrer noopener\">\u00a0Para entrar no grupo, basta clicar aqui.<\/a><\/p>\n<p>Fa\u00e7a uma den\u00fancia ou sugira uma reportagem sobre a Ribeir\u00e3o Preto e regi\u00e3o pelo WhatsApp: (16) 99117 7802.<\/p>\n<p>LEIA MAIS<\/p>\n<p><a href=\"https:\/\/www.tudoep.com\/tudo-valor\/NOT,0,0,1868116,saiba-quais-serao-beneficios-para-os-trabalhadores-temporarios-clt.aspx\" target=\"_blank\" rel=\"noreferrer noopener\">Saiba quais ser\u00e3o benef\u00edcios para os trabalhadores tempor\u00e1rios CLT<\/a><\/p>\n<p><!-- AI CONTENT END 1 -->\n<\/div>\n<p><script async src=\"\/\/www.instagram.com\/embed.js\"><\/script><br \/>\n<br \/><br \/>\n<br \/><a href=\"https:\/\/www.acidadeon.com\/ribeiraopreto\/cotidiano\/interior-do-estado-de-sp-tem-alerta-da-defesa-civil-para-temporais-de-ate-170-milimetros\/\">Source link <\/a><\/p>\n<!-- CONTENT END 1 -->\n","protected":false},"excerpt":{"rendered":"<p>A Defesa Civil publicou um alerta nesta quarta-feira (22) para temporais que podem ocorrer no interior de S\u00e3o Paulo entre quinta-feira (23) e s\u00e1bado (25).\u00a0&#8230;<\/p>\n","protected":false},"author":1,"featured_media":5044,"comment_status":"open","ping_status":"open","sticky":false,"template":"","format":"standard","meta":{"advanced_seo_description":"","jetpack_seo_html_title":"","jetpack_seo_noindex":false,"jetpack_post_was_ever_published":false,"_jetpack_newsletter_access":"","_jetpack_dont_email_post_to_subs":false,"_jetpack_newsletter_tier_id":0,"_jetpack_memberships_contains_paywalled_content":false,"_jetpack_memberships_contains_paid_content":false,"footnotes":"","jetpack_publicize_message":"","jetpack_publicize_feature_enabled":true,"jetpack_social_post_already_shared":true,"jetpack_social_options":{"image_generator_settings":{"template":"highway","default_image_id":0,"font":"","enabled":false},"version":2}},"categories":[11],"tags":[163,103,450,544,160,237,546,71,162,545],"class_list":["post-5043","post","type-post","status-publish","format-standard","has-post-thumbnail","hentry","category-noticias-de-ribeirao-preto-sp-e-regiao-ismael-colosi","tag-alerta","tag-ate","tag-civil","tag-defesa","tag-estado","tag-interior","tag-milimetros","tag-para","tag-tem","tag-temporais"],"jetpack_publicize_connections":[],"jetpack_featured_media_url":"https:\/\/i0.wp.com\/noticiasribeiraopreto.com.br\/wp-content\/uploads\/2023\/11\/WhatsApp-Image-2023-10-27-at-06.48.27.jpeg?fit=1600%2C720&ssl=1","jetpack-related-posts":[{"id":26830,"url":"https:\/\/noticiasribeiraopreto.com.br\/index.php\/2024\/01\/10\/defesa-civil-alerta-para-chuvas-fortes-de-ate-100-milimetros-no-interior-de-sp\/","url_meta":{"origin":5043,"position":0},"title":"Defesa Civil alerta para chuvas fortes de at\u00e9 100 mil\u00edmetros no interior de SP","author":"noticiasribeiraopreto.com.br","date":"10 de January de 2024","format":false,"excerpt":"A Defesa Civil publicou nesta quarta-feira (10), um alerta de chuva forte para grande parte do estado de S\u00e3o Paulo, entre quinta-feira (11) e s\u00e1bado (13). De acordo com o \u00f3rg\u00e3o, as chuvas s\u00e3o motivadas pelo deslocamento de uma frente fria. Ribeir\u00e3o Preto, Barretos e Franca aparecem entre as regi\u00f5es\u2026","rel":"","context":"In &quot;Not\u00edcias de Ribeir\u00e3o Preto-SP e Regi\u00e3o&quot;","block_context":{"text":"Not\u00edcias de Ribeir\u00e3o Preto-SP e Regi\u00e3o","link":"https:\/\/noticiasribeiraopreto.com.br\/index.php\/category\/noticias-de-ribeirao-preto-sp-e-regiao-ismael-colosi\/"},"img":{"alt_text":"","src":"https:\/\/noticiasribeiraopreto.com.br\/wp-content\/uploads\/2024\/01\/whatsapp_image_2023-01-06_at_18_24_13.jpe","width":350,"height":200,"srcset":"https:\/\/noticiasribeiraopreto.com.br\/wp-content\/uploads\/2024\/01\/whatsapp_image_2023-01-06_at_18_24_13.jpe 1x, https:\/\/noticiasribeiraopreto.com.br\/wp-content\/uploads\/2024\/01\/whatsapp_image_2023-01-06_at_18_24_13.jpe 1.5x, https:\/\/noticiasribeiraopreto.com.br\/wp-content\/uploads\/2024\/01\/whatsapp_image_2023-01-06_at_18_24_13.jpe 2x, https:\/\/noticiasribeiraopreto.com.br\/wp-content\/uploads\/2024\/01\/whatsapp_image_2023-01-06_at_18_24_13.jpe 3x"},"classes":[]},{"id":32333,"url":"https:\/\/noticiasribeiraopreto.com.br\/index.php\/2024\/01\/24\/defesa-civil-publica-alerta-de-chuvas-fortes-para-o-interior-de-sp-veja-os-locais\/","url_meta":{"origin":5043,"position":1},"title":"Defesa Civil publica alerta de chuvas fortes para o interior de SP; Veja os locais","author":"noticiasribeiraopreto.com.br","date":"24 de January de 2024","format":false,"excerpt":"A Defesa Civil estadual publicou um novo alerta de chuvas para o interior e litoral de S\u00e3o Paulo. O aviso \u00e9 v\u00e1lido o para o per\u00edodo entre quinta-feira (25) e s\u00e1bado (27). Segundo o alerta, h\u00e1 previs\u00e3o de chuva moderada para as regi\u00f5es de Campinas (acumulado previsto de 60 mil\u00edmetros)\u2026","rel":"","context":"In &quot;Not\u00edcias de Ribeir\u00e3o Preto-SP e Regi\u00e3o&quot;","block_context":{"text":"Not\u00edcias de Ribeir\u00e3o Preto-SP e Regi\u00e3o","link":"https:\/\/noticiasribeiraopreto.com.br\/index.php\/category\/noticias-de-ribeirao-preto-sp-e-regiao-ismael-colosi\/"},"img":{"alt_text":"","src":"https:\/\/i0.wp.com\/noticiasribeiraopreto.com.br\/wp-content\/uploads\/2024\/01\/1706139756_chuva_temporal_1024x576_07012021130023.jpg?fit=1024%2C575&ssl=1&resize=350%2C200","width":350,"height":200,"srcset":"https:\/\/i0.wp.com\/noticiasribeiraopreto.com.br\/wp-content\/uploads\/2024\/01\/1706139756_chuva_temporal_1024x576_07012021130023.jpg?fit=1024%2C575&ssl=1&resize=350%2C200 1x, https:\/\/i0.wp.com\/noticiasribeiraopreto.com.br\/wp-content\/uploads\/2024\/01\/1706139756_chuva_temporal_1024x576_07012021130023.jpg?fit=1024%2C575&ssl=1&resize=525%2C300 1.5x, https:\/\/i0.wp.com\/noticiasribeiraopreto.com.br\/wp-content\/uploads\/2024\/01\/1706139756_chuva_temporal_1024x576_07012021130023.jpg?fit=1024%2C575&ssl=1&resize=700%2C400 2x"},"classes":[]},{"id":60126,"url":"https:\/\/noticiasribeiraopreto.com.br\/index.php\/2024\/11\/06\/nova-frente-fria-deve-provocar-chuva-de-ate-200-milimetros-no-interior-de-sp\/","url_meta":{"origin":5043,"position":2},"title":"Nova frente fria deve provocar chuva de at\u00e9 200 mil\u00edmetros no interior de SP","author":"noticiasribeiraopreto.com.br","date":"6 de November de 2024","format":false,"excerpt":"O avan\u00e7o de uma nova frente fria, nesta quinta-feira (7), deve provocar temporais em diversas regi\u00f5es do Estado de S\u00e3o Paulo. Em algumas regi\u00f5es do interior paulista o acumulado de chuva pode chegar aos 200 mil\u00edmetros \u2013 saiba mais abaixo. De acordo com a Climatempo, a circula\u00e7\u00e3o de ventos em\u2026","rel":"","context":"In &quot;Not\u00edcias de Ribeir\u00e3o Preto-SP e Regi\u00e3o&quot;","block_context":{"text":"Not\u00edcias de Ribeir\u00e3o Preto-SP e Regi\u00e3o","link":"https:\/\/noticiasribeiraopreto.com.br\/index.php\/category\/noticias-de-ribeirao-preto-sp-e-regiao-ismael-colosi\/"},"img":{"alt_text":"","src":"https:\/\/i0.wp.com\/noticiasribeiraopreto.com.br\/wp-content\/uploads\/2024\/10\/WhatsApp-Image-2024-10-23-at-18.14.43_2024-10-23_22-19-38_jpeg_2024-10-23_22-19-39-scaled.webp.webp?fit=1200%2C675&ssl=1&resize=350%2C200","width":350,"height":200,"srcset":"https:\/\/i0.wp.com\/noticiasribeiraopreto.com.br\/wp-content\/uploads\/2024\/10\/WhatsApp-Image-2024-10-23-at-18.14.43_2024-10-23_22-19-38_jpeg_2024-10-23_22-19-39-scaled.webp.webp?fit=1200%2C675&ssl=1&resize=350%2C200 1x, https:\/\/i0.wp.com\/noticiasribeiraopreto.com.br\/wp-content\/uploads\/2024\/10\/WhatsApp-Image-2024-10-23-at-18.14.43_2024-10-23_22-19-38_jpeg_2024-10-23_22-19-39-scaled.webp.webp?fit=1200%2C675&ssl=1&resize=525%2C300 1.5x, https:\/\/i0.wp.com\/noticiasribeiraopreto.com.br\/wp-content\/uploads\/2024\/10\/WhatsApp-Image-2024-10-23-at-18.14.43_2024-10-23_22-19-38_jpeg_2024-10-23_22-19-39-scaled.webp.webp?fit=1200%2C675&ssl=1&resize=700%2C400 2x, https:\/\/i0.wp.com\/noticiasribeiraopreto.com.br\/wp-content\/uploads\/2024\/10\/WhatsApp-Image-2024-10-23-at-18.14.43_2024-10-23_22-19-38_jpeg_2024-10-23_22-19-39-scaled.webp.webp?fit=1200%2C675&ssl=1&resize=1050%2C600 3x"},"classes":[]},{"id":60941,"url":"https:\/\/noticiasribeiraopreto.com.br\/index.php\/2024\/11\/29\/interior-de-sp-esta-em-alerta-de-temporal-chuva-pode-chegar-a-100-milimetros\/","url_meta":{"origin":5043,"position":3},"title":"Interior de SP est\u00e1 em alerta de temporal; Chuva pode chegar a 100 mil\u00edmetros","author":"noticiasribeiraopreto.com.br","date":"29 de November de 2024","format":false,"excerpt":"O final de semana ser\u00e1 marcado por instabilidades no Estado de S\u00e3o Paulo, de acordo com os meteorologistas. Uma frente fria se desloca pelo mar, assim, favorece o direcionamento de mais umidade do Norte ao Sudeste do Brasil. Nesta sexta-feira (29), a chuva come\u00e7a a avan\u00e7ar de maneira significativa e\u2026","rel":"","context":"In &quot;Not\u00edcias de Ribeir\u00e3o Preto-SP e Regi\u00e3o&quot;","block_context":{"text":"Not\u00edcias de Ribeir\u00e3o Preto-SP e Regi\u00e3o","link":"https:\/\/noticiasribeiraopreto.com.br\/index.php\/category\/noticias-de-ribeirao-preto-sp-e-regiao-ismael-colosi\/"},"img":{"alt_text":"","src":"https:\/\/i0.wp.com\/noticiasribeiraopreto.com.br\/wp-content\/uploads\/2024\/11\/chuva_sexta_06_2024-11-29_16-33-16.webp.webp?fit=1024%2C768&ssl=1&resize=350%2C200","width":350,"height":200,"srcset":"https:\/\/i0.wp.com\/noticiasribeiraopreto.com.br\/wp-content\/uploads\/2024\/11\/chuva_sexta_06_2024-11-29_16-33-16.webp.webp?fit=1024%2C768&ssl=1&resize=350%2C200 1x, https:\/\/i0.wp.com\/noticiasribeiraopreto.com.br\/wp-content\/uploads\/2024\/11\/chuva_sexta_06_2024-11-29_16-33-16.webp.webp?fit=1024%2C768&ssl=1&resize=525%2C300 1.5x, https:\/\/i0.wp.com\/noticiasribeiraopreto.com.br\/wp-content\/uploads\/2024\/11\/chuva_sexta_06_2024-11-29_16-33-16.webp.webp?fit=1024%2C768&ssl=1&resize=700%2C400 2x"},"classes":[]},{"id":2522,"url":"https:\/\/noticiasribeiraopreto.com.br\/index.php\/2023\/11\/15\/defesa-civil-do-estado-de-sp-emite-alerta-para-ventos-e-tempestades\/","url_meta":{"origin":5043,"position":4},"title":"Defesa Civil do Estado de SP emite alerta para ventos e tempestades","author":"noticiasribeiraopreto.com.br","date":"15 de November de 2023","format":false,"excerpt":"A Defesa Civil do Estado de S\u00e3o Paulo emitiu, na tarde desta quinta-feira (15), um alerta para a chegada de uma frente fria que deve provocar tempestades volumosas e ventos fortes. O alerta \u00e9 para o per\u00edodo entre a sexta-feira (17) e domingo (19) e prev\u00ea chuva intensa, que pode\u2026","rel":"","context":"In &quot;Not\u00edcias de Ribeir\u00e3o Preto-SP e Regi\u00e3o&quot;","block_context":{"text":"Not\u00edcias de Ribeir\u00e3o Preto-SP e Regi\u00e3o","link":"https:\/\/noticiasribeiraopreto.com.br\/index.php\/category\/noticias-de-ribeirao-preto-sp-e-regiao-ismael-colosi\/"},"img":{"alt_text":"","src":"https:\/\/i0.wp.com\/noticiasribeiraopreto.com.br\/wp-content\/uploads\/2023\/11\/WhatsApp-Image-2023-11-15-at-18.38.17.jpeg?fit=1200%2C709&ssl=1&resize=350%2C200","width":350,"height":200,"srcset":"https:\/\/i0.wp.com\/noticiasribeiraopreto.com.br\/wp-content\/uploads\/2023\/11\/WhatsApp-Image-2023-11-15-at-18.38.17.jpeg?fit=1200%2C709&ssl=1&resize=350%2C200 1x, https:\/\/i0.wp.com\/noticiasribeiraopreto.com.br\/wp-content\/uploads\/2023\/11\/WhatsApp-Image-2023-11-15-at-18.38.17.jpeg?fit=1200%2C709&ssl=1&resize=525%2C300 1.5x, https:\/\/i0.wp.com\/noticiasribeiraopreto.com.br\/wp-content\/uploads\/2023\/11\/WhatsApp-Image-2023-11-15-at-18.38.17.jpeg?fit=1200%2C709&ssl=1&resize=700%2C400 2x, https:\/\/i0.wp.com\/noticiasribeiraopreto.com.br\/wp-content\/uploads\/2023\/11\/WhatsApp-Image-2023-11-15-at-18.38.17.jpeg?fit=1200%2C709&ssl=1&resize=1050%2C600 3x"},"classes":[]},{"id":29511,"url":"https:\/\/noticiasribeiraopreto.com.br\/index.php\/2024\/01\/18\/interior-de-sp-tem-alerta-de-chuvas-intensas-veja-os-locais-afetados\/","url_meta":{"origin":5043,"position":5},"title":"Interior de SP tem alerta de chuvas intensas; Veja os locais afetados","author":"noticiasribeiraopreto.com.br","date":"18 de January de 2024","format":false,"excerpt":"O Inmet (Instituto Nacional de Meteorologia) publicou nesta quinta-feira (18) um alerta de chuvas intensas para o interior de S\u00e3o Paulo. O aviso \u00e9 v\u00e1lido at\u00e9 as 10h desta sexta-feira (19). De acordo com o \u00f3rg\u00e3o, pode chover o acumulado de at\u00e9 50 mil\u00edmetros no per\u00edodo de um dia e\u2026","rel":"","context":"In &quot;Not\u00edcias de Ribeir\u00e3o Preto-SP e Regi\u00e3o&quot;","block_context":{"text":"Not\u00edcias de Ribeir\u00e3o Preto-SP e Regi\u00e3o","link":"https:\/\/noticiasribeiraopreto.com.br\/index.php\/category\/noticias-de-ribeirao-preto-sp-e-regiao-ismael-colosi\/"},"img":{"alt_text":"","src":"https:\/\/i0.wp.com\/noticiasribeiraopreto.com.br\/wp-content\/uploads\/2024\/01\/chuva-no-interior.jpeg?fit=1200%2C903&ssl=1&resize=350%2C200","width":350,"height":200,"srcset":"https:\/\/i0.wp.com\/noticiasribeiraopreto.com.br\/wp-content\/uploads\/2024\/01\/chuva-no-interior.jpeg?fit=1200%2C903&ssl=1&resize=350%2C200 1x, https:\/\/i0.wp.com\/noticiasribeiraopreto.com.br\/wp-content\/uploads\/2024\/01\/chuva-no-interior.jpeg?fit=1200%2C903&ssl=1&resize=525%2C300 1.5x, https:\/\/i0.wp.com\/noticiasribeiraopreto.com.br\/wp-content\/uploads\/2024\/01\/chuva-no-interior.jpeg?fit=1200%2C903&ssl=1&resize=700%2C400 2x, https:\/\/i0.wp.com\/noticiasribeiraopreto.com.br\/wp-content\/uploads\/2024\/01\/chuva-no-interior.jpeg?fit=1200%2C903&ssl=1&resize=1050%2C600 3x"},"classes":[]}],"jetpack_sharing_enabled":true,"jetpack_shortlink":"https:\/\/wp.me\/peQAOb-1jl","_links":{"self":[{"href":"https:\/\/noticiasribeiraopreto.com.br\/index.php\/wp-json\/wp\/v2\/posts\/5043","targetHints":{"allow":["GET"]}}],"collection":[{"href":"https:\/\/noticiasribeiraopreto.com.br\/index.php\/wp-json\/wp\/v2\/posts"}],"about":[{"href":"https:\/\/noticiasribeiraopreto.com.br\/index.php\/wp-json\/wp\/v2\/types\/post"}],"author":[{"embeddable":true,"href":"https:\/\/noticiasribeiraopreto.com.br\/index.php\/wp-json\/wp\/v2\/users\/1"}],"replies":[{"embeddable":true,"href":"https:\/\/noticiasribeiraopreto.com.br\/index.php\/wp-json\/wp\/v2\/comments?post=5043"}],"version-history":[{"count":0,"href":"https:\/\/noticiasribeiraopreto.com.br\/index.php\/wp-json\/wp\/v2\/posts\/5043\/revisions"}],"wp:featuredmedia":[{"embeddable":true,"href":"https:\/\/noticiasribeiraopreto.com.br\/index.php\/wp-json\/wp\/v2\/media\/5044"}],"wp:attachment":[{"href":"https:\/\/noticiasribeiraopreto.com.br\/index.php\/wp-json\/wp\/v2\/media?parent=5043"}],"wp:term":[{"taxonomy":"category","embeddable":true,"href":"https:\/\/noticiasribeiraopreto.com.br\/index.php\/wp-json\/wp\/v2\/categories?post=5043"},{"taxonomy":"post_tag","embeddable":true,"href":"https:\/\/noticiasribeiraopreto.com.br\/index.php\/wp-json\/wp\/v2\/tags?post=5043"}],"curies":[{"name":"wp","href":"https:\/\/api.w.org\/{rel}","templated":true}]}}