{"id":50435,"date":"2024-05-16T11:21:40","date_gmt":"2024-05-16T14:21:40","guid":{"rendered":"https:\/\/noticiasribeiraopreto.com.br\/index.php\/2024\/05\/16\/interior-de-sp-tem-previsao-de-chuva-por-causa-de-nova-frente-fria-veja-quando\/"},"modified":"2024-05-16T11:21:40","modified_gmt":"2024-05-16T14:21:40","slug":"interior-de-sp-tem-previsao-de-chuva-por-causa-de-nova-frente-fria-veja-quando","status":"publish","type":"post","link":"https:\/\/noticiasribeiraopreto.com.br\/index.php\/2024\/05\/16\/interior-de-sp-tem-previsao-de-chuva-por-causa-de-nova-frente-fria-veja-quando\/","title":{"rendered":"Interior de SP tem previs\u00e3o de chuva por causa de nova frente fria; Veja quando"},"content":{"rendered":"<div class='code-block code-block-1' style='margin: 8px 0 8px auto; text-align: right; display: block; clear: both;'>\n<p><a href=\"https:\/\/wa.link\/vpicfd\"><img data-recalc-dims=\"1\" class=\"wp-image-4922\" style=\"aspect-ratio: 2.0253164556962027; width: 561px; height: auto;\" src=\"https:\/\/i0.wp.com\/ismaelcolosi.com.br\/wp-content\/uploads\/2023\/11\/grupo-de-empregos-whatsapp-e-facebook-ismael-colosi-vagas.jpg?ssl=1\" alt=\"\" \/><\/a><\/p>\n<!-- \/wp:image -->\n<\/div>\n<p> <br \/>\n<\/p>\n<div data-td-block-uid=\"tdi_101\">\n<div class=\"tdb-block-inner td-fix-index\">\n<p><strong>O deslocamento de uma frente fria pode trazer chuva a interior de S\u00e3o Paulo no pr\u00f3ximo domingo (19) e na segunda-feira (20).<\/strong><\/p>\n<p>Segundo a <a href=\"https:\/\/www.climatempo.com.br\/\" target=\"_blank\" rel=\"noreferrer noopener\">Climatempo<\/a>, no <strong>domingo <\/strong>h\u00e1 <strong>expectativa <\/strong>da <strong>entrada <\/strong>de <strong>umidade <\/strong>no <strong>interior paulista<\/strong>.<span style=\"background-color:#f7cc62\" class=\"td_text_highlight_marker\"> A frente fria deve deixar instabilidades e ajudar na forma\u00e7\u00e3o de nuvens carregadas na regi\u00e3o de Ribeir\u00e3o Preto.<\/span><\/p>\n<p>Em <strong>Ribeir\u00e3o<\/strong>, o <strong>domingo <\/strong>pode come\u00e7ar com <strong>sol<\/strong>. <span style=\"background-color:#f7cc62\" class=\"td_text_highlight_marker\">As pancadas de chuva s\u00e3o esperadas para o fim da tarde na cidade, conforme a meteorologia.<\/span><\/p>\n<p>Na <strong>segunda <\/strong>ainda h\u00e1 <strong>possibilidade <\/strong>de <strong>chuva <\/strong>em <strong>Ribeir\u00e3o<\/strong>, mas n\u00e3o muito expressiva.<\/p>\n<h2 class=\"wp-block-heading\"><strong>Veja a previs\u00e3o do tempo para 5 dias em Ribeir\u00e3o Preto:<\/strong><\/h2>\n<p>18\u00b0C \/ 33\u00b0C<\/p>\n<p>Sol com algumas nuvens. N\u00e3o chove.<\/p>\n<p>Chuva: 0 mm \/ 0%<\/p>\n<p>Umidade do ar: 32% \/ 84%<\/p>\n<p>19\u00b0C \/ 34\u00b0C<\/p>\n<p>Sol o dia todo sem nuvens no c\u00e9u. Noite de tempo aberto ainda sem nuvens.<\/p>\n<p>Chuva: 0 mm \/ 3%<\/p>\n<p>Umidade do ar: 34% \/ 65%<\/p>\n<p>19\u00b0C \/ 33\u00b0C<\/p>\n<p>Sol com algumas nuvens. N\u00e3o chove.<\/p>\n<p>Chuva: 0 mm \/ 3%<\/p>\n<p>Umidade do ar: 34% \/ 72%<\/p>\n<p>18\u00b0C \/ 32\u00b0C<\/p>\n<p>Sol e aumento de nuvens de manh\u00e3. Pancadas de chuva \u00e0 tarde e \u00e0 noite.<\/p>\n<p>Chuva: 5 mm \/ 9%<\/p>\n<p>Umidade do ar: 33% \/ 68%<\/p>\n<p><strong>Segunda-feira (20)<\/strong><\/p>\n<p>19\u00b0C \/ 31\u00b0C<\/p>\n<p>Sol e aumento de nuvens de manh\u00e3. Pancadas de chuva \u00e0 tarde. \u00c0 noite o tempo fica aberto.<\/p>\n<p>Chuva: 2 mm \/ 5%<\/p>\n<p>Umidade do ar: 33% \/ 61%<\/p>\n<p>Fonte: Climatempo<\/p>\n<p>SAIBA MAIS<\/p>\n<p>PF de Ribeir\u00e3o faz opera\u00e7\u00e3o contra lavagem de dinheiro do tr\u00e1fico de drogas e contrabando<\/p>\n<h4 class=\"wp-block-heading\"><strong>FIQUE ON<\/strong><\/h4>\n<p>Fique ligado em tudo que acontece em Ribeir\u00e3o Preto e regi\u00e3o. Siga os perfis do<strong>\u00a0acidade on\u00a0<\/strong>no<a href=\"https:\/\/www.instagram.com\/acidadeonribeirao\" target=\"_blank\" rel=\"noreferrer noopener\">\u00a0Instagram<\/a>\u00a0e no\u00a0<a href=\"https:\/\/www.facebook.com\/acidadeonribeirao\/\" target=\"_blank\" rel=\"noreferrer noopener\">Facebook<\/a>.<\/p>\n<p>Receba not\u00edcias do<strong>\u00a0acidade on<\/strong>\u00a0no WhatsApp.\u00a0<a href=\"https:\/\/chat.whatsapp.com\/CdrZ6xrf7quD44Vw3WlPuZ\" target=\"_blank\" rel=\"noreferrer noopener\">Para entrar no grupo, basta clicar aqui.<\/a><\/p>\n<p>Fa\u00e7a uma den\u00fancia ou sugira uma reportagem sobre Ribeir\u00e3o Preto e regi\u00e3o pelo WhatsApp: 16 99117 7802.<\/p>\n<p>VEJA TAMB\u00c9M<\/p>\n<p>Como e onde sacar o PIS\/Pasep 2024?<\/p>\n<p><!-- AI CONTENT END 3 -->\n<\/div>\n<\/div>\n<p><script async src=\"\/\/www.instagram.com\/embed.js\"><\/script><br \/>\n<br \/><br \/>\n<br \/><a href=\"https:\/\/www.acidadeon.com\/ribeiraopreto\/cotidiano\/interior-de-sp-tem-previsao-de-chuva-por-causa-de-nova-frente-fria-veja-quando\/\">Source link <\/a><\/p>\n<!-- CONTENT END 1 -->\n","protected":false},"excerpt":{"rendered":"<p>O deslocamento de uma frente fria pode trazer chuva a interior de S\u00e3o Paulo no pr\u00f3ximo domingo (19) e na segunda-feira (20). Segundo a Climatempo,&#8230;<\/p>\n","protected":false},"author":1,"featured_media":50436,"comment_status":"open","ping_status":"open","sticky":false,"template":"","format":"standard","meta":{"advanced_seo_description":"","jetpack_seo_html_title":"","jetpack_seo_noindex":false,"jetpack_post_was_ever_published":false,"_jetpack_newsletter_access":"","_jetpack_dont_email_post_to_subs":false,"_jetpack_newsletter_tier_id":0,"_jetpack_memberships_contains_paywalled_content":false,"_jetpack_memberships_contains_paid_content":false,"footnotes":"","jetpack_publicize_message":"","jetpack_publicize_feature_enabled":true,"jetpack_social_post_already_shared":true,"jetpack_social_options":{"image_generator_settings":{"template":"highway","default_image_id":0,"font":"","enabled":false},"version":2}},"categories":[11],"tags":[],"class_list":["post-50435","post","type-post","status-publish","format-standard","has-post-thumbnail","hentry","category-noticias-de-ribeirao-preto-sp-e-regiao-ismael-colosi"],"jetpack_publicize_connections":[],"jetpack_featured_media_url":"https:\/\/i0.wp.com\/noticiasribeiraopreto.com.br\/wp-content\/uploads\/2024\/05\/WhatsApp-Image-2024-02-21-at-07.07.05.jpeg?fit=1599%2C830&ssl=1","jetpack-related-posts":[{"id":73586,"url":"https:\/\/noticiasribeiraopreto.com.br\/index.php\/2025\/07\/05\/nova-frente-fria-no-estado-de-sp-confira-se-vem-chuva-e-frio\/","url_meta":{"origin":50435,"position":0},"title":"Nova frente fria no estado de SP? Confira se vem chuva e frio","author":"noticiasribeiraopreto.com.br","date":"5 de July de 2025","format":false,"excerpt":"Uma frente fria deve se deslocar pela costa da regi\u00e3o Sudeste neste domingo (6). Segundo a Climatempo, esse sistema favorece o aumento de nebulosidade sobre o leste do estado de\u00a0S\u00e3o Paulo\u00a0e pancadas de chuva sobre o litoral paulista. Essa nova frente fria deve manter os ventos mais frescos no interior\u2026","rel":"","context":"In &quot;Not\u00edcias de Ribeir\u00e3o Preto-SP e Regi\u00e3o&quot;","block_context":{"text":"Not\u00edcias de Ribeir\u00e3o Preto-SP e Regi\u00e3o","link":"https:\/\/noticiasribeiraopreto.com.br\/index.php\/category\/noticias-de-ribeirao-preto-sp-e-regiao-ismael-colosi\/"},"img":{"alt_text":"","src":"https:\/\/i0.wp.com\/noticiasribeiraopreto.com.br\/wp-content\/uploads\/2025\/07\/WhatsApp-Image-2025-05-08-at-06.45.03_2025-05-08_09-48-38.webp.webp?fit=1200%2C540&ssl=1&resize=350%2C200","width":350,"height":200,"srcset":"https:\/\/i0.wp.com\/noticiasribeiraopreto.com.br\/wp-content\/uploads\/2025\/07\/WhatsApp-Image-2025-05-08-at-06.45.03_2025-05-08_09-48-38.webp.webp?fit=1200%2C540&ssl=1&resize=350%2C200 1x, https:\/\/i0.wp.com\/noticiasribeiraopreto.com.br\/wp-content\/uploads\/2025\/07\/WhatsApp-Image-2025-05-08-at-06.45.03_2025-05-08_09-48-38.webp.webp?fit=1200%2C540&ssl=1&resize=525%2C300 1.5x, https:\/\/i0.wp.com\/noticiasribeiraopreto.com.br\/wp-content\/uploads\/2025\/07\/WhatsApp-Image-2025-05-08-at-06.45.03_2025-05-08_09-48-38.webp.webp?fit=1200%2C540&ssl=1&resize=700%2C400 2x, https:\/\/i0.wp.com\/noticiasribeiraopreto.com.br\/wp-content\/uploads\/2025\/07\/WhatsApp-Image-2025-05-08-at-06.45.03_2025-05-08_09-48-38.webp.webp?fit=1200%2C540&ssl=1&resize=1050%2C600 3x"},"classes":[]},{"id":54147,"url":"https:\/\/noticiasribeiraopreto.com.br\/index.php\/2024\/06\/30\/frente-fria-avanca-para-o-interior-de-sp-e-pode-trazer-chuva-confira-a-previsao\/","url_meta":{"origin":50435,"position":1},"title":"Frente fria avan\u00e7a para o interior de SP e pode trazer chuva; Confira a previs\u00e3o","author":"noticiasribeiraopreto.com.br","date":"30 de June de 2024","format":false,"excerpt":"Uma frente fria avan\u00e7a neste domingo (30) e poder\u00e1 causar\u00a0chuva no estado de S\u00e3o Paulo. Atr\u00e1s deste sistema, uma massa de ar frio tamb\u00e9m segue para o Sudeste e poder\u00e1 ser sentida at\u00e9 em estados do Norte. \u201cVeremos\u00a0uma mudan\u00e7a de padr\u00e3o atmosf\u00e9rico acontecer em parte do Brasil, gra\u00e7as a uma\u2026","rel":"","context":"In &quot;Not\u00edcias de Ribeir\u00e3o Preto-SP e Regi\u00e3o&quot;","block_context":{"text":"Not\u00edcias de Ribeir\u00e3o Preto-SP e Regi\u00e3o","link":"https:\/\/noticiasribeiraopreto.com.br\/index.php\/category\/noticias-de-ribeirao-preto-sp-e-regiao-ismael-colosi\/"},"img":{"alt_text":"","src":"https:\/\/i0.wp.com\/noticiasribeiraopreto.com.br\/wp-content\/uploads\/2024\/06\/1719754438_InmetemitealertadechuvasintensasparaolitoraleinteriordeSoPaulo_Tamanho_2_image.jpg?fit=1200%2C900&ssl=1&resize=350%2C200","width":350,"height":200,"srcset":"https:\/\/i0.wp.com\/noticiasribeiraopreto.com.br\/wp-content\/uploads\/2024\/06\/1719754438_InmetemitealertadechuvasintensasparaolitoraleinteriordeSoPaulo_Tamanho_2_image.jpg?fit=1200%2C900&ssl=1&resize=350%2C200 1x, https:\/\/i0.wp.com\/noticiasribeiraopreto.com.br\/wp-content\/uploads\/2024\/06\/1719754438_InmetemitealertadechuvasintensasparaolitoraleinteriordeSoPaulo_Tamanho_2_image.jpg?fit=1200%2C900&ssl=1&resize=525%2C300 1.5x, https:\/\/i0.wp.com\/noticiasribeiraopreto.com.br\/wp-content\/uploads\/2024\/06\/1719754438_InmetemitealertadechuvasintensasparaolitoraleinteriordeSoPaulo_Tamanho_2_image.jpg?fit=1200%2C900&ssl=1&resize=700%2C400 2x, https:\/\/i0.wp.com\/noticiasribeiraopreto.com.br\/wp-content\/uploads\/2024\/06\/1719754438_InmetemitealertadechuvasintensasparaolitoraleinteriordeSoPaulo_Tamanho_2_image.jpg?fit=1200%2C900&ssl=1&resize=1050%2C600 3x"},"classes":[]},{"id":64353,"url":"https:\/\/noticiasribeiraopreto.com.br\/index.php\/2025\/03\/07\/antes-de-frente-fria-interior-de-sp-tem-fim-de-semana-de-calor-e-chuva-isolada-veja-previsao\/","url_meta":{"origin":50435,"position":2},"title":"Antes de frente fria, interior de SP tem fim de semana de calor e chuva isolada; Veja previs\u00e3o","author":"noticiasribeiraopreto.com.br","date":"7 de March de 2025","format":false,"excerpt":"O fim de semana deve ser com sol e temperaturas elevadas, com possibilidade de pancadas isoladas de chuva nas regi\u00f5es de Ribeir\u00e3o Preto, S\u00e3o Carlos e Campinas. A onda de calor termina no pr\u00f3ximo domingo (9) e uma frente deve avan\u00e7ar pela costa do Sudeste. Segundo a Climatempo, a regi\u00e3o\u2026","rel":"","context":"In &quot;Not\u00edcias de Ribeir\u00e3o Preto-SP e Regi\u00e3o&quot;","block_context":{"text":"Not\u00edcias de Ribeir\u00e3o Preto-SP e Regi\u00e3o","link":"https:\/\/noticiasribeiraopreto.com.br\/index.php\/category\/noticias-de-ribeirao-preto-sp-e-regiao-ismael-colosi\/"},"img":{"alt_text":"","src":"https:\/\/i0.wp.com\/noticiasribeiraopreto.com.br\/wp-content\/uploads\/2025\/03\/WhatsApp-Image-2025-03-06-at-23.39.26_2025-03-07_10-09-54_jpeg_2025-03-07_10-09-54.webp.webp?fit=1200%2C569&ssl=1&resize=350%2C200","width":350,"height":200,"srcset":"https:\/\/i0.wp.com\/noticiasribeiraopreto.com.br\/wp-content\/uploads\/2025\/03\/WhatsApp-Image-2025-03-06-at-23.39.26_2025-03-07_10-09-54_jpeg_2025-03-07_10-09-54.webp.webp?fit=1200%2C569&ssl=1&resize=350%2C200 1x, https:\/\/i0.wp.com\/noticiasribeiraopreto.com.br\/wp-content\/uploads\/2025\/03\/WhatsApp-Image-2025-03-06-at-23.39.26_2025-03-07_10-09-54_jpeg_2025-03-07_10-09-54.webp.webp?fit=1200%2C569&ssl=1&resize=525%2C300 1.5x, https:\/\/i0.wp.com\/noticiasribeiraopreto.com.br\/wp-content\/uploads\/2025\/03\/WhatsApp-Image-2025-03-06-at-23.39.26_2025-03-07_10-09-54_jpeg_2025-03-07_10-09-54.webp.webp?fit=1200%2C569&ssl=1&resize=700%2C400 2x, https:\/\/i0.wp.com\/noticiasribeiraopreto.com.br\/wp-content\/uploads\/2025\/03\/WhatsApp-Image-2025-03-06-at-23.39.26_2025-03-07_10-09-54_jpeg_2025-03-07_10-09-54.webp.webp?fit=1200%2C569&ssl=1&resize=1050%2C600 3x"},"classes":[]},{"id":55416,"url":"https:\/\/noticiasribeiraopreto.com.br\/index.php\/2024\/08\/01\/nova-frente-fria-no-sul-provoca-aumento-das-temperaturas-no-interior-de-sp-entenda\/","url_meta":{"origin":50435,"position":3},"title":"Nova frente fria no Sul provoca aumento das temperaturas no interior de SP; Entenda","author":"noticiasribeiraopreto.com.br","date":"1 de August de 2024","format":false,"excerpt":"A frente fria que chega \u00e0 regi\u00e3o Sul do Brasil no pr\u00f3ximo final de semana provoca o aumento das temperaturas no interior de S\u00e3o Paulo, de acordo com os meteorologistas. O meteorologista Luiz Felippe Gozzo, do site Meteored, aponta que os pr\u00f3ximos dias no interior de S\u00e3o Paulo ser\u00e3o de\u2026","rel":"","context":"In &quot;Not\u00edcias de Ribeir\u00e3o Preto-SP e Regi\u00e3o&quot;","block_context":{"text":"Not\u00edcias de Ribeir\u00e3o Preto-SP e Regi\u00e3o","link":"https:\/\/noticiasribeiraopreto.com.br\/index.php\/category\/noticias-de-ribeirao-preto-sp-e-regiao-ismael-colosi\/"},"img":{"alt_text":"","src":"https:\/\/i0.wp.com\/noticiasribeiraopreto.com.br\/wp-content\/uploads\/2024\/08\/sertaozinho-2.jpg?fit=800%2C600&ssl=1&resize=350%2C200","width":350,"height":200,"srcset":"https:\/\/i0.wp.com\/noticiasribeiraopreto.com.br\/wp-content\/uploads\/2024\/08\/sertaozinho-2.jpg?fit=800%2C600&ssl=1&resize=350%2C200 1x, https:\/\/i0.wp.com\/noticiasribeiraopreto.com.br\/wp-content\/uploads\/2024\/08\/sertaozinho-2.jpg?fit=800%2C600&ssl=1&resize=525%2C300 1.5x, https:\/\/i0.wp.com\/noticiasribeiraopreto.com.br\/wp-content\/uploads\/2024\/08\/sertaozinho-2.jpg?fit=800%2C600&ssl=1&resize=700%2C400 2x"},"classes":[]},{"id":49719,"url":"https:\/\/noticiasribeiraopreto.com.br\/index.php\/2024\/05\/13\/frente-fria-pode-trazer-chuva-ao-interior-de-sp-nesta-semana-confira-a-previsao\/","url_meta":{"origin":50435,"position":4},"title":"Frente fria pode trazer chuva ao interior de SP nesta semana; Confira a previs\u00e3o","author":"noticiasribeiraopreto.com.br","date":"13 de May de 2024","format":false,"excerpt":"O deslocamento de uma frente fria provoca o enfraquecimento do bloqueio atmosf\u00e9rico \u2013 que mant\u00e9m as temperaturas elevadas h\u00e1 tr\u00eas semanas \u2013 e pode trazer chuva ao interior de S\u00e3o Paulo nesta semana. Segundo a Climatempo, nesta segunda-feira (13), a condi\u00e7\u00e3o \u00e9 de calor pr\u00e9-frontal, mas ainda sem probabilidade de\u2026","rel":"","context":"In &quot;Not\u00edcias de Ribeir\u00e3o Preto-SP e Regi\u00e3o&quot;","block_context":{"text":"Not\u00edcias de Ribeir\u00e3o Preto-SP e Regi\u00e3o","link":"https:\/\/noticiasribeiraopreto.com.br\/index.php\/category\/noticias-de-ribeirao-preto-sp-e-regiao-ismael-colosi\/"},"img":{"alt_text":"","src":"https:\/\/i0.wp.com\/noticiasribeiraopreto.com.br\/wp-content\/uploads\/2024\/05\/RIBEIRAO-PRETO.jpg?fit=1200%2C708&ssl=1&resize=350%2C200","width":350,"height":200,"srcset":"https:\/\/i0.wp.com\/noticiasribeiraopreto.com.br\/wp-content\/uploads\/2024\/05\/RIBEIRAO-PRETO.jpg?fit=1200%2C708&ssl=1&resize=350%2C200 1x, https:\/\/i0.wp.com\/noticiasribeiraopreto.com.br\/wp-content\/uploads\/2024\/05\/RIBEIRAO-PRETO.jpg?fit=1200%2C708&ssl=1&resize=525%2C300 1.5x, https:\/\/i0.wp.com\/noticiasribeiraopreto.com.br\/wp-content\/uploads\/2024\/05\/RIBEIRAO-PRETO.jpg?fit=1200%2C708&ssl=1&resize=700%2C400 2x, https:\/\/i0.wp.com\/noticiasribeiraopreto.com.br\/wp-content\/uploads\/2024\/05\/RIBEIRAO-PRETO.jpg?fit=1200%2C708&ssl=1&resize=1050%2C600 3x"},"classes":[]},{"id":51375,"url":"https:\/\/noticiasribeiraopreto.com.br\/index.php\/2024\/05\/25\/chegada-de-frente-fria-aumenta-o-risco-de-chuvas-intensas-no-interior-de-sp-veja-regioes-afetadas\/","url_meta":{"origin":50435,"position":5},"title":"Chegada de frente fria aumenta o risco de chuvas intensas no interior de SP; Veja regi\u00f5es afetadas","author":"noticiasribeiraopreto.com.br","date":"25 de May de 2024","format":false,"excerpt":"A frente fria que chegou ao interior do estado de S\u00e3o Paulo nesta sexta-feira (24) j\u00e1 provocou pancadas de chuva em algumas cidades na tarde de ontem, como foi o caso de Ribeir\u00e3o Preto. A expectativa, de acordo com a Climatempo, \u00e9 de que esse sistema provoque muita nebulosidade e\u2026","rel":"","context":"In &quot;Not\u00edcias de Ribeir\u00e3o Preto-SP e Regi\u00e3o&quot;","block_context":{"text":"Not\u00edcias de Ribeir\u00e3o Preto-SP e Regi\u00e3o","link":"https:\/\/noticiasribeiraopreto.com.br\/index.php\/category\/noticias-de-ribeirao-preto-sp-e-regiao-ismael-colosi\/"},"img":{"alt_text":"","src":"https:\/\/i0.wp.com\/noticiasribeiraopreto.com.br\/wp-content\/uploads\/2024\/05\/chuva-forte.jpg?fit=1200%2C765&ssl=1&resize=350%2C200","width":350,"height":200,"srcset":"https:\/\/i0.wp.com\/noticiasribeiraopreto.com.br\/wp-content\/uploads\/2024\/05\/chuva-forte.jpg?fit=1200%2C765&ssl=1&resize=350%2C200 1x, https:\/\/i0.wp.com\/noticiasribeiraopreto.com.br\/wp-content\/uploads\/2024\/05\/chuva-forte.jpg?fit=1200%2C765&ssl=1&resize=525%2C300 1.5x, https:\/\/i0.wp.com\/noticiasribeiraopreto.com.br\/wp-content\/uploads\/2024\/05\/chuva-forte.jpg?fit=1200%2C765&ssl=1&resize=700%2C400 2x, https:\/\/i0.wp.com\/noticiasribeiraopreto.com.br\/wp-content\/uploads\/2024\/05\/chuva-forte.jpg?fit=1200%2C765&ssl=1&resize=1050%2C600 3x"},"classes":[]}],"jetpack_sharing_enabled":true,"jetpack_shortlink":"https:\/\/wp.me\/peQAOb-d7t","_links":{"self":[{"href":"https:\/\/noticiasribeiraopreto.com.br\/index.php\/wp-json\/wp\/v2\/posts\/50435","targetHints":{"allow":["GET"]}}],"collection":[{"href":"https:\/\/noticiasribeiraopreto.com.br\/index.php\/wp-json\/wp\/v2\/posts"}],"about":[{"href":"https:\/\/noticiasribeiraopreto.com.br\/index.php\/wp-json\/wp\/v2\/types\/post"}],"author":[{"embeddable":true,"href":"https:\/\/noticiasribeiraopreto.com.br\/index.php\/wp-json\/wp\/v2\/users\/1"}],"replies":[{"embeddable":true,"href":"https:\/\/noticiasribeiraopreto.com.br\/index.php\/wp-json\/wp\/v2\/comments?post=50435"}],"version-history":[{"count":0,"href":"https:\/\/noticiasribeiraopreto.com.br\/index.php\/wp-json\/wp\/v2\/posts\/50435\/revisions"}],"wp:featuredmedia":[{"embeddable":true,"href":"https:\/\/noticiasribeiraopreto.com.br\/index.php\/wp-json\/wp\/v2\/media\/50436"}],"wp:attachment":[{"href":"https:\/\/noticiasribeiraopreto.com.br\/index.php\/wp-json\/wp\/v2\/media?parent=50435"}],"wp:term":[{"taxonomy":"category","embeddable":true,"href":"https:\/\/noticiasribeiraopreto.com.br\/index.php\/wp-json\/wp\/v2\/categories?post=50435"},{"taxonomy":"post_tag","embeddable":true,"href":"https:\/\/noticiasribeiraopreto.com.br\/index.php\/wp-json\/wp\/v2\/tags?post=50435"}],"curies":[{"name":"wp","href":"https:\/\/api.w.org\/{rel}","templated":true}]}}