{"id":50437,"date":"2024-05-16T11:25:32","date_gmt":"2024-05-16T14:25:32","guid":{"rendered":"https:\/\/noticiasribeiraopreto.com.br\/index.php\/2024\/05\/16\/novo-valor-do-salario-minimo-surpreende-r-1-99456-anunciados-pelo-governo-confira\/"},"modified":"2024-05-16T11:25:32","modified_gmt":"2024-05-16T14:25:32","slug":"novo-valor-do-salario-minimo-surpreende-r-1-99456-anunciados-pelo-governo-confira","status":"publish","type":"post","link":"https:\/\/noticiasribeiraopreto.com.br\/index.php\/2024\/05\/16\/novo-valor-do-salario-minimo-surpreende-r-1-99456-anunciados-pelo-governo-confira\/","title":{"rendered":"Novo valor do sal\u00e1rio m\u00ednimo surpreende: R$ 1.994,56 anunciados pelo Governo; Confira!"},"content":{"rendered":"<div class='code-block code-block-1' style='margin: 8px 0 8px auto; text-align: right; display: block; clear: both;'>\n<p><a href=\"https:\/\/wa.link\/vpicfd\"><img data-recalc-dims=\"1\" class=\"wp-image-4922\" style=\"aspect-ratio: 2.0253164556962027; width: 561px; height: auto;\" src=\"https:\/\/i0.wp.com\/ismaelcolosi.com.br\/wp-content\/uploads\/2023\/11\/grupo-de-empregos-whatsapp-e-facebook-ismael-colosi-vagas.jpg?ssl=1\" alt=\"\" \/><\/a><\/p>\n<!-- \/wp:image -->\n<\/div>\n<p> <br \/>\n<\/p>\n<div>\n<p style=\"text-align: justify;\"><span style=\"font-family: arial, helvetica, sans-serif; font-size: 14pt;\">O sal\u00e1rio m\u00ednimo \u00e9 a base dos pagamentos que um trabalhador no Brasil em v\u00ednculo empregat\u00edcio formal deve pagar todos os meses. A cada ano, o valor \u00e9 reajustado para que o poder de compra dos trabalhadores seja mantido.<\/span><\/p>\n<p style=\"text-align: justify;\"><span style=\"font-family: arial, helvetica, sans-serif; font-size: 14pt;\">Este ano, \u00e9 de se esperar um aumento significativo na quantidade de dinheiro que determinados grupos recebem. O Executivo prop\u00f4s que o reajuste do sal\u00e1rio m\u00ednimo no Rio Grande do Sul ultrapasse 9%.<\/span><\/p>\n<p style=\"text-align: justify;\"><span style=\"font-family: arial, helvetica, sans-serif; font-size: 14pt;\">O projeto de lei que prev\u00ea o aumento j\u00e1 foi aprovado pela Assembleia Legislativa, e o valor m\u00ednimo est\u00e1 bem acima da infla\u00e7\u00e3o. O reajuste deve alterar o m\u00ednimo do estado entre R$ 1.573,89 e R$ 1.994,56.<\/span><\/p>\n<p style=\"text-align: justify;\"><span style=\"font-family: arial, helvetica, sans-serif; font-size: 14pt;\">Esse valor \u00e9 aplicado com base no limite inferior m\u00ednimo da regi\u00e3o. O \u00edndice inclui categorias para as quais n\u00e3o h\u00e1 previs\u00e3o de reajuste no CBA. De acordo com o projeto aprovado, o realinhamento deve ter como data base 1\u00ba de maio.<\/span><\/p>\n<p style=\"text-align: justify;\"><span style=\"font-family: arial, helvetica, sans-serif; font-size: 14pt;\">O recondicionamento \u00e9 feito pista a pista. Dessa forma, cada trabalhador precisa ver em qual grupo se enquadra para saber o quanto precisa ser reajustado. Esse valor entrar\u00e1 em vigor em maio, portanto, voc\u00ea j\u00e1 deve ter recebido o pagamento reajustado em Junho.<\/span><\/p>\n<h2><strong><span style=\"font-family: arial, helvetica, sans-serif;\">Confira a categoria para cada faixa de reajuste do sal\u00e1rio m\u00ednimo.<\/span><\/strong><\/h2>\n<p><strong><span style=\"font-family: arial, helvetica, sans-serif; font-size: 14pt;\">Faixa 1: Sal\u00e1rio m\u00ednimo R$ 1.573,89<\/span><\/strong><\/p>\n<p><span style=\"font-size: 14pt; font-family: arial, helvetica, sans-serif;\">Agricultura e Pecu\u00e1ria;<\/span><br \/><span style=\"font-size: 14pt; font-family: arial, helvetica, sans-serif;\">Ind\u00fastrias Extrativas;<\/span><br \/><span style=\"font-size: 14pt; font-family: arial, helvetica, sans-serif;\">Empresas de Captura\u00e7\u00e3o do Pescado;<\/span><br \/><span style=\"font-size: 14pt; font-family: arial, helvetica, sans-serif;\">Empregados Dom\u00e9sticos;<\/span><br \/><span style=\"font-size: 14pt; font-family: arial, helvetica, sans-serif;\">Turismo e Hospitalidade;<\/span><br \/><span style=\"font-size: 14pt; font-family: arial, helvetica, sans-serif;\">Ind\u00fastrias da Constru\u00e7\u00e3o Civil;<\/span><br \/><span style=\"font-size: 14pt; font-family: arial, helvetica, sans-serif;\">Ind\u00fastrias de Instrumentos Musicais e de Brinquedos;<\/span><br \/><span style=\"font-size: 14pt; font-family: arial, helvetica, sans-serif;\">Estabelecimentos H\u00edpicos;<\/span><br \/><span style=\"font-size: 14pt; font-family: arial, helvetica, sans-serif;\">Empregados Motociclistas no Transporte de Documentos e de Pequenos Volumes \u2013 \u201cMotoboy\u201d;<\/span><br \/><span style=\"font-size: 14pt; font-family: arial, helvetica, sans-serif;\">Empregados em Garagens e Estacionamentos.<\/span><\/p>\n<p><span style=\"font-size: 14pt;\"><strong><span style=\"font-family: arial, helvetica, sans-serif;\">Faixa 2: Sal\u00e1rio m\u00ednimo R$ 1.610,13<\/span><\/strong><\/span><\/p>\n<p style=\"text-align: justify;\"><span style=\"font-family: arial, helvetica, sans-serif; font-size: 14pt;\">Ind\u00fastrias do Vestu\u00e1rio e do Cal\u00e7ado;<\/span><br \/><span style=\"font-family: arial, helvetica, sans-serif; font-size: 14pt;\">Ind\u00fastrias de Fia\u00e7\u00e3o e de Tecelagem;<\/span><br \/><span style=\"font-family: arial, helvetica, sans-serif; font-size: 14pt;\">Ind\u00fastrias de Artefatos de Couro;<\/span><br \/><span style=\"font-family: arial, helvetica, sans-serif; font-size: 14pt;\">Ind\u00fastrias do Papel, Papel\u00e3o e Corti\u00e7a;<\/span><br \/><span style=\"font-family: arial, helvetica, sans-serif; font-size: 14pt;\">Empresas Distribuidoras e Vendedoras de Jornais e Revistas, al\u00e9m de Empregados em Bancas e Vendedores Ambulantes;<\/span><br \/><span style=\"font-family: arial, helvetica, sans-serif; font-size: 14pt;\">Empregados da Administra\u00e7\u00e3o das Empresas Propriet\u00e1rias de Jornais e Revistas;<\/span><br \/><span style=\"font-family: arial, helvetica, sans-serif; font-size: 14pt;\">Estabelecimentos de Servi\u00e7os de Sa\u00fade;<\/span><br \/><span style=\"font-family: arial, helvetica, sans-serif; font-size: 14pt;\">Servi\u00e7os de Asseio, Conserva\u00e7\u00e3o e Limpeza;<\/span><br \/><span style=\"font-family: arial, helvetica, sans-serif; font-size: 14pt;\">Empresas de Telecomunica\u00e7\u00f5es, Teleoperadores (Call Centers), Telemarketing, Operadores de VoIP (Voz sobre IP), TV a Cabo e Similares;<\/span><br \/><span style=\"font-family: arial, helvetica, sans-serif; font-size: 14pt;\">Hot\u00e9is, Restaurantes, Bares e Similares.<\/span><\/p>\n<p><span style=\"font-size: 14pt;\"><strong><span style=\"font-family: arial, helvetica, sans-serif;\">Faixa 3: Sal\u00e1rio m\u00ednimo R$ 1.646,65<\/span><\/strong><\/span><\/p>\n<p style=\"text-align: justify;\"><span style=\"font-size: 14pt; font-family: arial, helvetica, sans-serif;\">Ind\u00fastrias do Mobili\u00e1rio;<\/span><br \/><span style=\"font-size: 14pt; font-family: arial, helvetica, sans-serif;\">Ind\u00fastrias Qu\u00edmicas e Farmac\u00eauticas;<\/span><br \/><span style=\"font-size: 14pt; font-family: arial, helvetica, sans-serif;\">Ind\u00fastrias Cinematogr\u00e1ficas;<\/span><br \/><span style=\"font-size: 14pt; font-family: arial, helvetica, sans-serif;\">Ind\u00fastrias da Alimenta\u00e7\u00e3o;<\/span><br \/><span style=\"font-size: 14pt; font-family: arial, helvetica, sans-serif;\">Com\u00e9rcio em Geral;<\/span><br \/><span style=\"font-size: 14pt; font-family: arial, helvetica, sans-serif;\">Agentes Aut\u00f4nomos do Com\u00e9rcio;<\/span><br \/><span style=\"font-size: 14pt; font-family: arial, helvetica, sans-serif;\">Exibidoras e Distribuidoras Cinematogr\u00e1ficas;<\/span><br \/><span style=\"font-size: 14pt; font-family: arial, helvetica, sans-serif;\">Movimentadores de Mercadorias em Geral;<\/span><br \/><span style=\"font-size: 14pt; font-family: arial, helvetica, sans-serif;\">Com\u00e9rcio Armazenador;<\/span><br \/><span style=\"font-size: 14pt; font-family: arial, helvetica, sans-serif;\">Auxiliares de Administra\u00e7\u00e3o de Armaz\u00e9ns Gerais.<\/span><\/p>\n<p><strong><span style=\"font-family: arial, helvetica, sans-serif; font-size: 14pt;\">Faixa 4: Sal\u00e1rio m\u00ednimo R$ 1.711,69<\/span><\/strong><\/p>\n<p style=\"text-align: justify;\"><span style=\"font-size: 14pt; font-family: arial, helvetica, sans-serif;\">Ind\u00fastrias Metal\u00fargicas, Mec\u00e2nicas e de Material El\u00e9trico;<\/span><br \/><span style=\"font-size: 14pt; font-family: arial, helvetica, sans-serif;\">Ind\u00fastrias Gr\u00e1ficas;<\/span><br \/><span style=\"font-size: 14pt; font-family: arial, helvetica, sans-serif;\">Ind\u00fastrias de Vidros, Cristais, Espelhos, Cer\u00e2mica de Lou\u00e7a e Porcelana;<\/span><br \/><span style=\"font-size: 14pt; font-family: arial, helvetica, sans-serif;\">Ind\u00fastrias de Artefatos de Borracha;<\/span><br \/><span style=\"font-size: 14pt; font-family: arial, helvetica, sans-serif;\">Empresas de Seguros Privados e Capitaliza\u00e7\u00e3o, e Agentes Aut\u00f4nomos de Seguros Privados e de Cr\u00e9dito;<\/span><br \/><span style=\"font-size: 14pt; font-family: arial, helvetica, sans-serif;\">Edif\u00edcios e Condom\u00ednios Residenciais, Comerciais e Similares;<\/span><br \/><span style=\"font-size: 14pt; font-family: arial, helvetica, sans-serif;\">Ind\u00fastrias de Joalheria e Lapida\u00e7\u00e3o de Pedras Preciosas;<\/span><br \/><span style=\"font-size: 14pt; font-family: arial, helvetica, sans-serif;\">Auxiliares em Administra\u00e7\u00e3o Escolar (Empregados de Estabelecimentos de Ensino);<\/span><br \/><span style=\"font-size: 14pt; font-family: arial, helvetica, sans-serif;\">Entidades Culturais, Recreativas, de Assist\u00eancia Social, de Orienta\u00e7\u00e3o e Forma\u00e7\u00e3o Profissional, Marinheiros Fluviais, Vigilantes, Mar\u00edtimos do 1\u00ba Grupo de Aquavi\u00e1rios em Diversos N\u00edveis.<\/span><\/p>\n<p><span style=\"font-size: 14pt;\"><strong><span style=\"font-family: arial, helvetica, sans-serif;\">Faixa 5: Sal\u00e1rio m\u00ednimo R$ 1.994,56<\/span><\/strong><\/span><\/p>\n<p style=\"text-align: justify;\"><span style=\"font-family: arial, helvetica, sans-serif; font-size: 14pt;\">Trabalhadores t\u00e9cnicos de n\u00edvel m\u00e9dio, tanto em cursos integrados, quanto subsequentes ou concomitantes.<\/span><\/p>\n<\/div>\n<p><br \/>\n<br \/><a href=\"https:\/\/www.financasbrasil.org\/2024\/05\/novo-valor-do-salario-minimo-su.html\">Source link <\/a><\/p>\n<!-- CONTENT END 1 -->\n","protected":false},"excerpt":{"rendered":"<p>O sal\u00e1rio m\u00ednimo \u00e9 a base dos pagamentos que um trabalhador no Brasil em v\u00ednculo empregat\u00edcio formal deve pagar todos os meses. A cada ano,&#8230;<\/p>\n","protected":false},"author":1,"featured_media":50438,"comment_status":"open","ping_status":"open","sticky":false,"template":"","format":"standard","meta":{"advanced_seo_description":"","jetpack_seo_html_title":"","jetpack_seo_noindex":false,"jetpack_post_was_ever_published":false,"_jetpack_newsletter_access":"","_jetpack_dont_email_post_to_subs":false,"_jetpack_newsletter_tier_id":0,"_jetpack_memberships_contains_paywalled_content":false,"_jetpack_memberships_contains_paid_content":false,"footnotes":"","jetpack_publicize_message":"","jetpack_publicize_feature_enabled":true,"jetpack_social_post_already_shared":true,"jetpack_social_options":{"image_generator_settings":{"template":"highway","default_image_id":0,"font":"","enabled":false},"version":2}},"categories":[1235],"tags":[],"class_list":["post-50437","post","type-post","status-publish","format-standard","has-post-thumbnail","hentry","category-dinheiro-e-investimento-como-fazer-como-ganhar"],"jetpack_publicize_connections":[],"jetpack_featured_media_url":"https:\/\/i0.wp.com\/noticiasribeiraopreto.com.br\/wp-content\/uploads\/2024\/05\/SALARIO-MINIMO.webp.webp?fit=1200%2C630&ssl=1","jetpack-related-posts":[{"id":47048,"url":"https:\/\/noticiasribeiraopreto.com.br\/index.php\/2024\/04\/19\/salario-minimo-aumenta-para-r-1-502-descubra-quando-voce-recebera-o-novo-valor\/","url_meta":{"origin":50437,"position":0},"title":"Sal\u00e1rio M\u00ednimo aumenta para R$ 1.502: Descubra quando voc\u00ea receber\u00e1 o novo valor","author":"noticiasribeiraopreto.com.br","date":"19 de April de 2024","format":false,"excerpt":"O reajuste do sal\u00e1rio m\u00ednimo, que milh\u00f5es de trabalhadores brasileiros aguardavam, foi confirmado pelo Governo Federal nesta semana. Em entrevista nesta semana, o ministro da Fazenda, Fernando Haddad, anunciou os detalhes do realinhamento. O novo valor foi apresentado \u00e0 Assembleia Nacional pelo ministro. Isso porque o reajuste afeta diretamente o\u2026","rel":"","context":"In &quot;Dinheiro e Investimento&quot;","block_context":{"text":"Dinheiro e Investimento","link":"https:\/\/noticiasribeiraopreto.com.br\/index.php\/category\/dinheiro-e-investimento-como-fazer-como-ganhar\/"},"img":{"alt_text":"","src":"https:\/\/i0.wp.com\/noticiasribeiraopreto.com.br\/wp-content\/uploads\/2024\/04\/Deputado-Estadual.webp.webp?fit=1200%2C630&ssl=1&resize=350%2C200","width":350,"height":200,"srcset":"https:\/\/i0.wp.com\/noticiasribeiraopreto.com.br\/wp-content\/uploads\/2024\/04\/Deputado-Estadual.webp.webp?fit=1200%2C630&ssl=1&resize=350%2C200 1x, https:\/\/i0.wp.com\/noticiasribeiraopreto.com.br\/wp-content\/uploads\/2024\/04\/Deputado-Estadual.webp.webp?fit=1200%2C630&ssl=1&resize=525%2C300 1.5x, https:\/\/i0.wp.com\/noticiasribeiraopreto.com.br\/wp-content\/uploads\/2024\/04\/Deputado-Estadual.webp.webp?fit=1200%2C630&ssl=1&resize=700%2C400 2x, https:\/\/i0.wp.com\/noticiasribeiraopreto.com.br\/wp-content\/uploads\/2024\/04\/Deputado-Estadual.webp.webp?fit=1200%2C630&ssl=1&resize=1050%2C600 3x"},"classes":[]},{"id":54184,"url":"https:\/\/noticiasribeiraopreto.com.br\/index.php\/2024\/07\/03\/salario-minimo-aumenta-para-r-1-502-descubra-quando-voce-recebera-o-novo-valor-2\/","url_meta":{"origin":50437,"position":1},"title":"Sal\u00e1rio M\u00ednimo aumenta para R$ 1.502: Descubra quando voc\u00ea receber\u00e1 o novo valor","author":"noticiasribeiraopreto.com.br","date":"3 de July de 2024","format":false,"excerpt":"O reajuste do sal\u00e1rio m\u00ednimo, que milh\u00f5es de trabalhadores brasileiros aguardavam, foi confirmado pelo Governo Federal nesta semana. Em entrevista nesta semana, o ministro da Fazenda, Fernando Haddad, anunciou os detalhes do realinhamento. O novo valor foi apresentado \u00e0 Assembleia Nacional pelo ministro. Isso porque o reajuste afeta diretamente o\u2026","rel":"","context":"In &quot;Dinheiro e Investimento&quot;","block_context":{"text":"Dinheiro e Investimento","link":"https:\/\/noticiasribeiraopreto.com.br\/index.php\/category\/dinheiro-e-investimento-como-fazer-como-ganhar\/"},"img":{"alt_text":"","src":"https:\/\/i0.wp.com\/noticiasribeiraopreto.com.br\/wp-content\/uploads\/2024\/04\/Deputado-Estadual.webp.webp?fit=1200%2C630&ssl=1&resize=350%2C200","width":350,"height":200,"srcset":"https:\/\/i0.wp.com\/noticiasribeiraopreto.com.br\/wp-content\/uploads\/2024\/04\/Deputado-Estadual.webp.webp?fit=1200%2C630&ssl=1&resize=350%2C200 1x, https:\/\/i0.wp.com\/noticiasribeiraopreto.com.br\/wp-content\/uploads\/2024\/04\/Deputado-Estadual.webp.webp?fit=1200%2C630&ssl=1&resize=525%2C300 1.5x, https:\/\/i0.wp.com\/noticiasribeiraopreto.com.br\/wp-content\/uploads\/2024\/04\/Deputado-Estadual.webp.webp?fit=1200%2C630&ssl=1&resize=700%2C400 2x, https:\/\/i0.wp.com\/noticiasribeiraopreto.com.br\/wp-content\/uploads\/2024\/04\/Deputado-Estadual.webp.webp?fit=1200%2C630&ssl=1&resize=1050%2C600 3x"},"classes":[]},{"id":36176,"url":"https:\/\/noticiasribeiraopreto.com.br\/index.php\/2024\/02\/08\/otima-noticia-presidente-lula-faz-analise-do-novo-salario-minimo-para-2025-valor-surpreende-trabalhadores\/","url_meta":{"origin":50437,"position":2},"title":"\u00d3tima not\u00edcia! Presidente Lula faz an\u00e1lise do novo sal\u00e1rio m\u00ednimo para 2025; Valor surpreende trabalhadores","author":"noticiasribeiraopreto.com.br","date":"8 de February de 2024","format":false,"excerpt":"No in\u00edcio deste ano, o presidente Luiz In\u00e1cio Lula da Silva assinou um decreto para aumentar o sal\u00e1rio m\u00ednimo dos trabalhadores brasileiros. Trata-se de um aumento de 7,7% em rela\u00e7\u00e3o ao ano anterior, e havia grandes expectativas para os sal\u00e1rios em 2025. Na \u00faltima atualiza\u00e7\u00e3o, o sal\u00e1rio m\u00ednimo passou de\u2026","rel":"","context":"In &quot;Dinheiro e Investimento&quot;","block_context":{"text":"Dinheiro e Investimento","link":"https:\/\/noticiasribeiraopreto.com.br\/index.php\/category\/dinheiro-e-investimento-como-fazer-como-ganhar\/"},"img":{"alt_text":"","src":"https:\/\/i0.wp.com\/noticiasribeiraopreto.com.br\/wp-content\/uploads\/2024\/02\/Salario-Minimo.png?fit=1200%2C630&ssl=1&resize=350%2C200","width":350,"height":200,"srcset":"https:\/\/i0.wp.com\/noticiasribeiraopreto.com.br\/wp-content\/uploads\/2024\/02\/Salario-Minimo.png?fit=1200%2C630&ssl=1&resize=350%2C200 1x, https:\/\/i0.wp.com\/noticiasribeiraopreto.com.br\/wp-content\/uploads\/2024\/02\/Salario-Minimo.png?fit=1200%2C630&ssl=1&resize=525%2C300 1.5x, https:\/\/i0.wp.com\/noticiasribeiraopreto.com.br\/wp-content\/uploads\/2024\/02\/Salario-Minimo.png?fit=1200%2C630&ssl=1&resize=700%2C400 2x, https:\/\/i0.wp.com\/noticiasribeiraopreto.com.br\/wp-content\/uploads\/2024\/02\/Salario-Minimo.png?fit=1200%2C630&ssl=1&resize=1050%2C600 3x"},"classes":[]},{"id":48771,"url":"https:\/\/noticiasribeiraopreto.com.br\/index.php\/2024\/05\/06\/atencao-trabalhadores-salario-minimo-aumenta-para-r-1-640-data-para-comecar-a-receber-e-revelada-veja\/","url_meta":{"origin":50437,"position":3},"title":"Aten\u00e7\u00e3o trabalhadores! Sal\u00e1rio M\u00ednimo aumenta para R$ 1.640: Data para come\u00e7ar a receber \u00e9 revelada; VEJA!","author":"noticiasribeiraopreto.com.br","date":"6 de May de 2024","format":false,"excerpt":"Foi confirmado que o sal\u00e1rio m\u00ednimo de alguns brasileiros foi aumentado para 1.640 reais. Esse n\u00famero representa um aumento de 5% em rela\u00e7\u00e3o ao fundo anterior, que est\u00e1 acima da taxa de infla\u00e7\u00e3o. Segundo o governo, foi reajustado considerando o custo de vida da popula\u00e7\u00e3o. Saiba mais. Os profissionais das\u2026","rel":"","context":"In &quot;Dinheiro e Investimento&quot;","block_context":{"text":"Dinheiro e Investimento","link":"https:\/\/noticiasribeiraopreto.com.br\/index.php\/category\/dinheiro-e-investimento-como-fazer-como-ganhar\/"},"img":{"alt_text":"","src":"https:\/\/i0.wp.com\/noticiasribeiraopreto.com.br\/wp-content\/uploads\/2024\/05\/Post-Verde-e-Amarelo-de-Dia-do-Trabalhador-para-Instagram.webp.webp?fit=1080%2C1080&ssl=1&resize=350%2C200","width":350,"height":200,"srcset":"https:\/\/i0.wp.com\/noticiasribeiraopreto.com.br\/wp-content\/uploads\/2024\/05\/Post-Verde-e-Amarelo-de-Dia-do-Trabalhador-para-Instagram.webp.webp?fit=1080%2C1080&ssl=1&resize=350%2C200 1x, https:\/\/i0.wp.com\/noticiasribeiraopreto.com.br\/wp-content\/uploads\/2024\/05\/Post-Verde-e-Amarelo-de-Dia-do-Trabalhador-para-Instagram.webp.webp?fit=1080%2C1080&ssl=1&resize=525%2C300 1.5x, https:\/\/i0.wp.com\/noticiasribeiraopreto.com.br\/wp-content\/uploads\/2024\/05\/Post-Verde-e-Amarelo-de-Dia-do-Trabalhador-para-Instagram.webp.webp?fit=1080%2C1080&ssl=1&resize=700%2C400 2x, https:\/\/i0.wp.com\/noticiasribeiraopreto.com.br\/wp-content\/uploads\/2024\/05\/Post-Verde-e-Amarelo-de-Dia-do-Trabalhador-para-Instagram.webp.webp?fit=1080%2C1080&ssl=1&resize=1050%2C600 3x"},"classes":[]},{"id":22939,"url":"https:\/\/noticiasribeiraopreto.com.br\/index.php\/2023\/12\/31\/salario-minimo-de-r-1-412-deve-injetar-r-699-bilhoes-no-brasil\/","url_meta":{"origin":50437,"position":4},"title":"Sal\u00e1rio m\u00ednimo de R$ 1.412 deve injetar R$ 69,9 bilh\u00f5es no Brasil","author":"noticiasribeiraopreto.com.br","date":"31 de December de 2023","format":false,"excerpt":"Um levantamento realizado pelo Departamento Intersindical de Estat\u00edstica e Estudos Socioecon\u00f4micos (Dieese), apontou que o novo sal\u00e1rio m\u00ednimo dever\u00e1 injetar R$ 69,9 bilh\u00f5es na economia brasileira em 2024. A saber, o presidente Luiz In\u00e1cio Lula da Silva assinou um decreto na \u00faltima quarta-feira (27) que reajustar\u00e1 o valor do sal\u00e1rio\u2026","rel":"","context":"In &quot;Vagas de Emprego em Ribeir\u00e3o Preto-SP&quot;","block_context":{"text":"Vagas de Emprego em Ribeir\u00e3o Preto-SP","link":"https:\/\/noticiasribeiraopreto.com.br\/index.php\/category\/empregos-classificados-vagas-trabalho\/vagas-de-empregos-em-ribeirao-preto-regiao-brasil\/"},"img":{"alt_text":"","src":"https:\/\/i0.wp.com\/noticiasribeiraopreto.com.br\/wp-content\/uploads\/2023\/12\/noticiasconcursos.com_.br-salario-minimo-de-r-1-412-deve-injetar-r-699-bilhoes-na-economia-brasileira-real-pixabay-750x430.jpg?fit=750%2C430&ssl=1&resize=350%2C200","width":350,"height":200,"srcset":"https:\/\/i0.wp.com\/noticiasribeiraopreto.com.br\/wp-content\/uploads\/2023\/12\/noticiasconcursos.com_.br-salario-minimo-de-r-1-412-deve-injetar-r-699-bilhoes-na-economia-brasileira-real-pixabay-750x430.jpg?fit=750%2C430&ssl=1&resize=350%2C200 1x, https:\/\/i0.wp.com\/noticiasribeiraopreto.com.br\/wp-content\/uploads\/2023\/12\/noticiasconcursos.com_.br-salario-minimo-de-r-1-412-deve-injetar-r-699-bilhoes-na-economia-brasileira-real-pixabay-750x430.jpg?fit=750%2C430&ssl=1&resize=525%2C300 1.5x, https:\/\/i0.wp.com\/noticiasribeiraopreto.com.br\/wp-content\/uploads\/2023\/12\/noticiasconcursos.com_.br-salario-minimo-de-r-1-412-deve-injetar-r-699-bilhoes-na-economia-brasileira-real-pixabay-750x430.jpg?fit=750%2C430&ssl=1&resize=700%2C400 2x"},"classes":[]},{"id":55482,"url":"https:\/\/noticiasribeiraopreto.com.br\/index.php\/2024\/08\/02\/lula-anuncia-aumento-historico-no-salario-minimo-descubra-o-valor-atualizado\/","url_meta":{"origin":50437,"position":5},"title":"Lula Anuncia Aumento Hist\u00f3rico no Sal\u00e1rio M\u00ednimo; Descubra o Valor Atualizado","author":"noticiasribeiraopreto.com.br","date":"2 de August de 2024","format":false,"excerpt":"Sem d\u00favidas, 2024 trouxe algumas novidades e boas not\u00edcias para os brasileiros. Uma delas \u00e9 a confirma\u00e7\u00e3o de um novo sal\u00e1rio m\u00ednimo para uma lista espec\u00edfica de trabalhadores. A partir de agosto, a CLT passar\u00e1 a receber 1.989 reais, novidade que antecede a assinatura de Tebet. No Brasil, o sal\u00e1rio\u2026","rel":"","context":"In &quot;Dinheiro e Investimento&quot;","block_context":{"text":"Dinheiro e Investimento","link":"https:\/\/noticiasribeiraopreto.com.br\/index.php\/category\/dinheiro-e-investimento-como-fazer-como-ganhar\/"},"img":{"alt_text":"","src":"https:\/\/i0.wp.com\/noticiasribeiraopreto.com.br\/wp-content\/uploads\/2024\/08\/salario-minimo-1.webp.webp?fit=1200%2C630&ssl=1&resize=350%2C200","width":350,"height":200,"srcset":"https:\/\/i0.wp.com\/noticiasribeiraopreto.com.br\/wp-content\/uploads\/2024\/08\/salario-minimo-1.webp.webp?fit=1200%2C630&ssl=1&resize=350%2C200 1x, https:\/\/i0.wp.com\/noticiasribeiraopreto.com.br\/wp-content\/uploads\/2024\/08\/salario-minimo-1.webp.webp?fit=1200%2C630&ssl=1&resize=525%2C300 1.5x, https:\/\/i0.wp.com\/noticiasribeiraopreto.com.br\/wp-content\/uploads\/2024\/08\/salario-minimo-1.webp.webp?fit=1200%2C630&ssl=1&resize=700%2C400 2x, https:\/\/i0.wp.com\/noticiasribeiraopreto.com.br\/wp-content\/uploads\/2024\/08\/salario-minimo-1.webp.webp?fit=1200%2C630&ssl=1&resize=1050%2C600 3x"},"classes":[]}],"jetpack_sharing_enabled":true,"jetpack_shortlink":"https:\/\/wp.me\/peQAOb-d7v","_links":{"self":[{"href":"https:\/\/noticiasribeiraopreto.com.br\/index.php\/wp-json\/wp\/v2\/posts\/50437","targetHints":{"allow":["GET"]}}],"collection":[{"href":"https:\/\/noticiasribeiraopreto.com.br\/index.php\/wp-json\/wp\/v2\/posts"}],"about":[{"href":"https:\/\/noticiasribeiraopreto.com.br\/index.php\/wp-json\/wp\/v2\/types\/post"}],"author":[{"embeddable":true,"href":"https:\/\/noticiasribeiraopreto.com.br\/index.php\/wp-json\/wp\/v2\/users\/1"}],"replies":[{"embeddable":true,"href":"https:\/\/noticiasribeiraopreto.com.br\/index.php\/wp-json\/wp\/v2\/comments?post=50437"}],"version-history":[{"count":0,"href":"https:\/\/noticiasribeiraopreto.com.br\/index.php\/wp-json\/wp\/v2\/posts\/50437\/revisions"}],"wp:featuredmedia":[{"embeddable":true,"href":"https:\/\/noticiasribeiraopreto.com.br\/index.php\/wp-json\/wp\/v2\/media\/50438"}],"wp:attachment":[{"href":"https:\/\/noticiasribeiraopreto.com.br\/index.php\/wp-json\/wp\/v2\/media?parent=50437"}],"wp:term":[{"taxonomy":"category","embeddable":true,"href":"https:\/\/noticiasribeiraopreto.com.br\/index.php\/wp-json\/wp\/v2\/categories?post=50437"},{"taxonomy":"post_tag","embeddable":true,"href":"https:\/\/noticiasribeiraopreto.com.br\/index.php\/wp-json\/wp\/v2\/tags?post=50437"}],"curies":[{"name":"wp","href":"https:\/\/api.w.org\/{rel}","templated":true}]}}