{"id":50443,"date":"2024-05-16T11:43:49","date_gmt":"2024-05-16T14:43:49","guid":{"rendered":"https:\/\/noticiasribeiraopreto.com.br\/index.php\/2024\/05\/16\/natural-da-regiao-de-ribeirao-goleira-da-selecao-diz-que-familia-perdeu-tudo-nas-enchentes-no-rs\/"},"modified":"2024-05-16T11:43:49","modified_gmt":"2024-05-16T14:43:49","slug":"natural-da-regiao-de-ribeirao-goleira-da-selecao-diz-que-familia-perdeu-tudo-nas-enchentes-no-rs","status":"publish","type":"post","link":"https:\/\/noticiasribeiraopreto.com.br\/index.php\/2024\/05\/16\/natural-da-regiao-de-ribeirao-goleira-da-selecao-diz-que-familia-perdeu-tudo-nas-enchentes-no-rs\/","title":{"rendered":"Natural da regi\u00e3o de Ribeir\u00e3o, goleira da sele\u00e7\u00e3o diz que fam\u00edlia perdeu tudo nas enchentes no RS"},"content":{"rendered":"<div class='code-block code-block-1' style='margin: 8px 0 8px auto; text-align: right; display: block; clear: both;'>\n<p><a href=\"https:\/\/wa.link\/vpicfd\"><img data-recalc-dims=\"1\" class=\"wp-image-4922\" style=\"aspect-ratio: 2.0253164556962027; width: 561px; height: auto;\" src=\"https:\/\/i0.wp.com\/ismaelcolosi.com.br\/wp-content\/uploads\/2023\/11\/grupo-de-empregos-whatsapp-e-facebook-ismael-colosi-vagas.jpg?ssl=1\" alt=\"\" \/><\/a><\/p>\n<!-- \/wp:image -->\n<\/div>\n<p> <br \/>\n<\/p>\n<div data-td-block-uid=\"tdi_101\">\n<div class=\"tdb-block-inner td-fix-index\">\n<p>A goleira <strong>Lorena Silva<\/strong>, do <strong>Gr\u00eamio<\/strong> e da sele\u00e7\u00e3o brasileira, que \u00e9 natural de <strong>Ituverava<\/strong>, na regi\u00e3o de <strong>Ribeir\u00e3o Preto<\/strong>, publicou um desabafo nas <strong>redes sociais<\/strong> ap\u00f3s a casa de sua fam\u00edlia ter sido destru\u00edda pelas enchentes no <strong>Rio Grande do Sul<\/strong>.<\/p>\n<p>A fam\u00edlia da esposa da gremista \u00e9 de <strong>Canoas<\/strong>, cidade vizinha de <strong>Porto Alegre<\/strong>, e uma das cidades mais atingida pelas enchentes. No v\u00eddeo, a goleira mostra o antes e depois da rua, que ficou totalmente coberta pela \u00e1gua.<\/p>\n<blockquote class=\"wp-block-quote\">\n<p>\u2018\u00c9 horr\u00edvel passar por isso, \u00e9 horr\u00edvel ver as pessoas que voc\u00ea ama desesperadas e voc\u00ea n\u00e3o poder fazer nada no momento, ent\u00e3o decidi fazer esse v\u00eddeo e vir pedir a ajuda de todos\u2019.<\/p>\n<p><cite>Lorena Silva<\/cite><\/p><\/blockquote>\n<h2 class=\"wp-block-heading\">\u2018Pe\u00e7o que continuem ajudando o Rio Grande do Sul, pois toda a ajuda \u00e9 muito importante e faz toda a diferen\u00e7a. \u2019<\/h2>\n<blockquote class=\"wp-block-quote\">\n<p><cite>Lorena Silva<\/cite><\/p><\/blockquote>\n<blockquote class=\"instagram-media\" data-instgrm-permalink=\"https:\/\/www.instagram.com\/reel\/C67idZdMSCG\/?utm_source=ig_embed&amp;utm_campaign=loading\" data-instgrm-version=\"14\" style=\" background:#FFF; border:0; border-radius:3px; box-shadow:0 0 1px 0 rgba(0,0,0,0.5),0 1px 10px 0 rgba(0,0,0,0.15); margin: 1px; max-width:540px; min-width:326px; padding:0; width:99.375%; width:-webkit-calc(100% - 2px); width:calc(100% - 2px);\"\/>\n<p>SAIBA MAIS<br \/>USP Ribeir\u00e3o Preto abre processo seletivo; Veja como participar<\/p>\n<h4 class=\"wp-block-heading\"><strong>FIQUE ON<\/strong><\/h4>\n<p>Fique ligado em tudo que acontece em Ribeir\u00e3o Preto e regi\u00e3o. Siga os perfis do <strong>acidade on <\/strong>no <a href=\"https:\/\/www.instagram.com\/acidadeonribeirao\" target=\"_blank\" rel=\"noreferrer noopener\">Instagram<\/a> e no <a href=\"https:\/\/www.facebook.com\/acidadeonribeirao\" target=\"_blank\" rel=\"noreferrer noopener\">Facebook<\/a>.<\/p>\n<p>Receba not\u00edcias do acidade on no WhatsApp. Para entrar no grupo, basta <a href=\"https:\/\/chat.whatsapp.com\/CdrZ6xrf7quD44Vw3WlPuZ\" target=\"_blank\" rel=\"noreferrer noopener\">clicar aqui<\/a>.<\/p>\n<p>Fa\u00e7a uma den\u00fancia ou sugira uma reportagem sobre Ribeir\u00e3o Preto e regi\u00e3o pelo WhatsApp: 16 99117 7802.<\/p>\n<p>VEJA TAMB\u00c9M<br \/>Conhe\u00e7a as feiras locais de Campinas<\/p>\n<p><!-- AI CONTENT END 1 -->\n<\/div>\n<\/div>\n<p><script async src=\"\/\/www.instagram.com\/embed.js\"><\/script><br \/>\n<br \/><br \/>\n<br \/><a href=\"https:\/\/www.acidadeon.com\/ribeiraopreto\/esportes\/natural-da-regiao-de-ribeirao-goleira-da-selecao-diz-que-familia-perdeu-tudo-nas-enchentes-no-rs\/\">Source link <\/a><\/p>\n<!-- CONTENT END 1 -->\n","protected":false},"excerpt":{"rendered":"<p>A goleira Lorena Silva, do Gr\u00eamio e da sele\u00e7\u00e3o brasileira, que \u00e9 natural de Ituverava, na regi\u00e3o de Ribeir\u00e3o Preto, publicou um desabafo nas redes&#8230;<\/p>\n","protected":false},"author":1,"featured_media":50444,"comment_status":"open","ping_status":"open","sticky":false,"template":"","format":"standard","meta":{"advanced_seo_description":"","jetpack_seo_html_title":"","jetpack_seo_noindex":false,"jetpack_post_was_ever_published":false,"_jetpack_newsletter_access":"","_jetpack_dont_email_post_to_subs":false,"_jetpack_newsletter_tier_id":0,"_jetpack_memberships_contains_paywalled_content":false,"_jetpack_memberships_contains_paid_content":false,"footnotes":"","jetpack_publicize_message":"","jetpack_publicize_feature_enabled":true,"jetpack_social_post_already_shared":true,"jetpack_social_options":{"image_generator_settings":{"template":"highway","default_image_id":0,"font":"","enabled":false},"version":2}},"categories":[11],"tags":[],"class_list":["post-50443","post","type-post","status-publish","format-standard","has-post-thumbnail","hentry","category-noticias-de-ribeirao-preto-sp-e-regiao-ismael-colosi"],"jetpack_publicize_connections":[],"jetpack_featured_media_url":"https:\/\/i0.wp.com\/noticiasribeiraopreto.com.br\/wp-content\/uploads\/2024\/05\/lorena-silva_2024-05-16_14-16-40_jpg_2024-05-16_14-16-40.webp.webp?fit=641%2C424&ssl=1","jetpack-related-posts":[{"id":60907,"url":"https:\/\/noticiasribeiraopreto.com.br\/index.php\/2024\/11\/28\/goleira-da-regiao-de-ribeirao-preto-vence-premio-brasil-olimpico\/","url_meta":{"origin":50443,"position":0},"title":"Goleira da regi\u00e3o de Ribeir\u00e3o Preto vence Pr\u00eamio Brasil Ol\u00edmpico","author":"noticiasribeiraopreto.com.br","date":"28 de November de 2024","format":false,"excerpt":"A goleira da sele\u00e7\u00e3o brasileira feminina, Lorena, que defende o Gr\u00eamio-RS, mas \u00e9 natural de Ituverava, na regi\u00e3o de Ribeir\u00e3o Preto, foi anunciada pelo COB (Comit\u00ea Ol\u00edmpico do Brasil) como vencedora do Pr\u00eamio Brasil Ol\u00edmpico como melhor atleta do futebol em 2024. Lorena foi um dos destaques da sele\u00e7\u00e3o na\u2026","rel":"","context":"In &quot;Not\u00edcias de Ribeir\u00e3o Preto-SP e Regi\u00e3o&quot;","block_context":{"text":"Not\u00edcias de Ribeir\u00e3o Preto-SP e Regi\u00e3o","link":"https:\/\/noticiasribeiraopreto.com.br\/index.php\/category\/noticias-de-ribeirao-preto-sp-e-regiao-ismael-colosi\/"},"img":{"alt_text":"","src":"https:\/\/i0.wp.com\/noticiasribeiraopreto.com.br\/wp-content\/uploads\/2024\/11\/lorena-goleira-1_2024-11-28_18-38-57_jpg_2024-11-28_18-38-57.webp.webp?fit=1200%2C798&ssl=1&resize=350%2C200","width":350,"height":200,"srcset":"https:\/\/i0.wp.com\/noticiasribeiraopreto.com.br\/wp-content\/uploads\/2024\/11\/lorena-goleira-1_2024-11-28_18-38-57_jpg_2024-11-28_18-38-57.webp.webp?fit=1200%2C798&ssl=1&resize=350%2C200 1x, https:\/\/i0.wp.com\/noticiasribeiraopreto.com.br\/wp-content\/uploads\/2024\/11\/lorena-goleira-1_2024-11-28_18-38-57_jpg_2024-11-28_18-38-57.webp.webp?fit=1200%2C798&ssl=1&resize=525%2C300 1.5x, https:\/\/i0.wp.com\/noticiasribeiraopreto.com.br\/wp-content\/uploads\/2024\/11\/lorena-goleira-1_2024-11-28_18-38-57_jpg_2024-11-28_18-38-57.webp.webp?fit=1200%2C798&ssl=1&resize=700%2C400 2x, https:\/\/i0.wp.com\/noticiasribeiraopreto.com.br\/wp-content\/uploads\/2024\/11\/lorena-goleira-1_2024-11-28_18-38-57_jpg_2024-11-28_18-38-57.webp.webp?fit=1200%2C798&ssl=1&resize=1050%2C600 3x"},"classes":[]},{"id":48946,"url":"https:\/\/noticiasribeiraopreto.com.br\/index.php\/2024\/05\/07\/equipe-da-defesa-civil-da-regiao-de-ribeirao-preto-ajuda-no-resgate-as-vitimas-do-rs\/","url_meta":{"origin":50443,"position":1},"title":"Equipe da Defesa Civil da regi\u00e3o de Ribeir\u00e3o Preto ajuda no resgate \u00e0s v\u00edtimas do RS","author":"noticiasribeiraopreto.com.br","date":"7 de May de 2024","format":false,"excerpt":"Uma equipe da Defesa Civil de Bebedouro, cidade a 81 quil\u00f4metros de Ribeir\u00e3o Preto, chegou nesta ter\u00e7a-feira (7) em Porto Alegre, no Rio Grande do Sul, para ajudar no resgate \u00e0s v\u00edtimas das enchentes. Neste primeiro momento seguiram para o Sul, o coordenador do \u00f3rg\u00e3o Luciano da Silva e o\u2026","rel":"","context":"In &quot;Not\u00edcias de Ribeir\u00e3o Preto-SP e Regi\u00e3o&quot;","block_context":{"text":"Not\u00edcias de Ribeir\u00e3o Preto-SP e Regi\u00e3o","link":"https:\/\/noticiasribeiraopreto.com.br\/index.php\/category\/noticias-de-ribeirao-preto-sp-e-regiao-ismael-colosi\/"},"img":{"alt_text":"","src":"https:\/\/i0.wp.com\/noticiasribeiraopreto.com.br\/wp-content\/uploads\/2024\/05\/rs_2024-05-07_19-17-19_jpg_2024-05-07_19-17-19.webp.webp?fit=1159%2C647&ssl=1&resize=350%2C200","width":350,"height":200,"srcset":"https:\/\/i0.wp.com\/noticiasribeiraopreto.com.br\/wp-content\/uploads\/2024\/05\/rs_2024-05-07_19-17-19_jpg_2024-05-07_19-17-19.webp.webp?fit=1159%2C647&ssl=1&resize=350%2C200 1x, https:\/\/i0.wp.com\/noticiasribeiraopreto.com.br\/wp-content\/uploads\/2024\/05\/rs_2024-05-07_19-17-19_jpg_2024-05-07_19-17-19.webp.webp?fit=1159%2C647&ssl=1&resize=525%2C300 1.5x, https:\/\/i0.wp.com\/noticiasribeiraopreto.com.br\/wp-content\/uploads\/2024\/05\/rs_2024-05-07_19-17-19_jpg_2024-05-07_19-17-19.webp.webp?fit=1159%2C647&ssl=1&resize=700%2C400 2x, https:\/\/i0.wp.com\/noticiasribeiraopreto.com.br\/wp-content\/uploads\/2024\/05\/rs_2024-05-07_19-17-19_jpg_2024-05-07_19-17-19.webp.webp?fit=1159%2C647&ssl=1&resize=1050%2C600 3x"},"classes":[]},{"id":50713,"url":"https:\/\/noticiasribeiraopreto.com.br\/index.php\/2024\/05\/18\/jipeiros-de-ribeirao-preto-levam-doacoes-para-vitimas-das-enchentes-no-rio-grande-do-sul\/","url_meta":{"origin":50443,"position":2},"title":"Jipeiros de Ribeir\u00e3o Preto levam doa\u00e7\u00f5es para v\u00edtimas das enchentes no Rio Grande do Sul","author":"noticiasribeiraopreto.com.br","date":"18 de May de 2024","format":false,"excerpt":"Um grupo de jipeiros de Ribeir\u00e3o Preto segue em jornada para levar doa\u00e7\u00f5es para as v\u00edtimas afetadas pelas enchentes no Rio Grande do Sul. A ideia surgiu com o advogado Edson Oliveira, que chamou um amigo, que chamou mais gente. O grupo conta com 15 carros e 40 pessoas. \u201cNosso\u2026","rel":"","context":"In &quot;Not\u00edcias de Ribeir\u00e3o Preto-SP e Regi\u00e3o&quot;","block_context":{"text":"Not\u00edcias de Ribeir\u00e3o Preto-SP e Regi\u00e3o","link":"https:\/\/noticiasribeiraopreto.com.br\/index.php\/category\/noticias-de-ribeirao-preto-sp-e-regiao-ismael-colosi\/"},"img":{"alt_text":"","src":"https:\/\/i0.wp.com\/noticiasribeiraopreto.com.br\/wp-content\/uploads\/2024\/05\/jeep_2024-05-18_14-35-22_jpg_2024-05-18_14-35-22.webp.webp?fit=969%2C529&ssl=1&resize=350%2C200","width":350,"height":200,"srcset":"https:\/\/i0.wp.com\/noticiasribeiraopreto.com.br\/wp-content\/uploads\/2024\/05\/jeep_2024-05-18_14-35-22_jpg_2024-05-18_14-35-22.webp.webp?fit=969%2C529&ssl=1&resize=350%2C200 1x, https:\/\/i0.wp.com\/noticiasribeiraopreto.com.br\/wp-content\/uploads\/2024\/05\/jeep_2024-05-18_14-35-22_jpg_2024-05-18_14-35-22.webp.webp?fit=969%2C529&ssl=1&resize=525%2C300 1.5x, https:\/\/i0.wp.com\/noticiasribeiraopreto.com.br\/wp-content\/uploads\/2024\/05\/jeep_2024-05-18_14-35-22_jpg_2024-05-18_14-35-22.webp.webp?fit=969%2C529&ssl=1&resize=700%2C400 2x"},"classes":[]},{"id":75072,"url":"https:\/\/noticiasribeiraopreto.com.br\/index.php\/2025\/08\/02\/brasil-vence-a-colombia-nos-penaltis-e-conquista-titulo-da-copa-america-feminina-pela-9a-vez-tribuna-ribeirao\/","url_meta":{"origin":50443,"position":3},"title":"Brasil vence a Col\u00f4mbia nos p\u00eanaltis e conquista t\u00edtulo da Copa AM\u00e9rica feminina pela 9\u00aa vez \u2013 Tribuna Ribeir\u00e3o","author":"noticiasribeiraopreto.com.br","date":"2 de August de 2025","format":false,"excerpt":"Nos p\u00eanaltis, o Brasil venceu a Col\u00f4mbia por 5 a 4 e chegou ao seu nono t\u00edtulo em dez edi\u00e7\u00f5es da Copa Am\u00e9rica feminina ap\u00f3s o empate em 4 a 4 (3 a 3 no tempo normal) neste s\u00e1bado no est\u00e1dio Casa Blanca, em Quito, no Equador. A goleira Lorena\u2026","rel":"","context":"In &quot;Not\u00edcias de Ribeir\u00e3o Preto-SP e Regi\u00e3o&quot;","block_context":{"text":"Not\u00edcias de Ribeir\u00e3o Preto-SP e Regi\u00e3o","link":"https:\/\/noticiasribeiraopreto.com.br\/index.php\/category\/noticias-de-ribeirao-preto-sp-e-regiao-ismael-colosi\/"},"img":{"alt_text":"","src":"","width":0,"height":0},"classes":[]},{"id":48775,"url":"https:\/\/noticiasribeiraopreto.com.br\/index.php\/2024\/05\/06\/ribeirao-preto-tem-novos-postos-de-arrecadacao-para-vitimas-das-enchentes-no-rs-veja-locais\/","url_meta":{"origin":50443,"position":4},"title":"Ribeir\u00e3o Preto tem novos postos de arrecada\u00e7\u00e3o para v\u00edtimas das enchentes no RS; Veja locais","author":"noticiasribeiraopreto.com.br","date":"6 de May de 2024","format":false,"excerpt":"Ribeir\u00e3o Preto tem novos postos de arrecada\u00e7\u00e3o para as v\u00edtimas das enchentes no Rio Grande do Sul. Os interessados podem procurar a Pol\u00edcia Civil ou a C\u00e2mara Municipal do munic\u00edpio para prestar apoio \u2013 confira todos os pontos abaixo. De acordo com o boletim divulgado pela Defesa Civil na tarde\u2026","rel":"","context":"In &quot;Not\u00edcias de Ribeir\u00e3o Preto-SP e Regi\u00e3o&quot;","block_context":{"text":"Not\u00edcias de Ribeir\u00e3o Preto-SP e Regi\u00e3o","link":"https:\/\/noticiasribeiraopreto.com.br\/index.php\/category\/noticias-de-ribeirao-preto-sp-e-regiao-ismael-colosi\/"},"img":{"alt_text":"","src":"https:\/\/i0.wp.com\/noticiasribeiraopreto.com.br\/wp-content\/uploads\/2024\/05\/AnyConv.com__1f01317a-605f-43e5-9d8d-43f9e0c8c90c_2024-05-06_18-15-54.webp.webp?fit=768%2C512&ssl=1&resize=350%2C200","width":350,"height":200,"srcset":"https:\/\/i0.wp.com\/noticiasribeiraopreto.com.br\/wp-content\/uploads\/2024\/05\/AnyConv.com__1f01317a-605f-43e5-9d8d-43f9e0c8c90c_2024-05-06_18-15-54.webp.webp?fit=768%2C512&ssl=1&resize=350%2C200 1x, https:\/\/i0.wp.com\/noticiasribeiraopreto.com.br\/wp-content\/uploads\/2024\/05\/AnyConv.com__1f01317a-605f-43e5-9d8d-43f9e0c8c90c_2024-05-06_18-15-54.webp.webp?fit=768%2C512&ssl=1&resize=525%2C300 1.5x, https:\/\/i0.wp.com\/noticiasribeiraopreto.com.br\/wp-content\/uploads\/2024\/05\/AnyConv.com__1f01317a-605f-43e5-9d8d-43f9e0c8c90c_2024-05-06_18-15-54.webp.webp?fit=768%2C512&ssl=1&resize=700%2C400 2x"},"classes":[]},{"id":49411,"url":"https:\/\/noticiasribeiraopreto.com.br\/index.php\/2024\/05\/10\/fundo-social-de-ribeirao-preto-prorroga-doacoes-para-vitimas-das-enchentes-no-rs\/","url_meta":{"origin":50443,"position":5},"title":"Fundo Social de Ribeir\u00e3o Preto prorroga doa\u00e7\u00f5es para v\u00edtimas das enchentes no RS","author":"noticiasribeiraopreto.com.br","date":"10 de May de 2024","format":false,"excerpt":"O Fundo Social de Solidariedade de Ribeir\u00e3o Preto prorrogou at\u00e9 o dia 17 de maio as doa\u00e7\u00f5es para as v\u00edtimas das enchentes no Rio Grande do Sul. De acordo com o fundo, a campanha j\u00e1 arrecadou mais de 40 toneladas de produtos. As doa\u00e7\u00f5es foram enviadas ao Sul do Pa\u00eds\u2026","rel":"","context":"In &quot;Not\u00edcias de Ribeir\u00e3o Preto-SP e Regi\u00e3o&quot;","block_context":{"text":"Not\u00edcias de Ribeir\u00e3o Preto-SP e Regi\u00e3o","link":"https:\/\/noticiasribeiraopreto.com.br\/index.php\/category\/noticias-de-ribeirao-preto-sp-e-regiao-ismael-colosi\/"},"img":{"alt_text":"","src":"https:\/\/i0.wp.com\/noticiasribeiraopreto.com.br\/wp-content\/uploads\/2024\/05\/AnyConv.com__doacoes_2024-05-10_17-15-35.webp.webp?fit=1200%2C900&ssl=1&resize=350%2C200","width":350,"height":200,"srcset":"https:\/\/i0.wp.com\/noticiasribeiraopreto.com.br\/wp-content\/uploads\/2024\/05\/AnyConv.com__doacoes_2024-05-10_17-15-35.webp.webp?fit=1200%2C900&ssl=1&resize=350%2C200 1x, https:\/\/i0.wp.com\/noticiasribeiraopreto.com.br\/wp-content\/uploads\/2024\/05\/AnyConv.com__doacoes_2024-05-10_17-15-35.webp.webp?fit=1200%2C900&ssl=1&resize=525%2C300 1.5x, https:\/\/i0.wp.com\/noticiasribeiraopreto.com.br\/wp-content\/uploads\/2024\/05\/AnyConv.com__doacoes_2024-05-10_17-15-35.webp.webp?fit=1200%2C900&ssl=1&resize=700%2C400 2x, https:\/\/i0.wp.com\/noticiasribeiraopreto.com.br\/wp-content\/uploads\/2024\/05\/AnyConv.com__doacoes_2024-05-10_17-15-35.webp.webp?fit=1200%2C900&ssl=1&resize=1050%2C600 3x"},"classes":[]}],"jetpack_sharing_enabled":true,"jetpack_shortlink":"https:\/\/wp.me\/peQAOb-d7B","_links":{"self":[{"href":"https:\/\/noticiasribeiraopreto.com.br\/index.php\/wp-json\/wp\/v2\/posts\/50443","targetHints":{"allow":["GET"]}}],"collection":[{"href":"https:\/\/noticiasribeiraopreto.com.br\/index.php\/wp-json\/wp\/v2\/posts"}],"about":[{"href":"https:\/\/noticiasribeiraopreto.com.br\/index.php\/wp-json\/wp\/v2\/types\/post"}],"author":[{"embeddable":true,"href":"https:\/\/noticiasribeiraopreto.com.br\/index.php\/wp-json\/wp\/v2\/users\/1"}],"replies":[{"embeddable":true,"href":"https:\/\/noticiasribeiraopreto.com.br\/index.php\/wp-json\/wp\/v2\/comments?post=50443"}],"version-history":[{"count":0,"href":"https:\/\/noticiasribeiraopreto.com.br\/index.php\/wp-json\/wp\/v2\/posts\/50443\/revisions"}],"wp:featuredmedia":[{"embeddable":true,"href":"https:\/\/noticiasribeiraopreto.com.br\/index.php\/wp-json\/wp\/v2\/media\/50444"}],"wp:attachment":[{"href":"https:\/\/noticiasribeiraopreto.com.br\/index.php\/wp-json\/wp\/v2\/media?parent=50443"}],"wp:term":[{"taxonomy":"category","embeddable":true,"href":"https:\/\/noticiasribeiraopreto.com.br\/index.php\/wp-json\/wp\/v2\/categories?post=50443"},{"taxonomy":"post_tag","embeddable":true,"href":"https:\/\/noticiasribeiraopreto.com.br\/index.php\/wp-json\/wp\/v2\/tags?post=50443"}],"curies":[{"name":"wp","href":"https:\/\/api.w.org\/{rel}","templated":true}]}}