{"id":50466,"date":"2024-05-16T12:00:55","date_gmt":"2024-05-16T15:00:55","guid":{"rendered":"https:\/\/noticiasribeiraopreto.com.br\/index.php\/2024\/05\/16\/narrador-esportivo-silvio-luiz-morre-aos-89-anos-em-sao-paulo\/"},"modified":"2024-05-16T12:00:55","modified_gmt":"2024-05-16T15:00:55","slug":"narrador-esportivo-silvio-luiz-morre-aos-89-anos-em-sao-paulo","status":"publish","type":"post","link":"https:\/\/noticiasribeiraopreto.com.br\/index.php\/2024\/05\/16\/narrador-esportivo-silvio-luiz-morre-aos-89-anos-em-sao-paulo\/","title":{"rendered":"Narrador esportivo Silvio Luiz morre aos 89 anos em S\u00e3o Paulo"},"content":{"rendered":"<div class='code-block code-block-1' style='margin: 8px 0 8px auto; text-align: right; display: block; clear: both;'>\n<p><a href=\"https:\/\/wa.link\/vpicfd\"><img data-recalc-dims=\"1\" class=\"wp-image-4922\" style=\"aspect-ratio: 2.0253164556962027; width: 561px; height: auto;\" src=\"https:\/\/i0.wp.com\/ismaelcolosi.com.br\/wp-content\/uploads\/2023\/11\/grupo-de-empregos-whatsapp-e-facebook-ismael-colosi-vagas.jpg?ssl=1\" alt=\"\" \/><\/a><\/p>\n<!-- \/wp:image -->\n<\/div>\n<p> <br \/>\n<\/p>\n<div data-td-block-uid=\"tdi_101\">\n<div class=\"tdb-block-inner td-fix-index\">\n<p><strong>O narrador esportivo Silvio Luiz morreu nesta quinta-feira (19), aos 89 amos, em S\u00e3o Paulo.<\/strong> Ele foi v\u00edtima de <strong>fal\u00eancia <\/strong>de <strong>m\u00faltiplos \u00f3rg\u00e3os<\/strong>.<\/p>\n<p>Dono de <strong>bord\u00f5es marcantes<\/strong>, como <strong>\u201cOlho no lance\u201d, \u201cPelas barbas do profeta\u201d e \u201cFoi, foi, foi, foi ele\u2026o craque da camisa n\u00famero\u2026\u201d<\/strong>, <strong>Silvio Luiz<\/strong> tamb\u00e9m foi <strong>\u00e1rbitro de futebol<\/strong> e participou da <strong>cobertura <\/strong>de diversas <strong>Copas do Mundo<\/strong>.<\/p>\n<p>Ele deixa <strong>esposa<\/strong>, a <strong>cantora M\u00e1rcia<\/strong>, e os <strong>filhos Alexandre, Andr\u00e9a e Andr\u00e9<\/strong>.<\/p>\n<p>Ainda n\u00e3o foram divulgadas informa\u00e7\u00f5es sobre <strong>vel\u00f3rio<\/strong> e <strong>sepultamento<\/strong>.<\/p>\n<p>SAIBA MAIS<\/p>\n<p>Morre o jornalista esportivo Antero Greco, aos 69 anos, em S\u00e3o Paulo<\/p>\n<h4 class=\"wp-block-heading\"><strong>FIQUE ON<\/strong><\/h4>\n<p>Fique ligado em tudo que acontece em Ribeir\u00e3o Preto e regi\u00e3o. Siga os perfis do<strong>\u00a0acidade on\u00a0<\/strong>no<a href=\"https:\/\/www.instagram.com\/acidadeonribeirao\" target=\"_blank\" rel=\"noreferrer noopener\">\u00a0Instagram<\/a>\u00a0e no\u00a0<a href=\"https:\/\/www.facebook.com\/acidadeonribeirao\/\" target=\"_blank\" rel=\"noreferrer noopener\">Facebook<\/a>.<\/p>\n<p>Receba not\u00edcias do<strong>\u00a0acidade on<\/strong>\u00a0no WhatsApp.\u00a0<a href=\"https:\/\/chat.whatsapp.com\/CdrZ6xrf7quD44Vw3WlPuZ\" target=\"_blank\" rel=\"noreferrer noopener\">Para entrar no grupo, basta clicar aqui.<\/a><\/p>\n<p>Fa\u00e7a uma den\u00fancia ou sugira uma reportagem sobre Ribeir\u00e3o Preto e regi\u00e3o pelo WhatsApp: 16 99117 7802.<\/p>\n<p>VEJA TAMB\u00c9M<\/p>\n<p>Como e onde sacar o PIS\/Pasep 2024?<\/p>\n<p><!-- AI CONTENT END 1 -->\n<\/div>\n<\/div>\n<p><script async src=\"\/\/www.instagram.com\/embed.js\"><\/script><br \/>\n<br \/><br \/>\n<br \/><a href=\"https:\/\/www.acidadeon.com\/ribeiraopreto\/esportes\/narrador-esportivo-silvio-luiz-morre-aos-89-anos-em-sao-paulo\/\">Source link <\/a><\/p>\n<!-- CONTENT END 1 -->\n","protected":false},"excerpt":{"rendered":"<p>O narrador esportivo Silvio Luiz morreu nesta quinta-feira (19), aos 89 amos, em S\u00e3o Paulo. Ele foi v\u00edtima de fal\u00eancia de m\u00faltiplos \u00f3rg\u00e3os. Dono de&#8230;<\/p>\n","protected":false},"author":1,"featured_media":50467,"comment_status":"open","ping_status":"open","sticky":false,"template":"","format":"standard","meta":{"advanced_seo_description":"","jetpack_seo_html_title":"","jetpack_seo_noindex":false,"jetpack_post_was_ever_published":false,"_jetpack_newsletter_access":"","_jetpack_dont_email_post_to_subs":false,"_jetpack_newsletter_tier_id":0,"_jetpack_memberships_contains_paywalled_content":false,"_jetpack_memberships_contains_paid_content":false,"footnotes":"","jetpack_publicize_message":"","jetpack_publicize_feature_enabled":true,"jetpack_social_post_already_shared":true,"jetpack_social_options":{"image_generator_settings":{"template":"highway","default_image_id":0,"font":"","enabled":false},"version":2}},"categories":[11],"tags":[],"class_list":["post-50466","post","type-post","status-publish","format-standard","has-post-thumbnail","hentry","category-noticias-de-ribeirao-preto-sp-e-regiao-ismael-colosi"],"jetpack_publicize_connections":[],"jetpack_featured_media_url":"https:\/\/i0.wp.com\/noticiasribeiraopreto.com.br\/wp-content\/uploads\/2024\/05\/WhatsApp-Image-2024-05-16-at-11.05.27_2024-05-16_14-05-49_jpeg_2024-05-16_14-05-49.webp.webp?fit=1599%2C899&ssl=1","jetpack-related-posts":[{"id":50418,"url":"https:\/\/noticiasribeiraopreto.com.br\/index.php\/2024\/05\/16\/morre-o-jornalista-esportivo-antero-greco-aos-69-anos-em-sao-paulo\/","url_meta":{"origin":50466,"position":0},"title":"Morre o jornalista esportivo Antero Greco, aos 69 anos, em S\u00e3o Paulo","author":"noticiasribeiraopreto.com.br","date":"16 de May de 2024","format":false,"excerpt":"Na madrugada desta quinta-feira (16), morreu o jornalista esportivo Antero Greco, aos 69 anos, em S\u00e3o Paulo. Ele estava internado tratando de um tumor no c\u00e9rebro, descoberto em junho de 2022. A informa\u00e7\u00e3o foi divulgada em nota pelo Hospital Benefic\u00eancia Portuguesa, onde estava internado para tratar a doen\u00e7a, e confirmada\u2026","rel":"","context":"In &quot;Not\u00edcias de Ribeir\u00e3o Preto-SP e Regi\u00e3o&quot;","block_context":{"text":"Not\u00edcias de Ribeir\u00e3o Preto-SP e Regi\u00e3o","link":"https:\/\/noticiasribeiraopreto.com.br\/index.php\/category\/noticias-de-ribeirao-preto-sp-e-regiao-ismael-colosi\/"},"img":{"alt_text":"","src":"https:\/\/i0.wp.com\/noticiasribeiraopreto.com.br\/wp-content\/uploads\/2024\/05\/Capturar_2024-05-16_13-12-36_jpg_2024-05-16_13-12-36.webp.webp?fit=918%2C509&ssl=1&resize=350%2C200","width":350,"height":200,"srcset":"https:\/\/i0.wp.com\/noticiasribeiraopreto.com.br\/wp-content\/uploads\/2024\/05\/Capturar_2024-05-16_13-12-36_jpg_2024-05-16_13-12-36.webp.webp?fit=918%2C509&ssl=1&resize=350%2C200 1x, https:\/\/i0.wp.com\/noticiasribeiraopreto.com.br\/wp-content\/uploads\/2024\/05\/Capturar_2024-05-16_13-12-36_jpg_2024-05-16_13-12-36.webp.webp?fit=918%2C509&ssl=1&resize=525%2C300 1.5x, https:\/\/i0.wp.com\/noticiasribeiraopreto.com.br\/wp-content\/uploads\/2024\/05\/Capturar_2024-05-16_13-12-36_jpg_2024-05-16_13-12-36.webp.webp?fit=918%2C509&ssl=1&resize=700%2C400 2x"},"classes":[]},{"id":56912,"url":"https:\/\/noticiasribeiraopreto.com.br\/index.php\/2024\/08\/17\/artista-de-ribeirao-preto-relembra-entrega-de-escultura-para-silvio-santos\/","url_meta":{"origin":50466,"position":1},"title":"Artista de Ribeir\u00e3o Preto relembra entrega de escultura para Silvio Santos","author":"noticiasribeiraopreto.com.br","date":"17 de August de 2024","format":false,"excerpt":"O artista pl\u00e1stico de Ribeir\u00e3o Preto CH Faria, criador de uma escultura em tamanho real de Silvio Santos, relembrou a entrega da obra ao comunicador, que morreu neste s\u00e1bado (17), aos 93 anos, em S\u00e3o Paulo. A escultura foi feita em a\u00e7o, com pintura em ep\u00f3xi. A entrega a Silvio\u2026","rel":"","context":"In &quot;Not\u00edcias de Ribeir\u00e3o Preto-SP e Regi\u00e3o&quot;","block_context":{"text":"Not\u00edcias de Ribeir\u00e3o Preto-SP e Regi\u00e3o","link":"https:\/\/noticiasribeiraopreto.com.br\/index.php\/category\/noticias-de-ribeirao-preto-sp-e-regiao-ismael-colosi\/"},"img":{"alt_text":"","src":"https:\/\/i0.wp.com\/noticiasribeiraopreto.com.br\/wp-content\/uploads\/2024\/08\/Copia-de-Copia-de-Copia-de-TAMANHO-EXATO-PARA-FOTOS-NO-SISTEMA-NOVO-7_2024-08-17_16-41-52_jpg_2024-08-17_16-41-52.webp.webp?fit=1200%2C675&ssl=1&resize=350%2C200","width":350,"height":200,"srcset":"https:\/\/i0.wp.com\/noticiasribeiraopreto.com.br\/wp-content\/uploads\/2024\/08\/Copia-de-Copia-de-Copia-de-TAMANHO-EXATO-PARA-FOTOS-NO-SISTEMA-NOVO-7_2024-08-17_16-41-52_jpg_2024-08-17_16-41-52.webp.webp?fit=1200%2C675&ssl=1&resize=350%2C200 1x, https:\/\/i0.wp.com\/noticiasribeiraopreto.com.br\/wp-content\/uploads\/2024\/08\/Copia-de-Copia-de-Copia-de-TAMANHO-EXATO-PARA-FOTOS-NO-SISTEMA-NOVO-7_2024-08-17_16-41-52_jpg_2024-08-17_16-41-52.webp.webp?fit=1200%2C675&ssl=1&resize=525%2C300 1.5x, https:\/\/i0.wp.com\/noticiasribeiraopreto.com.br\/wp-content\/uploads\/2024\/08\/Copia-de-Copia-de-Copia-de-TAMANHO-EXATO-PARA-FOTOS-NO-SISTEMA-NOVO-7_2024-08-17_16-41-52_jpg_2024-08-17_16-41-52.webp.webp?fit=1200%2C675&ssl=1&resize=700%2C400 2x, https:\/\/i0.wp.com\/noticiasribeiraopreto.com.br\/wp-content\/uploads\/2024\/08\/Copia-de-Copia-de-Copia-de-TAMANHO-EXATO-PARA-FOTOS-NO-SISTEMA-NOVO-7_2024-08-17_16-41-52_jpg_2024-08-17_16-41-52.webp.webp?fit=1200%2C675&ssl=1&resize=1050%2C600 3x"},"classes":[]},{"id":56906,"url":"https:\/\/noticiasribeiraopreto.com.br\/index.php\/2024\/08\/17\/entenda-como-escritor-da-regiao-de-ribeirao-ajudou-popularizar-a-historia-de-silvio-santos\/","url_meta":{"origin":50466,"position":2},"title":"Entenda como escritor da regi\u00e3o de Ribeir\u00e3o ajudou popularizar a hist\u00f3ria de Silvio Santos","author":"noticiasribeiraopreto.com.br","date":"17 de August de 2024","format":false,"excerpt":"Uma biografia em hist\u00f3ria em quadrinhos, escrita pelo escritor R.F. Lucchetti, natural da regi\u00e3o de Ribeir\u00e3o Preto, ajudou na populariza\u00e7\u00e3o da hist\u00f3ria da lenda da TV Silvio Santos, que morreu neste s\u00e1bado (17), aos 93 anos, em S\u00e3o Paulo. A biografia \u201cSilvio Santos: vida, luta e gl\u00f3ria\u201d, foi lan\u00e7ada em\u2026","rel":"","context":"In &quot;Not\u00edcias de Ribeir\u00e3o Preto-SP e Regi\u00e3o&quot;","block_context":{"text":"Not\u00edcias de Ribeir\u00e3o Preto-SP e Regi\u00e3o","link":"https:\/\/noticiasribeiraopreto.com.br\/index.php\/category\/noticias-de-ribeirao-preto-sp-e-regiao-ismael-colosi\/"},"img":{"alt_text":"","src":"https:\/\/i0.wp.com\/noticiasribeiraopreto.com.br\/wp-content\/uploads\/2024\/08\/rubens-francisco-lucchetti-e-silvio-santos_2024-08-17_14-45-57_jpg_2024-08-17_14-45-58.webp.webp?fit=1200%2C1065&ssl=1&resize=350%2C200","width":350,"height":200,"srcset":"https:\/\/i0.wp.com\/noticiasribeiraopreto.com.br\/wp-content\/uploads\/2024\/08\/rubens-francisco-lucchetti-e-silvio-santos_2024-08-17_14-45-57_jpg_2024-08-17_14-45-58.webp.webp?fit=1200%2C1065&ssl=1&resize=350%2C200 1x, https:\/\/i0.wp.com\/noticiasribeiraopreto.com.br\/wp-content\/uploads\/2024\/08\/rubens-francisco-lucchetti-e-silvio-santos_2024-08-17_14-45-57_jpg_2024-08-17_14-45-58.webp.webp?fit=1200%2C1065&ssl=1&resize=525%2C300 1.5x, https:\/\/i0.wp.com\/noticiasribeiraopreto.com.br\/wp-content\/uploads\/2024\/08\/rubens-francisco-lucchetti-e-silvio-santos_2024-08-17_14-45-57_jpg_2024-08-17_14-45-58.webp.webp?fit=1200%2C1065&ssl=1&resize=700%2C400 2x, https:\/\/i0.wp.com\/noticiasribeiraopreto.com.br\/wp-content\/uploads\/2024\/08\/rubens-francisco-lucchetti-e-silvio-santos_2024-08-17_14-45-57_jpg_2024-08-17_14-45-58.webp.webp?fit=1200%2C1065&ssl=1&resize=1050%2C600 3x"},"classes":[]},{"id":56900,"url":"https:\/\/noticiasribeiraopreto.com.br\/index.php\/2024\/08\/17\/morre-silvio-santos-aos-93-anos\/","url_meta":{"origin":50466,"position":3},"title":"Morre Silvio Santos, aos 93 anos","author":"noticiasribeiraopreto.com.br","date":"17 de August de 2024","format":false,"excerpt":"O apresentador Silvio Santos morreu neste s\u00e1bado (17), aos 93 anos. A morte foi anunciada pelo SBT, canal do apresentador. Confira: \u201cHoje o c\u00e9u est\u00e1 alegre com a chegada do nosso amado Silvio Santos. Ele viveu 93 anos para levar felicidade e amor a todos os brasileiros. A fam\u00edlia \u00e9\u2026","rel":"","context":"In &quot;Not\u00edcias de Ribeir\u00e3o Preto-SP e Regi\u00e3o&quot;","block_context":{"text":"Not\u00edcias de Ribeir\u00e3o Preto-SP e Regi\u00e3o","link":"https:\/\/noticiasribeiraopreto.com.br\/index.php\/category\/noticias-de-ribeirao-preto-sp-e-regiao-ismael-colosi\/"},"img":{"alt_text":"","src":"https:\/\/i0.wp.com\/noticiasribeiraopreto.com.br\/wp-content\/uploads\/2024\/08\/silvio-santos_2024-08-17_13-14-10_jpg_2024-08-17_13-14-10.webp.webp?fit=1200%2C731&ssl=1&resize=350%2C200","width":350,"height":200,"srcset":"https:\/\/i0.wp.com\/noticiasribeiraopreto.com.br\/wp-content\/uploads\/2024\/08\/silvio-santos_2024-08-17_13-14-10_jpg_2024-08-17_13-14-10.webp.webp?fit=1200%2C731&ssl=1&resize=350%2C200 1x, https:\/\/i0.wp.com\/noticiasribeiraopreto.com.br\/wp-content\/uploads\/2024\/08\/silvio-santos_2024-08-17_13-14-10_jpg_2024-08-17_13-14-10.webp.webp?fit=1200%2C731&ssl=1&resize=525%2C300 1.5x, https:\/\/i0.wp.com\/noticiasribeiraopreto.com.br\/wp-content\/uploads\/2024\/08\/silvio-santos_2024-08-17_13-14-10_jpg_2024-08-17_13-14-10.webp.webp?fit=1200%2C731&ssl=1&resize=700%2C400 2x, https:\/\/i0.wp.com\/noticiasribeiraopreto.com.br\/wp-content\/uploads\/2024\/08\/silvio-santos_2024-08-17_13-14-10_jpg_2024-08-17_13-14-10.webp.webp?fit=1200%2C731&ssl=1&resize=1050%2C600 3x"},"classes":[]},{"id":61088,"url":"https:\/\/noticiasribeiraopreto.com.br\/index.php\/2024\/12\/03\/acidade-on-ribeirao-preto-recebe-pela-2a-vez-seguida-trofeu-aceesp-de-cobertura-esportiva\/","url_meta":{"origin":50466,"position":4},"title":"acidade on Ribeir\u00e3o Preto recebe pela 2\u00aa vez seguida Trof\u00e9u Aceesp de cobertura esportiva","author":"noticiasribeiraopreto.com.br","date":"3 de December de 2024","format":false,"excerpt":"O acidade on Ribeir\u00e3o Preto recebeu, nesta segunda-feira (2), o Trof\u00e9u Aceesp, o mais tradicional do jornalismo esportivo do Estado de S\u00e3o Paulo. A premia\u00e7\u00e3o aconteceu no Museu do Futebol, no est\u00e1dio do Pacaembu, na Capital. Al\u00e9m do portal, a EPTV Ribeir\u00e3o e a r\u00e1dio CBN Ribeir\u00e3o Preto tamb\u00e9m foram\u2026","rel":"","context":"In &quot;Not\u00edcias de Ribeir\u00e3o Preto-SP e Regi\u00e3o&quot;","block_context":{"text":"Not\u00edcias de Ribeir\u00e3o Preto-SP e Regi\u00e3o","link":"https:\/\/noticiasribeiraopreto.com.br\/index.php\/category\/noticias-de-ribeirao-preto-sp-e-regiao-ismael-colosi\/"},"img":{"alt_text":"","src":"https:\/\/i0.wp.com\/noticiasribeiraopreto.com.br\/wp-content\/uploads\/2024\/12\/Todos-1024x682-1_2024-12-03_14-57-51_jpg_2024-12-03_14-57-51.webp.webp?fit=1024%2C682&ssl=1&resize=350%2C200","width":350,"height":200,"srcset":"https:\/\/i0.wp.com\/noticiasribeiraopreto.com.br\/wp-content\/uploads\/2024\/12\/Todos-1024x682-1_2024-12-03_14-57-51_jpg_2024-12-03_14-57-51.webp.webp?fit=1024%2C682&ssl=1&resize=350%2C200 1x, https:\/\/i0.wp.com\/noticiasribeiraopreto.com.br\/wp-content\/uploads\/2024\/12\/Todos-1024x682-1_2024-12-03_14-57-51_jpg_2024-12-03_14-57-51.webp.webp?fit=1024%2C682&ssl=1&resize=525%2C300 1.5x, https:\/\/i0.wp.com\/noticiasribeiraopreto.com.br\/wp-content\/uploads\/2024\/12\/Todos-1024x682-1_2024-12-03_14-57-51_jpg_2024-12-03_14-57-51.webp.webp?fit=1024%2C682&ssl=1&resize=700%2C400 2x"},"classes":[]},{"id":65363,"url":"https:\/\/noticiasribeiraopreto.com.br\/index.php\/2025\/03\/19\/morre-o-ex-governador-claudio-lembo-aos-90-anos-em-sao-paulo\/","url_meta":{"origin":50466,"position":5},"title":"Morre o ex-governador Cl\u00e1udio Lembo aos 90 anos em S\u00e3o Paulo","author":"noticiasribeiraopreto.com.br","date":"19 de March de 2025","format":false,"excerpt":"O ex-governador do Estado de S\u00e3o Paulo Cl\u00e1udio Lembo morreu na madrugada desta quarta-feira (19), aos 90 anos. A causa n\u00e3o foi divulgada. O governador Tarc\u00edsio de Freitas decretou luto oficial de tr\u00eas dias. Uma nota divulgada nesta manh\u00e3 lamenta a morte do ex-governador. Cl\u00e1udio Lembo assumiu o governo paulista\u2026","rel":"","context":"In &quot;Not\u00edcias de Ribeir\u00e3o Preto-SP e Regi\u00e3o&quot;","block_context":{"text":"Not\u00edcias de Ribeir\u00e3o Preto-SP e Regi\u00e3o","link":"https:\/\/noticiasribeiraopreto.com.br\/index.php\/category\/noticias-de-ribeirao-preto-sp-e-regiao-ismael-colosi\/"},"img":{"alt_text":"","src":"https:\/\/i0.wp.com\/noticiasribeiraopreto.com.br\/wp-content\/uploads\/2025\/03\/posse-gov768cint_2025-03-19_11-21-30_jpg_2025-03-19_11-21-30.webp.webp?fit=1200%2C823&ssl=1&resize=350%2C200","width":350,"height":200,"srcset":"https:\/\/i0.wp.com\/noticiasribeiraopreto.com.br\/wp-content\/uploads\/2025\/03\/posse-gov768cint_2025-03-19_11-21-30_jpg_2025-03-19_11-21-30.webp.webp?fit=1200%2C823&ssl=1&resize=350%2C200 1x, https:\/\/i0.wp.com\/noticiasribeiraopreto.com.br\/wp-content\/uploads\/2025\/03\/posse-gov768cint_2025-03-19_11-21-30_jpg_2025-03-19_11-21-30.webp.webp?fit=1200%2C823&ssl=1&resize=525%2C300 1.5x, https:\/\/i0.wp.com\/noticiasribeiraopreto.com.br\/wp-content\/uploads\/2025\/03\/posse-gov768cint_2025-03-19_11-21-30_jpg_2025-03-19_11-21-30.webp.webp?fit=1200%2C823&ssl=1&resize=700%2C400 2x, https:\/\/i0.wp.com\/noticiasribeiraopreto.com.br\/wp-content\/uploads\/2025\/03\/posse-gov768cint_2025-03-19_11-21-30_jpg_2025-03-19_11-21-30.webp.webp?fit=1200%2C823&ssl=1&resize=1050%2C600 3x"},"classes":[]}],"jetpack_sharing_enabled":true,"jetpack_shortlink":"https:\/\/wp.me\/peQAOb-d7Y","_links":{"self":[{"href":"https:\/\/noticiasribeiraopreto.com.br\/index.php\/wp-json\/wp\/v2\/posts\/50466","targetHints":{"allow":["GET"]}}],"collection":[{"href":"https:\/\/noticiasribeiraopreto.com.br\/index.php\/wp-json\/wp\/v2\/posts"}],"about":[{"href":"https:\/\/noticiasribeiraopreto.com.br\/index.php\/wp-json\/wp\/v2\/types\/post"}],"author":[{"embeddable":true,"href":"https:\/\/noticiasribeiraopreto.com.br\/index.php\/wp-json\/wp\/v2\/users\/1"}],"replies":[{"embeddable":true,"href":"https:\/\/noticiasribeiraopreto.com.br\/index.php\/wp-json\/wp\/v2\/comments?post=50466"}],"version-history":[{"count":0,"href":"https:\/\/noticiasribeiraopreto.com.br\/index.php\/wp-json\/wp\/v2\/posts\/50466\/revisions"}],"wp:featuredmedia":[{"embeddable":true,"href":"https:\/\/noticiasribeiraopreto.com.br\/index.php\/wp-json\/wp\/v2\/media\/50467"}],"wp:attachment":[{"href":"https:\/\/noticiasribeiraopreto.com.br\/index.php\/wp-json\/wp\/v2\/media?parent=50466"}],"wp:term":[{"taxonomy":"category","embeddable":true,"href":"https:\/\/noticiasribeiraopreto.com.br\/index.php\/wp-json\/wp\/v2\/categories?post=50466"},{"taxonomy":"post_tag","embeddable":true,"href":"https:\/\/noticiasribeiraopreto.com.br\/index.php\/wp-json\/wp\/v2\/tags?post=50466"}],"curies":[{"name":"wp","href":"https:\/\/api.w.org\/{rel}","templated":true}]}}