{"id":50546,"date":"2024-05-16T16:03:10","date_gmt":"2024-05-16T19:03:10","guid":{"rendered":"https:\/\/noticiasribeiraopreto.com.br\/index.php\/2024\/05\/16\/entenda-como-funciona-o-pedagio-sem-cancela-em-rodovias-do-interior-de-sp\/"},"modified":"2024-05-16T16:03:10","modified_gmt":"2024-05-16T19:03:10","slug":"entenda-como-funciona-o-pedagio-sem-cancela-em-rodovias-do-interior-de-sp","status":"publish","type":"post","link":"https:\/\/noticiasribeiraopreto.com.br\/index.php\/2024\/05\/16\/entenda-como-funciona-o-pedagio-sem-cancela-em-rodovias-do-interior-de-sp\/","title":{"rendered":"Entenda como funciona o ped\u00e1gio sem cancela em rodovias do interior de SP"},"content":{"rendered":"<div class='code-block code-block-1' style='margin: 8px 0 8px auto; text-align: right; display: block; clear: both;'>\n<p><a href=\"https:\/\/wa.link\/vpicfd\"><img data-recalc-dims=\"1\" class=\"wp-image-4922\" style=\"aspect-ratio: 2.0253164556962027; width: 561px; height: auto;\" src=\"https:\/\/i0.wp.com\/ismaelcolosi.com.br\/wp-content\/uploads\/2023\/11\/grupo-de-empregos-whatsapp-e-facebook-ismael-colosi-vagas.jpg?ssl=1\" alt=\"\" \/><\/a><\/p>\n<!-- \/wp:image -->\n<\/div>\n<p> <br \/>\n<\/p>\n<div>\n<p>Motoristas de <strong>S\u00e3o Paulo<\/strong> devem se livrar da necessidade de <strong>parar em pra\u00e7as de ped\u00e1gio<\/strong> em breve. Isso porque algumas rodovias do <strong>interior do estado<\/strong> passar\u00e3o a receber o sistema <strong>Free Flow<\/strong>, que substituir\u00e1 os ped\u00e1gios de barreiras por p\u00f3rticos de cobran\u00e7a.<\/p>\n<p>De acordo com o<strong> governo de S\u00e3o Paulo<\/strong>, o novo sistema deve come\u00e7ar a funcionar no dia <strong>1\u00ba de agosto<\/strong> e ser\u00e1 aplicado em duas pra\u00e7as da rodovia SP-333.<\/p>\n<p>No ano passado, a tecnologia come\u00e7ou a funcionar na <strong>rodovia BR-101\/RJ (Rio-Santos)<\/strong>.<\/p>\n<h2 class=\"wp-block-heading\"><strong>Onde vai ser instalado o ped\u00e1gio sem cancela no Interior de SP?<\/strong><\/h2>\n<p>A<strong> SP-333<\/strong>, rodovia na <strong>regi\u00e3o de Ribeir\u00e3o Preto<\/strong>, ser\u00e1 a primeira no <strong>interior de S\u00e3o Paulo<\/strong> a implantar o ped\u00e1gio sem cancela. De acordo com o governo do estado, as duas pra\u00e7as que v\u00e3o utilizar a tecnologia s\u00e3o:<\/p>\n<ul>\n<li>Em <strong>It\u00e1polis<\/strong>, km 179, no sentido Leste;<\/li>\n<\/ul>\n<ul>\n<li>Em <strong>Jaboticabal<\/strong>, km 110, no sentido Oeste.<\/li>\n<\/ul>\n<h3 class=\"wp-block-heading\"><strong>Como funciona o ped\u00e1gio sem cancela?<\/strong><\/h3>\n<p>Segundo a <strong>EcoNoroeste<\/strong>, concession\u00e1ria que administra a rodovia, os p\u00f3rticos possuem c\u00e2meras, sensores e antenas capazes de identificar cada ve\u00edculo por meio da <strong>leitura de sua placa ou TAG<\/strong>, operando inclusive em condi\u00e7\u00f5es de <strong>baixa visibilidade.<\/strong><\/p>\n<p>Essa tecnologia \u00e9 capaz de identificar os ve\u00edculos e os categorizar conforme a altura, largura, comprimento e quantidade de eixos rodantes, para fazer a dupla checagem com as placas e TAGs identificados.<\/p>\n<p>O d\u00e9bito vai acontecer de forma direta sem necessidade de intera\u00e7\u00e3o direta com o motorista.<\/p>\n<figure class=\"wp-block-pullquote\">\n<blockquote>\n<p>Os usu\u00e1rios do trecho que j\u00e1 possuem as etiquetas eletr\u00f4nicas de cobran\u00e7a (Tags) ativas n\u00e3o precisam se preocupar, o ve\u00edculo ser\u00e1 identificado automaticamente nos p\u00f3rticos, da mesma forma que acontece nas pistas autom\u00e1ticas das cabines dos ped\u00e1gios atuais<\/p>\n<p><cite>EcoNoroeste<\/cite><\/p><\/blockquote>\n<\/figure>\n<p>Para quem n\u00e3o possui o sistema, o prazo para pagamento da tarifa \u00e9 de at\u00e9 <strong>15 dias ap\u00f3s a passagem pelo p\u00f3rtico<\/strong>, por meio dos seguintes canais disponibilizados pela concession\u00e1ria:<\/p>\n<ul>\n<li>Totem de autoatendimento nos postos SAUs das rodovias<\/li>\n<\/ul>\n<ul>\n<li>WhatsApp \u2013 0800 326 3663<\/li>\n<\/ul>\n<h4 class=\"wp-block-heading\"><strong>O que acontece se o pagamento n\u00e3o for efetuado em 15 dias?<\/strong><\/h4>\n<p>A falta de pagamento no prazo estabelecido na legisla\u00e7\u00e3o de tr\u00e2nsito vigente pode acarretar multa e perda de cinco pontos na carteira nacional de habilita\u00e7\u00e3o (CNH).<\/p>\n<h4 class=\"wp-block-heading\"><strong>Existe algum desconto para quem adquirir a TAG?<\/strong><\/h4>\n<p>O <strong>governo do estado<\/strong> informou que os usu\u00e1rios que optarem pelo pagamento autom\u00e1tico devem receber um <strong>desconto de 5% no valor da tarifa<\/strong>, al\u00e9m do benef\u00edcio do <strong>Desconto de Usu\u00e1rio Frequente (Duf)<\/strong> exclusivo para carros que oferecem descontos progressivos a cada passagem durante o mesmo m\u00eas.<\/p>\n<figure class=\"wp-block-pullquote\">\n<blockquote>\n<p>As tags instaladas s\u00e3o administradas pelas Operadoras de Servi\u00e7o de Arrecada\u00e7\u00e3o (Osas), assegurando que sejam aceitas em todos os ped\u00e1gios convencionais e p\u00f3rticos de rodovias concedidas do estado de S\u00e3o Paulo<\/p>\n<p><cite>Governo do estado de S\u00e3o Paulo<\/cite><\/p><\/blockquote>\n<\/figure>\n<hr class=\"wp-block-separator has-alpha-channel-opacity\"\/>\n<p>SAIBA MAIS<\/p>\n<p>Pesquisador da USP Ribeir\u00e3o recebe pr\u00eamio internacional por estudo contra o c\u00e2ncer <mark style=\"background-color:#ffffff\" class=\"has-inline-color has-white-color\">entretanto, <\/mark><\/p>\n<h4 class=\"wp-block-heading\"><strong>FIQUE ON<\/strong><\/h4>\n<p>Fique ligado em tudo que acontece em Ribeir\u00e3o Preto e regi\u00e3o. Siga os perfis do\u00a0<strong>acidade on<\/strong>\u00a0no\u00a0<a href=\"https:\/\/www.instagram.com\/acidadeonribeirao\" target=\"_blank\" rel=\"noreferrer noopener\">Instagram<\/a>\u00a0e no\u00a0<a href=\"https:\/\/www.facebook.com\/acidadeonribeirao\/\" target=\"_blank\" rel=\"noreferrer noopener\">Facebook<\/a>.<\/p>\n<p>Receba not\u00edcias do<strong>\u00a0acidade on\u00a0<\/strong>no WhatsApp.\u00a0<a href=\"https:\/\/chat.whatsapp.com\/CdrZ6xrf7quD44Vw3WlPuZ\" target=\"_blank\" rel=\"noreferrer noopener\">Para entrar no grupo, basta clicar aqui.<\/a><\/p>\n<p>Fa\u00e7a uma den\u00fancia ou sugira uma reportagem sobre Ribeir\u00e3o Preto e regi\u00e3o pelo WhatsApp: 16 99117 7802.<\/p>\n<p>VEJA TAMB\u00c9M<\/p>\n<p>Quando estreia \u201c\u00c9 Assim que Acaba\u201d? Veja trailer <mark style=\"background-color:#ffffff\" class=\"has-inline-color has-white-color\">contudo, <\/mark><\/p>\n<p><!-- AI CONTENT END 1 -->\n<\/div>\n<p><script async src=\"\/\/www.instagram.com\/embed.js\"><\/script><br \/>\n<br \/><br \/>\n<br \/><a href=\"https:\/\/www.acidadeon.com\/ribeiraopreto\/cotidiano\/entenda-como-funciona-o-pedagio-sem-cancela-em-rodovias-do-interior-de-sp\/\">Source link <\/a><\/p>\n<!-- CONTENT END 1 -->\n","protected":false},"excerpt":{"rendered":"<p>Motoristas de S\u00e3o Paulo devem se livrar da necessidade de parar em pra\u00e7as de ped\u00e1gio em breve. Isso porque algumas rodovias do interior do estado&#8230;<\/p>\n","protected":false},"author":1,"featured_media":50547,"comment_status":"open","ping_status":"open","sticky":false,"template":"","format":"standard","meta":{"advanced_seo_description":"","jetpack_seo_html_title":"","jetpack_seo_noindex":false,"jetpack_post_was_ever_published":false,"_jetpack_newsletter_access":"","_jetpack_dont_email_post_to_subs":false,"_jetpack_newsletter_tier_id":0,"_jetpack_memberships_contains_paywalled_content":false,"_jetpack_memberships_contains_paid_content":false,"footnotes":"","jetpack_publicize_message":"","jetpack_publicize_feature_enabled":true,"jetpack_social_post_already_shared":false,"jetpack_social_options":{"image_generator_settings":{"template":"highway","default_image_id":0,"font":"","enabled":false},"version":2}},"categories":[11],"tags":[],"class_list":["post-50546","post","type-post","status-publish","format-standard","has-post-thumbnail","hentry","category-noticias-de-ribeirao-preto-sp-e-regiao-ismael-colosi"],"jetpack_publicize_connections":[],"jetpack_featured_media_url":"https:\/\/i0.wp.com\/noticiasribeiraopreto.com.br\/wp-content\/uploads\/2024\/05\/FREE-FLOW.webp.webp?fit=1024%2C682&ssl=1","jetpack-related-posts":[{"id":50241,"url":"https:\/\/noticiasribeiraopreto.com.br\/index.php\/2024\/05\/15\/rodovia-na-regiao-de-ribeirao-e-a-primeira-no-interior-de-sp-a-implantar-pedagio-sem-cancela\/","url_meta":{"origin":50546,"position":0},"title":"Rodovia na regi\u00e3o de Ribeir\u00e3o \u00e9 a primeira no interior de SP a implantar ped\u00e1gio sem cancela","author":"noticiasribeiraopreto.com.br","date":"15 de May de 2024","format":false,"excerpt":"A rodovia Carlos Tonani, Nem\u00e9sio Cadetti e Laurentino Mascari, no trecho entre It\u00e1polis e Jaboticabal, cidade a 57 quil\u00f4metros de Ribeir\u00e3o Preto, \u00e9 a primeira do Estado de S\u00e3o Paulo que ter\u00e1 o ped\u00e1gio sem cancela, segundo a EcoNoroeste, concession\u00e1ria que administra os trechos. Chamado \u201cFree Flow\u201d, o novo sistema\u2026","rel":"","context":"In &quot;Not\u00edcias de Ribeir\u00e3o Preto-SP e Regi\u00e3o&quot;","block_context":{"text":"Not\u00edcias de Ribeir\u00e3o Preto-SP e Regi\u00e3o","link":"https:\/\/noticiasribeiraopreto.com.br\/index.php\/category\/noticias-de-ribeirao-preto-sp-e-regiao-ismael-colosi\/"},"img":{"alt_text":"","src":"https:\/\/i0.wp.com\/noticiasribeiraopreto.com.br\/wp-content\/uploads\/2024\/05\/Copia-de-Copia-de-TAMANHO-EXATO-PARA-FOTOS-NO-SISTEMA-NOVO-5_2024-05-15_14-51-30_jpg_2024-05-15_14-51-30.webp.webp?fit=1200%2C675&ssl=1&resize=350%2C200","width":350,"height":200,"srcset":"https:\/\/i0.wp.com\/noticiasribeiraopreto.com.br\/wp-content\/uploads\/2024\/05\/Copia-de-Copia-de-TAMANHO-EXATO-PARA-FOTOS-NO-SISTEMA-NOVO-5_2024-05-15_14-51-30_jpg_2024-05-15_14-51-30.webp.webp?fit=1200%2C675&ssl=1&resize=350%2C200 1x, https:\/\/i0.wp.com\/noticiasribeiraopreto.com.br\/wp-content\/uploads\/2024\/05\/Copia-de-Copia-de-TAMANHO-EXATO-PARA-FOTOS-NO-SISTEMA-NOVO-5_2024-05-15_14-51-30_jpg_2024-05-15_14-51-30.webp.webp?fit=1200%2C675&ssl=1&resize=525%2C300 1.5x, https:\/\/i0.wp.com\/noticiasribeiraopreto.com.br\/wp-content\/uploads\/2024\/05\/Copia-de-Copia-de-TAMANHO-EXATO-PARA-FOTOS-NO-SISTEMA-NOVO-5_2024-05-15_14-51-30_jpg_2024-05-15_14-51-30.webp.webp?fit=1200%2C675&ssl=1&resize=700%2C400 2x, https:\/\/i0.wp.com\/noticiasribeiraopreto.com.br\/wp-content\/uploads\/2024\/05\/Copia-de-Copia-de-TAMANHO-EXATO-PARA-FOTOS-NO-SISTEMA-NOVO-5_2024-05-15_14-51-30_jpg_2024-05-15_14-51-30.webp.webp?fit=1200%2C675&ssl=1&resize=1050%2C600 3x"},"classes":[]},{"id":60212,"url":"https:\/\/noticiasribeiraopreto.com.br\/index.php\/2024\/11\/08\/pedagio-free-flow-12-mil-motoristas-sao-multados-por-falta-de-pagamento-no-interior-de-sp\/","url_meta":{"origin":50546,"position":1},"title":"Ped\u00e1gio free flow: 12 mil motoristas s\u00e3o multados por falta de pagamento no interior de SP","author":"noticiasribeiraopreto.com.br","date":"8 de November de 2024","format":false,"excerpt":"Mais de 12 mil motoristas ser\u00e3o multados por n\u00e3o pagar a tarifa do ped\u00e1gio eletr\u00f4nico, o ped\u00e1gio free flow, no primeiro m\u00eas de opera\u00e7\u00e3o no interior de S\u00e3o Paulo. O per\u00edodo considerado pela EcoNoroeste vai de 4 de setembro, quando come\u00e7ou a opera\u00e7\u00e3o com cobran\u00e7a, at\u00e9 4 de outubro. O\u2026","rel":"","context":"In &quot;Not\u00edcias de Ribeir\u00e3o Preto-SP e Regi\u00e3o&quot;","block_context":{"text":"Not\u00edcias de Ribeir\u00e3o Preto-SP e Regi\u00e3o","link":"https:\/\/noticiasribeiraopreto.com.br\/index.php\/category\/noticias-de-ribeirao-preto-sp-e-regiao-ismael-colosi\/"},"img":{"alt_text":"","src":"https:\/\/i0.wp.com\/noticiasribeiraopreto.com.br\/wp-content\/uploads\/2024\/09\/pedagio-free-flow_2024-09-02_16-33-58_jpg_2024-09-02_16-33-58.webp.webp?fit=1079%2C682&ssl=1&resize=350%2C200","width":350,"height":200,"srcset":"https:\/\/i0.wp.com\/noticiasribeiraopreto.com.br\/wp-content\/uploads\/2024\/09\/pedagio-free-flow_2024-09-02_16-33-58_jpg_2024-09-02_16-33-58.webp.webp?fit=1079%2C682&ssl=1&resize=350%2C200 1x, https:\/\/i0.wp.com\/noticiasribeiraopreto.com.br\/wp-content\/uploads\/2024\/09\/pedagio-free-flow_2024-09-02_16-33-58_jpg_2024-09-02_16-33-58.webp.webp?fit=1079%2C682&ssl=1&resize=525%2C300 1.5x, https:\/\/i0.wp.com\/noticiasribeiraopreto.com.br\/wp-content\/uploads\/2024\/09\/pedagio-free-flow_2024-09-02_16-33-58_jpg_2024-09-02_16-33-58.webp.webp?fit=1079%2C682&ssl=1&resize=700%2C400 2x, https:\/\/i0.wp.com\/noticiasribeiraopreto.com.br\/wp-content\/uploads\/2024\/09\/pedagio-free-flow_2024-09-02_16-33-58_jpg_2024-09-02_16-33-58.webp.webp?fit=1079%2C682&ssl=1&resize=1050%2C600 3x"},"classes":[]},{"id":60227,"url":"https:\/\/noticiasribeiraopreto.com.br\/index.php\/2024\/11\/08\/pedagio-free-flow-12-mil-motoristas-sao-multados-por-falta-de-pagamento-no-interior-de-sp-2\/","url_meta":{"origin":50546,"position":2},"title":"Ped\u00e1gio free flow: 12 mil motoristas s\u00e3o multados por falta de pagamento no interior de SP","author":"noticiasribeiraopreto.com.br","date":"8 de November de 2024","format":false,"excerpt":"Mais de 12 mil motoristas ser\u00e3o multados por n\u00e3o pagar a tarifa do ped\u00e1gio eletr\u00f4nico, o ped\u00e1gio free flow, no primeiro m\u00eas de opera\u00e7\u00e3o no interior de S\u00e3o Paulo. O per\u00edodo considerado pela EcoNoroeste vai de 4 de setembro, quando come\u00e7ou a opera\u00e7\u00e3o com cobran\u00e7a, at\u00e9 4 de outubro. O\u2026","rel":"","context":"In &quot;Not\u00edcias de Ribeir\u00e3o Preto-SP e Regi\u00e3o&quot;","block_context":{"text":"Not\u00edcias de Ribeir\u00e3o Preto-SP e Regi\u00e3o","link":"https:\/\/noticiasribeiraopreto.com.br\/index.php\/category\/noticias-de-ribeirao-preto-sp-e-regiao-ismael-colosi\/"},"img":{"alt_text":"","src":"https:\/\/i0.wp.com\/noticiasribeiraopreto.com.br\/wp-content\/uploads\/2024\/09\/pedagio-free-flow_2024-09-02_16-33-58_jpg_2024-09-02_16-33-58.webp.webp?fit=1079%2C682&ssl=1&resize=350%2C200","width":350,"height":200,"srcset":"https:\/\/i0.wp.com\/noticiasribeiraopreto.com.br\/wp-content\/uploads\/2024\/09\/pedagio-free-flow_2024-09-02_16-33-58_jpg_2024-09-02_16-33-58.webp.webp?fit=1079%2C682&ssl=1&resize=350%2C200 1x, https:\/\/i0.wp.com\/noticiasribeiraopreto.com.br\/wp-content\/uploads\/2024\/09\/pedagio-free-flow_2024-09-02_16-33-58_jpg_2024-09-02_16-33-58.webp.webp?fit=1079%2C682&ssl=1&resize=525%2C300 1.5x, https:\/\/i0.wp.com\/noticiasribeiraopreto.com.br\/wp-content\/uploads\/2024\/09\/pedagio-free-flow_2024-09-02_16-33-58_jpg_2024-09-02_16-33-58.webp.webp?fit=1079%2C682&ssl=1&resize=700%2C400 2x, https:\/\/i0.wp.com\/noticiasribeiraopreto.com.br\/wp-content\/uploads\/2024\/09\/pedagio-free-flow_2024-09-02_16-33-58_jpg_2024-09-02_16-33-58.webp.webp?fit=1079%2C682&ssl=1&resize=1050%2C600 3x"},"classes":[]},{"id":74095,"url":"https:\/\/noticiasribeiraopreto.com.br\/index.php\/2025\/07\/16\/tarcisio-recua-e-cancela-pedagio-entre-serrana-e-ribeirao-preto\/","url_meta":{"origin":50546,"position":3},"title":"Tarc\u00edsio recua e cancela ped\u00e1gio entre Serrana e Ribeir\u00e3o Preto","author":"noticiasribeiraopreto.com.br","date":"16 de July de 2025","format":false,"excerpt":"Estimativas das prefeituras indicam que mais de 20 mil pessoas utilizam diariamente a rodovia 16 de julho de 2025 07:0416 de julho de 2025 07:050 Compartilhar0 Por: Adalberto Luque O prefeito de Serrana, Leo Capitelli (MDB), informou que foi oficialmente cancelada a instala\u00e7\u00e3o de p\u00f3rticos de ped\u00e1gio no modelo free\u2026","rel":"","context":"In &quot;Not\u00edcias de Ribeir\u00e3o Preto-SP e Regi\u00e3o&quot;","block_context":{"text":"Not\u00edcias de Ribeir\u00e3o Preto-SP e Regi\u00e3o","link":"https:\/\/noticiasribeiraopreto.com.br\/index.php\/category\/noticias-de-ribeirao-preto-sp-e-regiao-ismael-colosi\/"},"img":{"alt_text":"","src":"https:\/\/i0.wp.com\/noticiasribeiraopreto.com.br\/wp-content\/uploads\/2025\/07\/16-jul-2025-pedagioserrana-scaled.jpg?fit=1200%2C675&ssl=1&resize=350%2C200","width":350,"height":200,"srcset":"https:\/\/i0.wp.com\/noticiasribeiraopreto.com.br\/wp-content\/uploads\/2025\/07\/16-jul-2025-pedagioserrana-scaled.jpg?fit=1200%2C675&ssl=1&resize=350%2C200 1x, https:\/\/i0.wp.com\/noticiasribeiraopreto.com.br\/wp-content\/uploads\/2025\/07\/16-jul-2025-pedagioserrana-scaled.jpg?fit=1200%2C675&ssl=1&resize=525%2C300 1.5x, https:\/\/i0.wp.com\/noticiasribeiraopreto.com.br\/wp-content\/uploads\/2025\/07\/16-jul-2025-pedagioserrana-scaled.jpg?fit=1200%2C675&ssl=1&resize=700%2C400 2x, https:\/\/i0.wp.com\/noticiasribeiraopreto.com.br\/wp-content\/uploads\/2025\/07\/16-jul-2025-pedagioserrana-scaled.jpg?fit=1200%2C675&ssl=1&resize=1050%2C600 3x"},"classes":[]},{"id":57479,"url":"https:\/\/noticiasribeiraopreto.com.br\/index.php\/2024\/09\/02\/pedagio-free-flow-comeca-a-operar-no-interior-de-sp-nesta-semana-saiba-como-funciona\/","url_meta":{"origin":50546,"position":4},"title":"Ped\u00e1gio free flow come\u00e7a a operar no interior de SP nesta semana; Saiba como funciona","author":"noticiasribeiraopreto.com.br","date":"2 de September de 2024","format":false,"excerpt":"Os p\u00f3rticos do ped\u00e1gio free flow come\u00e7am a operar na SP-333 (rodovias Carlos Tonanni, Nem\u00e9sio Cadetti, Laurentino Mascari e Dr. M\u00e1rio Gentil), no interior de S\u00e3o Paulo, nesta semana. A pra\u00e7a de ped\u00e1gio de It\u00e1polis, no quil\u00f4metro 179, colocar\u00e1 em opera\u00e7\u00e3o a nova tecnologia de ped\u00e1gio eletr\u00f4nica na quarta-feira (4).\u2026","rel":"","context":"In &quot;Not\u00edcias de Ribeir\u00e3o Preto-SP e Regi\u00e3o&quot;","block_context":{"text":"Not\u00edcias de Ribeir\u00e3o Preto-SP e Regi\u00e3o","link":"https:\/\/noticiasribeiraopreto.com.br\/index.php\/category\/noticias-de-ribeirao-preto-sp-e-regiao-ismael-colosi\/"},"img":{"alt_text":"","src":"https:\/\/i0.wp.com\/noticiasribeiraopreto.com.br\/wp-content\/uploads\/2024\/09\/pedagio-free-flow_2024-09-02_16-33-58_jpg_2024-09-02_16-33-58.webp.webp?fit=1079%2C682&ssl=1&resize=350%2C200","width":350,"height":200,"srcset":"https:\/\/i0.wp.com\/noticiasribeiraopreto.com.br\/wp-content\/uploads\/2024\/09\/pedagio-free-flow_2024-09-02_16-33-58_jpg_2024-09-02_16-33-58.webp.webp?fit=1079%2C682&ssl=1&resize=350%2C200 1x, https:\/\/i0.wp.com\/noticiasribeiraopreto.com.br\/wp-content\/uploads\/2024\/09\/pedagio-free-flow_2024-09-02_16-33-58_jpg_2024-09-02_16-33-58.webp.webp?fit=1079%2C682&ssl=1&resize=525%2C300 1.5x, https:\/\/i0.wp.com\/noticiasribeiraopreto.com.br\/wp-content\/uploads\/2024\/09\/pedagio-free-flow_2024-09-02_16-33-58_jpg_2024-09-02_16-33-58.webp.webp?fit=1079%2C682&ssl=1&resize=700%2C400 2x, https:\/\/i0.wp.com\/noticiasribeiraopreto.com.br\/wp-content\/uploads\/2024\/09\/pedagio-free-flow_2024-09-02_16-33-58_jpg_2024-09-02_16-33-58.webp.webp?fit=1079%2C682&ssl=1&resize=1050%2C600 3x"},"classes":[]},{"id":59679,"url":"https:\/\/noticiasribeiraopreto.com.br\/index.php\/2024\/10\/28\/pedagio-eletronico-comeca-a-operar-nesta-semana-na-regiao-de-ribeirao-preto\/","url_meta":{"origin":50546,"position":5},"title":"Ped\u00e1gio eletr\u00f4nico come\u00e7a a operar nesta semana na regi\u00e3o de Ribeir\u00e3o Preto","author":"noticiasribeiraopreto.com.br","date":"28 de October de 2024","format":false,"excerpt":"A primeira pra\u00e7a do ped\u00e1gio free flow, o ped\u00e1gio eletr\u00f4nico, come\u00e7a a operar nesta semana na regi\u00e3o de Ribeir\u00e3o Preto. O p\u00f3rtico ficar\u00e1 na altura do quil\u00f4metro 110 da rodovia Carlos Tonanni (SP-333), em Jaboticabal, e come\u00e7a a funcionar na pr\u00f3xima sexta-feira (1\u00ba de novembro). A nova tecnologia de ped\u00e1gio\u2026","rel":"","context":"In &quot;Not\u00edcias de Ribeir\u00e3o Preto-SP e Regi\u00e3o&quot;","block_context":{"text":"Not\u00edcias de Ribeir\u00e3o Preto-SP e Regi\u00e3o","link":"https:\/\/noticiasribeiraopreto.com.br\/index.php\/category\/noticias-de-ribeirao-preto-sp-e-regiao-ismael-colosi\/"},"img":{"alt_text":"","src":"https:\/\/i0.wp.com\/noticiasribeiraopreto.com.br\/wp-content\/uploads\/2024\/09\/pedagio-free-flow_2024-09-02_16-33-58_jpg_2024-09-02_16-33-58.webp.webp?fit=1079%2C682&ssl=1&resize=350%2C200","width":350,"height":200,"srcset":"https:\/\/i0.wp.com\/noticiasribeiraopreto.com.br\/wp-content\/uploads\/2024\/09\/pedagio-free-flow_2024-09-02_16-33-58_jpg_2024-09-02_16-33-58.webp.webp?fit=1079%2C682&ssl=1&resize=350%2C200 1x, https:\/\/i0.wp.com\/noticiasribeiraopreto.com.br\/wp-content\/uploads\/2024\/09\/pedagio-free-flow_2024-09-02_16-33-58_jpg_2024-09-02_16-33-58.webp.webp?fit=1079%2C682&ssl=1&resize=525%2C300 1.5x, https:\/\/i0.wp.com\/noticiasribeiraopreto.com.br\/wp-content\/uploads\/2024\/09\/pedagio-free-flow_2024-09-02_16-33-58_jpg_2024-09-02_16-33-58.webp.webp?fit=1079%2C682&ssl=1&resize=700%2C400 2x, https:\/\/i0.wp.com\/noticiasribeiraopreto.com.br\/wp-content\/uploads\/2024\/09\/pedagio-free-flow_2024-09-02_16-33-58_jpg_2024-09-02_16-33-58.webp.webp?fit=1079%2C682&ssl=1&resize=1050%2C600 3x"},"classes":[]}],"jetpack_sharing_enabled":true,"jetpack_shortlink":"https:\/\/wp.me\/peQAOb-d9g","_links":{"self":[{"href":"https:\/\/noticiasribeiraopreto.com.br\/index.php\/wp-json\/wp\/v2\/posts\/50546","targetHints":{"allow":["GET"]}}],"collection":[{"href":"https:\/\/noticiasribeiraopreto.com.br\/index.php\/wp-json\/wp\/v2\/posts"}],"about":[{"href":"https:\/\/noticiasribeiraopreto.com.br\/index.php\/wp-json\/wp\/v2\/types\/post"}],"author":[{"embeddable":true,"href":"https:\/\/noticiasribeiraopreto.com.br\/index.php\/wp-json\/wp\/v2\/users\/1"}],"replies":[{"embeddable":true,"href":"https:\/\/noticiasribeiraopreto.com.br\/index.php\/wp-json\/wp\/v2\/comments?post=50546"}],"version-history":[{"count":0,"href":"https:\/\/noticiasribeiraopreto.com.br\/index.php\/wp-json\/wp\/v2\/posts\/50546\/revisions"}],"wp:featuredmedia":[{"embeddable":true,"href":"https:\/\/noticiasribeiraopreto.com.br\/index.php\/wp-json\/wp\/v2\/media\/50547"}],"wp:attachment":[{"href":"https:\/\/noticiasribeiraopreto.com.br\/index.php\/wp-json\/wp\/v2\/media?parent=50546"}],"wp:term":[{"taxonomy":"category","embeddable":true,"href":"https:\/\/noticiasribeiraopreto.com.br\/index.php\/wp-json\/wp\/v2\/categories?post=50546"},{"taxonomy":"post_tag","embeddable":true,"href":"https:\/\/noticiasribeiraopreto.com.br\/index.php\/wp-json\/wp\/v2\/tags?post=50546"}],"curies":[{"name":"wp","href":"https:\/\/api.w.org\/{rel}","templated":true}]}}