{"id":50549,"date":"2024-05-16T16:21:05","date_gmt":"2024-05-16T19:21:05","guid":{"rendered":"https:\/\/noticiasribeiraopreto.com.br\/index.php\/2024\/05\/16\/correios-priorizam-doacoes-de-agua-alimentos-e-itens-de-higiene-as-vitimas-do-rs\/"},"modified":"2024-05-16T16:21:05","modified_gmt":"2024-05-16T19:21:05","slug":"correios-priorizam-doacoes-de-agua-alimentos-e-itens-de-higiene-as-vitimas-do-rs","status":"publish","type":"post","link":"https:\/\/noticiasribeiraopreto.com.br\/index.php\/2024\/05\/16\/correios-priorizam-doacoes-de-agua-alimentos-e-itens-de-higiene-as-vitimas-do-rs\/","title":{"rendered":"Correios priorizam doa\u00e7\u00f5es de \u00e1gua, alimentos e itens de higiene \u00e0s v\u00edtimas do RS"},"content":{"rendered":"<div class='code-block code-block-1' style='margin: 8px 0 8px auto; text-align: right; display: block; clear: both;'>\n<p><a href=\"https:\/\/wa.link\/vpicfd\"><img data-recalc-dims=\"1\" class=\"wp-image-4922\" style=\"aspect-ratio: 2.0253164556962027; width: 561px; height: auto;\" src=\"https:\/\/i0.wp.com\/ismaelcolosi.com.br\/wp-content\/uploads\/2023\/11\/grupo-de-empregos-whatsapp-e-facebook-ismael-colosi-vagas.jpg?ssl=1\" alt=\"\" \/><\/a><\/p>\n<!-- \/wp:image -->\n<\/div>\n<p> <br \/>\n<\/p>\n<div data-td-block-uid=\"tdi_101\">\n<div class=\"tdb-block-inner td-fix-index\">\n<p>As <strong><span style=\"background-color:#f7cc62\" class=\"td_text_highlight_marker\"><mark style=\"background-color:rgba(0, 0, 0, 0)\" class=\"has-inline-color has-black-color\">ag\u00eancias dos Correios suspenderam, temporariamente, o recebimento de pe\u00e7as de vestu\u00e1rios para serem encaminhadas \u00e0s v\u00edtimas do Rio Grande do Sul<\/mark><\/span><\/strong>.<\/p>\n<p><span style=\"background-color:#f7cc62\" class=\"td_text_highlight_marker\"><mark style=\"background-color:rgba(0, 0, 0, 0)\" class=\"has-inline-color has-black-color\">A <strong>empresa<\/strong> <strong>orienta<\/strong>, que <strong>sejam priorizadas as doa\u00e7\u00f5es de \u00e1gua, alimentos e itens de higiene (<a href=\"https:\/\/mais.correios.com.br\/app\/index.php\" target=\"_blank\" rel=\"noreferrer noopener nofollow\">veja abaixo<\/a>). Contudo, tamb\u00e9m est\u00e3o sendo recebidas doa\u00e7\u00f5es de ra\u00e7\u00f5es para pets<\/strong>.<\/mark><\/span><\/p>\n<p>O <strong>motivo para interromper esse tipo de doa\u00e7\u00e3o \u00e9 que 70% dos donativos que foram entregues nas ag\u00eancias s\u00e3o de vestu\u00e1rio<\/strong>.<\/p>\n<ul>\n<li><strong>\u00c1gua e itens de cesta b\u00e1sica<\/strong> (verifique a validade de todos os itens e n\u00e3o doe se estiverem vencidos ou perto do vencimento)<\/li>\n<li><strong>Fraldas<\/strong> (geri\u00e1trica e infantil)<\/li>\n<li><strong>Itens de higiene pessoal<\/strong> (escova de dente, creme dental, sabonete, absorventes e papel higi\u00eanico)<\/li>\n<li><strong>Itens de limpeza<\/strong> (secos, como sab\u00e3o em barra, sacos de lixo, panos de limpeza, luvas, escova de limpeza e esponjas)<\/li>\n<\/ul>\n<h2 class=\"wp-block-heading\"><strong>Orienta\u00e7\u00e3o de como fazer as doa\u00e7\u00f5es: <\/strong><\/h2>\n<ul>\n<li>Cestas b\u00e1sicas devem ser entregues j\u00e1 fechadas ou com os alimentos reunidos em sacos transparentes<\/li>\n<li>O ideal tamb\u00e9m \u00e9 que os itens de higiene pessoa sejam entregues j\u00e1 reunidos em kits, em sacos transparentes<\/li>\n<li>Separe os itens por categorias e coloque em caixas ou sacolas que podem ser fechadas\/amarradas<\/li>\n<li>Coloque em caixas ou sacola com boa veda\u00e7\u00e3o, com cuidado para n\u00e3o estar rasgadas ou furadas<\/li>\n<\/ul>\n<h3 class=\"wp-block-heading\"><strong>Onde doar<\/strong><\/h3>\n<p><strong>As mais de 10 mil ag\u00eancias dos Correios <\/strong>est\u00e3o <strong>recebendo<\/strong> as <strong>doa\u00e7\u00f5es<\/strong> para serem transportadas, gratuitamente, para a <strong>Defesa Civil no Rio Grande do Sul <\/strong>(<strong><a href=\"https:\/\/mais.correios.com.br\/app\/index.php\" target=\"_blank\" rel=\"noreferrer noopener nofollow\">clique aqui<\/a><\/strong>).<\/p>\n<p>SAIBA MAIS <\/p>\n<p>Pesquisador da USP Ribeir\u00e3o recebe pr\u00eamio internacional por estudo contra o c\u00e2ncer<\/p>\n<h4 class=\"wp-block-heading\"><strong>FIQUE ON<\/strong><\/h4>\n<p>Fique ligado em tudo que acontece em Ribeir\u00e3o Preto e regi\u00e3o. Siga os perfis do\u00a0<strong>acidade on<\/strong>\u00a0no\u00a0<a href=\"https:\/\/www.instagram.com\/acidadeonribeirao\" target=\"_blank\" rel=\"noreferrer noopener\">Instagram<\/a>\u00a0e no\u00a0<a href=\"https:\/\/www.facebook.com\/acidadeonribeirao\/\" target=\"_blank\" rel=\"noreferrer noopener\">Facebook<\/a>.<\/p>\n<p>Receba not\u00edcias do<strong>\u00a0acidade on\u00a0<\/strong>no WhatsApp.\u00a0<a href=\"https:\/\/chat.whatsapp.com\/CdrZ6xrf7quD44Vw3WlPuZ\" target=\"_blank\" rel=\"noreferrer noopener\">Para entrar no grupo, basta clicar aqui.<\/a><\/p>\n<p>Fa\u00e7a uma den\u00fancia ou sugira uma reportagem sobre Ribeir\u00e3o Preto e regi\u00e3o pelo WhatsApp: 16 99117 7802.<\/p>\n<p>VEJA TAMB\u00c9M<br \/>Quais cidades podem solicitar o Saque-Calamidade no RS?<\/p>\n<p><!-- AI CONTENT END 1 -->\n<\/div>\n<\/div>\n<p><script async src=\"\/\/www.instagram.com\/embed.js\"><\/script><br \/>\n<br \/><br \/>\n<br \/><a href=\"https:\/\/www.acidadeon.com\/ribeiraopreto\/cotidiano\/correios-priorizam-doacoes-de-agua-alimentos-e-itens-de-higiene-as-vitimas-do-rs\/\">Source link <\/a><\/p>\n<!-- CONTENT END 1 -->\n","protected":false},"excerpt":{"rendered":"<p>As ag\u00eancias dos Correios suspenderam, temporariamente, o recebimento de pe\u00e7as de vestu\u00e1rios para serem encaminhadas \u00e0s v\u00edtimas do Rio Grande do Sul. A empresa orienta,&#8230;<\/p>\n","protected":false},"author":1,"featured_media":50550,"comment_status":"open","ping_status":"open","sticky":false,"template":"","format":"standard","meta":{"advanced_seo_description":"","jetpack_seo_html_title":"","jetpack_seo_noindex":false,"jetpack_post_was_ever_published":false,"_jetpack_newsletter_access":"","_jetpack_dont_email_post_to_subs":false,"_jetpack_newsletter_tier_id":0,"_jetpack_memberships_contains_paywalled_content":false,"_jetpack_memberships_contains_paid_content":false,"footnotes":"","jetpack_publicize_message":"","jetpack_publicize_feature_enabled":true,"jetpack_social_post_already_shared":false,"jetpack_social_options":{"image_generator_settings":{"template":"highway","default_image_id":0,"font":"","enabled":false},"version":2}},"categories":[11],"tags":[],"class_list":["post-50549","post","type-post","status-publish","format-standard","has-post-thumbnail","hentry","category-noticias-de-ribeirao-preto-sp-e-regiao-ismael-colosi"],"jetpack_publicize_connections":[],"jetpack_featured_media_url":"https:\/\/i0.wp.com\/noticiasribeiraopreto.com.br\/wp-content\/uploads\/2024\/05\/Copia-de-Copia-de-TAMANHO-EXATO-PARA-FOTOS-NO-SISTEMA-NOVO-8_2024-05-16_18-12-19_jpg_2024-05-16_18-12-19.webp.webp?fit=1200%2C675&ssl=1","jetpack-related-posts":[{"id":48692,"url":"https:\/\/noticiasribeiraopreto.com.br\/index.php\/2024\/05\/05\/doacoes-para-o-rs-continuam-nesta-semana-veja-como-ajudar-em-ribeirao-preto\/","url_meta":{"origin":50549,"position":0},"title":"Doa\u00e7\u00f5es para o RS continuam nesta semana; Veja como ajudar em Ribeir\u00e3o Preto","author":"noticiasribeiraopreto.com.br","date":"5 de May de 2024","format":false,"excerpt":"As doa\u00e7\u00f5es de alimentos, \u00e1gua mineral, produtos de higiene e limpeza e roupas para as v\u00edtimas das enchentes no Rio Grande do Sul e em Santa Catarina continuam nesta semana. Os interessados podem procurar as ag\u00eancias dos Correios, a Aeaarp e o Fundo Social de Solidariedade de Ribeir\u00e3o Preto para\u2026","rel":"","context":"In &quot;Not\u00edcias de Ribeir\u00e3o Preto-SP e Regi\u00e3o&quot;","block_context":{"text":"Not\u00edcias de Ribeir\u00e3o Preto-SP e Regi\u00e3o","link":"https:\/\/noticiasribeiraopreto.com.br\/index.php\/category\/noticias-de-ribeirao-preto-sp-e-regiao-ismael-colosi\/"},"img":{"alt_text":"","src":"https:\/\/i0.wp.com\/noticiasribeiraopreto.com.br\/wp-content\/uploads\/2024\/05\/AnyConv.com__enchentes-rs_2024-05-05_20-09-41.webp.webp?fit=1162%2C692&ssl=1&resize=350%2C200","width":350,"height":200,"srcset":"https:\/\/i0.wp.com\/noticiasribeiraopreto.com.br\/wp-content\/uploads\/2024\/05\/AnyConv.com__enchentes-rs_2024-05-05_20-09-41.webp.webp?fit=1162%2C692&ssl=1&resize=350%2C200 1x, https:\/\/i0.wp.com\/noticiasribeiraopreto.com.br\/wp-content\/uploads\/2024\/05\/AnyConv.com__enchentes-rs_2024-05-05_20-09-41.webp.webp?fit=1162%2C692&ssl=1&resize=525%2C300 1.5x, https:\/\/i0.wp.com\/noticiasribeiraopreto.com.br\/wp-content\/uploads\/2024\/05\/AnyConv.com__enchentes-rs_2024-05-05_20-09-41.webp.webp?fit=1162%2C692&ssl=1&resize=700%2C400 2x, https:\/\/i0.wp.com\/noticiasribeiraopreto.com.br\/wp-content\/uploads\/2024\/05\/AnyConv.com__enchentes-rs_2024-05-05_20-09-41.webp.webp?fit=1162%2C692&ssl=1&resize=1050%2C600 3x"},"classes":[]},{"id":48775,"url":"https:\/\/noticiasribeiraopreto.com.br\/index.php\/2024\/05\/06\/ribeirao-preto-tem-novos-postos-de-arrecadacao-para-vitimas-das-enchentes-no-rs-veja-locais\/","url_meta":{"origin":50549,"position":1},"title":"Ribeir\u00e3o Preto tem novos postos de arrecada\u00e7\u00e3o para v\u00edtimas das enchentes no RS; Veja locais","author":"noticiasribeiraopreto.com.br","date":"6 de May de 2024","format":false,"excerpt":"Ribeir\u00e3o Preto tem novos postos de arrecada\u00e7\u00e3o para as v\u00edtimas das enchentes no Rio Grande do Sul. Os interessados podem procurar a Pol\u00edcia Civil ou a C\u00e2mara Municipal do munic\u00edpio para prestar apoio \u2013 confira todos os pontos abaixo. De acordo com o boletim divulgado pela Defesa Civil na tarde\u2026","rel":"","context":"In &quot;Not\u00edcias de Ribeir\u00e3o Preto-SP e Regi\u00e3o&quot;","block_context":{"text":"Not\u00edcias de Ribeir\u00e3o Preto-SP e Regi\u00e3o","link":"https:\/\/noticiasribeiraopreto.com.br\/index.php\/category\/noticias-de-ribeirao-preto-sp-e-regiao-ismael-colosi\/"},"img":{"alt_text":"","src":"https:\/\/i0.wp.com\/noticiasribeiraopreto.com.br\/wp-content\/uploads\/2024\/05\/AnyConv.com__1f01317a-605f-43e5-9d8d-43f9e0c8c90c_2024-05-06_18-15-54.webp.webp?fit=768%2C512&ssl=1&resize=350%2C200","width":350,"height":200,"srcset":"https:\/\/i0.wp.com\/noticiasribeiraopreto.com.br\/wp-content\/uploads\/2024\/05\/AnyConv.com__1f01317a-605f-43e5-9d8d-43f9e0c8c90c_2024-05-06_18-15-54.webp.webp?fit=768%2C512&ssl=1&resize=350%2C200 1x, https:\/\/i0.wp.com\/noticiasribeiraopreto.com.br\/wp-content\/uploads\/2024\/05\/AnyConv.com__1f01317a-605f-43e5-9d8d-43f9e0c8c90c_2024-05-06_18-15-54.webp.webp?fit=768%2C512&ssl=1&resize=525%2C300 1.5x, https:\/\/i0.wp.com\/noticiasribeiraopreto.com.br\/wp-content\/uploads\/2024\/05\/AnyConv.com__1f01317a-605f-43e5-9d8d-43f9e0c8c90c_2024-05-06_18-15-54.webp.webp?fit=768%2C512&ssl=1&resize=700%2C400 2x"},"classes":[]},{"id":51439,"url":"https:\/\/noticiasribeiraopreto.com.br\/index.php\/2024\/05\/26\/rio-grande-do-sul-recebeu-200-toneladas-de-doacoes-em-alimentos\/","url_meta":{"origin":50549,"position":2},"title":"Rio Grande do Sul recebeu 200 toneladas de doa\u00e7\u00f5es em alimentos","author":"noticiasribeiraopreto.com.br","date":"26 de May de 2024","format":false,"excerpt":"Um levantamento feito pela Defesa Civil do Rio Grande do Sul apontou que foram recebidos em doa\u00e7\u00f5es 202,2 toneladas de alimentos diversos, durante a trag\u00e9dia clim\u00e1tica que atinge o estado. Al\u00e9m dos alimentos, foram recebidos tamb\u00e9m 1,5 milh\u00e3o de litros de \u00e1gua pot\u00e1vel. Ao todo, o \u00f3rg\u00e3o contabilizou 3,375 milh\u00f5es\u2026","rel":"","context":"In &quot;Not\u00edcias de Ribeir\u00e3o Preto-SP e Regi\u00e3o&quot;","block_context":{"text":"Not\u00edcias de Ribeir\u00e3o Preto-SP e Regi\u00e3o","link":"https:\/\/noticiasribeiraopreto.com.br\/index.php\/category\/noticias-de-ribeirao-preto-sp-e-regiao-ismael-colosi\/"},"img":{"alt_text":"","src":"https:\/\/i0.wp.com\/noticiasribeiraopreto.com.br\/wp-content\/uploads\/2024\/05\/Copia-de-Copia-de-TAMANHO-EXATO-PARA-FOTOS-NO-SISTEMA-NOVO-46_2024-05-26_19-16-57_jpg_2024-05-26_19-16-58.webp.webp?fit=1200%2C675&ssl=1&resize=350%2C200","width":350,"height":200,"srcset":"https:\/\/i0.wp.com\/noticiasribeiraopreto.com.br\/wp-content\/uploads\/2024\/05\/Copia-de-Copia-de-TAMANHO-EXATO-PARA-FOTOS-NO-SISTEMA-NOVO-46_2024-05-26_19-16-57_jpg_2024-05-26_19-16-58.webp.webp?fit=1200%2C675&ssl=1&resize=350%2C200 1x, https:\/\/i0.wp.com\/noticiasribeiraopreto.com.br\/wp-content\/uploads\/2024\/05\/Copia-de-Copia-de-TAMANHO-EXATO-PARA-FOTOS-NO-SISTEMA-NOVO-46_2024-05-26_19-16-57_jpg_2024-05-26_19-16-58.webp.webp?fit=1200%2C675&ssl=1&resize=525%2C300 1.5x, https:\/\/i0.wp.com\/noticiasribeiraopreto.com.br\/wp-content\/uploads\/2024\/05\/Copia-de-Copia-de-TAMANHO-EXATO-PARA-FOTOS-NO-SISTEMA-NOVO-46_2024-05-26_19-16-57_jpg_2024-05-26_19-16-58.webp.webp?fit=1200%2C675&ssl=1&resize=700%2C400 2x, https:\/\/i0.wp.com\/noticiasribeiraopreto.com.br\/wp-content\/uploads\/2024\/05\/Copia-de-Copia-de-TAMANHO-EXATO-PARA-FOTOS-NO-SISTEMA-NOVO-46_2024-05-26_19-16-57_jpg_2024-05-26_19-16-58.webp.webp?fit=1200%2C675&ssl=1&resize=1050%2C600 3x"},"classes":[]},{"id":48637,"url":"https:\/\/noticiasribeiraopreto.com.br\/index.php\/2024\/05\/04\/ribeirao-ganha-mais-pontos-de-coleta-de-doacoes-para-vitimas-das-chuvas-no-rs\/","url_meta":{"origin":50549,"position":3},"title":"Ribeir\u00e3o ganha mais pontos de coleta de doa\u00e7\u00f5es para v\u00edtimas das chuvas no RS","author":"noticiasribeiraopreto.com.br","date":"4 de May de 2024","format":false,"excerpt":"Ribeir\u00e3o Preto tem novos pontos de entrega de doa\u00e7\u00f5es para ajudar v\u00edtimas das chuvas no Rio Grande do Sul. Neste domingo (5), al\u00e9m da sede do Fundo Social de Solidariedade (FSS), que abrir\u00e1 das 9h \u00e0s 12h, na rua Cerqueira C\u00e9sar, 383, no Centro, a AEAARP (Associa\u00e7\u00e3o de Engenharia, Arquitetura\u2026","rel":"","context":"In &quot;Not\u00edcias de Ribeir\u00e3o Preto-SP e Regi\u00e3o&quot;","block_context":{"text":"Not\u00edcias de Ribeir\u00e3o Preto-SP e Regi\u00e3o","link":"https:\/\/noticiasribeiraopreto.com.br\/index.php\/category\/noticias-de-ribeirao-preto-sp-e-regiao-ismael-colosi\/"},"img":{"alt_text":"","src":"https:\/\/i0.wp.com\/noticiasribeiraopreto.com.br\/wp-content\/uploads\/2024\/05\/04154559_2130180_GDO_2024-05-04_20-12-33_jpg_2024-05-04_20-12-34.webp.webp?fit=800%2C533&ssl=1&resize=350%2C200","width":350,"height":200,"srcset":"https:\/\/i0.wp.com\/noticiasribeiraopreto.com.br\/wp-content\/uploads\/2024\/05\/04154559_2130180_GDO_2024-05-04_20-12-33_jpg_2024-05-04_20-12-34.webp.webp?fit=800%2C533&ssl=1&resize=350%2C200 1x, https:\/\/i0.wp.com\/noticiasribeiraopreto.com.br\/wp-content\/uploads\/2024\/05\/04154559_2130180_GDO_2024-05-04_20-12-33_jpg_2024-05-04_20-12-34.webp.webp?fit=800%2C533&ssl=1&resize=525%2C300 1.5x, https:\/\/i0.wp.com\/noticiasribeiraopreto.com.br\/wp-content\/uploads\/2024\/05\/04154559_2130180_GDO_2024-05-04_20-12-33_jpg_2024-05-04_20-12-34.webp.webp?fit=800%2C533&ssl=1&resize=700%2C400 2x"},"classes":[]},{"id":49411,"url":"https:\/\/noticiasribeiraopreto.com.br\/index.php\/2024\/05\/10\/fundo-social-de-ribeirao-preto-prorroga-doacoes-para-vitimas-das-enchentes-no-rs\/","url_meta":{"origin":50549,"position":4},"title":"Fundo Social de Ribeir\u00e3o Preto prorroga doa\u00e7\u00f5es para v\u00edtimas das enchentes no RS","author":"noticiasribeiraopreto.com.br","date":"10 de May de 2024","format":false,"excerpt":"O Fundo Social de Solidariedade de Ribeir\u00e3o Preto prorrogou at\u00e9 o dia 17 de maio as doa\u00e7\u00f5es para as v\u00edtimas das enchentes no Rio Grande do Sul. De acordo com o fundo, a campanha j\u00e1 arrecadou mais de 40 toneladas de produtos. As doa\u00e7\u00f5es foram enviadas ao Sul do Pa\u00eds\u2026","rel":"","context":"In &quot;Not\u00edcias de Ribeir\u00e3o Preto-SP e Regi\u00e3o&quot;","block_context":{"text":"Not\u00edcias de Ribeir\u00e3o Preto-SP e Regi\u00e3o","link":"https:\/\/noticiasribeiraopreto.com.br\/index.php\/category\/noticias-de-ribeirao-preto-sp-e-regiao-ismael-colosi\/"},"img":{"alt_text":"","src":"https:\/\/i0.wp.com\/noticiasribeiraopreto.com.br\/wp-content\/uploads\/2024\/05\/AnyConv.com__doacoes_2024-05-10_17-15-35.webp.webp?fit=1200%2C900&ssl=1&resize=350%2C200","width":350,"height":200,"srcset":"https:\/\/i0.wp.com\/noticiasribeiraopreto.com.br\/wp-content\/uploads\/2024\/05\/AnyConv.com__doacoes_2024-05-10_17-15-35.webp.webp?fit=1200%2C900&ssl=1&resize=350%2C200 1x, https:\/\/i0.wp.com\/noticiasribeiraopreto.com.br\/wp-content\/uploads\/2024\/05\/AnyConv.com__doacoes_2024-05-10_17-15-35.webp.webp?fit=1200%2C900&ssl=1&resize=525%2C300 1.5x, https:\/\/i0.wp.com\/noticiasribeiraopreto.com.br\/wp-content\/uploads\/2024\/05\/AnyConv.com__doacoes_2024-05-10_17-15-35.webp.webp?fit=1200%2C900&ssl=1&resize=700%2C400 2x, https:\/\/i0.wp.com\/noticiasribeiraopreto.com.br\/wp-content\/uploads\/2024\/05\/AnyConv.com__doacoes_2024-05-10_17-15-35.webp.webp?fit=1200%2C900&ssl=1&resize=1050%2C600 3x"},"classes":[]},{"id":82793,"url":"https:\/\/noticiasribeiraopreto.com.br\/index.php\/2026\/02\/27\/fundo-social-de-ribeirao-preto-realiza-campanha-de-ajuda-as-vitimas-das-chuvas-em-mg\/","url_meta":{"origin":50549,"position":5},"title":"Fundo Social de Ribeir\u00e3o Preto realiza campanha de ajuda \u00e0s v\u00edtimas das chuvas em MG","author":"noticiasribeiraopreto.com.br","date":"27 de February de 2026","format":false,"excerpt":"O Fundo Social de Solidariedade (FSS) de Ribeir\u00e3o Preto e a Secretaria Municipal de Assist\u00eancia Social (Semas) iniciam nesta sexta-feira (27) uma campanha de arrecada\u00e7\u00e3o de donativos \u00e0s fam\u00edlias atingidas pelas fortes chuvas em Minas Gerais. As doa\u00e7\u00f5es podem ser entregues na sede do Banco de Alimentos, na Avenida Bandeirantes,\u2026","rel":"","context":"In &quot;Not\u00edcias de Ribeir\u00e3o Preto-SP e Regi\u00e3o&quot;","block_context":{"text":"Not\u00edcias de Ribeir\u00e3o Preto-SP e Regi\u00e3o","link":"https:\/\/noticiasribeiraopreto.com.br\/index.php\/category\/noticias-de-ribeirao-preto-sp-e-regiao-ismael-colosi\/"},"img":{"alt_text":"","src":"https:\/\/i0.wp.com\/noticiasribeiraopreto.com.br\/wp-content\/uploads\/2026\/02\/rbr0946.jpg_0.webp.webp?fit=1024%2C768&ssl=1&resize=350%2C200","width":350,"height":200,"srcset":"https:\/\/i0.wp.com\/noticiasribeiraopreto.com.br\/wp-content\/uploads\/2026\/02\/rbr0946.jpg_0.webp.webp?fit=1024%2C768&ssl=1&resize=350%2C200 1x, https:\/\/i0.wp.com\/noticiasribeiraopreto.com.br\/wp-content\/uploads\/2026\/02\/rbr0946.jpg_0.webp.webp?fit=1024%2C768&ssl=1&resize=525%2C300 1.5x, https:\/\/i0.wp.com\/noticiasribeiraopreto.com.br\/wp-content\/uploads\/2026\/02\/rbr0946.jpg_0.webp.webp?fit=1024%2C768&ssl=1&resize=700%2C400 2x"},"classes":[]}],"jetpack_sharing_enabled":true,"jetpack_shortlink":"https:\/\/wp.me\/peQAOb-d9j","_links":{"self":[{"href":"https:\/\/noticiasribeiraopreto.com.br\/index.php\/wp-json\/wp\/v2\/posts\/50549","targetHints":{"allow":["GET"]}}],"collection":[{"href":"https:\/\/noticiasribeiraopreto.com.br\/index.php\/wp-json\/wp\/v2\/posts"}],"about":[{"href":"https:\/\/noticiasribeiraopreto.com.br\/index.php\/wp-json\/wp\/v2\/types\/post"}],"author":[{"embeddable":true,"href":"https:\/\/noticiasribeiraopreto.com.br\/index.php\/wp-json\/wp\/v2\/users\/1"}],"replies":[{"embeddable":true,"href":"https:\/\/noticiasribeiraopreto.com.br\/index.php\/wp-json\/wp\/v2\/comments?post=50549"}],"version-history":[{"count":0,"href":"https:\/\/noticiasribeiraopreto.com.br\/index.php\/wp-json\/wp\/v2\/posts\/50549\/revisions"}],"wp:featuredmedia":[{"embeddable":true,"href":"https:\/\/noticiasribeiraopreto.com.br\/index.php\/wp-json\/wp\/v2\/media\/50550"}],"wp:attachment":[{"href":"https:\/\/noticiasribeiraopreto.com.br\/index.php\/wp-json\/wp\/v2\/media?parent=50549"}],"wp:term":[{"taxonomy":"category","embeddable":true,"href":"https:\/\/noticiasribeiraopreto.com.br\/index.php\/wp-json\/wp\/v2\/categories?post=50549"},{"taxonomy":"post_tag","embeddable":true,"href":"https:\/\/noticiasribeiraopreto.com.br\/index.php\/wp-json\/wp\/v2\/tags?post=50549"}],"curies":[{"name":"wp","href":"https:\/\/api.w.org\/{rel}","templated":true}]}}