{"id":50554,"date":"2024-05-16T16:33:52","date_gmt":"2024-05-16T19:33:52","guid":{"rendered":"https:\/\/noticiasribeiraopreto.com.br\/index.php\/2024\/05\/16\/saiba-como-visitar-evento-com-candidato-a-maior-gato-do-mundo-em-ribeirao-preto\/"},"modified":"2024-05-16T16:33:52","modified_gmt":"2024-05-16T19:33:52","slug":"saiba-como-visitar-evento-com-candidato-a-maior-gato-do-mundo-em-ribeirao-preto","status":"publish","type":"post","link":"https:\/\/noticiasribeiraopreto.com.br\/index.php\/2024\/05\/16\/saiba-como-visitar-evento-com-candidato-a-maior-gato-do-mundo-em-ribeirao-preto\/","title":{"rendered":"Saiba como visitar evento com candidato a maior gato do mundo em Ribeir\u00e3o Preto"},"content":{"rendered":"<div class='code-block code-block-1' style='margin: 8px 0 8px auto; text-align: right; display: block; clear: both;'>\n<p><a href=\"https:\/\/wa.link\/vpicfd\"><img data-recalc-dims=\"1\" class=\"wp-image-4922\" style=\"aspect-ratio: 2.0253164556962027; width: 561px; height: auto;\" src=\"https:\/\/i0.wp.com\/ismaelcolosi.com.br\/wp-content\/uploads\/2023\/11\/grupo-de-empregos-whatsapp-e-facebook-ismael-colosi-vagas.jpg?ssl=1\" alt=\"\" \/><\/a><\/p>\n<!-- \/wp:image -->\n<\/div>\n<p> <br \/>\n<\/p>\n<div>\n<p>O <strong>encontro de felinos<\/strong>, que reunir\u00e1 <strong>gatos de diversas ra\u00e7as e tamanhos<\/strong>, acontece neste <strong>domingo<\/strong> (19), das <strong>14h \u00e0s 18h<\/strong>.<\/p>\n<p>Com<strong> entrada gratuita<\/strong>, o <strong>evento acontecer\u00e1 no Shopping Iguatemi<\/strong>, na zona Sul Ribeir\u00e3o Preto e <strong><span style=\"background-color:#f7cc62\" class=\"td_text_highlight_marker\"><mark style=\"background-color:rgba(0, 0, 0, 0)\" class=\"has-inline-color has-black-color\">tem entre as atra\u00e7\u00f5es, o Xartrux, candidato a maior gato dom\u00e9stico do mundo<\/mark><\/span><\/strong>. Al\u00e9m de <strong>mais de 15 ra\u00e7as<\/strong>.<\/p>\n<p>Apesar de ser\u00a0<strong>gratuito<\/strong>, os\u00a0<strong>visitantes que forem ao local podem levar um quilo de ra\u00e7\u00e3o para gatos<\/strong>, que ao final do evento, a quantidade arrecadada ser\u00e1\u00a0<strong>doada a ONG Resgatinhos<\/strong>.<\/p>\n<p>Para <strong>participar do encontro<\/strong> \u00e9 preciso <strong>baixar o aplicativo Iguatemi ONE<\/strong> (dispon\u00edvel em Android e IOS) e <strong>resgatar o acesso ao evento<\/strong>.<\/p>\n<p>Al\u00e9m disso, \u00e9 <strong>poss\u00edvel fazer o agendamento para a visita\u00e7\u00e3o<\/strong>, o <strong>que garantir\u00e1 prioridade<\/strong> no momento da <strong>entrada<\/strong>.<\/p>\n<p>Segundo o shopping, <strong>a medida adotada \u00e9 para n\u00e3o causar aglomera\u00e7\u00f5es no local e, em respeito aos animais, que participam do evento denominado \u201cCat Show\u201d<\/strong>. \u00a0<\/p>\n<blockquote class=\"wp-block-quote\">\n<p><em>\u201cO Cat Show \u00e9 um evento in\u00e9dito que abre os olhos para a beleza e diversidade dos animais, respeitando a integridade dos bichinhos e ao mesmo tempo proporcionando uma conscientiza\u00e7\u00e3o sobre cuidados e nutri\u00e7\u00e3o saud\u00e1vel, de forma gratuita ao p\u00fablico\u201d, afirma Taciana Melo, gerente de marketing do Iguatemi Ribeir\u00e3o Preto.<\/em><\/p>\n<\/blockquote>\n<h2 class=\"wp-block-heading\"><strong>Sobre o Xartrux<\/strong><\/h2>\n<p>O\u00a0<strong>gato dom\u00e9stico que concorre ao t\u00edtulo de maior gato do mundo no Guinnes Book, \u00e9 de Ja\u00fa, no interior de S\u00e3o Paulo<\/strong>.<\/p>\n<p>Com\u00a0<strong>tamanho<\/strong>\u00a0<strong>de 1,26m e peso de quase 11 quilos<\/strong>, de acordo com a rede social do felino, o<strong>\u00a0Xartrux deve quebrar o recorde do site de maior gato do mundo<\/strong>, atualmente de posse de um felino italiano de\u00a0<strong>1,19 metros<\/strong>.<\/p>\n<h3 class=\"wp-block-heading\"><strong>Servi\u00e7o:<\/strong><\/h3>\n<p><strong>Encontro de Gatos de Ra\u00e7as Ex\u00f3ticas<br \/><\/strong>Data: 19 de maio<br \/>Hor\u00e1rio: das 14h \u00e0s 18h<br \/>Local: Shopping Iguatemi \u2013 Piso superior <br \/>Entrada gratuita \u2013 visitantes podem doar um quilo de ra\u00e7\u00e3o de gatos<\/p>\n<p>SAIBA MAIS <\/p>\n<p>Entenda como funciona o ped\u00e1gio sem cancela em rodovias do interior de SP<\/p>\n<h4 class=\"wp-block-heading\"><strong>FIQUE ON<\/strong><\/h4>\n<p>Fique ligado em tudo que acontece em Ribeir\u00e3o Preto e regi\u00e3o. Siga os perfis do\u00a0<strong>acidade on<\/strong>\u00a0no\u00a0<a href=\"https:\/\/www.instagram.com\/acidadeonribeirao\" target=\"_blank\" rel=\"noreferrer noopener\">Instagram<\/a>\u00a0e no\u00a0<a href=\"https:\/\/www.facebook.com\/acidadeonribeirao\/\" target=\"_blank\" rel=\"noreferrer noopener\">Facebook<\/a>.<\/p>\n<p>Receba not\u00edcias do<strong>\u00a0acidade on\u00a0<\/strong>no WhatsApp.\u00a0<a href=\"https:\/\/chat.whatsapp.com\/CdrZ6xrf7quD44Vw3WlPuZ\" target=\"_blank\" rel=\"noreferrer noopener\">Para entrar no grupo, basta clicar aqui.<\/a><\/p>\n<p>Fa\u00e7a uma den\u00fancia ou sugira uma reportagem sobre Ribeir\u00e3o Preto e regi\u00e3o pelo WhatsApp: 16 99117 7802.<\/p>\n<p>VEJA TAMB\u00c9M<\/p>\n<p>Quando estreia \u201c\u00c9 Assim que Acaba\u201d? Veja trailer<\/p>\n<p><!-- AI CONTENT END 1 -->\n<\/div>\n<p><script async src=\"\/\/www.instagram.com\/embed.js\"><\/script><br \/>\n<br \/><br \/>\n<br \/><a href=\"https:\/\/www.acidadeon.com\/ribeiraopreto\/lazer-e-cultura\/saiba-como-visitar-evento-com-candidato-a-maior-gato-do-mundo-em-ribeirao-preto\/\">Source link <\/a><\/p>\n<!-- CONTENT END 1 -->\n","protected":false},"excerpt":{"rendered":"<p>O encontro de felinos, que reunir\u00e1 gatos de diversas ra\u00e7as e tamanhos, acontece neste domingo (19), das 14h \u00e0s 18h. Com entrada gratuita, o evento&#8230;<\/p>\n","protected":false},"author":1,"featured_media":50555,"comment_status":"open","ping_status":"open","sticky":false,"template":"","format":"standard","meta":{"advanced_seo_description":"","jetpack_seo_html_title":"","jetpack_seo_noindex":false,"jetpack_post_was_ever_published":false,"_jetpack_newsletter_access":"","_jetpack_dont_email_post_to_subs":false,"_jetpack_newsletter_tier_id":0,"_jetpack_memberships_contains_paywalled_content":false,"_jetpack_memberships_contains_paid_content":false,"footnotes":"","jetpack_publicize_message":"","jetpack_publicize_feature_enabled":true,"jetpack_social_post_already_shared":false,"jetpack_social_options":{"image_generator_settings":{"template":"highway","default_image_id":0,"font":"","enabled":false},"version":2}},"categories":[11],"tags":[],"class_list":["post-50554","post","type-post","status-publish","format-standard","has-post-thumbnail","hentry","category-noticias-de-ribeirao-preto-sp-e-regiao-ismael-colosi"],"jetpack_publicize_connections":[],"jetpack_featured_media_url":"https:\/\/i0.wp.com\/noticiasribeiraopreto.com.br\/wp-content\/uploads\/2024\/05\/Copia-de-Copia-de-TAMANHO-EXATO-PARA-FOTOS-NO-SISTEMA-NOVO-9_2024-05-16_19-15-13_jpg_2024-05-16_19-15-13.webp.webp?fit=1200%2C675&ssl=1","jetpack-related-posts":[{"id":50109,"url":"https:\/\/noticiasribeiraopreto.com.br\/index.php\/2024\/05\/14\/encontro-de-gatos-exoticos-em-ribeirao-tem-presenca-de-candidato-a-maior-gato-do-mundo\/","url_meta":{"origin":50554,"position":0},"title":"Encontro de gatos ex\u00f3ticos em Ribeir\u00e3o tem presen\u00e7a de candidato a maior gato do mundo","author":"noticiasribeiraopreto.com.br","date":"14 de May de 2024","format":false,"excerpt":"Um encontro de felinos, que reunir\u00e1 gatos de diversas ra\u00e7as e tamanhos, acontece em Ribeir\u00e3o Preto neste domingo (19), das 14h \u00e0s 18h. O evento aberto, ao p\u00fablico, ser\u00e1 no Shopping Iguatemi, na zona Sul da cidade. Entre as atra\u00e7\u00f5es do \u201cEncontro de Gatos de Ra\u00e7as Ex\u00f3ticas\u201d, est\u00e1 o Xartrux,\u2026","rel":"","context":"In &quot;Not\u00edcias de Ribeir\u00e3o Preto-SP e Regi\u00e3o&quot;","block_context":{"text":"Not\u00edcias de Ribeir\u00e3o Preto-SP e Regi\u00e3o","link":"https:\/\/noticiasribeiraopreto.com.br\/index.php\/category\/noticias-de-ribeirao-preto-sp-e-regiao-ismael-colosi\/"},"img":{"alt_text":"","src":"https:\/\/i0.wp.com\/noticiasribeiraopreto.com.br\/wp-content\/uploads\/2024\/05\/WhatsApp-Image-2024-05-14-at-17.19.35-3_2024-05-14_21-27-22_jpeg_2024-05-14_21-27-22.webp.webp?fit=747%2C747&ssl=1&resize=350%2C200","width":350,"height":200,"srcset":"https:\/\/i0.wp.com\/noticiasribeiraopreto.com.br\/wp-content\/uploads\/2024\/05\/WhatsApp-Image-2024-05-14-at-17.19.35-3_2024-05-14_21-27-22_jpeg_2024-05-14_21-27-22.webp.webp?fit=747%2C747&ssl=1&resize=350%2C200 1x, https:\/\/i0.wp.com\/noticiasribeiraopreto.com.br\/wp-content\/uploads\/2024\/05\/WhatsApp-Image-2024-05-14-at-17.19.35-3_2024-05-14_21-27-22_jpeg_2024-05-14_21-27-22.webp.webp?fit=747%2C747&ssl=1&resize=525%2C300 1.5x, https:\/\/i0.wp.com\/noticiasribeiraopreto.com.br\/wp-content\/uploads\/2024\/05\/WhatsApp-Image-2024-05-14-at-17.19.35-3_2024-05-14_21-27-22_jpeg_2024-05-14_21-27-22.webp.webp?fit=747%2C747&ssl=1&resize=700%2C400 2x"},"classes":[]},{"id":50633,"url":"https:\/\/noticiasribeiraopreto.com.br\/index.php\/2024\/05\/17\/agenda-cultural-ribeirao-tem-kl-jay-chorinho-e-diogo-nogueira-neste-final-de-semana\/","url_meta":{"origin":50554,"position":1},"title":"Agenda cultural: Ribeir\u00e3o tem KL Jay, Chorinho e Diogo Nogueira neste final de semana","author":"noticiasribeiraopreto.com.br","date":"17 de May de 2024","format":false,"excerpt":"A agenda cultural deste final de semana em Ribeir\u00e3o Preto conta com DJ KL Jay, chorinho e Diogo Nogueira. A programa\u00e7\u00e3o tem op\u00e7\u00f5es para todos os gostos e idades, com eventos gratuitas e pagos. Chorinho na 7 Evento gratuito na pra\u00e7a 7 de setembro, \u00e0s 19h. A atra\u00e7\u00e3o desta noite\u2026","rel":"","context":"In &quot;Not\u00edcias de Ribeir\u00e3o Preto-SP e Regi\u00e3o&quot;","block_context":{"text":"Not\u00edcias de Ribeir\u00e3o Preto-SP e Regi\u00e3o","link":"https:\/\/noticiasribeiraopreto.com.br\/index.php\/category\/noticias-de-ribeirao-preto-sp-e-regiao-ismael-colosi\/"},"img":{"alt_text":"","src":"https:\/\/i0.wp.com\/noticiasribeiraopreto.com.br\/wp-content\/uploads\/2024\/05\/Copia-de-Copia-de-TAMANHO-EXATO-PARA-FOTOS-NO-SISTEMA-NOVO-3_2024-05-17_11-48-26_jpg_2024-05-17_11-48-26.webp.webp?fit=1200%2C675&ssl=1&resize=350%2C200","width":350,"height":200,"srcset":"https:\/\/i0.wp.com\/noticiasribeiraopreto.com.br\/wp-content\/uploads\/2024\/05\/Copia-de-Copia-de-TAMANHO-EXATO-PARA-FOTOS-NO-SISTEMA-NOVO-3_2024-05-17_11-48-26_jpg_2024-05-17_11-48-26.webp.webp?fit=1200%2C675&ssl=1&resize=350%2C200 1x, https:\/\/i0.wp.com\/noticiasribeiraopreto.com.br\/wp-content\/uploads\/2024\/05\/Copia-de-Copia-de-TAMANHO-EXATO-PARA-FOTOS-NO-SISTEMA-NOVO-3_2024-05-17_11-48-26_jpg_2024-05-17_11-48-26.webp.webp?fit=1200%2C675&ssl=1&resize=525%2C300 1.5x, https:\/\/i0.wp.com\/noticiasribeiraopreto.com.br\/wp-content\/uploads\/2024\/05\/Copia-de-Copia-de-TAMANHO-EXATO-PARA-FOTOS-NO-SISTEMA-NOVO-3_2024-05-17_11-48-26_jpg_2024-05-17_11-48-26.webp.webp?fit=1200%2C675&ssl=1&resize=700%2C400 2x, https:\/\/i0.wp.com\/noticiasribeiraopreto.com.br\/wp-content\/uploads\/2024\/05\/Copia-de-Copia-de-TAMANHO-EXATO-PARA-FOTOS-NO-SISTEMA-NOVO-3_2024-05-17_11-48-26_jpg_2024-05-17_11-48-26.webp.webp?fit=1200%2C675&ssl=1&resize=1050%2C600 3x"},"classes":[]},{"id":41629,"url":"https:\/\/noticiasribeiraopreto.com.br\/index.php\/2024\/03\/09\/gato-paulista-pode-entrar-no-guinness\/","url_meta":{"origin":50554,"position":2},"title":"Gato paulista pode entrar no &#8216;Guinness\u2019\u00a0","author":"noticiasribeiraopreto.com.br","date":"9 de March de 2024","format":false,"excerpt":"9 de mar\u00e7o de 2024 | 18:009 de mar\u00e7o de 2024 | 11:14 0Um gato brasileiro pode entrar para o Guinness Book como o maior do mundo: chamado Xartrux, o bichano tem seis anos, ostenta 1,30 metro de comprimento e mais de dez quilos. Ele \u00e9 um Maine Coon, considerada\u2026","rel":"","context":"In &quot;Not\u00edcias de Ribeir\u00e3o Preto-SP e Regi\u00e3o&quot;","block_context":{"text":"Not\u00edcias de Ribeir\u00e3o Preto-SP e Regi\u00e3o","link":"https:\/\/noticiasribeiraopreto.com.br\/index.php\/category\/noticias-de-ribeirao-preto-sp-e-regiao-ismael-colosi\/"},"img":{"alt_text":"","src":"https:\/\/i0.wp.com\/noticiasribeiraopreto.com.br\/wp-content\/uploads\/2024\/03\/Xartrux-Reproducao-scaled.jpg?fit=1000%2C563&ssl=1&resize=350%2C200","width":350,"height":200,"srcset":"https:\/\/i0.wp.com\/noticiasribeiraopreto.com.br\/wp-content\/uploads\/2024\/03\/Xartrux-Reproducao-scaled.jpg?fit=1000%2C563&ssl=1&resize=350%2C200 1x, https:\/\/i0.wp.com\/noticiasribeiraopreto.com.br\/wp-content\/uploads\/2024\/03\/Xartrux-Reproducao-scaled.jpg?fit=1000%2C563&ssl=1&resize=525%2C300 1.5x, https:\/\/i0.wp.com\/noticiasribeiraopreto.com.br\/wp-content\/uploads\/2024\/03\/Xartrux-Reproducao-scaled.jpg?fit=1000%2C563&ssl=1&resize=700%2C400 2x"},"classes":[]},{"id":83533,"url":"https:\/\/noticiasribeiraopreto.com.br\/index.php\/2026\/03\/20\/cidade-da-regiao-recebe-evento-de-adocao-de-caes-e-gatos-neste-sabado\/","url_meta":{"origin":50554,"position":3},"title":"Cidade da regi\u00e3o recebe evento de ado\u00e7\u00e3o de c\u00e3es e gatos neste s\u00e1bado","author":"noticiasribeiraopreto.com.br","date":"20 de March de 2026","format":false,"excerpt":"A Secretaria Municipal de Meio Ambiente e Agricultura de Sert\u00e3ozinho, na regi\u00e3o de Ribeir\u00e3o Preto, realiza um evento de ado\u00e7\u00e3o de c\u00e3es e gatos neste s\u00e1bado (21), na Pra\u00e7a 21 de Abril, das 8h \u00e0s 12h. Segundo a pasta, todos os animais dispon\u00edveis para ado\u00e7\u00e3o passam por acompanhamento e est\u00e3o\u2026","rel":"","context":"In &quot;Not\u00edcias de Ribeir\u00e3o Preto-SP e Regi\u00e3o&quot;","block_context":{"text":"Not\u00edcias de Ribeir\u00e3o Preto-SP e Regi\u00e3o","link":"https:\/\/noticiasribeiraopreto.com.br\/index.php\/category\/noticias-de-ribeirao-preto-sp-e-regiao-ismael-colosi\/"},"img":{"alt_text":"","src":"https:\/\/i0.wp.com\/noticiasribeiraopreto.com.br\/wp-content\/uploads\/2026\/03\/1875bf0247665fdb4614fad6c2d862d9_2026-03-20_11-53-44.webp.webp?fit=800%2C450&ssl=1&resize=350%2C200","width":350,"height":200,"srcset":"https:\/\/i0.wp.com\/noticiasribeiraopreto.com.br\/wp-content\/uploads\/2026\/03\/1875bf0247665fdb4614fad6c2d862d9_2026-03-20_11-53-44.webp.webp?fit=800%2C450&ssl=1&resize=350%2C200 1x, https:\/\/i0.wp.com\/noticiasribeiraopreto.com.br\/wp-content\/uploads\/2026\/03\/1875bf0247665fdb4614fad6c2d862d9_2026-03-20_11-53-44.webp.webp?fit=800%2C450&ssl=1&resize=525%2C300 1.5x, https:\/\/i0.wp.com\/noticiasribeiraopreto.com.br\/wp-content\/uploads\/2026\/03\/1875bf0247665fdb4614fad6c2d862d9_2026-03-20_11-53-44.webp.webp?fit=800%2C450&ssl=1&resize=700%2C400 2x"},"classes":[]},{"id":42318,"url":"https:\/\/noticiasribeiraopreto.com.br\/index.php\/2024\/03\/13\/ribeirao-preto-tem-novo-evento-para-adocao-de-caes-e-gatos-veja-onde\/","url_meta":{"origin":50554,"position":4},"title":"Ribeir\u00e3o Preto tem novo evento para ado\u00e7\u00e3o de c\u00e3es e gatos; Veja onde","author":"noticiasribeiraopreto.com.br","date":"13 de March de 2024","format":false,"excerpt":"Ribeir\u00e3o Preto ter\u00e1 um novo evento de ado\u00e7\u00e3o de c\u00e3es e gatos, neste s\u00e1bado (16), das 09h \u00e0s 14h, na sede da Divis\u00e3o de Bem-Estar Animal (DBEA), localizada na avenida Eduardo Andrea Matarazzo (Via Norte), n\u00ba4255. De acordo com o comunicado da Prefeitura, entre filhotes e adultos, existem mais de\u2026","rel":"","context":"In &quot;Not\u00edcias de Ribeir\u00e3o Preto-SP e Regi\u00e3o&quot;","block_context":{"text":"Not\u00edcias de Ribeir\u00e3o Preto-SP e Regi\u00e3o","link":"https:\/\/noticiasribeiraopreto.com.br\/index.php\/category\/noticias-de-ribeirao-preto-sp-e-regiao-ismael-colosi\/"},"img":{"alt_text":"","src":"https:\/\/i0.wp.com\/noticiasribeiraopreto.com.br\/wp-content\/uploads\/2024\/03\/AnyConv.com__Copia-de-Copia-de-TAMANHO-EXATO-PARA-FOTOS-NO-SISTEMA-NOVO-73.webp.webp?fit=1200%2C675&ssl=1&resize=350%2C200","width":350,"height":200,"srcset":"https:\/\/i0.wp.com\/noticiasribeiraopreto.com.br\/wp-content\/uploads\/2024\/03\/AnyConv.com__Copia-de-Copia-de-TAMANHO-EXATO-PARA-FOTOS-NO-SISTEMA-NOVO-73.webp.webp?fit=1200%2C675&ssl=1&resize=350%2C200 1x, https:\/\/i0.wp.com\/noticiasribeiraopreto.com.br\/wp-content\/uploads\/2024\/03\/AnyConv.com__Copia-de-Copia-de-TAMANHO-EXATO-PARA-FOTOS-NO-SISTEMA-NOVO-73.webp.webp?fit=1200%2C675&ssl=1&resize=525%2C300 1.5x, https:\/\/i0.wp.com\/noticiasribeiraopreto.com.br\/wp-content\/uploads\/2024\/03\/AnyConv.com__Copia-de-Copia-de-TAMANHO-EXATO-PARA-FOTOS-NO-SISTEMA-NOVO-73.webp.webp?fit=1200%2C675&ssl=1&resize=700%2C400 2x, https:\/\/i0.wp.com\/noticiasribeiraopreto.com.br\/wp-content\/uploads\/2024\/03\/AnyConv.com__Copia-de-Copia-de-TAMANHO-EXATO-PARA-FOTOS-NO-SISTEMA-NOVO-73.webp.webp?fit=1200%2C675&ssl=1&resize=1050%2C600 3x"},"classes":[]},{"id":46836,"url":"https:\/\/noticiasribeiraopreto.com.br\/index.php\/2024\/04\/15\/ribeirao-preto-tem-feira-de-adocao-de-caes-e-gatos-saiba-mais\/","url_meta":{"origin":50554,"position":5},"title":"Ribeir\u00e3o Preto tem feira de ado\u00e7\u00e3o de c\u00e3es e gatos; Saiba mais","author":"noticiasribeiraopreto.com.br","date":"15 de April de 2024","format":false,"excerpt":"Mais de 100 animais, entre c\u00e3es e gatos, est\u00e3o dispon\u00edveis para ado\u00e7\u00e3o durante feira que ser\u00e1 realizada pela Divis\u00e3o de Bem-Estar Animal de Ribeir\u00e3o Preto. O evento ser\u00e1 no s\u00e1bado (20), das 9h \u00e0s 14h, na sede do \u00f3rg\u00e3o, que fica na avenida Eduardo Andrea Matarazzo (Via Norte), 4.255. O\u2026","rel":"","context":"In &quot;Not\u00edcias de Ribeir\u00e3o Preto-SP e Regi\u00e3o&quot;","block_context":{"text":"Not\u00edcias de Ribeir\u00e3o Preto-SP e Regi\u00e3o","link":"https:\/\/noticiasribeiraopreto.com.br\/index.php\/category\/noticias-de-ribeirao-preto-sp-e-regiao-ismael-colosi\/"},"img":{"alt_text":"","src":"https:\/\/i0.wp.com\/noticiasribeiraopreto.com.br\/wp-content\/uploads\/2024\/04\/Copia-de-Copia-de-TAMANHO-EXATO-PARA-FOTOS-NO-SISTEMA-NOVO-39.webp.webp?fit=1200%2C675&ssl=1&resize=350%2C200","width":350,"height":200,"srcset":"https:\/\/i0.wp.com\/noticiasribeiraopreto.com.br\/wp-content\/uploads\/2024\/04\/Copia-de-Copia-de-TAMANHO-EXATO-PARA-FOTOS-NO-SISTEMA-NOVO-39.webp.webp?fit=1200%2C675&ssl=1&resize=350%2C200 1x, https:\/\/i0.wp.com\/noticiasribeiraopreto.com.br\/wp-content\/uploads\/2024\/04\/Copia-de-Copia-de-TAMANHO-EXATO-PARA-FOTOS-NO-SISTEMA-NOVO-39.webp.webp?fit=1200%2C675&ssl=1&resize=525%2C300 1.5x, https:\/\/i0.wp.com\/noticiasribeiraopreto.com.br\/wp-content\/uploads\/2024\/04\/Copia-de-Copia-de-TAMANHO-EXATO-PARA-FOTOS-NO-SISTEMA-NOVO-39.webp.webp?fit=1200%2C675&ssl=1&resize=700%2C400 2x, https:\/\/i0.wp.com\/noticiasribeiraopreto.com.br\/wp-content\/uploads\/2024\/04\/Copia-de-Copia-de-TAMANHO-EXATO-PARA-FOTOS-NO-SISTEMA-NOVO-39.webp.webp?fit=1200%2C675&ssl=1&resize=1050%2C600 3x"},"classes":[]}],"jetpack_sharing_enabled":true,"jetpack_shortlink":"https:\/\/wp.me\/peQAOb-d9o","_links":{"self":[{"href":"https:\/\/noticiasribeiraopreto.com.br\/index.php\/wp-json\/wp\/v2\/posts\/50554","targetHints":{"allow":["GET"]}}],"collection":[{"href":"https:\/\/noticiasribeiraopreto.com.br\/index.php\/wp-json\/wp\/v2\/posts"}],"about":[{"href":"https:\/\/noticiasribeiraopreto.com.br\/index.php\/wp-json\/wp\/v2\/types\/post"}],"author":[{"embeddable":true,"href":"https:\/\/noticiasribeiraopreto.com.br\/index.php\/wp-json\/wp\/v2\/users\/1"}],"replies":[{"embeddable":true,"href":"https:\/\/noticiasribeiraopreto.com.br\/index.php\/wp-json\/wp\/v2\/comments?post=50554"}],"version-history":[{"count":0,"href":"https:\/\/noticiasribeiraopreto.com.br\/index.php\/wp-json\/wp\/v2\/posts\/50554\/revisions"}],"wp:featuredmedia":[{"embeddable":true,"href":"https:\/\/noticiasribeiraopreto.com.br\/index.php\/wp-json\/wp\/v2\/media\/50555"}],"wp:attachment":[{"href":"https:\/\/noticiasribeiraopreto.com.br\/index.php\/wp-json\/wp\/v2\/media?parent=50554"}],"wp:term":[{"taxonomy":"category","embeddable":true,"href":"https:\/\/noticiasribeiraopreto.com.br\/index.php\/wp-json\/wp\/v2\/categories?post=50554"},{"taxonomy":"post_tag","embeddable":true,"href":"https:\/\/noticiasribeiraopreto.com.br\/index.php\/wp-json\/wp\/v2\/tags?post=50554"}],"curies":[{"name":"wp","href":"https:\/\/api.w.org\/{rel}","templated":true}]}}