{"id":50560,"date":"2024-05-16T17:02:33","date_gmt":"2024-05-16T20:02:33","guid":{"rendered":"https:\/\/noticiasribeiraopreto.com.br\/index.php\/2024\/05\/16\/concurso-suspenso-prefeitura-de-ribeirao-diz-que-limite-de-idade-nao-impediu-inscricoes\/"},"modified":"2024-05-16T17:02:33","modified_gmt":"2024-05-16T20:02:33","slug":"concurso-suspenso-prefeitura-de-ribeirao-diz-que-limite-de-idade-nao-impediu-inscricoes","status":"publish","type":"post","link":"https:\/\/noticiasribeiraopreto.com.br\/index.php\/2024\/05\/16\/concurso-suspenso-prefeitura-de-ribeirao-diz-que-limite-de-idade-nao-impediu-inscricoes\/","title":{"rendered":"Concurso suspenso: Prefeitura de Ribeir\u00e3o diz que limite de idade n\u00e3o impediu inscri\u00e7\u00f5es"},"content":{"rendered":"<div class='code-block code-block-1' style='margin: 8px 0 8px auto; text-align: right; display: block; clear: both;'>\n<p><a href=\"https:\/\/wa.link\/vpicfd\"><img data-recalc-dims=\"1\" class=\"wp-image-4922\" style=\"aspect-ratio: 2.0253164556962027; width: 561px; height: auto;\" src=\"https:\/\/i0.wp.com\/ismaelcolosi.com.br\/wp-content\/uploads\/2023\/11\/grupo-de-empregos-whatsapp-e-facebook-ismael-colosi-vagas.jpg?ssl=1\" alt=\"\" \/><\/a><\/p>\n<!-- \/wp:image -->\n<\/div>\n<p> <br \/>\n<\/p>\n<div>\n<p>A <strong><a href=\"https:\/\/www.ribeiraopreto.sp.gov.br\/portal\/\" target=\"_blank\" rel=\"noreferrer noopener nofollow\">Prefeitura de Ribeir\u00e3o Preto <\/a><\/strong>afirmou para Justi\u00e7a que o limite de idade previsto no edital do concurso p\u00fablico da <strong>GCM (Guarda Civil Metropolitana) <\/strong>n\u00e3o impediu que candidatos mais velhos do que o previsto pudessem fazer a inscri\u00e7\u00e3o na prova. O concurso p\u00fablico para contrata\u00e7\u00e3o de 120 agentes foi suspenso em agosto do ano passado.<\/p>\n<p>Segundo documento encaminhado pela GCM \u00e0 Justi\u00e7a, \u201cn\u00e3o houve qualquer tipo de impedimento para inscri\u00e7\u00e3o de pessoas com mais de 35 anos de idade\u201d. <mark style=\"background-color:#fcb900\" class=\"has-inline-color has-black-color\">A Guarda afirma que mais de 260 pessoas, com idades acima de 35 anos, fizeram a inscri\u00e7\u00e3o no concurso.<\/mark><\/p>\n<p>Al\u00e9m disso, informou que 14 pessoas com mais de 35 anos foram aprovadas na prova objetiva, sendo que 12 foram aprovadas no teste de aptid\u00e3o f\u00edsica. <\/p>\n<p>A Administra\u00e7\u00e3o Municipal afirma que a GCM seguiu decis\u00e3o do<strong> STJ (Superior Tribunal de Justi\u00e7a) <\/strong>que aponta que \u201co diploma ou habilita\u00e7\u00e3o legal para o exerc\u00edcio do cargo deve ser exigido na posse e n\u00e3o na inscri\u00e7\u00e3o\u201d.<\/p>\n<h2 class=\"wp-block-heading\"><strong>Paralisado<\/strong><\/h2>\n<p>O concurso p\u00fablico foi suspenso ap\u00f3s a\u00e7\u00e3o movida pelo promotor Sebasti\u00e3o S\u00e9rgio da Silveira, do <strong>MP-SP (Minist\u00e9rio P\u00fablico de S\u00e3o Paulo)<\/strong>. Ele pediu a paralisa\u00e7\u00e3o do processo seletivo at\u00e9 que a Justi\u00e7a julgasse a <strong>Adin (A\u00e7\u00e3o Direta de Inconstitucionalidade) <\/strong>que considera irregular o limite de 35 anos para admiss\u00e3o no curso de forma\u00e7\u00e3o da GCM.<\/p>\n<p>Em outubro do ano passado, o<strong> TJ-SP (Tribunal de Justi\u00e7a de S\u00e3o Paulo)<\/strong> julgou procedente a Adin. O desembargador Evaristo dos Santos, relator do processo no tribunal, entendeu que \u201cn\u00e3o se vislumbra, das atribui\u00e7\u00f5es do cargo, justificativa plaus\u00edvel para a limita\u00e7\u00e3o et\u00e1ria imposta\u201d.<\/p>\n<p>De acordo com ele, a limita\u00e7\u00e3o de idade em concursos p\u00fablicos \u00e9 vedada na <strong>Constitui\u00e7\u00e3o do Estado de S\u00e3o Paulo<\/strong>.<\/p>\n<p>SAIBA MAIS<br \/>Pesquisador da USP Ribeir\u00e3o recebe pr\u00eamio internacional por estudo contra o c\u00e2ncer<\/p>\n<h4 class=\"wp-block-heading\"><strong>FIQUE ON<\/strong><\/h4>\n<p>Fique ligado em tudo que acontece em Ribeir\u00e3o Preto e regi\u00e3o. Siga os perfis do<strong> acidade on <\/strong>no <a href=\"https:\/\/www.instagram.com\/acidadeonribeirao\" target=\"_blank\" rel=\"noreferrer noopener nofollow\">Instagram <\/a>e no <a href=\"https:\/\/www.facebook.com\/acidadeonribeirao\/\" target=\"_blank\" rel=\"noreferrer noopener nofollow\">Facebook<\/a>.<\/p>\n<p>Receba not\u00edcias do <strong>acidade on <\/strong>no WhatsApp. <a href=\"https:\/\/chat.whatsapp.com\/CdrZ6xrf7quD44Vw3WlPuZ\" target=\"_blank\" rel=\"noreferrer noopener nofollow\">Para entrar no grupo, basta clicar aqui.<\/a><\/p>\n<p>Fa\u00e7a uma den\u00fancia ou sugira uma reportagem sobre Ribeir\u00e3o Preto e regi\u00e3o pelo WhatsApp: 16 99117 7802.<\/p>\n<p>VEJA TAMB\u00c9M<br \/>Caso menino Miguel: Justi\u00e7a diminui indeniza\u00e7\u00e3o da fam\u00edlia<\/p>\n<p><!-- AI CONTENT END 1 -->\n<\/div>\n<p><script async src=\"\/\/www.instagram.com\/embed.js\"><\/script><br \/>\n<br \/><br \/>\n<br \/><a href=\"https:\/\/www.acidadeon.com\/ribeiraopreto\/politica\/concurso-suspenso-prefeitura-de-ribeirao-diz-que-limite-de-idade-nao-impediu-inscricoes\/\">Source link <\/a><\/p>\n<!-- CONTENT END 1 -->\n","protected":false},"excerpt":{"rendered":"<p>A Prefeitura de Ribeir\u00e3o Preto afirmou para Justi\u00e7a que o limite de idade previsto no edital do concurso p\u00fablico da GCM (Guarda Civil Metropolitana) n\u00e3o&#8230;<\/p>\n","protected":false},"author":1,"featured_media":50561,"comment_status":"open","ping_status":"open","sticky":false,"template":"","format":"standard","meta":{"advanced_seo_description":"","jetpack_seo_html_title":"","jetpack_seo_noindex":false,"jetpack_post_was_ever_published":false,"_jetpack_newsletter_access":"","_jetpack_dont_email_post_to_subs":false,"_jetpack_newsletter_tier_id":0,"_jetpack_memberships_contains_paywalled_content":false,"_jetpack_memberships_contains_paid_content":false,"footnotes":"","jetpack_publicize_message":"","jetpack_publicize_feature_enabled":true,"jetpack_social_post_already_shared":false,"jetpack_social_options":{"image_generator_settings":{"template":"highway","default_image_id":0,"font":"","enabled":false},"version":2}},"categories":[11],"tags":[],"class_list":["post-50560","post","type-post","status-publish","format-standard","has-post-thumbnail","hentry","category-noticias-de-ribeirao-preto-sp-e-regiao-ismael-colosi"],"jetpack_publicize_connections":[],"jetpack_featured_media_url":"https:\/\/i0.wp.com\/noticiasribeiraopreto.com.br\/wp-content\/uploads\/2024\/05\/concurso_gcm_-_foto_guilherme_sircili_11.jpg?fit=1623%2C1080&ssl=1","jetpack-related-posts":[{"id":51717,"url":"https:\/\/noticiasribeiraopreto.com.br\/index.php\/2024\/05\/29\/justica-autoriza-retomada-de-concurso-publico-para-gcm-de-ribeirao-preto\/","url_meta":{"origin":50560,"position":0},"title":"Justi\u00e7a autoriza retomada de concurso p\u00fablico para GCM de Ribeir\u00e3o Preto","author":"noticiasribeiraopreto.com.br","date":"29 de May de 2024","format":false,"excerpt":"A Justi\u00e7a autorizou que o concurso p\u00fablico para contrata\u00e7\u00e3o de 120 agentes da GCM (Guarda Civil Metropolitana) de Ribeir\u00e3o Preto seja retomado, ap\u00f3s suspens\u00e3o em 22 de agosto de 2023. A informa\u00e7\u00e3o foi publicada no Di\u00e1rio Oficial do Munic\u00edpio, do \u00faltimo dia 27. Em nota, a GCM informou que o\u2026","rel":"","context":"In &quot;Not\u00edcias de Ribeir\u00e3o Preto-SP e Regi\u00e3o&quot;","block_context":{"text":"Not\u00edcias de Ribeir\u00e3o Preto-SP e Regi\u00e3o","link":"https:\/\/noticiasribeiraopreto.com.br\/index.php\/category\/noticias-de-ribeirao-preto-sp-e-regiao-ismael-colosi\/"},"img":{"alt_text":"","src":"https:\/\/i0.wp.com\/noticiasribeiraopreto.com.br\/wp-content\/uploads\/2024\/05\/Copia-de-Copia-de-TAMANHO-EXATO-PARA-FOTOS-NO-SISTEMA-NOVO-60_2024-05-29_16-11-41_jpg_2024-05-29_16-11-41.webp.webp?fit=1200%2C675&ssl=1&resize=350%2C200","width":350,"height":200,"srcset":"https:\/\/i0.wp.com\/noticiasribeiraopreto.com.br\/wp-content\/uploads\/2024\/05\/Copia-de-Copia-de-TAMANHO-EXATO-PARA-FOTOS-NO-SISTEMA-NOVO-60_2024-05-29_16-11-41_jpg_2024-05-29_16-11-41.webp.webp?fit=1200%2C675&ssl=1&resize=350%2C200 1x, https:\/\/i0.wp.com\/noticiasribeiraopreto.com.br\/wp-content\/uploads\/2024\/05\/Copia-de-Copia-de-TAMANHO-EXATO-PARA-FOTOS-NO-SISTEMA-NOVO-60_2024-05-29_16-11-41_jpg_2024-05-29_16-11-41.webp.webp?fit=1200%2C675&ssl=1&resize=525%2C300 1.5x, https:\/\/i0.wp.com\/noticiasribeiraopreto.com.br\/wp-content\/uploads\/2024\/05\/Copia-de-Copia-de-TAMANHO-EXATO-PARA-FOTOS-NO-SISTEMA-NOVO-60_2024-05-29_16-11-41_jpg_2024-05-29_16-11-41.webp.webp?fit=1200%2C675&ssl=1&resize=700%2C400 2x, https:\/\/i0.wp.com\/noticiasribeiraopreto.com.br\/wp-content\/uploads\/2024\/05\/Copia-de-Copia-de-TAMANHO-EXATO-PARA-FOTOS-NO-SISTEMA-NOVO-60_2024-05-29_16-11-41_jpg_2024-05-29_16-11-41.webp.webp?fit=1200%2C675&ssl=1&resize=1050%2C600 3x"},"classes":[]},{"id":78529,"url":"https:\/\/noticiasribeiraopreto.com.br\/index.php\/2025\/10\/13\/concurso-publico-da-policia-penal-tem-11-mil-vagas-e-salarios-de-r-46-mil\/","url_meta":{"origin":50560,"position":1},"title":"Concurso p\u00fablico da Pol\u00edcia Penal tem 1,1 mil vagas e sal\u00e1rios de R$ 4,6 mil","author":"noticiasribeiraopreto.com.br","date":"13 de October de 2025","format":false,"excerpt":"A Pol\u00edcia Penal do Estado de S\u00e3o Paulo publicou edital do concurso p\u00fablico para a contrata\u00e7\u00e3o de 1.100 policiais penais. O edital foi publicado no Di\u00e1rio Oficial do Estado de S\u00e3o Paulo e os sal\u00e1rios para o cargo s\u00e3o de R$ 4.695,60. As inscri\u00e7\u00f5es come\u00e7am em 3 de novembro e\u2026","rel":"","context":"In &quot;Not\u00edcias de Ribeir\u00e3o Preto-SP e Regi\u00e3o&quot;","block_context":{"text":"Not\u00edcias de Ribeir\u00e3o Preto-SP e Regi\u00e3o","link":"https:\/\/noticiasribeiraopreto.com.br\/index.php\/category\/noticias-de-ribeirao-preto-sp-e-regiao-ismael-colosi\/"},"img":{"alt_text":"","src":"https:\/\/i0.wp.com\/noticiasribeiraopreto.com.br\/wp-content\/uploads\/2025\/10\/policia-penal_2025-10-13_13-22-11.webp.webp?fit=1200%2C801&ssl=1&resize=350%2C200","width":350,"height":200,"srcset":"https:\/\/i0.wp.com\/noticiasribeiraopreto.com.br\/wp-content\/uploads\/2025\/10\/policia-penal_2025-10-13_13-22-11.webp.webp?fit=1200%2C801&ssl=1&resize=350%2C200 1x, https:\/\/i0.wp.com\/noticiasribeiraopreto.com.br\/wp-content\/uploads\/2025\/10\/policia-penal_2025-10-13_13-22-11.webp.webp?fit=1200%2C801&ssl=1&resize=525%2C300 1.5x, https:\/\/i0.wp.com\/noticiasribeiraopreto.com.br\/wp-content\/uploads\/2025\/10\/policia-penal_2025-10-13_13-22-11.webp.webp?fit=1200%2C801&ssl=1&resize=700%2C400 2x, https:\/\/i0.wp.com\/noticiasribeiraopreto.com.br\/wp-content\/uploads\/2025\/10\/policia-penal_2025-10-13_13-22-11.webp.webp?fit=1200%2C801&ssl=1&resize=1050%2C600 3x"},"classes":[]},{"id":68319,"url":"https:\/\/noticiasribeiraopreto.com.br\/index.php\/2025\/04\/24\/pm-de-sao-paulo-abre-concurso-publico-com-165-vagas-veja-como-participar\/","url_meta":{"origin":50560,"position":2},"title":"PM de S\u00e3o Paulo abre concurso p\u00fablico com 165 vagas; Veja como participar","author":"noticiasribeiraopreto.com.br","date":"24 de April de 2025","format":false,"excerpt":"\u00a0A PM (Pol\u00edcia Militar) de S\u00e3o Paulo publicou nesta quinta-feira (24) edital de concurso p\u00fablico com 165 vagas para fun\u00e7\u00e3o de aluno-oficial. Os sal\u00e1rios iniciais para o cargo s\u00e3o de R$ 4.833,27. As inscri\u00e7\u00f5es devem ser realizadas no site da FGV (clique aqui) no per\u00edodo entre 8h do dia 28\u2026","rel":"","context":"In &quot;Not\u00edcias de Ribeir\u00e3o Preto-SP e Regi\u00e3o&quot;","block_context":{"text":"Not\u00edcias de Ribeir\u00e3o Preto-SP e Regi\u00e3o","link":"https:\/\/noticiasribeiraopreto.com.br\/index.php\/category\/noticias-de-ribeirao-preto-sp-e-regiao-ismael-colosi\/"},"img":{"alt_text":"","src":"https:\/\/i0.wp.com\/noticiasribeiraopreto.com.br\/wp-content\/uploads\/2025\/04\/policia-militar-nova-2_2025-04-24_13-01-57.webp.webp?fit=1200%2C799&ssl=1&resize=350%2C200","width":350,"height":200,"srcset":"https:\/\/i0.wp.com\/noticiasribeiraopreto.com.br\/wp-content\/uploads\/2025\/04\/policia-militar-nova-2_2025-04-24_13-01-57.webp.webp?fit=1200%2C799&ssl=1&resize=350%2C200 1x, https:\/\/i0.wp.com\/noticiasribeiraopreto.com.br\/wp-content\/uploads\/2025\/04\/policia-militar-nova-2_2025-04-24_13-01-57.webp.webp?fit=1200%2C799&ssl=1&resize=525%2C300 1.5x, https:\/\/i0.wp.com\/noticiasribeiraopreto.com.br\/wp-content\/uploads\/2025\/04\/policia-militar-nova-2_2025-04-24_13-01-57.webp.webp?fit=1200%2C799&ssl=1&resize=700%2C400 2x, https:\/\/i0.wp.com\/noticiasribeiraopreto.com.br\/wp-content\/uploads\/2025\/04\/policia-militar-nova-2_2025-04-24_13-01-57.webp.webp?fit=1200%2C799&ssl=1&resize=1050%2C600 3x"},"classes":[]},{"id":47383,"url":"https:\/\/noticiasribeiraopreto.com.br\/index.php\/2024\/04\/25\/vai-fazer-o-enem-dos-concursos-locais-das-provas-foram-divulgados-hoje\/","url_meta":{"origin":50560,"position":3},"title":"Vai fazer o \u2018Enem dos concursos\u2019? Locais das provas foram divulgados hoje","author":"noticiasribeiraopreto.com.br","date":"25 de April de 2024","format":false,"excerpt":"O Minist\u00e9rio da Gest\u00e3o e da Inova\u00e7\u00e3o em Servi\u00e7os P\u00fablicos divulgou nesta quinta-feira (25), \u00e0s 10h, o Cart\u00e3o de Confirma\u00e7\u00e3o de Inscri\u00e7\u00e3o do Concurso P\u00fablico Nacional Unificado, o \u201cEnem dos concursos\u201d. No cart\u00e3o, o candidato pode conferir o local de prova, n\u00famero de inscri\u00e7\u00e3o, data e hora das provas. O\u2026","rel":"","context":"In &quot;Not\u00edcias de Ribeir\u00e3o Preto-SP e Regi\u00e3o&quot;","block_context":{"text":"Not\u00edcias de Ribeir\u00e3o Preto-SP e Regi\u00e3o","link":"https:\/\/noticiasribeiraopreto.com.br\/index.php\/category\/noticias-de-ribeirao-preto-sp-e-regiao-ismael-colosi\/"},"img":{"alt_text":"","src":"https:\/\/i0.wp.com\/noticiasribeiraopreto.com.br\/wp-content\/uploads\/2024\/03\/AnyConv.com__concurso-publico-2.webp.webp?fit=1200%2C800&ssl=1&resize=350%2C200","width":350,"height":200,"srcset":"https:\/\/i0.wp.com\/noticiasribeiraopreto.com.br\/wp-content\/uploads\/2024\/03\/AnyConv.com__concurso-publico-2.webp.webp?fit=1200%2C800&ssl=1&resize=350%2C200 1x, https:\/\/i0.wp.com\/noticiasribeiraopreto.com.br\/wp-content\/uploads\/2024\/03\/AnyConv.com__concurso-publico-2.webp.webp?fit=1200%2C800&ssl=1&resize=525%2C300 1.5x, https:\/\/i0.wp.com\/noticiasribeiraopreto.com.br\/wp-content\/uploads\/2024\/03\/AnyConv.com__concurso-publico-2.webp.webp?fit=1200%2C800&ssl=1&resize=700%2C400 2x, https:\/\/i0.wp.com\/noticiasribeiraopreto.com.br\/wp-content\/uploads\/2024\/03\/AnyConv.com__concurso-publico-2.webp.webp?fit=1200%2C800&ssl=1&resize=1050%2C600 3x"},"classes":[]},{"id":55909,"url":"https:\/\/noticiasribeiraopreto.com.br\/index.php\/2024\/08\/07\/veja-quantas-pessoas-farao-o-enem-dos-concursos-em-ribeirao-preto\/","url_meta":{"origin":50560,"position":4},"title":"Veja quantas pessoas far\u00e3o o &#8216;Enem dos concursos&#8217; em Ribeir\u00e3o Preto","author":"noticiasribeiraopreto.com.br","date":"7 de August de 2024","format":false,"excerpt":"O Minist\u00e9rio da Gest\u00e3o e Inova\u00e7\u00e3o em Servi\u00e7os P\u00fablicos (MIG) divulgou, nesta quarta-feira (7), o cart\u00e3o de confirma\u00e7\u00e3o de inscri\u00e7\u00e3o do \u201cEnem dos concursos\u201d. Em Ribeir\u00e3o Preto, mais de 14,2 mil pessoas v\u00e3o participar do Concurso P\u00fablico Nacional Unificado (CNU). A prova ser\u00e1 no dia 18 de agosto e a\u2026","rel":"","context":"In &quot;Not\u00edcias de Ribeir\u00e3o Preto-SP e Regi\u00e3o&quot;","block_context":{"text":"Not\u00edcias de Ribeir\u00e3o Preto-SP e Regi\u00e3o","link":"https:\/\/noticiasribeiraopreto.com.br\/index.php\/category\/noticias-de-ribeirao-preto-sp-e-regiao-ismael-colosi\/"},"img":{"alt_text":"","src":"https:\/\/i0.wp.com\/noticiasribeiraopreto.com.br\/wp-content\/uploads\/2024\/08\/eu-amo-ribeirao-preto.jpeg?fit=1200%2C800&ssl=1&resize=350%2C200","width":350,"height":200,"srcset":"https:\/\/i0.wp.com\/noticiasribeiraopreto.com.br\/wp-content\/uploads\/2024\/08\/eu-amo-ribeirao-preto.jpeg?fit=1200%2C800&ssl=1&resize=350%2C200 1x, https:\/\/i0.wp.com\/noticiasribeiraopreto.com.br\/wp-content\/uploads\/2024\/08\/eu-amo-ribeirao-preto.jpeg?fit=1200%2C800&ssl=1&resize=525%2C300 1.5x, https:\/\/i0.wp.com\/noticiasribeiraopreto.com.br\/wp-content\/uploads\/2024\/08\/eu-amo-ribeirao-preto.jpeg?fit=1200%2C800&ssl=1&resize=700%2C400 2x, https:\/\/i0.wp.com\/noticiasribeiraopreto.com.br\/wp-content\/uploads\/2024\/08\/eu-amo-ribeirao-preto.jpeg?fit=1200%2C800&ssl=1&resize=1050%2C600 3x"},"classes":[]},{"id":66432,"url":"https:\/\/noticiasribeiraopreto.com.br\/index.php\/2025\/04\/01\/jornal-da-franca-concursos-publicos-em-franca-prefeitura-abre-inscricoes-para-67-funcoes-confira\/","url_meta":{"origin":50560,"position":5},"title":"Jornal da Franca &#8211; Concursos p\u00fablicos em Franca: Prefeitura abre inscri\u00e7\u00f5es para 67 fun\u00e7\u00f5es; confira!","author":"noticiasribeiraopreto.com.br","date":"1 de April de 2025","format":false,"excerpt":"compartilhar no whatsapp compartilhar no telegram compartilhar no facebook compartilhar no linkedin A Prefeitura de Franca abriu cinco concursos p\u00fablicos para forma\u00e7\u00e3o de cadastro reserva em 67 fun\u00e7\u00f5es Prefeitura de Franca abriu inscri\u00e7\u00f5es para 5 concursos p\u00fablicos \u00a0 A Prefeitura de Franca abriu cinco concursos p\u00fablicos para forma\u00e7\u00e3o de cadastro\u2026","rel":"","context":"In &quot;Not\u00edcias de Franca-SP&quot;","block_context":{"text":"Not\u00edcias de Franca-SP","link":"https:\/\/noticiasribeiraopreto.com.br\/index.php\/category\/noticias-de-ribeirao-preto-sp-e-regiao-ismael-colosi\/noticias-franca-sp\/"},"img":{"alt_text":"","src":"https:\/\/i0.wp.com\/noticiasribeiraopreto.com.br\/wp-content\/uploads\/2025\/04\/prefeitura-de-franca-aerea-scaled.jpg?fit=1200%2C795&ssl=1&resize=350%2C200","width":350,"height":200,"srcset":"https:\/\/i0.wp.com\/noticiasribeiraopreto.com.br\/wp-content\/uploads\/2025\/04\/prefeitura-de-franca-aerea-scaled.jpg?fit=1200%2C795&ssl=1&resize=350%2C200 1x, https:\/\/i0.wp.com\/noticiasribeiraopreto.com.br\/wp-content\/uploads\/2025\/04\/prefeitura-de-franca-aerea-scaled.jpg?fit=1200%2C795&ssl=1&resize=525%2C300 1.5x, https:\/\/i0.wp.com\/noticiasribeiraopreto.com.br\/wp-content\/uploads\/2025\/04\/prefeitura-de-franca-aerea-scaled.jpg?fit=1200%2C795&ssl=1&resize=700%2C400 2x, https:\/\/i0.wp.com\/noticiasribeiraopreto.com.br\/wp-content\/uploads\/2025\/04\/prefeitura-de-franca-aerea-scaled.jpg?fit=1200%2C795&ssl=1&resize=1050%2C600 3x"},"classes":[]}],"jetpack_sharing_enabled":true,"jetpack_shortlink":"https:\/\/wp.me\/peQAOb-d9u","_links":{"self":[{"href":"https:\/\/noticiasribeiraopreto.com.br\/index.php\/wp-json\/wp\/v2\/posts\/50560","targetHints":{"allow":["GET"]}}],"collection":[{"href":"https:\/\/noticiasribeiraopreto.com.br\/index.php\/wp-json\/wp\/v2\/posts"}],"about":[{"href":"https:\/\/noticiasribeiraopreto.com.br\/index.php\/wp-json\/wp\/v2\/types\/post"}],"author":[{"embeddable":true,"href":"https:\/\/noticiasribeiraopreto.com.br\/index.php\/wp-json\/wp\/v2\/users\/1"}],"replies":[{"embeddable":true,"href":"https:\/\/noticiasribeiraopreto.com.br\/index.php\/wp-json\/wp\/v2\/comments?post=50560"}],"version-history":[{"count":0,"href":"https:\/\/noticiasribeiraopreto.com.br\/index.php\/wp-json\/wp\/v2\/posts\/50560\/revisions"}],"wp:featuredmedia":[{"embeddable":true,"href":"https:\/\/noticiasribeiraopreto.com.br\/index.php\/wp-json\/wp\/v2\/media\/50561"}],"wp:attachment":[{"href":"https:\/\/noticiasribeiraopreto.com.br\/index.php\/wp-json\/wp\/v2\/media?parent=50560"}],"wp:term":[{"taxonomy":"category","embeddable":true,"href":"https:\/\/noticiasribeiraopreto.com.br\/index.php\/wp-json\/wp\/v2\/categories?post=50560"},{"taxonomy":"post_tag","embeddable":true,"href":"https:\/\/noticiasribeiraopreto.com.br\/index.php\/wp-json\/wp\/v2\/tags?post=50560"}],"curies":[{"name":"wp","href":"https:\/\/api.w.org\/{rel}","templated":true}]}}