{"id":50568,"date":"2024-05-16T17:39:58","date_gmt":"2024-05-16T20:39:58","guid":{"rendered":"https:\/\/noticiasribeiraopreto.com.br\/index.php\/2024\/05\/16\/rafael-portugal-traz-show-de-humor-para-ribeirao-preto-veja-quando\/"},"modified":"2024-05-16T17:39:58","modified_gmt":"2024-05-16T20:39:58","slug":"rafael-portugal-traz-show-de-humor-para-ribeirao-preto-veja-quando","status":"publish","type":"post","link":"https:\/\/noticiasribeiraopreto.com.br\/index.php\/2024\/05\/16\/rafael-portugal-traz-show-de-humor-para-ribeirao-preto-veja-quando\/","title":{"rendered":"Rafael Portugal traz show de humor para Ribeir\u00e3o Preto; Veja quando"},"content":{"rendered":"<div class='code-block code-block-1' style='margin: 8px 0 8px auto; text-align: right; display: block; clear: both;'>\n<p><a href=\"https:\/\/wa.link\/vpicfd\"><img data-recalc-dims=\"1\" class=\"wp-image-4922\" style=\"aspect-ratio: 2.0253164556962027; width: 561px; height: auto;\" src=\"https:\/\/i0.wp.com\/ismaelcolosi.com.br\/wp-content\/uploads\/2023\/11\/grupo-de-empregos-whatsapp-e-facebook-ismael-colosi-vagas.jpg?ssl=1\" alt=\"\" \/><\/a><\/p>\n<!-- \/wp:image -->\n<\/div>\n<p> <br \/>\n<\/p>\n<div>\n<p>Um dos principais nomes da com\u00e9dia atualmente, <strong>Rafael Portugal<\/strong> se apresenta no palco do <strong>Theatro Pedro II<\/strong>, em <strong>Ribeir\u00e3o Preto<\/strong>, no dia 04 de julho, \u00e0s 20h. Ele traz para o munic\u00edpio o espet\u00e1culo \u201c<strong>Eu Comigo Mesmo<\/strong>\u201d.<\/p>\n<p>Os <strong>ingressos j\u00e1 est\u00e3o dispon\u00edveis<\/strong> e podem ser adquiridos de<strong> forma on-line (<a href=\"https:\/\/ingressodigital.com\/evento\/12431\/Rafael_Portugal__Eu_Comigo_Mesmo\" target=\"_blank\" rel=\"noreferrer noopener\">clique aqui<\/a>)<\/strong> ou na bilheteria do Theatro (consulte o hor\u00e1rio de funcionamento <a href=\"https:\/\/www.theatropedro2.com.br\/comprar-ingresso.php\" target=\"_blank\" rel=\"noreferrer noopener\">clicando aqui<\/a>).<\/p>\n<p>A apresenta\u00e7\u00e3o do artista une a rapidez do <em><strong>stand-up<\/strong><\/em> \u00e0 criatividade na composi\u00e7\u00e3o de um personagem inusitado, que promete entreter, contagiar e divertir o p\u00fablico.<\/p>\n<p>Durante o show de humor, <strong>Rafael <\/strong>conta sobre situa\u00e7\u00f5es engra\u00e7adas que aconteceram em sua vida. Al\u00e9m disso, como morador da zona Oeste do <strong>Rio de Janeiro<\/strong>, o comediante conta sobre diversas hist\u00f3rias sobre o que acontecia dentro dos trens.<\/p>\n<p><strong>Rafael Portugal <\/strong>faz parte do time de humoristas do programa \u201c<strong>A Culpa \u00e9 do Cabral<\/strong>\u201c, exibido pelo Comedy Central, e do <strong>Porta dos Fundos<\/strong>, \u00a0maior canal de humor do Brasil no <strong>YouTube<\/strong>. Em 2021, liderou o quadro \u2018<strong>CAT BBB<\/strong>\u2019, famoso quadro de humor do <strong>Big Brother Brasil<\/strong>, na TV Globo.<\/p>\n<h2 class=\"wp-block-heading\"><strong>Valores e setores<\/strong><\/h2>\n<ul>\n<li><strong>Plateia e Frisa<\/strong> (t\u00e9rreo em frente ao palco): R$ 120 inteira | 60 meia-entrada\u00a0<\/li>\n<\/ul>\n<ul>\n<li><strong>Balc\u00e3o Nobre<\/strong> (1\u00ba andar): R$ 100 inteira | R$ 50 meia-entrada<\/li>\n<\/ul>\n<ul>\n<li><strong>Balc\u00e3o Simples<\/strong> (2\u00ba andar): R$ 90 inteira | R$ 45 meia-entrada<\/li>\n<\/ul>\n<p><mark style=\"background-color:#fcb900\" class=\"has-inline-color\">Vale ressaltar que, os valores est\u00e3o sujeitos \u00e0 <strong>altera\u00e7\u00e3o sem aviso pr\u00e9vio<\/strong>.<\/mark><\/p>\n<h3 class=\"wp-block-heading\"><strong>Servi\u00e7o<\/strong><\/h3>\n<p><em>Rafael Portugal \u2013 Eu comigo mesmo<\/em><\/p>\n<p>Data: 04 de julho<\/p>\n<p>Hor\u00e1rio: 20h<\/p>\n<p>Local: Theatro Pedro II \u2013 rua \u00c1lvares de Cabral, 370 \u2013 Centro, Ribeir\u00e3o Preto<\/p>\n<p>Classifica\u00e7\u00e3o: 12 anos<\/p>\n<p>Ingressos: a partir de R$ 45 \u2013 clique aqui para adquirir<\/p>\n<hr class=\"wp-block-separator has-alpha-channel-opacity\"\/>\n<p>SAIBA MAIS<\/p>\n<p>Saiba como visitar evento com candidato a maior gato do mundo em Ribeir\u00e3o Preto<\/p>\n<h4 class=\"wp-block-heading\"><strong>FIQUE ON<\/strong><\/h4>\n<p>Fique ligado em tudo que acontece em Ribeir\u00e3o Preto e regi\u00e3o. Siga os perfis do\u00a0<strong>acidade on<\/strong>\u00a0no\u00a0<a href=\"https:\/\/www.instagram.com\/acidadeonribeirao\" target=\"_blank\" rel=\"noreferrer noopener\">Instagram<\/a>\u00a0e no\u00a0<a href=\"https:\/\/www.facebook.com\/acidadeonribeirao\/\" target=\"_blank\" rel=\"noreferrer noopener\">Facebook<\/a>.<\/p>\n<p>Receba not\u00edcias do<strong>\u00a0acidade on\u00a0<\/strong>no WhatsApp.\u00a0<a href=\"https:\/\/chat.whatsapp.com\/CdrZ6xrf7quD44Vw3WlPuZ\" target=\"_blank\" rel=\"noreferrer noopener\">Para entrar no grupo, basta clicar aqui.<\/a><\/p>\n<p>Fa\u00e7a uma den\u00fancia ou sugira uma reportagem sobre Ribeir\u00e3o Preto e regi\u00e3o pelo WhatsApp: 16 99117 7802.<\/p>\n<p>VEJA TAMB\u00c9M<\/p>\n<p>F1: Bearman, Antonelli e Lawson: o que esperar do futuro da categoria?<\/p>\n<p><!-- AI CONTENT END 1 -->\n<\/div>\n<p><script async src=\"\/\/www.instagram.com\/embed.js\"><\/script><br \/>\n<br \/><br \/>\n<br \/><a href=\"https:\/\/www.acidadeon.com\/ribeiraopreto\/lazer-e-cultura\/rafael-portugal-traz-show-de-humor-para-ribeirao-preto-veja-quando\/\">Source link <\/a><\/p>\n<!-- CONTENT END 1 -->\n","protected":false},"excerpt":{"rendered":"<p>Um dos principais nomes da com\u00e9dia atualmente, Rafael Portugal se apresenta no palco do Theatro Pedro II, em Ribeir\u00e3o Preto, no dia 04 de julho,&#8230;<\/p>\n","protected":false},"author":1,"featured_media":50569,"comment_status":"open","ping_status":"open","sticky":false,"template":"","format":"standard","meta":{"advanced_seo_description":"","jetpack_seo_html_title":"","jetpack_seo_noindex":false,"jetpack_post_was_ever_published":false,"_jetpack_newsletter_access":"","_jetpack_dont_email_post_to_subs":false,"_jetpack_newsletter_tier_id":0,"_jetpack_memberships_contains_paywalled_content":false,"_jetpack_memberships_contains_paid_content":false,"footnotes":"","jetpack_publicize_message":"","jetpack_publicize_feature_enabled":true,"jetpack_social_post_already_shared":false,"jetpack_social_options":{"image_generator_settings":{"template":"highway","default_image_id":0,"font":"","enabled":false},"version":2}},"categories":[11],"tags":[],"class_list":["post-50568","post","type-post","status-publish","format-standard","has-post-thumbnail","hentry","category-noticias-de-ribeirao-preto-sp-e-regiao-ismael-colosi"],"jetpack_publicize_connections":[],"jetpack_featured_media_url":"https:\/\/i0.wp.com\/noticiasribeiraopreto.com.br\/wp-content\/uploads\/2024\/05\/Copia-de-Copia-de-TAMANHO-EXATO-PARA-FOTOS-NO-SISTEMA-NOVO-41_2024-05-16_20-21-55_png_2024-05-16_20-21-55.webp.webp?fit=1200%2C675&ssl=1","jetpack-related-posts":[{"id":78534,"url":"https:\/\/noticiasribeiraopreto.com.br\/index.php\/2025\/10\/13\/marco-luque-apresenta-espetaculo-de-humor-no-theatro-pedro-ii\/","url_meta":{"origin":50568,"position":0},"title":"Marco Luque apresenta espet\u00e1culo de humor no Theatro Pedro II","author":"noticiasribeiraopreto.com.br","date":"13 de October de 2025","format":false,"excerpt":"O ator, apresentador e humorista Marco Luque\u00a0chega a\u00a0Ribeir\u00e3o Preto com o novo espet\u00e1culo de humor \u201c\u00c9 Disso Que Eu T\u00f4 Falando\u201d. A apresenta\u00e7\u00e3o acontece no s\u00e1bado (25), \u00e0s 20h, no Theatro Pedro II. O humorista esteve na cidade ainda este ano com a programa\u00e7\u00e3o de seu \u00faltimo show \u201cDilatados\u201d, que\u2026","rel":"","context":"In &quot;Not\u00edcias de Ribeir\u00e3o Preto-SP e Regi\u00e3o&quot;","block_context":{"text":"Not\u00edcias de Ribeir\u00e3o Preto-SP e Regi\u00e3o","link":"https:\/\/noticiasribeiraopreto.com.br\/index.php\/category\/noticias-de-ribeirao-preto-sp-e-regiao-ismael-colosi\/"},"img":{"alt_text":"","src":"https:\/\/i0.wp.com\/noticiasribeiraopreto.com.br\/wp-content\/uploads\/2025\/10\/MarcoLuqueCuritiba_2025-10-13_11-52-34.webp.webp?fit=1024%2C768&ssl=1&resize=350%2C200","width":350,"height":200,"srcset":"https:\/\/i0.wp.com\/noticiasribeiraopreto.com.br\/wp-content\/uploads\/2025\/10\/MarcoLuqueCuritiba_2025-10-13_11-52-34.webp.webp?fit=1024%2C768&ssl=1&resize=350%2C200 1x, https:\/\/i0.wp.com\/noticiasribeiraopreto.com.br\/wp-content\/uploads\/2025\/10\/MarcoLuqueCuritiba_2025-10-13_11-52-34.webp.webp?fit=1024%2C768&ssl=1&resize=525%2C300 1.5x, https:\/\/i0.wp.com\/noticiasribeiraopreto.com.br\/wp-content\/uploads\/2025\/10\/MarcoLuqueCuritiba_2025-10-13_11-52-34.webp.webp?fit=1024%2C768&ssl=1&resize=700%2C400 2x"},"classes":[]},{"id":68485,"url":"https:\/\/noticiasribeiraopreto.com.br\/index.php\/2025\/04\/25\/pedro-ii-recebe-rafael-infante\/","url_meta":{"origin":50568,"position":1},"title":"Pedro II recebe\u00a0Rafael Infante \u00a0","author":"noticiasribeiraopreto.com.br","date":"25 de April de 2025","format":false,"excerpt":"25 de abril de 2025 17:3025 de abril de 2025 09:598 Compartilhar0 O humorista Rafael Infante estar\u00e1 no Theatro Pedro II, em Ribeir\u00e3o Preto, neste domingo, 27 de abril, \u00e0s 19 horas, com o espet\u00e1culo \u201cTerapia Infernal\u201d. Quem verdadeiramente tem a coragem de se expor para si mesmo? Quem consegue\u2026","rel":"","context":"In &quot;Not\u00edcias de Ribeir\u00e3o Preto-SP e Regi\u00e3o&quot;","block_context":{"text":"Not\u00edcias de Ribeir\u00e3o Preto-SP e Regi\u00e3o","link":"https:\/\/noticiasribeiraopreto.com.br\/index.php\/category\/noticias-de-ribeirao-preto-sp-e-regiao-ismael-colosi\/"},"img":{"alt_text":"","src":"https:\/\/i0.wp.com\/noticiasribeiraopreto.com.br\/wp-content\/uploads\/2025\/04\/Infante-Dia-Divulgacao-scaled.jpg?fit=750%2C500&ssl=1&resize=350%2C200","width":350,"height":200,"srcset":"https:\/\/i0.wp.com\/noticiasribeiraopreto.com.br\/wp-content\/uploads\/2025\/04\/Infante-Dia-Divulgacao-scaled.jpg?fit=750%2C500&ssl=1&resize=350%2C200 1x, https:\/\/i0.wp.com\/noticiasribeiraopreto.com.br\/wp-content\/uploads\/2025\/04\/Infante-Dia-Divulgacao-scaled.jpg?fit=750%2C500&ssl=1&resize=525%2C300 1.5x, https:\/\/i0.wp.com\/noticiasribeiraopreto.com.br\/wp-content\/uploads\/2025\/04\/Infante-Dia-Divulgacao-scaled.jpg?fit=750%2C500&ssl=1&resize=700%2C400 2x"},"classes":[]},{"id":11795,"url":"https:\/\/noticiasribeiraopreto.com.br\/index.php\/2023\/12\/06\/victor-sarro-se-apresenta-no-theatro-pedro-ii-em-ribeirao-preto-veja-quando\/","url_meta":{"origin":50568,"position":2},"title":"Victor Sarro se apresenta no Theatro Pedro II, em Ribeir\u00e3o Preto; Veja quando","author":"noticiasribeiraopreto.com.br","date":"6 de December de 2023","format":false,"excerpt":"O humorista Victor Sarro apresenta o seu espet\u00e1culo de stand-up comedy no Theatro Pedro II, em Ribeir\u00e3o Preto, na pr\u00f3xima quarta-feira (14), \u00e0s 20h. Os ingressos ainda est\u00e3o \u00e0 venda e podem ser adquiridos de forma on-line (clique aqui) ou na bilheteria do Theatro (clique aqui e veja o hor\u00e1rio\u2026","rel":"","context":"In &quot;Not\u00edcias de Ribeir\u00e3o Preto-SP e Regi\u00e3o&quot;","block_context":{"text":"Not\u00edcias de Ribeir\u00e3o Preto-SP e Regi\u00e3o","link":"https:\/\/noticiasribeiraopreto.com.br\/index.php\/category\/noticias-de-ribeirao-preto-sp-e-regiao-ismael-colosi\/"},"img":{"alt_text":"","src":"https:\/\/i0.wp.com\/noticiasribeiraopreto.com.br\/wp-content\/uploads\/2023\/12\/Copia-de-Copia-de-TAMANHO-EXATO-PARA-FOTOS-NO-SISTEMA-NOVO-12.png?fit=1200%2C675&ssl=1&resize=350%2C200","width":350,"height":200,"srcset":"https:\/\/i0.wp.com\/noticiasribeiraopreto.com.br\/wp-content\/uploads\/2023\/12\/Copia-de-Copia-de-TAMANHO-EXATO-PARA-FOTOS-NO-SISTEMA-NOVO-12.png?fit=1200%2C675&ssl=1&resize=350%2C200 1x, https:\/\/i0.wp.com\/noticiasribeiraopreto.com.br\/wp-content\/uploads\/2023\/12\/Copia-de-Copia-de-TAMANHO-EXATO-PARA-FOTOS-NO-SISTEMA-NOVO-12.png?fit=1200%2C675&ssl=1&resize=525%2C300 1.5x, https:\/\/i0.wp.com\/noticiasribeiraopreto.com.br\/wp-content\/uploads\/2023\/12\/Copia-de-Copia-de-TAMANHO-EXATO-PARA-FOTOS-NO-SISTEMA-NOVO-12.png?fit=1200%2C675&ssl=1&resize=700%2C400 2x, https:\/\/i0.wp.com\/noticiasribeiraopreto.com.br\/wp-content\/uploads\/2023\/12\/Copia-de-Copia-de-TAMANHO-EXATO-PARA-FOTOS-NO-SISTEMA-NOVO-12.png?fit=1200%2C675&ssl=1&resize=1050%2C600 3x"},"classes":[]},{"id":60411,"url":"https:\/\/noticiasribeiraopreto.com.br\/index.php\/2024\/11\/13\/theatro-pedro-ii-recebe-o-humorista-rodrigo-marques-ainda-ha-ingressos-disponiveis\/","url_meta":{"origin":50568,"position":3},"title":"Theatro Pedro II recebe o humorista Rodrigo Marques; Ainda h\u00e1 ingressos dispon\u00edveis","author":"noticiasribeiraopreto.com.br","date":"13 de November de 2024","format":false,"excerpt":"O jornalista e humorista Rodrigo Marques traz para o palco do Theatro Pedro II, em Ribeir\u00e3o Preto, no domingo (17), o stand-up \u201cO Entusiasta\u201d. A apresenta\u00e7\u00e3o est\u00e1 marcada para \u00e0s 19h e ainda h\u00e1 ingressos dispon\u00edveis. O comediante \u00e9 conhecido como um dos principais nomes do humor no Brasil. Ele\u2026","rel":"","context":"In &quot;Not\u00edcias de Ribeir\u00e3o Preto-SP e Regi\u00e3o&quot;","block_context":{"text":"Not\u00edcias de Ribeir\u00e3o Preto-SP e Regi\u00e3o","link":"https:\/\/noticiasribeiraopreto.com.br\/index.php\/category\/noticias-de-ribeirao-preto-sp-e-regiao-ismael-colosi\/"},"img":{"alt_text":"","src":"https:\/\/i0.wp.com\/noticiasribeiraopreto.com.br\/wp-content\/uploads\/2024\/11\/horiz-Rodrigo-Marques-Credito-Rinaldo-Oliveira-3-_2024-11-13_13-30-00_jpg_2024-11-13_13-30-01-scaled.webp.webp?fit=1200%2C879&ssl=1&resize=350%2C200","width":350,"height":200,"srcset":"https:\/\/i0.wp.com\/noticiasribeiraopreto.com.br\/wp-content\/uploads\/2024\/11\/horiz-Rodrigo-Marques-Credito-Rinaldo-Oliveira-3-_2024-11-13_13-30-00_jpg_2024-11-13_13-30-01-scaled.webp.webp?fit=1200%2C879&ssl=1&resize=350%2C200 1x, https:\/\/i0.wp.com\/noticiasribeiraopreto.com.br\/wp-content\/uploads\/2024\/11\/horiz-Rodrigo-Marques-Credito-Rinaldo-Oliveira-3-_2024-11-13_13-30-00_jpg_2024-11-13_13-30-01-scaled.webp.webp?fit=1200%2C879&ssl=1&resize=525%2C300 1.5x, https:\/\/i0.wp.com\/noticiasribeiraopreto.com.br\/wp-content\/uploads\/2024\/11\/horiz-Rodrigo-Marques-Credito-Rinaldo-Oliveira-3-_2024-11-13_13-30-00_jpg_2024-11-13_13-30-01-scaled.webp.webp?fit=1200%2C879&ssl=1&resize=700%2C400 2x, https:\/\/i0.wp.com\/noticiasribeiraopreto.com.br\/wp-content\/uploads\/2024\/11\/horiz-Rodrigo-Marques-Credito-Rinaldo-Oliveira-3-_2024-11-13_13-30-00_jpg_2024-11-13_13-30-01-scaled.webp.webp?fit=1200%2C879&ssl=1&resize=1050%2C600 3x"},"classes":[]},{"id":56861,"url":"https:\/\/noticiasribeiraopreto.com.br\/index.php\/2024\/08\/15\/danilo-gentili-oscar-filho-e-diogo-portugal-retornam-a-ribeirao-com-o-stand-up-raiz\/","url_meta":{"origin":50568,"position":4},"title":"Danilo Gentili, Oscar Filho e Diogo Portugal retornam a Ribeir\u00e3o com o &#8216;Stand-Up Raiz&#8217;","author":"noticiasribeiraopreto.com.br","date":"15 de August de 2024","format":false,"excerpt":"Danilo Gentili, Oscar Filho e Diogo Portugal retornam ao palco do Theatro Pedro II, em Ribeir\u00e3o Preto, no dia 4 de outubro, \u00e0s 20 horas, para um show de \u2018Stand-up Raiz\u2019. Na apresenta\u00e7\u00e3o dos humoristas, que est\u00e3o entre os maiores comediantes da cena brasileira, se revezam para apresentar seus textos\u2026","rel":"","context":"In &quot;Not\u00edcias de Ribeir\u00e3o Preto-SP e Regi\u00e3o&quot;","block_context":{"text":"Not\u00edcias de Ribeir\u00e3o Preto-SP e Regi\u00e3o","link":"https:\/\/noticiasribeiraopreto.com.br\/index.php\/category\/noticias-de-ribeirao-preto-sp-e-regiao-ismael-colosi\/"},"img":{"alt_text":"","src":"https:\/\/i0.wp.com\/noticiasribeiraopreto.com.br\/wp-content\/uploads\/2024\/08\/406442591_18406224550036029_2481223457179024196_n_2024-08-15_19-34-58_jpg_2024-08-15_19-34-58.webp.webp?fit=1200%2C800&ssl=1&resize=350%2C200","width":350,"height":200,"srcset":"https:\/\/i0.wp.com\/noticiasribeiraopreto.com.br\/wp-content\/uploads\/2024\/08\/406442591_18406224550036029_2481223457179024196_n_2024-08-15_19-34-58_jpg_2024-08-15_19-34-58.webp.webp?fit=1200%2C800&ssl=1&resize=350%2C200 1x, https:\/\/i0.wp.com\/noticiasribeiraopreto.com.br\/wp-content\/uploads\/2024\/08\/406442591_18406224550036029_2481223457179024196_n_2024-08-15_19-34-58_jpg_2024-08-15_19-34-58.webp.webp?fit=1200%2C800&ssl=1&resize=525%2C300 1.5x, https:\/\/i0.wp.com\/noticiasribeiraopreto.com.br\/wp-content\/uploads\/2024\/08\/406442591_18406224550036029_2481223457179024196_n_2024-08-15_19-34-58_jpg_2024-08-15_19-34-58.webp.webp?fit=1200%2C800&ssl=1&resize=700%2C400 2x, https:\/\/i0.wp.com\/noticiasribeiraopreto.com.br\/wp-content\/uploads\/2024\/08\/406442591_18406224550036029_2481223457179024196_n_2024-08-15_19-34-58_jpg_2024-08-15_19-34-58.webp.webp?fit=1200%2C800&ssl=1&resize=1050%2C600 3x"},"classes":[]},{"id":46042,"url":"https:\/\/noticiasribeiraopreto.com.br\/index.php\/2024\/04\/09\/veja-12-shows-de-comedia-confirmados-no-theatro-pedro-ii-em-ribeirao-preto\/","url_meta":{"origin":50568,"position":5},"title":"Veja 12 shows de com\u00e9dia confirmados no Theatro Pedro II em Ribeir\u00e3o Preto","author":"noticiasribeiraopreto.com.br","date":"9 de April de 2024","format":false,"excerpt":"O Theatro Pedro II, em Ribeir\u00e3o Preto, conta com 12 shows de com\u00e9dia confirmados at\u00e9 o m\u00eas de setembro. Entre os nomes que v\u00e3o passar pelo palco, est\u00e3o Afonso Padilha, Thiago Ventura, Bruna Louise, Os Melhores do Mundo e Os Barbixas de Humor. Confira as atra\u00e7\u00f5es: Abril \u00a0 Tiago Santineli\u2026","rel":"","context":"In &quot;Not\u00edcias de Ribeir\u00e3o Preto-SP e Regi\u00e3o&quot;","block_context":{"text":"Not\u00edcias de Ribeir\u00e3o Preto-SP e Regi\u00e3o","link":"https:\/\/noticiasribeiraopreto.com.br\/index.php\/category\/noticias-de-ribeirao-preto-sp-e-regiao-ismael-colosi\/"},"img":{"alt_text":"","src":"https:\/\/i0.wp.com\/noticiasribeiraopreto.com.br\/wp-content\/uploads\/2024\/04\/26862-banner-uhuu-thiago-ventura.png?fit=1180%2C420&ssl=1&resize=350%2C200","width":350,"height":200,"srcset":"https:\/\/i0.wp.com\/noticiasribeiraopreto.com.br\/wp-content\/uploads\/2024\/04\/26862-banner-uhuu-thiago-ventura.png?fit=1180%2C420&ssl=1&resize=350%2C200 1x, https:\/\/i0.wp.com\/noticiasribeiraopreto.com.br\/wp-content\/uploads\/2024\/04\/26862-banner-uhuu-thiago-ventura.png?fit=1180%2C420&ssl=1&resize=525%2C300 1.5x, https:\/\/i0.wp.com\/noticiasribeiraopreto.com.br\/wp-content\/uploads\/2024\/04\/26862-banner-uhuu-thiago-ventura.png?fit=1180%2C420&ssl=1&resize=700%2C400 2x, https:\/\/i0.wp.com\/noticiasribeiraopreto.com.br\/wp-content\/uploads\/2024\/04\/26862-banner-uhuu-thiago-ventura.png?fit=1180%2C420&ssl=1&resize=1050%2C600 3x"},"classes":[]}],"jetpack_sharing_enabled":true,"jetpack_shortlink":"https:\/\/wp.me\/peQAOb-d9C","_links":{"self":[{"href":"https:\/\/noticiasribeiraopreto.com.br\/index.php\/wp-json\/wp\/v2\/posts\/50568","targetHints":{"allow":["GET"]}}],"collection":[{"href":"https:\/\/noticiasribeiraopreto.com.br\/index.php\/wp-json\/wp\/v2\/posts"}],"about":[{"href":"https:\/\/noticiasribeiraopreto.com.br\/index.php\/wp-json\/wp\/v2\/types\/post"}],"author":[{"embeddable":true,"href":"https:\/\/noticiasribeiraopreto.com.br\/index.php\/wp-json\/wp\/v2\/users\/1"}],"replies":[{"embeddable":true,"href":"https:\/\/noticiasribeiraopreto.com.br\/index.php\/wp-json\/wp\/v2\/comments?post=50568"}],"version-history":[{"count":0,"href":"https:\/\/noticiasribeiraopreto.com.br\/index.php\/wp-json\/wp\/v2\/posts\/50568\/revisions"}],"wp:featuredmedia":[{"embeddable":true,"href":"https:\/\/noticiasribeiraopreto.com.br\/index.php\/wp-json\/wp\/v2\/media\/50569"}],"wp:attachment":[{"href":"https:\/\/noticiasribeiraopreto.com.br\/index.php\/wp-json\/wp\/v2\/media?parent=50568"}],"wp:term":[{"taxonomy":"category","embeddable":true,"href":"https:\/\/noticiasribeiraopreto.com.br\/index.php\/wp-json\/wp\/v2\/categories?post=50568"},{"taxonomy":"post_tag","embeddable":true,"href":"https:\/\/noticiasribeiraopreto.com.br\/index.php\/wp-json\/wp\/v2\/tags?post=50568"}],"curies":[{"name":"wp","href":"https:\/\/api.w.org\/{rel}","templated":true}]}}