{"id":50573,"date":"2024-05-16T17:57:00","date_gmt":"2024-05-16T20:57:00","guid":{"rendered":"https:\/\/noticiasribeiraopreto.com.br\/index.php\/2024\/05\/16\/video-mostra-maus-tratos-contra-cachorro-em-ribeirao-preto\/"},"modified":"2024-05-16T17:57:00","modified_gmt":"2024-05-16T20:57:00","slug":"video-mostra-maus-tratos-contra-cachorro-em-ribeirao-preto","status":"publish","type":"post","link":"https:\/\/noticiasribeiraopreto.com.br\/index.php\/2024\/05\/16\/video-mostra-maus-tratos-contra-cachorro-em-ribeirao-preto\/","title":{"rendered":"V\u00eddeo mostra maus-tratos contra cachorro em Ribeir\u00e3o Preto"},"content":{"rendered":"<div class='code-block code-block-1' style='margin: 8px 0 8px auto; text-align: right; display: block; clear: both;'>\n<p><a href=\"https:\/\/wa.link\/vpicfd\"><img data-recalc-dims=\"1\" class=\"wp-image-4922\" style=\"aspect-ratio: 2.0253164556962027; width: 561px; height: auto;\" src=\"https:\/\/i0.wp.com\/ismaelcolosi.com.br\/wp-content\/uploads\/2023\/11\/grupo-de-empregos-whatsapp-e-facebook-ismael-colosi-vagas.jpg?ssl=1\" alt=\"\" \/><\/a><\/p>\n<!-- \/wp:image -->\n<\/div>\n<p> <br \/>\n<\/p>\n<div data-td-block-uid=\"tdi_101\">\n<div class=\"tdb-block-inner td-fix-index\">\n<p>O <strong>acidade on Ribeir\u00e3o<\/strong> recebeu um v\u00eddeo enviado por <strong>moradores<\/strong> do bairro<strong> Jardim Heitor Rigon<\/strong>, na zona Norte de Ribeir\u00e3o Preto, <strong>denunciando maus-tratos contra um cachorro<\/strong>.<\/p>\n<p>Segundo <strong>uma das denunciantes, que n\u00e3o quis se identificar<\/strong>, o <span style=\"background-color:#f7cc62\" class=\"td_text_highlight_marker\"><mark style=\"background-color:rgba(0, 0, 0, 0)\" class=\"has-inline-color has-black-color\">animal est\u00e1 em um local com mato, \u201cpreso\u201d ao redor de peda\u00e7os de madeira, que fica na rua Jos\u00e9 Roberto Arantes de Almeida, pr\u00f3ximo ao n\u00famero 645.<\/mark><\/span><\/p>\n<p>Pelas<strong> imagens<\/strong>, \u00e9 poss\u00edvel ver que o <strong>cachorro est\u00e1 magro<\/strong>, com <strong>alguns ferimentos<\/strong> e que <strong>estava sem comer<\/strong> h\u00e1 algum tempo. (<strong>veja abaixo<\/strong>).<\/p>\n<p>A reportagem do <strong>acidade on<\/strong> entrou em contato com a<strong> prefeitura<\/strong>, mas at\u00e9 a <strong>publica\u00e7\u00e3o n\u00e3o teve retorno<\/strong>. \u00a0<\/p>\n<figure class=\"wp-block-embed is-type-rich is-provider-twitter wp-block-embed-twitter\"\/>\n<p>SAIBA MAIS <\/p>\n<p>Concurso suspenso: Prefeitura de Ribeir\u00e3o diz que limite de idade n\u00e3o impediu inscri\u00e7\u00f5es<\/p>\n<h4 class=\"wp-block-heading\"><strong>FIQUE ON<\/strong><\/h4>\n<p>Fique ligado em tudo que acontece em Ribeir\u00e3o Preto e regi\u00e3o. Siga os perfis do<strong>\u00a0acidade on\u00a0<\/strong>no\u00a0<a href=\"https:\/\/www.instagram.com\/acidadeonribeirao\" target=\"_blank\" rel=\"noreferrer noopener\">Instagram\u00a0<\/a>e no\u00a0<a href=\"https:\/\/www.facebook.com\/acidadeonribeirao\/\" target=\"_blank\" rel=\"noreferrer noopener\">Facebook<\/a>.<\/p>\n<p>Receba not\u00edcias do\u00a0<strong>acidade on\u00a0<\/strong>no WhatsApp.\u00a0<a href=\"https:\/\/chat.whatsapp.com\/CdrZ6xrf7quD44Vw3WlPuZ\" target=\"_blank\" rel=\"noreferrer noopener\">Para entrar no grupo, basta clicar aqui.<\/a><\/p>\n<p>Fa\u00e7a uma den\u00fancia ou sugira uma reportagem sobre Ribeir\u00e3o Preto e regi\u00e3o pelo WhatsApp: 16 99117 7802.<\/p>\n<p>VEJA TAMB\u00c9M<br \/>Caso menino Miguel: Justi\u00e7a diminui indeniza\u00e7\u00e3o da fam\u00edlia<\/p>\n<p><!-- AI CONTENT END 1 -->\n<\/div>\n<\/div>\n<p><script async src=\"\/\/www.instagram.com\/embed.js\"><\/script><br \/>\n<br \/><br \/>\n<br \/><a href=\"https:\/\/www.acidadeon.com\/ribeiraopreto\/cotidiano\/video-mostra-maus-tratos-contra-cachorro-em-ribeirao-preto\/\">Source link <\/a><\/p>\n<!-- CONTENT END 1 -->\n","protected":false},"excerpt":{"rendered":"<p>O acidade on Ribeir\u00e3o recebeu um v\u00eddeo enviado por moradores do bairro Jardim Heitor Rigon, na zona Norte de Ribeir\u00e3o Preto, denunciando maus-tratos contra um&#8230;<\/p>\n","protected":false},"author":1,"featured_media":50574,"comment_status":"open","ping_status":"open","sticky":false,"template":"","format":"standard","meta":{"advanced_seo_description":"","jetpack_seo_html_title":"","jetpack_seo_noindex":false,"jetpack_post_was_ever_published":false,"_jetpack_newsletter_access":"","_jetpack_dont_email_post_to_subs":false,"_jetpack_newsletter_tier_id":0,"_jetpack_memberships_contains_paywalled_content":false,"_jetpack_memberships_contains_paid_content":false,"footnotes":"","jetpack_publicize_message":"","jetpack_publicize_feature_enabled":true,"jetpack_social_post_already_shared":false,"jetpack_social_options":{"image_generator_settings":{"template":"highway","default_image_id":0,"font":"","enabled":false},"version":2}},"categories":[11],"tags":[],"class_list":["post-50573","post","type-post","status-publish","format-standard","has-post-thumbnail","hentry","category-noticias-de-ribeirao-preto-sp-e-regiao-ismael-colosi"],"jetpack_publicize_connections":[],"jetpack_featured_media_url":"https:\/\/i0.wp.com\/noticiasribeiraopreto.com.br\/wp-content\/uploads\/2024\/05\/Copia-de-Copia-de-TAMANHO-EXATO-PARA-FOTOS-NO-SISTEMA-NOVO-10_2024-05-16_20-02-53_jpg_2024-05-16_20-02-53.webp.webp?fit=1200%2C675&ssl=1","jetpack-related-posts":[{"id":35147,"url":"https:\/\/noticiasribeiraopreto.com.br\/index.php\/2024\/02\/05\/homem-e-preso-por-maus-tratos-contra-cachorro-na-regiao-de-ribeirao-preto\/","url_meta":{"origin":50573,"position":0},"title":"Homem \u00e9 preso por maus-tratos contra cachorro na regi\u00e3o de Ribeir\u00e3o Preto","author":"noticiasribeiraopreto.com.br","date":"5 de February de 2024","format":false,"excerpt":"Um homem de 53 anos foi preso na manh\u00e3 de domingo (4), em C\u00f3rrego Rico, distrito de Jaboticabal, que fica cerca de 60 quil\u00f4metros de Ribeir\u00e3o Preto. Segundo o Boletim de Ocorr\u00eancia, registrado como abuso de animais, policiais militares foram chamados para checar uma den\u00fancia an\u00f4nima de maus-tratos contra animal.\u2026","rel":"","context":"In &quot;Not\u00edcias de Ribeir\u00e3o Preto-SP e Regi\u00e3o&quot;","block_context":{"text":"Not\u00edcias de Ribeir\u00e3o Preto-SP e Regi\u00e3o","link":"https:\/\/noticiasribeiraopreto.com.br\/index.php\/category\/noticias-de-ribeirao-preto-sp-e-regiao-ismael-colosi\/"},"img":{"alt_text":"","src":"https:\/\/i0.wp.com\/noticiasribeiraopreto.com.br\/wp-content\/uploads\/2024\/02\/acidadeon_logos_Prancheta-1-copia-12_edited.jpg?fit=1199%2C1200&ssl=1&resize=350%2C200","width":350,"height":200,"srcset":"https:\/\/i0.wp.com\/noticiasribeiraopreto.com.br\/wp-content\/uploads\/2024\/02\/acidadeon_logos_Prancheta-1-copia-12_edited.jpg?fit=1199%2C1200&ssl=1&resize=350%2C200 1x, https:\/\/i0.wp.com\/noticiasribeiraopreto.com.br\/wp-content\/uploads\/2024\/02\/acidadeon_logos_Prancheta-1-copia-12_edited.jpg?fit=1199%2C1200&ssl=1&resize=525%2C300 1.5x, https:\/\/i0.wp.com\/noticiasribeiraopreto.com.br\/wp-content\/uploads\/2024\/02\/acidadeon_logos_Prancheta-1-copia-12_edited.jpg?fit=1199%2C1200&ssl=1&resize=700%2C400 2x, https:\/\/i0.wp.com\/noticiasribeiraopreto.com.br\/wp-content\/uploads\/2024\/02\/acidadeon_logos_Prancheta-1-copia-12_edited.jpg?fit=1199%2C1200&ssl=1&resize=1050%2C600 3x"},"classes":[]},{"id":35151,"url":"https:\/\/noticiasribeiraopreto.com.br\/index.php\/2024\/02\/05\/homem-e-preso-por-maus-tratos-contra-cachorro-na-regiao-de-ribeirao-preto-2\/","url_meta":{"origin":50573,"position":1},"title":"Homem \u00e9 preso por maus-tratos contra cachorro na regi\u00e3o de Ribeir\u00e3o Preto","author":"noticiasribeiraopreto.com.br","date":"5 de February de 2024","format":false,"excerpt":"Um homem de 53 anos foi preso na manh\u00e3 de domingo (4), em C\u00f3rrego Rico, distrito de Jaboticabal, que fica cerca de 60 quil\u00f4metros de Ribeir\u00e3o Preto. Segundo o Boletim de Ocorr\u00eancia, registrado como abuso de animais, policiais militares foram chamados para checar uma den\u00fancia an\u00f4nima de maus-tratos contra animal.\u2026","rel":"","context":"In &quot;Not\u00edcias de Ribeir\u00e3o Preto-SP e Regi\u00e3o&quot;","block_context":{"text":"Not\u00edcias de Ribeir\u00e3o Preto-SP e Regi\u00e3o","link":"https:\/\/noticiasribeiraopreto.com.br\/index.php\/category\/noticias-de-ribeirao-preto-sp-e-regiao-ismael-colosi\/"},"img":{"alt_text":"","src":"https:\/\/i0.wp.com\/noticiasribeiraopreto.com.br\/wp-content\/uploads\/2024\/02\/1-1.jpg?fit=1200%2C675&ssl=1&resize=350%2C200","width":350,"height":200,"srcset":"https:\/\/i0.wp.com\/noticiasribeiraopreto.com.br\/wp-content\/uploads\/2024\/02\/1-1.jpg?fit=1200%2C675&ssl=1&resize=350%2C200 1x, https:\/\/i0.wp.com\/noticiasribeiraopreto.com.br\/wp-content\/uploads\/2024\/02\/1-1.jpg?fit=1200%2C675&ssl=1&resize=525%2C300 1.5x, https:\/\/i0.wp.com\/noticiasribeiraopreto.com.br\/wp-content\/uploads\/2024\/02\/1-1.jpg?fit=1200%2C675&ssl=1&resize=700%2C400 2x, https:\/\/i0.wp.com\/noticiasribeiraopreto.com.br\/wp-content\/uploads\/2024\/02\/1-1.jpg?fit=1200%2C675&ssl=1&resize=1050%2C600 3x"},"classes":[]},{"id":83802,"url":"https:\/\/noticiasribeiraopreto.com.br\/index.php\/2026\/03\/26\/policia-civil-investiga-suspeito-de-maus-tratos-contra-dois-cachorros-em-ribeirao-preto\/","url_meta":{"origin":50573,"position":2},"title":"Pol\u00edcia Civil investiga suspeito de maus-tratos contra dois cachorros em Ribeir\u00e3o Preto","author":"noticiasribeiraopreto.com.br","date":"26 de March de 2026","format":false,"excerpt":"00:00 A+ A- Um homem suspeito de maus-tratos contra dois cachorros foi levado na manh\u00e3 desta quinta-feira (29) \u00e0 CPJ (Central de Pol\u00edcia Judici\u00e1ria) Integrada para prestar esclarecimentos. A den\u00fancia partiu de moradores de um condom\u00ednio na zona Norte da cidade, que registraram v\u00eddeos. O homem \u00e9 apontado por usar\u2026","rel":"","context":"In &quot;Not\u00edcias de Ribeir\u00e3o Preto-SP e Regi\u00e3o&quot;","block_context":{"text":"Not\u00edcias de Ribeir\u00e3o Preto-SP e Regi\u00e3o","link":"https:\/\/noticiasribeiraopreto.com.br\/index.php\/category\/noticias-de-ribeirao-preto-sp-e-regiao-ismael-colosi\/"},"img":{"alt_text":"","src":"https:\/\/i0.wp.com\/noticiasribeiraopreto.com.br\/wp-content\/uploads\/2026\/03\/WhatsApp-Image-2026-03-26-at-09.19.16_2026-03-26_12-19-48.webp.webp?fit=1200%2C948&ssl=1&resize=350%2C200","width":350,"height":200,"srcset":"https:\/\/i0.wp.com\/noticiasribeiraopreto.com.br\/wp-content\/uploads\/2026\/03\/WhatsApp-Image-2026-03-26-at-09.19.16_2026-03-26_12-19-48.webp.webp?fit=1200%2C948&ssl=1&resize=350%2C200 1x, https:\/\/i0.wp.com\/noticiasribeiraopreto.com.br\/wp-content\/uploads\/2026\/03\/WhatsApp-Image-2026-03-26-at-09.19.16_2026-03-26_12-19-48.webp.webp?fit=1200%2C948&ssl=1&resize=525%2C300 1.5x, https:\/\/i0.wp.com\/noticiasribeiraopreto.com.br\/wp-content\/uploads\/2026\/03\/WhatsApp-Image-2026-03-26-at-09.19.16_2026-03-26_12-19-48.webp.webp?fit=1200%2C948&ssl=1&resize=700%2C400 2x, https:\/\/i0.wp.com\/noticiasribeiraopreto.com.br\/wp-content\/uploads\/2026\/03\/WhatsApp-Image-2026-03-26-at-09.19.16_2026-03-26_12-19-48.webp.webp?fit=1200%2C948&ssl=1&resize=1050%2C600 3x"},"classes":[]},{"id":83806,"url":"https:\/\/noticiasribeiraopreto.com.br\/index.php\/2026\/03\/26\/cachorra-resgatada-apos-denuncia-de-maus-tratos-foge-em-ribeirao-preto\/","url_meta":{"origin":50573,"position":3},"title":"Cachorra resgatada ap\u00f3s den\u00fancia de maus-tratos foge em Ribeir\u00e3o Preto","author":"noticiasribeiraopreto.com.br","date":"26 de March de 2026","format":false,"excerpt":"Uma cachorra resgatada durante uma a\u00e7\u00e3o policial que investiga suspeita de maus-tratos fugiu da Divis\u00e3o de Bem-Estar Animal na manh\u00e3 desta quinta-feira (26), em Ribeir\u00e3o Preto. Dois animais foram recolhidos e encaminhados ao \u00f3rg\u00e3o, localizado na Via Norte, e uma delas, a Lilica, escapou da unidade. A GCM (Guarda Civil\u2026","rel":"","context":"In &quot;Not\u00edcias de Ribeir\u00e3o Preto-SP e Regi\u00e3o&quot;","block_context":{"text":"Not\u00edcias de Ribeir\u00e3o Preto-SP e Regi\u00e3o","link":"https:\/\/noticiasribeiraopreto.com.br\/index.php\/category\/noticias-de-ribeirao-preto-sp-e-regiao-ismael-colosi\/"},"img":{"alt_text":"","src":"https:\/\/i0.wp.com\/noticiasribeiraopreto.com.br\/wp-content\/uploads\/2026\/03\/cachorro-1_2026-03-26_14-57-37.webp.webp?fit=1200%2C967&ssl=1&resize=350%2C200","width":350,"height":200,"srcset":"https:\/\/i0.wp.com\/noticiasribeiraopreto.com.br\/wp-content\/uploads\/2026\/03\/cachorro-1_2026-03-26_14-57-37.webp.webp?fit=1200%2C967&ssl=1&resize=350%2C200 1x, https:\/\/i0.wp.com\/noticiasribeiraopreto.com.br\/wp-content\/uploads\/2026\/03\/cachorro-1_2026-03-26_14-57-37.webp.webp?fit=1200%2C967&ssl=1&resize=525%2C300 1.5x, https:\/\/i0.wp.com\/noticiasribeiraopreto.com.br\/wp-content\/uploads\/2026\/03\/cachorro-1_2026-03-26_14-57-37.webp.webp?fit=1200%2C967&ssl=1&resize=700%2C400 2x, https:\/\/i0.wp.com\/noticiasribeiraopreto.com.br\/wp-content\/uploads\/2026\/03\/cachorro-1_2026-03-26_14-57-37.webp.webp?fit=1200%2C967&ssl=1&resize=1050%2C600 3x"},"classes":[]},{"id":33529,"url":"https:\/\/noticiasribeiraopreto.com.br\/index.php\/2024\/01\/29\/cachorro-e-resgatado-apos-ser-amarrado-e-abandonado-em-rodovia-na-regiao-de-ribeirao-veja-o-video\/","url_meta":{"origin":50573,"position":4},"title":"Cachorro \u00e9 resgatado ap\u00f3s ser amarrado e abandonado em rodovia na regi\u00e3o de Ribeir\u00e3o; Veja o v\u00eddeo","author":"noticiasribeiraopreto.com.br","date":"29 de January de 2024","format":false,"excerpt":"Um cachorro foi resgatado na rodovia Anhanguera (SP-330), pr\u00f3ximo ao quil\u00f4metro 244, na regi\u00e3o de Ribeir\u00e3o Preto, na manh\u00e3 desta segunda-feira (29), ap\u00f3s ser amarrado e abandonado na defensa met\u00e1lica do local. Um condutor foi quem teria visto o animal amarrado e acionado a Arteris ViaPaulista para efetuar o resgate\u2026","rel":"","context":"In &quot;Not\u00edcias de Ribeir\u00e3o Preto-SP e Regi\u00e3o&quot;","block_context":{"text":"Not\u00edcias de Ribeir\u00e3o Preto-SP e Regi\u00e3o","link":"https:\/\/noticiasribeiraopreto.com.br\/index.php\/category\/noticias-de-ribeirao-preto-sp-e-regiao-ismael-colosi\/"},"img":{"alt_text":"","src":"https:\/\/i0.wp.com\/noticiasribeiraopreto.com.br\/wp-content\/uploads\/2024\/01\/Copia-de-Copia-de-TAMANHO-EXATO-PARA-FOTOS-NO-SISTEMA-NOVO-23.png?fit=1200%2C675&ssl=1&resize=350%2C200","width":350,"height":200,"srcset":"https:\/\/i0.wp.com\/noticiasribeiraopreto.com.br\/wp-content\/uploads\/2024\/01\/Copia-de-Copia-de-TAMANHO-EXATO-PARA-FOTOS-NO-SISTEMA-NOVO-23.png?fit=1200%2C675&ssl=1&resize=350%2C200 1x, https:\/\/i0.wp.com\/noticiasribeiraopreto.com.br\/wp-content\/uploads\/2024\/01\/Copia-de-Copia-de-TAMANHO-EXATO-PARA-FOTOS-NO-SISTEMA-NOVO-23.png?fit=1200%2C675&ssl=1&resize=525%2C300 1.5x, https:\/\/i0.wp.com\/noticiasribeiraopreto.com.br\/wp-content\/uploads\/2024\/01\/Copia-de-Copia-de-TAMANHO-EXATO-PARA-FOTOS-NO-SISTEMA-NOVO-23.png?fit=1200%2C675&ssl=1&resize=700%2C400 2x, https:\/\/i0.wp.com\/noticiasribeiraopreto.com.br\/wp-content\/uploads\/2024\/01\/Copia-de-Copia-de-TAMANHO-EXATO-PARA-FOTOS-NO-SISTEMA-NOVO-23.png?fit=1200%2C675&ssl=1&resize=1050%2C600 3x"},"classes":[]},{"id":83849,"url":"https:\/\/noticiasribeiraopreto.com.br\/index.php\/2026\/03\/27\/cachorra-lilica-e-encontrada-em-ribeirao-preto-apos-fugir-da-divisao-de-bem-estar-animal\/","url_meta":{"origin":50573,"position":5},"title":"Cachorra Lilica \u00e9 encontrada em Ribeir\u00e3o Preto ap\u00f3s fugir da Divis\u00e3o de Bem-Estar Animal","author":"noticiasribeiraopreto.com.br","date":"27 de March de 2026","format":false,"excerpt":"O prefeito de Ribeir\u00e3o Preto, Ricardo Silva (PSD), disse na manh\u00e3 desta sexta-feira (27) que a cachorra Lilica, que desapareceu ap\u00f3s ser resgatada por den\u00fancias de maus-tratos, foi encontrada. A cachorra fugiu quando foi pega no colo por um profissional da DBEA (Divis\u00e3o de Bem-Estar Animal), na \u00faltima quinta-feira (26).\u2026","rel":"","context":"In &quot;Not\u00edcias de Ribeir\u00e3o Preto-SP e Regi\u00e3o&quot;","block_context":{"text":"Not\u00edcias de Ribeir\u00e3o Preto-SP e Regi\u00e3o","link":"https:\/\/noticiasribeiraopreto.com.br\/index.php\/category\/noticias-de-ribeirao-preto-sp-e-regiao-ismael-colosi\/"},"img":{"alt_text":"","src":"https:\/\/i0.wp.com\/noticiasribeiraopreto.com.br\/wp-content\/uploads\/2026\/03\/cachorro-1_2026-03-26_14-57-37.webp.webp?fit=1200%2C967&ssl=1&resize=350%2C200","width":350,"height":200,"srcset":"https:\/\/i0.wp.com\/noticiasribeiraopreto.com.br\/wp-content\/uploads\/2026\/03\/cachorro-1_2026-03-26_14-57-37.webp.webp?fit=1200%2C967&ssl=1&resize=350%2C200 1x, https:\/\/i0.wp.com\/noticiasribeiraopreto.com.br\/wp-content\/uploads\/2026\/03\/cachorro-1_2026-03-26_14-57-37.webp.webp?fit=1200%2C967&ssl=1&resize=525%2C300 1.5x, https:\/\/i0.wp.com\/noticiasribeiraopreto.com.br\/wp-content\/uploads\/2026\/03\/cachorro-1_2026-03-26_14-57-37.webp.webp?fit=1200%2C967&ssl=1&resize=700%2C400 2x, https:\/\/i0.wp.com\/noticiasribeiraopreto.com.br\/wp-content\/uploads\/2026\/03\/cachorro-1_2026-03-26_14-57-37.webp.webp?fit=1200%2C967&ssl=1&resize=1050%2C600 3x"},"classes":[]}],"jetpack_sharing_enabled":true,"jetpack_shortlink":"https:\/\/wp.me\/peQAOb-d9H","_links":{"self":[{"href":"https:\/\/noticiasribeiraopreto.com.br\/index.php\/wp-json\/wp\/v2\/posts\/50573","targetHints":{"allow":["GET"]}}],"collection":[{"href":"https:\/\/noticiasribeiraopreto.com.br\/index.php\/wp-json\/wp\/v2\/posts"}],"about":[{"href":"https:\/\/noticiasribeiraopreto.com.br\/index.php\/wp-json\/wp\/v2\/types\/post"}],"author":[{"embeddable":true,"href":"https:\/\/noticiasribeiraopreto.com.br\/index.php\/wp-json\/wp\/v2\/users\/1"}],"replies":[{"embeddable":true,"href":"https:\/\/noticiasribeiraopreto.com.br\/index.php\/wp-json\/wp\/v2\/comments?post=50573"}],"version-history":[{"count":0,"href":"https:\/\/noticiasribeiraopreto.com.br\/index.php\/wp-json\/wp\/v2\/posts\/50573\/revisions"}],"wp:featuredmedia":[{"embeddable":true,"href":"https:\/\/noticiasribeiraopreto.com.br\/index.php\/wp-json\/wp\/v2\/media\/50574"}],"wp:attachment":[{"href":"https:\/\/noticiasribeiraopreto.com.br\/index.php\/wp-json\/wp\/v2\/media?parent=50573"}],"wp:term":[{"taxonomy":"category","embeddable":true,"href":"https:\/\/noticiasribeiraopreto.com.br\/index.php\/wp-json\/wp\/v2\/categories?post=50573"},{"taxonomy":"post_tag","embeddable":true,"href":"https:\/\/noticiasribeiraopreto.com.br\/index.php\/wp-json\/wp\/v2\/tags?post=50573"}],"curies":[{"name":"wp","href":"https:\/\/api.w.org\/{rel}","templated":true}]}}