{"id":50575,"date":"2024-05-17T12:59:51","date_gmt":"2024-05-17T15:59:51","guid":{"rendered":"https:\/\/noticiasribeiraopreto.com.br\/index.php\/2024\/05\/17\/bacharel-em-direito-e-escritor-quem-e-o-novo-ceo-do-ifood\/"},"modified":"2024-05-17T12:59:51","modified_gmt":"2024-05-17T15:59:51","slug":"bacharel-em-direito-e-escritor-quem-e-o-novo-ceo-do-ifood","status":"publish","type":"post","link":"https:\/\/noticiasribeiraopreto.com.br\/index.php\/2024\/05\/17\/bacharel-em-direito-e-escritor-quem-e-o-novo-ceo-do-ifood\/","title":{"rendered":"Bacharel em direito e escritor: quem \u00e9 o novo CEO do iFood?"},"content":{"rendered":"<div class='code-block code-block-1' style='margin: 8px 0 8px auto; text-align: right; display: block; clear: both;'>\n<p><a href=\"https:\/\/wa.link\/vpicfd\"><img data-recalc-dims=\"1\" class=\"wp-image-4922\" style=\"aspect-ratio: 2.0253164556962027; width: 561px; height: auto;\" src=\"https:\/\/i0.wp.com\/ismaelcolosi.com.br\/wp-content\/uploads\/2023\/11\/grupo-de-empregos-whatsapp-e-facebook-ismael-colosi-vagas.jpg?ssl=1\" alt=\"\" \/><\/a><\/p>\n<!-- \/wp:image -->\n<\/div>\n<p> <br \/>\n<\/p>\n<div>\n<div id=\"attachment_611556\" class=\"wp-caption alignnone style=\" max-width:=\"\"><img data-recalc-dims=\"1\" fetchpriority=\"high\" decoding=\"async\" class=\"alignnone alignnone size-medium wp-image-611556\" src=\"https:\/\/i0.wp.com\/forbes.com.br\/wp-content\/uploads\/2024\/05\/Diego-Barreto-768x512.png?resize=678%2C452&#038;ssl=1\" http:=\"\" alt=\"Reprodu\u00e7\u00e3o\/LinkedIn\" width=\"678\" height=\"452\" data-lazy-src=\"https:\/\/forbes.com.br\/wp-content\/uploads\/2024\/05\/Diego-Barreto-768x512.png\"\/><img data-recalc-dims=\"1\" fetchpriority=\"high\" decoding=\"async\" class=\"alignnone alignnone size-medium wp-image-611556\" src=\"https:\/\/i0.wp.com\/forbes.com.br\/wp-content\/uploads\/2024\/05\/Diego-Barreto-768x512.png?resize=678%2C452&#038;ssl=1\" alt=\"Reprodu\u00e7\u00e3o\/LinkedIn\" width=\"678\" height=\"452\"\/><\/p>\n<p>Reprodu\u00e7\u00e3o\/LinkedIn<\/p>\n<p class=\"wp-caption-text\">Diego j\u00e1 atuou em empresas como Suzano Papel e Celulose, OAS, AES e Lopes Im\u00f3veis.<\/p>\n<\/div>\n<div class=\"accessibility\">\n<p>Acessibilidade<\/p>\n<p>\n<button onclick=\"alterFont1()\" id=\"btn1\" class=\"btn\">L<\/button><br \/>\n<button onclick=\"alterFont2()\" id=\"btn2\" class=\"btn\" style=\"font-family: Merriweather\">L<\/button><br \/>\n<button onclick=\"alterFontSmallerSize()\" id=\"btn3\" class=\"btn\">A-<\/button><br \/>\n<button onclick=\"alterFontBiggerSize()\" id=\"btn4\" class=\"btn\">A+<\/button><\/p>\n<p><button onclick=\"alterBackground()\" id=\"btn6\" class=\"btn\">\u25d0<\/button><\/p>\n<\/div>\n<p>A Movile, holding do iFood, anunciou mudan\u00e7as em seu comando nesta sexta-feira, 17. Fabr\u00edcio Bloisi, CEO e fundador da plataforma de delivery deixou o cargo para assumir a Prosus, empresa de tecnologia da holding.<\/p>\n<ul>\n<li>\n<h3>Siga a <a href=\"https:\/\/whatsapp.com\/channel\/0029Va9gQKwBFLgM96cJnu0u\" target=\"_blank\" rel=\"noopener\">Forbes<\/a> no WhatsApp e receba as principais not\u00edcias sobre neg\u00f3cios, carreira, tecnologia e estilo de vida<\/h3>\n<\/li>\n<\/ul>\n<p>Quem assume como CEO do IFood \u00e9 Diego Barreto, at\u00e9 ent\u00e3o, CFO da empresa. Diego est\u00e1 na Movile h\u00e1 oito anos, sendo os \u00faltimos seis na plataforma de delivery.<\/p>\n<p>Participou ativamente da implementa\u00e7\u00e3o do modelo de gest\u00e3o do iFood e do fortalecimento da cultura da empresa. \u201cSem contar o per\u00edodo da pandemia, que foi de grande destaque para a gente, o in\u00edcio da opera\u00e7\u00e3o de log\u00edstica e mais recentemente o que chamamos de iFood al\u00e9m do delivery de comida, com as opera\u00e7\u00f5es de mercado, farm\u00e1cia, pet, benef\u00edcios e finteis\u201d, destaca o executivo.<\/p>\n<p>Formado em direito e com especializa\u00e7\u00e3o em neg\u00f3cios, Diego \u00e9 co-autor do livro O Cientista e o Executivo, escrito com Sandor Caetano. Al\u00e9m disso, j\u00e1 atuou em empresas como Suzano Papel e Celulose, OAS, AES e Lopes Im\u00f3veis.<\/p>\n<p>\u201cVamos seguir com o nosso compromisso de dar continuidade ao que j\u00e1 vem sendo feito h\u00e1 alguns anos pelo iFood, em especial, no investimento \u00e0 valoriza\u00e7\u00e3o dos entregadores e em educa\u00e7\u00e3o, com os programas Meu Diploma do Ensino M\u00e9dio e iFood Decola. Vamos manter o di\u00e1logo que j\u00e1 temos hoje com os entregadores, sempre com o objetivo de cada vez mais aprimorar nossa forma de trabalho conjunto\u201d, destaca o executivo.<\/p>\n<\/div>\n<p><script type=\"rocketlazyloadscript\">\n\t\t\t\t(function(d, s, id){\n\t\t\t\t\tvar js, fjs = d.getElementsByTagName(s)[0];\n\t\t\t\t\tif (d.getElementById(id)) return;\n\t\t\t\t\tjs = d.createElement(s); js.id = id;\n\t\t\t\t\tjs.src = \"\/\/connect.facebook.net\/pt_BR\/sdk.js#xfbml=1&version=v2.9\";\n\t\t\t\t\tfjs.parentNode.insertBefore(js, fjs);\n\t\t\t\t}(document, 'script', 'facebook-jssdk'));\n\t\t\t<\/script><br \/>\n<br \/><br \/>\n<br \/><a href=\"https:\/\/forbes.com.br\/forbes-tech\/2024\/05\/bacharel-em-direito-e-escritor-quem-e-o-novo-ceo-do-ifood\/\">Source link <\/a><\/p>\n<!-- CONTENT END 1 -->\n","protected":false},"excerpt":{"rendered":"<p>Reprodu\u00e7\u00e3o\/LinkedIn Diego j\u00e1 atuou em empresas como Suzano Papel e Celulose, OAS, AES e Lopes Im\u00f3veis. Acessibilidade L L A- A+ \u25d0 A Movile, holding&#8230;<\/p>\n","protected":false},"author":1,"featured_media":50576,"comment_status":"open","ping_status":"open","sticky":false,"template":"","format":"standard","meta":{"advanced_seo_description":"","jetpack_seo_html_title":"","jetpack_seo_noindex":false,"jetpack_post_was_ever_published":false,"_jetpack_newsletter_access":"","_jetpack_dont_email_post_to_subs":false,"_jetpack_newsletter_tier_id":0,"_jetpack_memberships_contains_paywalled_content":false,"_jetpack_memberships_contains_paid_content":false,"footnotes":"","jetpack_publicize_message":"","jetpack_publicize_feature_enabled":true,"jetpack_social_post_already_shared":false,"jetpack_social_options":{"image_generator_settings":{"template":"highway","default_image_id":0,"font":"","enabled":false},"version":2}},"categories":[1],"tags":[],"class_list":["post-50575","post","type-post","status-publish","format-standard","has-post-thumbnail","hentry","category-blog"],"jetpack_publicize_connections":[],"jetpack_featured_media_url":"https:\/\/i0.wp.com\/noticiasribeiraopreto.com.br\/wp-content\/uploads\/2024\/05\/Diego-Barreto-1024x683.png?fit=1024%2C683&ssl=1","jetpack-related-posts":[{"id":21903,"url":"https:\/\/noticiasribeiraopreto.com.br\/index.php\/2023\/12\/28\/processo-seletivo-na-taesa-abre-20-vagas-de-emprego-em-diversas-regioes-do-brasil\/","url_meta":{"origin":50575,"position":0},"title":"Processo seletivo na Taesa abre 20 vagas de emprego em diversas regi\u00f5es do Brasil","author":"noticiasribeiraopreto.com.br","date":"28 de December de 2023","format":false,"excerpt":"A Taesa, uma das maiores empresas de transmiss\u00e3o de energia el\u00e9trica do Brasil, est\u00e1 com as inscri\u00e7\u00f5es abertas para preencher 20 vagas de emprego em diversas regi\u00f5es do pa\u00eds. As oportunidades s\u00e3o destinadas para as \u00e1reas de Opera\u00e7\u00e3o e Manuten\u00e7\u00e3o, Constru\u00e7\u00e3o e Corporativo. A empresa \u00e9 reconhecida pelo comprometimento com\u2026","rel":"","context":"In &quot;Vagas de Emprego em Ribeir\u00e3o Preto-SP&quot;","block_context":{"text":"Vagas de Emprego em Ribeir\u00e3o Preto-SP","link":"https:\/\/noticiasribeiraopreto.com.br\/index.php\/category\/empregos-classificados-vagas-trabalho\/vagas-de-empregos-em-ribeirao-preto-regiao-brasil\/"},"img":{"alt_text":"","src":"https:\/\/i0.wp.com\/noticiasribeiraopreto.com.br\/wp-content\/uploads\/2023\/12\/taesa.jpg?fit=1200%2C675&ssl=1&resize=350%2C200","width":350,"height":200,"srcset":"https:\/\/i0.wp.com\/noticiasribeiraopreto.com.br\/wp-content\/uploads\/2023\/12\/taesa.jpg?fit=1200%2C675&ssl=1&resize=350%2C200 1x, https:\/\/i0.wp.com\/noticiasribeiraopreto.com.br\/wp-content\/uploads\/2023\/12\/taesa.jpg?fit=1200%2C675&ssl=1&resize=525%2C300 1.5x, https:\/\/i0.wp.com\/noticiasribeiraopreto.com.br\/wp-content\/uploads\/2023\/12\/taesa.jpg?fit=1200%2C675&ssl=1&resize=700%2C400 2x, https:\/\/i0.wp.com\/noticiasribeiraopreto.com.br\/wp-content\/uploads\/2023\/12\/taesa.jpg?fit=1200%2C675&ssl=1&resize=1050%2C600 3x"},"classes":[]},{"id":10890,"url":"https:\/\/noticiasribeiraopreto.com.br\/index.php\/2023\/12\/05\/analise-advocacia-2023-24-consolida-brasil-salomao-e-matthes-como-referencia-nacional\/","url_meta":{"origin":50575,"position":1},"title":"An\u00e1lise Advocacia 2023\/24 consolida Brasil Salom\u00e3o e Matthes como refer\u00eancia nacional","author":"noticiasribeiraopreto.com.br","date":"5 de December de 2023","format":false,"excerpt":"5 de dezembro de 2023 | 9:034 de dezembro de 2023 | 14:45 0O anu\u00e1rio An\u00e1lise Advocacia, publica\u00e7\u00e3o que \u00e9 refer\u00eancia de qualidade no setor jur\u00eddico no Brasil, anunciou, no dia 23 de novembro, os resultados da pesquisa 2023\/24, relacionando os escrit\u00f3rios e os profissionais mais admirados em \u00e2mbito nacional,\u2026","rel":"","context":"In &quot;Not\u00edcias de Ribeir\u00e3o Preto-SP e Regi\u00e3o&quot;","block_context":{"text":"Not\u00edcias de Ribeir\u00e3o Preto-SP e Regi\u00e3o","link":"https:\/\/noticiasribeiraopreto.com.br\/index.php\/category\/noticias-de-ribeirao-preto-sp-e-regiao-ismael-colosi\/"},"img":{"alt_text":"","src":"https:\/\/i0.wp.com\/noticiasribeiraopreto.com.br\/wp-content\/uploads\/2023\/12\/Marcelo-Salomao-scaled.jpg?fit=430%2C645&ssl=1&resize=350%2C200","width":350,"height":200},"classes":[]},{"id":42300,"url":"https:\/\/noticiasribeiraopreto.com.br\/index.php\/2024\/03\/13\/veja-10-famosos-que-nasceram-em-ribeirao-preto-e-regiao\/","url_meta":{"origin":50575,"position":2},"title":"Veja 10 famosos que nasceram em Ribeir\u00e3o Preto e regi\u00e3o","author":"noticiasribeiraopreto.com.br","date":"13 de March de 2024","format":false,"excerpt":"A regi\u00e3o de Ribeir\u00e3o Preto \u00e9 ber\u00e7o de diversos famosos que alcan\u00e7aram sucesso dentro e fora do Pa\u00eds. Entre eles, est\u00e3o as atrizes Monica Iozzi e Camila Queiroz e a apresentadora Ana Maria Braga. Confira os outros famosos nascidos em Ribeir\u00e3o Preto e regi\u00e3o: D\u00e9bora Duboc A atriz nasceu em\u2026","rel":"","context":"In &quot;Not\u00edcias de Ribeir\u00e3o Preto-SP e Regi\u00e3o&quot;","block_context":{"text":"Not\u00edcias de Ribeir\u00e3o Preto-SP e Regi\u00e3o","link":"https:\/\/noticiasribeiraopreto.com.br\/index.php\/category\/noticias-de-ribeirao-preto-sp-e-regiao-ismael-colosi\/"},"img":{"alt_text":"","src":"https:\/\/i0.wp.com\/noticiasribeiraopreto.com.br\/wp-content\/uploads\/2024\/03\/famosos-ribeirao-preto.jpeg?fit=1200%2C675&ssl=1&resize=350%2C200","width":350,"height":200,"srcset":"https:\/\/i0.wp.com\/noticiasribeiraopreto.com.br\/wp-content\/uploads\/2024\/03\/famosos-ribeirao-preto.jpeg?fit=1200%2C675&ssl=1&resize=350%2C200 1x, https:\/\/i0.wp.com\/noticiasribeiraopreto.com.br\/wp-content\/uploads\/2024\/03\/famosos-ribeirao-preto.jpeg?fit=1200%2C675&ssl=1&resize=525%2C300 1.5x, https:\/\/i0.wp.com\/noticiasribeiraopreto.com.br\/wp-content\/uploads\/2024\/03\/famosos-ribeirao-preto.jpeg?fit=1200%2C675&ssl=1&resize=700%2C400 2x, https:\/\/i0.wp.com\/noticiasribeiraopreto.com.br\/wp-content\/uploads\/2024\/03\/famosos-ribeirao-preto.jpeg?fit=1200%2C675&ssl=1&resize=1050%2C600 3x"},"classes":[]},{"id":10694,"url":"https:\/\/noticiasribeiraopreto.com.br\/index.php\/2023\/12\/04\/senai-abre-36-mil-vagas-em-cursos-gratuitos-no-distrito-federal-e-em-santa-catarina\/","url_meta":{"origin":50575,"position":3},"title":"Senai abre 36 mil vagas em cursos gratuitos no Distrito Federal e em Santa Catarina","author":"noticiasribeiraopreto.com.br","date":"4 de December de 2023","format":false,"excerpt":"O Servi\u00e7o Nacional de Aprendizagem Industrial (Senai) est\u00e1 com 36.673 vagas abertas em cursos gratuitos de qualifica\u00e7\u00e3o profissional em dois estados e tamb\u00e9m no Distrito Federal. H\u00e1 oportunidades em cursos gratuitos nos formatos presencial e remoto em diferentes \u00e1reas, como Alimentos e Bebidas, Comunica\u00e7\u00e3o, Engenharia, Inform\u00e1tica, Mec\u00e2nica e muito mais.\u2026","rel":"","context":"In &quot;Variedades&quot;","block_context":{"text":"Variedades","link":"https:\/\/noticiasribeiraopreto.com.br\/index.php\/category\/variedades\/"},"img":{"alt_text":"","src":"https:\/\/i0.wp.com\/noticiasribeiraopreto.com.br\/wp-content\/uploads\/2023\/12\/cursos-gratuitos-senai.jpg?fit=1200%2C638&ssl=1&resize=350%2C200","width":350,"height":200,"srcset":"https:\/\/i0.wp.com\/noticiasribeiraopreto.com.br\/wp-content\/uploads\/2023\/12\/cursos-gratuitos-senai.jpg?fit=1200%2C638&ssl=1&resize=350%2C200 1x, https:\/\/i0.wp.com\/noticiasribeiraopreto.com.br\/wp-content\/uploads\/2023\/12\/cursos-gratuitos-senai.jpg?fit=1200%2C638&ssl=1&resize=525%2C300 1.5x, https:\/\/i0.wp.com\/noticiasribeiraopreto.com.br\/wp-content\/uploads\/2023\/12\/cursos-gratuitos-senai.jpg?fit=1200%2C638&ssl=1&resize=700%2C400 2x, https:\/\/i0.wp.com\/noticiasribeiraopreto.com.br\/wp-content\/uploads\/2023\/12\/cursos-gratuitos-senai.jpg?fit=1200%2C638&ssl=1&resize=1050%2C600 3x"},"classes":[]},{"id":20328,"url":"https:\/\/noticiasribeiraopreto.com.br\/index.php\/2023\/12\/25\/10-frutas-ricas-em-ferro-para-incluir-na-sua-alimentacao-meu-valor-digital\/","url_meta":{"origin":50575,"position":4},"title":"10 frutas ricas em ferro para incluir na sua alimenta\u00e7\u00e3o &#8211; Meu Valor Digital","author":"noticiasribeiraopreto.com.br","date":"25 de December de 2023","format":false,"excerpt":"Quando pensamos em fontes de ferro, frequentemente nos voltamos para carnes vermelhas e vegetais folhosos verdes. No entanto, o reino das frutas oferece op\u00e7\u00f5es surpreendentemente ricas neste mineral essencial. O ferro desempenha um papel vital em diversas fun\u00e7\u00f5es corporais, incluindo o transporte de oxig\u00eanio no sangue e a manuten\u00e7\u00e3o de\u2026","rel":"","context":"In &quot;Vagas de Emprego em Ribeir\u00e3o Preto-SP&quot;","block_context":{"text":"Vagas de Emprego em Ribeir\u00e3o Preto-SP","link":"https:\/\/noticiasribeiraopreto.com.br\/index.php\/category\/empregos-classificados-vagas-trabalho\/vagas-de-empregos-em-ribeirao-preto-regiao-brasil\/"},"img":{"alt_text":"","src":"https:\/\/i0.wp.com\/noticiasribeiraopreto.com.br\/wp-content\/uploads\/2023\/12\/Ferro.jpg?fit=1200%2C773&ssl=1&resize=350%2C200","width":350,"height":200,"srcset":"https:\/\/i0.wp.com\/noticiasribeiraopreto.com.br\/wp-content\/uploads\/2023\/12\/Ferro.jpg?fit=1200%2C773&ssl=1&resize=350%2C200 1x, https:\/\/i0.wp.com\/noticiasribeiraopreto.com.br\/wp-content\/uploads\/2023\/12\/Ferro.jpg?fit=1200%2C773&ssl=1&resize=525%2C300 1.5x, https:\/\/i0.wp.com\/noticiasribeiraopreto.com.br\/wp-content\/uploads\/2023\/12\/Ferro.jpg?fit=1200%2C773&ssl=1&resize=700%2C400 2x, https:\/\/i0.wp.com\/noticiasribeiraopreto.com.br\/wp-content\/uploads\/2023\/12\/Ferro.jpg?fit=1200%2C773&ssl=1&resize=1050%2C600 3x"},"classes":[]},{"id":48709,"url":"https:\/\/noticiasribeiraopreto.com.br\/index.php\/2024\/05\/06\/motociclista-e-arremessado-e-para-em-cima-de-carro-apos-batida-em-ribeirao\/","url_meta":{"origin":50575,"position":5},"title":"Motociclista \u00e9 arremessado e para em cima de carro ap\u00f3s batida em Ribeir\u00e3o","author":"noticiasribeiraopreto.com.br","date":"6 de May de 2024","format":false,"excerpt":"O Grupo EP usa cookies e outras tecnologias semelhantes para melhorar a sua experi\u00eancia, analisar o tr\u00e1fego do site e personalizar o conte\u00fado. Conhe\u00e7a a nossa pol\u00edtica de privacidade e, ao continuar navegando, voc\u00ea concorda com estas condi\u00e7\u00f5es. Source link","rel":"","context":"In &quot;Not\u00edcias de Ribeir\u00e3o Preto-SP e Regi\u00e3o&quot;","block_context":{"text":"Not\u00edcias de Ribeir\u00e3o Preto-SP e Regi\u00e3o","link":"https:\/\/noticiasribeiraopreto.com.br\/index.php\/category\/noticias-de-ribeirao-preto-sp-e-regiao-ismael-colosi\/"},"img":{"alt_text":"","src":"https:\/\/i0.wp.com\/noticiasribeiraopreto.com.br\/wp-content\/uploads\/2024\/05\/WhatsApp-Image-2023-10-01-at-15.55.52.jpeg?fit=1024%2C576&ssl=1&resize=350%2C200","width":350,"height":200,"srcset":"https:\/\/i0.wp.com\/noticiasribeiraopreto.com.br\/wp-content\/uploads\/2024\/05\/WhatsApp-Image-2023-10-01-at-15.55.52.jpeg?fit=1024%2C576&ssl=1&resize=350%2C200 1x, https:\/\/i0.wp.com\/noticiasribeiraopreto.com.br\/wp-content\/uploads\/2024\/05\/WhatsApp-Image-2023-10-01-at-15.55.52.jpeg?fit=1024%2C576&ssl=1&resize=525%2C300 1.5x, https:\/\/i0.wp.com\/noticiasribeiraopreto.com.br\/wp-content\/uploads\/2024\/05\/WhatsApp-Image-2023-10-01-at-15.55.52.jpeg?fit=1024%2C576&ssl=1&resize=700%2C400 2x"},"classes":[]}],"jetpack_sharing_enabled":true,"jetpack_shortlink":"https:\/\/wp.me\/peQAOb-d9J","_links":{"self":[{"href":"https:\/\/noticiasribeiraopreto.com.br\/index.php\/wp-json\/wp\/v2\/posts\/50575","targetHints":{"allow":["GET"]}}],"collection":[{"href":"https:\/\/noticiasribeiraopreto.com.br\/index.php\/wp-json\/wp\/v2\/posts"}],"about":[{"href":"https:\/\/noticiasribeiraopreto.com.br\/index.php\/wp-json\/wp\/v2\/types\/post"}],"author":[{"embeddable":true,"href":"https:\/\/noticiasribeiraopreto.com.br\/index.php\/wp-json\/wp\/v2\/users\/1"}],"replies":[{"embeddable":true,"href":"https:\/\/noticiasribeiraopreto.com.br\/index.php\/wp-json\/wp\/v2\/comments?post=50575"}],"version-history":[{"count":0,"href":"https:\/\/noticiasribeiraopreto.com.br\/index.php\/wp-json\/wp\/v2\/posts\/50575\/revisions"}],"wp:featuredmedia":[{"embeddable":true,"href":"https:\/\/noticiasribeiraopreto.com.br\/index.php\/wp-json\/wp\/v2\/media\/50576"}],"wp:attachment":[{"href":"https:\/\/noticiasribeiraopreto.com.br\/index.php\/wp-json\/wp\/v2\/media?parent=50575"}],"wp:term":[{"taxonomy":"category","embeddable":true,"href":"https:\/\/noticiasribeiraopreto.com.br\/index.php\/wp-json\/wp\/v2\/categories?post=50575"},{"taxonomy":"post_tag","embeddable":true,"href":"https:\/\/noticiasribeiraopreto.com.br\/index.php\/wp-json\/wp\/v2\/tags?post=50575"}],"curies":[{"name":"wp","href":"https:\/\/api.w.org\/{rel}","templated":true}]}}