{"id":50579,"date":"2024-05-17T13:05:07","date_gmt":"2024-05-17T16:05:07","guid":{"rendered":"https:\/\/noticiasribeiraopreto.com.br\/index.php\/2024\/05\/17\/bolsa-familia-oferece-pagamento-especial-de-r-102-descubra-quem-tem-direito\/"},"modified":"2024-05-17T13:05:07","modified_gmt":"2024-05-17T16:05:07","slug":"bolsa-familia-oferece-pagamento-especial-de-r-102-descubra-quem-tem-direito","status":"publish","type":"post","link":"https:\/\/noticiasribeiraopreto.com.br\/index.php\/2024\/05\/17\/bolsa-familia-oferece-pagamento-especial-de-r-102-descubra-quem-tem-direito\/","title":{"rendered":"Bolsa Fam\u00edlia oferece pagamento especial de R$ 102: Descubra quem tem direito"},"content":{"rendered":"<div class='code-block code-block-1' style='margin: 8px 0 8px auto; text-align: right; display: block; clear: both;'>\n<p><a href=\"https:\/\/wa.link\/vpicfd\"><img data-recalc-dims=\"1\" class=\"wp-image-4922\" style=\"aspect-ratio: 2.0253164556962027; width: 561px; height: auto;\" src=\"https:\/\/i0.wp.com\/ismaelcolosi.com.br\/wp-content\/uploads\/2023\/11\/grupo-de-empregos-whatsapp-e-facebook-ismael-colosi-vagas.jpg?ssl=1\" alt=\"\" \/><\/a><\/p>\n<!-- \/wp:image -->\n<\/div>\n<p> <br \/>\n<\/p>\n<div data-td-block-uid=\"tdi_88\">\n<div class=\"tdb-block-inner td-fix-index\">\n<p style=\"text-align: justify;\"><span style=\"font-family: arial, helvetica, sans-serif; font-size: 14pt;\">Com o pre\u00e7o dos botij\u00f5es de g\u00e1s em constante alta, a Vale G\u00e1s se consolidou como uma importante medida do governo voltada para facilitar o acesso a esse recurso b\u00e1sico. O programa tem como objetivo servir de apoio financeiro para fam\u00edlias de baixa renda para garantir que o g\u00e1s de cozinha possa ser usado de forma adequada sem comprometer o or\u00e7amento familiar.<\/span><\/p>\n<p style=\"text-align: justify;\"><span style=\"font-family: arial, helvetica, sans-serif; font-size: 14pt;\">A Vale G\u00e1s fornecer\u00e1 \u00e0s fam\u00edlias eleg\u00edveis o valor de R$ 102, valor definido com base no pre\u00e7o m\u00e9dio do g\u00e1s de cozinha calculado pela Ag\u00eancia Nacional do Petr\u00f3leo, G\u00e1s Natural e Biocombust\u00edveis (ANP). Esta estrat\u00e9gia permite adaptar a ajuda aos cen\u00e1rios econ\u00f3micos e prestar um apoio mais eficaz \u00e0s fam\u00edlias benefici\u00e1rias.<\/span><\/p>\n<h2><strong><span style=\"font-family: arial, helvetica, sans-serif;\">Qual \u00e9 o calend\u00e1rio da Vale G\u00e1s?<\/span><\/strong><\/h2>\n<p style=\"text-align: justify;\"><span style=\"font-family: arial, helvetica, sans-serif; font-size: 14pt;\">Os pagamentos da Vale G\u00e1s s\u00e3o feitos bimestralmente, facilitando o planejamento financeiro da fam\u00edlia. Verifique a data de acordo com o final do NIS.<\/span><\/p>\n<ul>\n<li><span style=\"font-family: arial, helvetica, sans-serif; font-size: 14pt;\">NIS terminando em 1: Pagamento em 17 de maio<\/span><\/li>\n<li><span style=\"font-family: arial, helvetica, sans-serif; font-size: 14pt;\">NIS terminando em 2: Pagamento em 20 de maio<\/span><\/li>\n<li><span style=\"font-family: arial, helvetica, sans-serif; font-size: 14pt;\">NIS terminando em 3: Pagamento em 21 de maio<\/span><\/li>\n<li><span style=\"font-family: arial, helvetica, sans-serif; font-size: 14pt;\">NIS terminando em 4: Pagamento em 22 de maio<\/span><\/li>\n<li><span style=\"font-family: arial, helvetica, sans-serif; font-size: 14pt;\">NIS terminando em 5: Pagamento em 23 de maio<\/span><\/li>\n<li><span style=\"font-family: arial, helvetica, sans-serif; font-size: 14pt;\">NIS terminando em 6: Pagamento em 24 de maio<\/span><\/li>\n<li><span style=\"font-family: arial, helvetica, sans-serif; font-size: 14pt;\">NIS terminando em 7: Pagamento em 27 de maio<\/span><\/li>\n<li><span style=\"font-family: arial, helvetica, sans-serif; font-size: 14pt;\">NIS terminando em 8: Pagamento em 28 de maio<\/span><\/li>\n<li><span style=\"font-family: arial, helvetica, sans-serif; font-size: 14pt;\">NIS terminando em 9: Pagamento em 29 de maio<\/span><\/li>\n<li><span style=\"font-family: arial, helvetica, sans-serif; font-size: 14pt;\">NIS terminado em 0: 31 de maio<\/span><\/li>\n<\/ul>\n<p style=\"text-align: justify;\"><span style=\"font-family: arial, helvetica, sans-serif; font-size: 14pt;\">Para saber se voc\u00ea ou sua fam\u00edlia t\u00eam direito ao vale-g\u00e1s, \u00e9 importante se cadastrar no Cad \u00danico, cadastro \u00fanico de programas sociais do governo federal. A prioridade \u00e9 definida para fam\u00edlias cuja renda mensal seja inferior a meio sal\u00e1rio m\u00ednimo per capita ou cuja renda total seja de at\u00e9 tr\u00eas sal\u00e1rios m\u00ednimos.<\/span><\/p>\n<h2><strong><span style=\"font-family: arial, helvetica, sans-serif;\">Por que o pagamento \u00e9 essencial para milhares de brasileiros?<\/span><\/strong><\/h2>\n<p style=\"text-align: justify;\"><span style=\"font-family: arial, helvetica, sans-serif; font-size: 14pt;\">A iniciativa da Vale G\u00e1s atende necessidades essenciais, especialmente em tempos de disparada dos pre\u00e7os. Ao facilitar o acesso ao g\u00e1s de cozinha, o programa n\u00e3o s\u00f3 aborda a vulnerabilidade econ\u00f4mica, mas tamb\u00e9m impacta diretamente na qualidade de vida das pessoas, permitindo que elas preparem as refei\u00e7\u00f5es de forma segura e econ\u00f4mica.<\/span><\/p>\n<p style=\"text-align: justify;\"><span style=\"font-family: arial, helvetica, sans-serif; font-size: 14pt;\">Portanto, esse aux\u00edlio \u00e9 um passo importante para aumentar a igualdade e a seguran\u00e7a dentro da fam\u00edlia brasileira. Verificar a situa\u00e7\u00e3o com o Cad\u00danico pode ser o primeiro passo para essa assist\u00eancia b\u00e1sica que \u00e9 a Vale G\u00e1s para muitas fam\u00edlias. N\u00e3o perca a oportunidade de garantir esse importante benef\u00edcio.<\/span><\/p>\n<\/div>\n<\/div>\n<p><br \/>\n<br \/><a href=\"https:\/\/www.financasbrasil.org\/2024\/05\/bolsa-familia-oferece-pagamento.html\">Source link <\/a><\/p>\n<!-- CONTENT END 1 -->\n","protected":false},"excerpt":{"rendered":"<p>Com o pre\u00e7o dos botij\u00f5es de g\u00e1s em constante alta, a Vale G\u00e1s se consolidou como uma importante medida do governo voltada para facilitar o&#8230;<\/p>\n","protected":false},"author":1,"featured_media":50580,"comment_status":"open","ping_status":"open","sticky":false,"template":"","format":"standard","meta":{"advanced_seo_description":"","jetpack_seo_html_title":"","jetpack_seo_noindex":false,"jetpack_post_was_ever_published":false,"_jetpack_newsletter_access":"","_jetpack_dont_email_post_to_subs":false,"_jetpack_newsletter_tier_id":0,"_jetpack_memberships_contains_paywalled_content":false,"_jetpack_memberships_contains_paid_content":false,"footnotes":"","jetpack_publicize_message":"","jetpack_publicize_feature_enabled":true,"jetpack_social_post_already_shared":false,"jetpack_social_options":{"image_generator_settings":{"template":"highway","default_image_id":0,"font":"","enabled":false},"version":2}},"categories":[1235],"tags":[],"class_list":["post-50579","post","type-post","status-publish","format-standard","has-post-thumbnail","hentry","category-dinheiro-e-investimento-como-fazer-como-ganhar"],"jetpack_publicize_connections":[],"jetpack_featured_media_url":"https:\/\/i0.wp.com\/noticiasribeiraopreto.com.br\/wp-content\/uploads\/2024\/05\/pagamento-de-r-102.webp.webp?fit=1200%2C630&ssl=1","jetpack-related-posts":[{"id":16806,"url":"https:\/\/noticiasribeiraopreto.com.br\/index.php\/2023\/12\/16\/preco-do-gas-de-cozinha-cai-na-semana-veja-os-valores-no-pais\/","url_meta":{"origin":50579,"position":0},"title":"Pre\u00e7o do G\u00e1s de Cozinha CAI na semana; Veja os valores no pa\u00eds","author":"noticiasribeiraopreto.com.br","date":"16 de December de 2023","format":false,"excerpt":"O pre\u00e7o m\u00e9dio do g\u00e1s de cozinha\u00a0voltou a cair no pa\u00eds, ap\u00f3s leve avan\u00e7o na semana passada. A saber, o botij\u00e3o de 13 quilos ficou 12 centavos mais barato em rela\u00e7\u00e3o \u00e0 semana anterior, mas os consumidores nem devem ter sentido a varia\u00e7\u00e3o dos pre\u00e7os, j\u00e1 que foi de apenas\u2026","rel":"","context":"In &quot;Vagas de Emprego em Ribeir\u00e3o Preto-SP&quot;","block_context":{"text":"Vagas de Emprego em Ribeir\u00e3o Preto-SP","link":"https:\/\/noticiasribeiraopreto.com.br\/index.php\/category\/empregos-classificados-vagas-trabalho\/vagas-de-empregos-em-ribeirao-preto-regiao-brasil\/"},"img":{"alt_text":"","src":"https:\/\/i0.wp.com\/noticiasribeiraopreto.com.br\/wp-content\/uploads\/2023\/12\/noticiasconcursos.com_.br-preco-do-gas-de-cozinha-cai-na-semana-veja-os-maiores-e-menores-valores-do-pais-gas-de-cozinha-agencia-brasil-750x430.jpg?fit=750%2C430&ssl=1&resize=350%2C200","width":350,"height":200,"srcset":"https:\/\/i0.wp.com\/noticiasribeiraopreto.com.br\/wp-content\/uploads\/2023\/12\/noticiasconcursos.com_.br-preco-do-gas-de-cozinha-cai-na-semana-veja-os-maiores-e-menores-valores-do-pais-gas-de-cozinha-agencia-brasil-750x430.jpg?fit=750%2C430&ssl=1&resize=350%2C200 1x, https:\/\/i0.wp.com\/noticiasribeiraopreto.com.br\/wp-content\/uploads\/2023\/12\/noticiasconcursos.com_.br-preco-do-gas-de-cozinha-cai-na-semana-veja-os-maiores-e-menores-valores-do-pais-gas-de-cozinha-agencia-brasil-750x430.jpg?fit=750%2C430&ssl=1&resize=525%2C300 1.5x, https:\/\/i0.wp.com\/noticiasribeiraopreto.com.br\/wp-content\/uploads\/2023\/12\/noticiasconcursos.com_.br-preco-do-gas-de-cozinha-cai-na-semana-veja-os-maiores-e-menores-valores-do-pais-gas-de-cozinha-agencia-brasil-750x430.jpg?fit=750%2C430&ssl=1&resize=700%2C400 2x"},"classes":[]},{"id":13743,"url":"https:\/\/noticiasribeiraopreto.com.br\/index.php\/2023\/12\/11\/preco-do-gas-de-cozinha-volta-a-subir-no-brasil-apos-3-quedas\/","url_meta":{"origin":50579,"position":1},"title":"Pre\u00e7o do G\u00e1s de Cozinha volta a SUBIR no Brasil, ap\u00f3s 3 quedas","author":"noticiasribeiraopreto.com.br","date":"11 de December de 2023","format":false,"excerpt":"Ap\u00f3s tr\u00eas semanas seguidas de queda, o pre\u00e7o m\u00e9dio do g\u00e1s de cozinha\u00a0voltou a subir no pa\u00eds na semana passada. O botij\u00e3o de 13 quilos ficou 28 centavos mais caro em rela\u00e7\u00e3o \u00e0 semana anterior, mas os consumidores nem devem ter sentido a varia\u00e7\u00e3o dos pre\u00e7os. Isso porque o valor\u2026","rel":"","context":"In &quot;Vagas de Emprego em Ribeir\u00e3o Preto-SP&quot;","block_context":{"text":"Vagas de Emprego em Ribeir\u00e3o Preto-SP","link":"https:\/\/noticiasribeiraopreto.com.br\/index.php\/category\/empregos-classificados-vagas-trabalho\/vagas-de-empregos-em-ribeirao-preto-regiao-brasil\/"},"img":{"alt_text":"","src":"https:\/\/i0.wp.com\/noticiasribeiraopreto.com.br\/wp-content\/uploads\/2023\/12\/noticiasconcursos.com_.br-preco-medio-do-gas-de-cozinha-volta-a-subir-no-brasil-apos-3-semanas-de-queda-gas-de-cozinha-agencia-brasil-750x430.jpg?fit=750%2C430&ssl=1&resize=350%2C200","width":350,"height":200,"srcset":"https:\/\/i0.wp.com\/noticiasribeiraopreto.com.br\/wp-content\/uploads\/2023\/12\/noticiasconcursos.com_.br-preco-medio-do-gas-de-cozinha-volta-a-subir-no-brasil-apos-3-semanas-de-queda-gas-de-cozinha-agencia-brasil-750x430.jpg?fit=750%2C430&ssl=1&resize=350%2C200 1x, https:\/\/i0.wp.com\/noticiasribeiraopreto.com.br\/wp-content\/uploads\/2023\/12\/noticiasconcursos.com_.br-preco-medio-do-gas-de-cozinha-volta-a-subir-no-brasil-apos-3-semanas-de-queda-gas-de-cozinha-agencia-brasil-750x430.jpg?fit=750%2C430&ssl=1&resize=525%2C300 1.5x, https:\/\/i0.wp.com\/noticiasribeiraopreto.com.br\/wp-content\/uploads\/2023\/12\/noticiasconcursos.com_.br-preco-medio-do-gas-de-cozinha-volta-a-subir-no-brasil-apos-3-semanas-de-queda-gas-de-cozinha-agencia-brasil-750x430.jpg?fit=750%2C430&ssl=1&resize=700%2C400 2x"},"classes":[]},{"id":6876,"url":"https:\/\/noticiasribeiraopreto.com.br\/index.php\/2023\/11\/27\/vale-gas-brasileiros-podem-antecipar-beneficio\/","url_meta":{"origin":50579,"position":2},"title":"Vale G\u00e1s: brasileiros podem antecipar benef\u00edcio?","author":"noticiasribeiraopreto.com.br","date":"27 de November de 2023","format":false,"excerpt":"Cr\u00e9ditos: Ag\u00eancia Brasil\/Marcello Casal JrVale G\u00e1s v tem novidade para brasileiros A escalada constante dos pre\u00e7os no Brasil tem se tornado um desafio persistente para muitas fam\u00edlias de baixa renda, afetando diretamente o poder de compra, principalmente em rela\u00e7\u00e3o a despesas b\u00e1sicas, como o g\u00e1s de cozinha. Diante desse cen\u00e1rio,\u2026","rel":"","context":"In &quot;Variedades&quot;","block_context":{"text":"Variedades","link":"https:\/\/noticiasribeiraopreto.com.br\/index.php\/category\/variedades\/"},"img":{"alt_text":"","src":"https:\/\/i0.wp.com\/noticiasribeiraopreto.com.br\/wp-content\/uploads\/2023\/11\/istock-1411599118.jpg?fit=1200%2C638&ssl=1&resize=350%2C200","width":350,"height":200,"srcset":"https:\/\/i0.wp.com\/noticiasribeiraopreto.com.br\/wp-content\/uploads\/2023\/11\/istock-1411599118.jpg?fit=1200%2C638&ssl=1&resize=350%2C200 1x, https:\/\/i0.wp.com\/noticiasribeiraopreto.com.br\/wp-content\/uploads\/2023\/11\/istock-1411599118.jpg?fit=1200%2C638&ssl=1&resize=525%2C300 1.5x, https:\/\/i0.wp.com\/noticiasribeiraopreto.com.br\/wp-content\/uploads\/2023\/11\/istock-1411599118.jpg?fit=1200%2C638&ssl=1&resize=700%2C400 2x, https:\/\/i0.wp.com\/noticiasribeiraopreto.com.br\/wp-content\/uploads\/2023\/11\/istock-1411599118.jpg?fit=1200%2C638&ssl=1&resize=1050%2C600 3x"},"classes":[]},{"id":76364,"url":"https:\/\/noticiasribeiraopreto.com.br\/index.php\/2025\/08\/27\/saiba-como-vai-funcionar-o-novo-auxilio-gas-e-veja-quem-pode-receber\/","url_meta":{"origin":50579,"position":3},"title":"Saiba como vai funcionar o novo Aux\u00edlio G\u00e1s e veja quem pode receber","author":"noticiasribeiraopreto.com.br","date":"27 de August de 2025","format":false,"excerpt":"O Governo Federal lan\u00e7a na semana que vem a reformula\u00e7\u00e3o do Aux\u00edlio G\u00e1s. A ideia \u00e9 garantir, \u00e0s fam\u00edlias de baixa renda, o acesso ao botij\u00e3o de g\u00e1s de cozinha (GLP), em vez de apenas transferir um valor baseado no pre\u00e7o m\u00e9dio nacional. A proposta foi adiantada pelo ministro-chefe da\u2026","rel":"","context":"In &quot;Not\u00edcias de Ribeir\u00e3o Preto-SP e Regi\u00e3o&quot;","block_context":{"text":"Not\u00edcias de Ribeir\u00e3o Preto-SP e Regi\u00e3o","link":"https:\/\/noticiasribeiraopreto.com.br\/index.php\/category\/noticias-de-ribeirao-preto-sp-e-regiao-ismael-colosi\/"},"img":{"alt_text":"","src":"https:\/\/i0.wp.com\/noticiasribeiraopreto.com.br\/wp-content\/uploads\/2025\/08\/auxilio-gas_2025-08-27_18-10-50.webp.webp?fit=1166%2C694&ssl=1&resize=350%2C200","width":350,"height":200,"srcset":"https:\/\/i0.wp.com\/noticiasribeiraopreto.com.br\/wp-content\/uploads\/2025\/08\/auxilio-gas_2025-08-27_18-10-50.webp.webp?fit=1166%2C694&ssl=1&resize=350%2C200 1x, https:\/\/i0.wp.com\/noticiasribeiraopreto.com.br\/wp-content\/uploads\/2025\/08\/auxilio-gas_2025-08-27_18-10-50.webp.webp?fit=1166%2C694&ssl=1&resize=525%2C300 1.5x, https:\/\/i0.wp.com\/noticiasribeiraopreto.com.br\/wp-content\/uploads\/2025\/08\/auxilio-gas_2025-08-27_18-10-50.webp.webp?fit=1166%2C694&ssl=1&resize=700%2C400 2x, https:\/\/i0.wp.com\/noticiasribeiraopreto.com.br\/wp-content\/uploads\/2025\/08\/auxilio-gas_2025-08-27_18-10-50.webp.webp?fit=1166%2C694&ssl=1&resize=1050%2C600 3x"},"classes":[]},{"id":54460,"url":"https:\/\/noticiasribeiraopreto.com.br\/index.php\/2024\/07\/11\/aprenda-como-fazer-o-cadastro-para-receber-o-novo-vale-gas-veja-o-passo-a-passo-2\/","url_meta":{"origin":50579,"position":4},"title":"Aprenda como FAZER o cadastro para receber o NOVO Vale G\u00e1s; Veja o passo a passo","author":"noticiasribeiraopreto.com.br","date":"11 de July de 2024","format":false,"excerpt":"Imagem: Google Desde sua funda\u00e7\u00e3o, em 2021, a Aux\u00edlio G\u00e1s, mais conhecida como Vale G\u00e1s, tem desempenhado um papel importante no aux\u00edlio \u00e0s fam\u00edlias de baixa renda no Brasil. A relev\u00e2ncia est\u00e1 na garantia de benef\u00edcios econ\u00f4micos bimestrais. Por isso, esse aux\u00edlio \u00e9 destinado \u00e0s fam\u00edlias que atendem aos requisitos\u2026","rel":"","context":"In &quot;Dinheiro e Investimento&quot;","block_context":{"text":"Dinheiro e Investimento","link":"https:\/\/noticiasribeiraopreto.com.br\/index.php\/category\/dinheiro-e-investimento-como-fazer-como-ganhar\/"},"img":{"alt_text":"","src":"https:\/\/i0.wp.com\/noticiasribeiraopreto.com.br\/wp-content\/uploads\/2024\/07\/vale-gas.jpg?fit=1200%2C859&ssl=1&resize=350%2C200","width":350,"height":200,"srcset":"https:\/\/i0.wp.com\/noticiasribeiraopreto.com.br\/wp-content\/uploads\/2024\/07\/vale-gas.jpg?fit=1200%2C859&ssl=1&resize=350%2C200 1x, https:\/\/i0.wp.com\/noticiasribeiraopreto.com.br\/wp-content\/uploads\/2024\/07\/vale-gas.jpg?fit=1200%2C859&ssl=1&resize=525%2C300 1.5x, https:\/\/i0.wp.com\/noticiasribeiraopreto.com.br\/wp-content\/uploads\/2024\/07\/vale-gas.jpg?fit=1200%2C859&ssl=1&resize=700%2C400 2x, https:\/\/i0.wp.com\/noticiasribeiraopreto.com.br\/wp-content\/uploads\/2024\/07\/vale-gas.jpg?fit=1200%2C859&ssl=1&resize=1050%2C600 3x"},"classes":[]},{"id":36004,"url":"https:\/\/noticiasribeiraopreto.com.br\/index.php\/2024\/02\/08\/aprenda-como-fazer-o-cadastro-para-receber-o-novo-vale-gas-veja-o-passo-a-passo\/","url_meta":{"origin":50579,"position":5},"title":"Aprenda como FAZER o cadastro para receber o NOVO Vale G\u00e1s; Veja o passo a passo","author":"noticiasribeiraopreto.com.br","date":"8 de February de 2024","format":false,"excerpt":"Imagem: Google Desde sua funda\u00e7\u00e3o, em 2021, a Aux\u00edlio G\u00e1s, mais conhecida como Vale G\u00e1s, tem desempenhado um papel importante no aux\u00edlio \u00e0s fam\u00edlias de baixa renda no Brasil. A relev\u00e2ncia est\u00e1 na garantia de benef\u00edcios econ\u00f4micos bimestrais. Por isso, esse aux\u00edlio \u00e9 destinado \u00e0s fam\u00edlias que atendem aos requisitos\u2026","rel":"","context":"In &quot;Dinheiro e Investimento&quot;","block_context":{"text":"Dinheiro e Investimento","link":"https:\/\/noticiasribeiraopreto.com.br\/index.php\/category\/dinheiro-e-investimento-como-fazer-como-ganhar\/"},"img":{"alt_text":"","src":"https:\/\/i0.wp.com\/noticiasribeiraopreto.com.br\/wp-content\/uploads\/2024\/02\/vale-gas.jpg?fit=1200%2C859&ssl=1&resize=350%2C200","width":350,"height":200,"srcset":"https:\/\/i0.wp.com\/noticiasribeiraopreto.com.br\/wp-content\/uploads\/2024\/02\/vale-gas.jpg?fit=1200%2C859&ssl=1&resize=350%2C200 1x, https:\/\/i0.wp.com\/noticiasribeiraopreto.com.br\/wp-content\/uploads\/2024\/02\/vale-gas.jpg?fit=1200%2C859&ssl=1&resize=525%2C300 1.5x, https:\/\/i0.wp.com\/noticiasribeiraopreto.com.br\/wp-content\/uploads\/2024\/02\/vale-gas.jpg?fit=1200%2C859&ssl=1&resize=700%2C400 2x, https:\/\/i0.wp.com\/noticiasribeiraopreto.com.br\/wp-content\/uploads\/2024\/02\/vale-gas.jpg?fit=1200%2C859&ssl=1&resize=1050%2C600 3x"},"classes":[]}],"jetpack_sharing_enabled":true,"jetpack_shortlink":"https:\/\/wp.me\/peQAOb-d9N","_links":{"self":[{"href":"https:\/\/noticiasribeiraopreto.com.br\/index.php\/wp-json\/wp\/v2\/posts\/50579","targetHints":{"allow":["GET"]}}],"collection":[{"href":"https:\/\/noticiasribeiraopreto.com.br\/index.php\/wp-json\/wp\/v2\/posts"}],"about":[{"href":"https:\/\/noticiasribeiraopreto.com.br\/index.php\/wp-json\/wp\/v2\/types\/post"}],"author":[{"embeddable":true,"href":"https:\/\/noticiasribeiraopreto.com.br\/index.php\/wp-json\/wp\/v2\/users\/1"}],"replies":[{"embeddable":true,"href":"https:\/\/noticiasribeiraopreto.com.br\/index.php\/wp-json\/wp\/v2\/comments?post=50579"}],"version-history":[{"count":0,"href":"https:\/\/noticiasribeiraopreto.com.br\/index.php\/wp-json\/wp\/v2\/posts\/50579\/revisions"}],"wp:featuredmedia":[{"embeddable":true,"href":"https:\/\/noticiasribeiraopreto.com.br\/index.php\/wp-json\/wp\/v2\/media\/50580"}],"wp:attachment":[{"href":"https:\/\/noticiasribeiraopreto.com.br\/index.php\/wp-json\/wp\/v2\/media?parent=50579"}],"wp:term":[{"taxonomy":"category","embeddable":true,"href":"https:\/\/noticiasribeiraopreto.com.br\/index.php\/wp-json\/wp\/v2\/categories?post=50579"},{"taxonomy":"post_tag","embeddable":true,"href":"https:\/\/noticiasribeiraopreto.com.br\/index.php\/wp-json\/wp\/v2\/tags?post=50579"}],"curies":[{"name":"wp","href":"https:\/\/api.w.org\/{rel}","templated":true}]}}