{"id":5117,"date":"2023-11-22T23:41:28","date_gmt":"2023-11-23T02:41:28","guid":{"rendered":"https:\/\/noticiasribeiraopreto.com.br\/index.php\/2023\/11\/22\/alexandre-correa-nega-que-esteja-ameacando-ana-hickman-video-completo\/"},"modified":"2023-11-22T23:41:28","modified_gmt":"2023-11-23T02:41:28","slug":"alexandre-correa-nega-que-esteja-ameacando-ana-hickman-video-completo","status":"publish","type":"post","link":"https:\/\/noticiasribeiraopreto.com.br\/index.php\/2023\/11\/22\/alexandre-correa-nega-que-esteja-ameacando-ana-hickman-video-completo\/","title":{"rendered":"Alexandre Correa nega que esteja amea\u00e7ando Ana Hickman; video completo"},"content":{"rendered":"<div class='code-block code-block-1' style='margin: 8px 0 8px auto; text-align: right; display: block; clear: both;'>\n<p><a href=\"https:\/\/wa.link\/vpicfd\"><img data-recalc-dims=\"1\" class=\"wp-image-4922\" style=\"aspect-ratio: 2.0253164556962027; width: 561px; height: auto;\" src=\"https:\/\/i0.wp.com\/ismaelcolosi.com.br\/wp-content\/uploads\/2023\/11\/grupo-de-empregos-whatsapp-e-facebook-ismael-colosi-vagas.jpg?ssl=1\" alt=\"\" \/><\/a><\/p>\n<!-- \/wp:image -->\n<\/div>\n<p> <br \/>\n<\/p>\n<div itemprop=\"text\">\n<p>Alexandre Correa apareceu em suas redes sociais nesta quarta-feira (22\/11) para reagir a uma not\u00edcia que circula desde a \u00faltima ter\u00e7a. O empres\u00e1rio reagiu a uma nota que o acusava de amea\u00e7ar a apresentadora Ana Hickmann.<\/p>\n<p>Na ter\u00e7a, passou a circular a informa\u00e7\u00e3o de que Alexandre estaria fazendo amea\u00e7as contra Hickmann, usando supostas grava\u00e7\u00f5es comprometedoras que teria contra a ex-modelo.<\/p>\n<p>Por meio de seu instagram, atrav\u00e9s de um v\u00eddeo, o empres\u00e1rio negou a informa\u00e7\u00e3o. Segundo Correa, n\u00e3o existe chantagem ou amea\u00e7a e ele sequer tem falado com Ana Hickmann.<\/p>\n<p>\u201c<b>\u00c9 mentira! Eu n\u00e3o tenho prova alguma contra Ana Hickmann. Ana Hickmann \u00e9 uma mulher de imagem e conduta ilibadas. N\u00famero dois: eu n\u00e3o estou fazendo amea\u00e7a alguma, mesmo porque eu n\u00e3o falo com Ana Hickmann desde o ocorrido, no s\u00e1bado retrasado<\/b>\u201c, declarou.<\/p>\n<blockquote class=\"instagram-media\" style=\"background: #FFF; border: 0; border-radius: 3px; box-shadow: 0 0 1px 0 rgba(0,0,0,0.5),0 1px 10px 0 rgba(0,0,0,0.15); margin: 1px; max-width: 540px; min-width: 326px; padding: 0; width: calc(100% - 2px);\" data-instgrm-permalink=\"https:\/\/www.instagram.com\/p\/Cz9S8wHOH5g\/?utm_source=ig_embed&amp;utm_campaign=loading\" data-instgrm-version=\"14\">\n<p>\u00a0<\/p>\n<p>Ver essa foto no Instagram<\/p>\n<p>\u00a0<\/p>\n<p style=\"color: #c9c8cd; font-family: Arial,sans-serif; font-size: 14px; line-height: 17px; margin-bottom: 0; margin-top: 8px; overflow: hidden; padding: 8px 0 7px; text-align: center; text-overflow: ellipsis; white-space: nowrap;\"><a style=\"color: #c9c8cd; font-family: Arial,sans-serif; font-size: 14px; font-style: normal; font-weight: normal; line-height: 17px; text-decoration: none;\" href=\"https:\/\/www.instagram.com\/p\/Cz9S8wHOH5g\/?utm_source=ig_embed&amp;utm_campaign=loading\" target=\"_blank\" rel=\"noopener\">Uma publica\u00e7\u00e3o compartilhada por S U B C E L E B R I T I E S (@subcelebrities)<\/a><\/p>\n<\/blockquote>\n<p>Al\u00e9m de garantir que a apresentadora \u00e9 uma pessoa acima de qualquer questionamento de \u00edndole, Alexandre ainda alertou sobre os perigos que est\u00e3o envolvidos na publica\u00e7\u00e3o de informa\u00e7\u00f5es falsas.<\/p>\n<p>Ainda segundo o empres\u00e1rio, al\u00e9m de prejudicar a ele, esse tipo de publica\u00e7\u00e3o tamb\u00e9m gera consequ\u00eancias para Ana, seus neg\u00f3cios e a fam\u00edlia dos dois de forma geral. Lembrando que Alexandre e Ana s\u00e3o pais de um menino.<\/p>\n<p>Alexandre ainda apelou \u00e0 revista Caras, que publicou a not\u00edcia, e lembrou da boa rela\u00e7\u00e3o que sempre teve com a reda\u00e7\u00e3o da publica\u00e7\u00e3o. O v\u00eddeo foi publicado em seu perfil do Instagram, de onde ele apagou v\u00e1rias publica\u00e7\u00f5es antigas.<\/p>\n<\/div>\n<p><script async src=\"\/\/www.instagram.com\/embed.js\"><\/script><br \/>\n<br \/><br \/>\n<br \/><a href=\"https:\/\/fnmais.com\/alexandre-correa-nega-que-esteja-ameacando-ana-hickman-video-completo\/\">Source link <\/a><\/p>\n<!-- CONTENT END 1 -->\n","protected":false},"excerpt":{"rendered":"<p>Alexandre Correa apareceu em suas redes sociais nesta quarta-feira (22\/11) para reagir a uma not\u00edcia que circula desde a \u00faltima ter\u00e7a. O empres\u00e1rio reagiu a&#8230;<\/p>\n","protected":false},"author":1,"featured_media":5118,"comment_status":"open","ping_status":"open","sticky":false,"template":"","format":"standard","meta":{"advanced_seo_description":"","jetpack_seo_html_title":"","jetpack_seo_noindex":false,"jetpack_post_was_ever_published":false,"_jetpack_newsletter_access":"","_jetpack_dont_email_post_to_subs":false,"_jetpack_newsletter_tier_id":0,"_jetpack_memberships_contains_paywalled_content":false,"_jetpack_memberships_contains_paid_content":false,"footnotes":"","jetpack_publicize_message":"","jetpack_publicize_feature_enabled":true,"jetpack_social_post_already_shared":true,"jetpack_social_options":{"image_generator_settings":{"template":"highway","default_image_id":0,"font":"","enabled":false},"version":2}},"categories":[1],"tags":[],"class_list":["post-5117","post","type-post","status-publish","format-standard","has-post-thumbnail","hentry","category-blog"],"jetpack_publicize_connections":[],"jetpack_featured_media_url":"https:\/\/i0.wp.com\/noticiasribeiraopreto.com.br\/wp-content\/uploads\/2023\/11\/postimg-655eb0a2b815f8416.jpg?fit=1200%2C628&ssl=1","jetpack-related-posts":[{"id":6743,"url":"https:\/\/noticiasribeiraopreto.com.br\/index.php\/2023\/11\/26\/alexandre-correa-afirma-que-ana-hickmann-estava-bebada-no-dia-da-confusao-uma-garrafa-de-vinho\/","url_meta":{"origin":5117,"position":0},"title":"Alexandre Corr\u00eaa afirma que Ana Hickmann estava b\u00eabada no dia da confus\u00e3o: &#8216;uma garrafa de vinho&#8217;","author":"noticiasribeiraopreto.com.br","date":"26 de November de 2023","format":false,"excerpt":"O empres\u00e1rio Alexandre Corr\u00eaa deu novos detalhes sob o seu ponto de vista das diverg\u00eancias que viveu em face de sua ent\u00e3o esposa, a apresentadora Ana Hickmann. Em entrevista concedida \u00e0 revista Quem, ele voltou a negar que tenha agredido a comunicadora.De acordo com Alexandre Corr\u00eaa, Ana Hickmann sabe muito\u2026","rel":"","context":"In &quot;Blog&quot;","block_context":{"text":"Blog","link":"https:\/\/noticiasribeiraopreto.com.br\/index.php\/category\/blog\/"},"img":{"alt_text":"","src":"https:\/\/i0.wp.com\/noticiasribeiraopreto.com.br\/wp-content\/uploads\/2023\/11\/postimg-6563be15783323704.jpg?fit=1200%2C628&ssl=1&resize=350%2C200","width":350,"height":200,"srcset":"https:\/\/i0.wp.com\/noticiasribeiraopreto.com.br\/wp-content\/uploads\/2023\/11\/postimg-6563be15783323704.jpg?fit=1200%2C628&ssl=1&resize=350%2C200 1x, https:\/\/i0.wp.com\/noticiasribeiraopreto.com.br\/wp-content\/uploads\/2023\/11\/postimg-6563be15783323704.jpg?fit=1200%2C628&ssl=1&resize=525%2C300 1.5x, https:\/\/i0.wp.com\/noticiasribeiraopreto.com.br\/wp-content\/uploads\/2023\/11\/postimg-6563be15783323704.jpg?fit=1200%2C628&ssl=1&resize=700%2C400 2x, https:\/\/i0.wp.com\/noticiasribeiraopreto.com.br\/wp-content\/uploads\/2023\/11\/postimg-6563be15783323704.jpg?fit=1200%2C628&ssl=1&resize=1050%2C600 3x"},"classes":[]},{"id":9967,"url":"https:\/\/noticiasribeiraopreto.com.br\/index.php\/2023\/12\/03\/alexandre-correa-desiste-de-acao-de-divorcio-contra-ana-hickmann-apos-receber-noticia-que-o-emocionou\/","url_meta":{"origin":5117,"position":1},"title":"Alexandre Correa desiste de a\u00e7\u00e3o de div\u00f3rcio contra Ana Hickmann ap\u00f3s receber not\u00edcia que o emocionou","author":"noticiasribeiraopreto.com.br","date":"3 de December de 2023","format":false,"excerpt":"Alexandre Correa decidiu retirar a a\u00e7\u00e3o de div\u00f3rcio que havia movido contra Ana Hickmann. Segundo informa\u00e7\u00f5es, o processo de separa\u00e7\u00e3o do casal prossegue, mas agora sob uma a\u00e7\u00e3o iniciada pela funcion\u00e1ria da Record.O advogado Enio Martins, representante de Alexandre Correa, em entrevista ao Estad\u00e3o, explicou que a desist\u00eancia ocorreu ap\u00f3s\u2026","rel":"","context":"In &quot;Blog&quot;","block_context":{"text":"Blog","link":"https:\/\/noticiasribeiraopreto.com.br\/index.php\/category\/blog\/"},"img":{"alt_text":"","src":"https:\/\/i0.wp.com\/noticiasribeiraopreto.com.br\/wp-content\/uploads\/2023\/12\/postimg-656c8d9fa0fe08046.jpg?fit=1200%2C628&ssl=1&resize=350%2C200","width":350,"height":200,"srcset":"https:\/\/i0.wp.com\/noticiasribeiraopreto.com.br\/wp-content\/uploads\/2023\/12\/postimg-656c8d9fa0fe08046.jpg?fit=1200%2C628&ssl=1&resize=350%2C200 1x, https:\/\/i0.wp.com\/noticiasribeiraopreto.com.br\/wp-content\/uploads\/2023\/12\/postimg-656c8d9fa0fe08046.jpg?fit=1200%2C628&ssl=1&resize=525%2C300 1.5x, https:\/\/i0.wp.com\/noticiasribeiraopreto.com.br\/wp-content\/uploads\/2023\/12\/postimg-656c8d9fa0fe08046.jpg?fit=1200%2C628&ssl=1&resize=700%2C400 2x, https:\/\/i0.wp.com\/noticiasribeiraopreto.com.br\/wp-content\/uploads\/2023\/12\/postimg-656c8d9fa0fe08046.jpg?fit=1200%2C628&ssl=1&resize=1050%2C600 3x"},"classes":[]},{"id":18448,"url":"https:\/\/noticiasribeiraopreto.com.br\/index.php\/2023\/12\/20\/bomba-alem-de-agressao-ana-hickmann-denuncia-outros-crimes-graves-de-alexandre-correa\/","url_meta":{"origin":5117,"position":2},"title":"Bomba! Al\u00e9m de agress\u00e3o, Ana Hickmann denuncia outros crimes graves de Alexandre Correa","author":"noticiasribeiraopreto.com.br","date":"20 de December de 2023","format":false,"excerpt":"A vida pessoal da apresentadora Ana Hickmann n\u00e3o para de render assunto nos portais de not\u00edcias e redes sociais desde que ela denunciou o marido por agress\u00e3o. A famosa, de 42 anos, foi agredida fisicamente por Alexandre Correa e fez um boletim de ocorr\u00eancia na delegacia de Itu, no interior\u2026","rel":"","context":"In &quot;Blog&quot;","block_context":{"text":"Blog","link":"https:\/\/noticiasribeiraopreto.com.br\/index.php\/category\/blog\/"},"img":{"alt_text":"","src":"https:\/\/i0.wp.com\/noticiasribeiraopreto.com.br\/wp-content\/uploads\/2023\/12\/postimg-6582eaee3d2f03256.jpg?fit=1200%2C628&ssl=1&resize=350%2C200","width":350,"height":200,"srcset":"https:\/\/i0.wp.com\/noticiasribeiraopreto.com.br\/wp-content\/uploads\/2023\/12\/postimg-6582eaee3d2f03256.jpg?fit=1200%2C628&ssl=1&resize=350%2C200 1x, https:\/\/i0.wp.com\/noticiasribeiraopreto.com.br\/wp-content\/uploads\/2023\/12\/postimg-6582eaee3d2f03256.jpg?fit=1200%2C628&ssl=1&resize=525%2C300 1.5x, https:\/\/i0.wp.com\/noticiasribeiraopreto.com.br\/wp-content\/uploads\/2023\/12\/postimg-6582eaee3d2f03256.jpg?fit=1200%2C628&ssl=1&resize=700%2C400 2x, https:\/\/i0.wp.com\/noticiasribeiraopreto.com.br\/wp-content\/uploads\/2023\/12\/postimg-6582eaee3d2f03256.jpg?fit=1200%2C628&ssl=1&resize=1050%2C600 3x"},"classes":[]},{"id":7273,"url":"https:\/\/noticiasribeiraopreto.com.br\/index.php\/2023\/11\/27\/alexandre-alega-estar-sendo-vitima-e-acusa-ana-hickmann-de-perseguicao-obsessiva\/","url_meta":{"origin":5117,"position":3},"title":"Alexandre alega estar sendo v\u00edtima e acusa Ana Hickmann de &#8216;persegui\u00e7\u00e3o obsessiva&#8217;","author":"noticiasribeiraopreto.com.br","date":"27 de November de 2023","format":false,"excerpt":"No \u00faltimo domingo (26\/11), uma reportagem especial sobre o caso Ana Hickmann deu o que falar. Em entrevista, a apresentadora fez fortes revela\u00e7\u00f5es e acusa\u00e7\u00f5es contra o empres\u00e1rio Alexandre Correa.Os dois viveram um relacionamento por cerca de 25 anos, mas o t\u00e9rmino da rela\u00e7\u00e3o tem sido conturbado. Os dois est\u00e3o\u2026","rel":"","context":"In &quot;Blog&quot;","block_context":{"text":"Blog","link":"https:\/\/noticiasribeiraopreto.com.br\/index.php\/category\/blog\/"},"img":{"alt_text":"","src":"https:\/\/i0.wp.com\/noticiasribeiraopreto.com.br\/wp-content\/uploads\/2023\/11\/postimg-65652f87a3a619659.jpg?fit=1200%2C628&ssl=1&resize=350%2C200","width":350,"height":200,"srcset":"https:\/\/i0.wp.com\/noticiasribeiraopreto.com.br\/wp-content\/uploads\/2023\/11\/postimg-65652f87a3a619659.jpg?fit=1200%2C628&ssl=1&resize=350%2C200 1x, https:\/\/i0.wp.com\/noticiasribeiraopreto.com.br\/wp-content\/uploads\/2023\/11\/postimg-65652f87a3a619659.jpg?fit=1200%2C628&ssl=1&resize=525%2C300 1.5x, https:\/\/i0.wp.com\/noticiasribeiraopreto.com.br\/wp-content\/uploads\/2023\/11\/postimg-65652f87a3a619659.jpg?fit=1200%2C628&ssl=1&resize=700%2C400 2x, https:\/\/i0.wp.com\/noticiasribeiraopreto.com.br\/wp-content\/uploads\/2023\/11\/postimg-65652f87a3a619659.jpg?fit=1200%2C628&ssl=1&resize=1050%2C600 3x"},"classes":[]},{"id":7070,"url":"https:\/\/noticiasribeiraopreto.com.br\/index.php\/2023\/11\/27\/alexandre-correa-alega-que-ana-hickmann-teria-feito-o-filho-chorar-compulsivamente-no-dia-da-briga\/","url_meta":{"origin":5117,"position":4},"title":"Alexandre Correa alega que Ana Hickmann teria feito o filho chorar compulsivamente no dia da briga","author":"noticiasribeiraopreto.com.br","date":"27 de November de 2023","format":false,"excerpt":"O empres\u00e1rio Alexandre Correa, acusado de agredir a pr\u00f3pria esposa, Ana Hickmann, conversou com canais de comunica\u00e7\u00e3o ap\u00f3s ter se deparado com a entrevista que a esposa concedeu para canais de comunica\u00e7\u00e3o, detalhando o que teria acontecido no dia em que foi agredida dentro de sua mans\u00e3o.Agora, o casal, que\u2026","rel":"","context":"In &quot;Blog&quot;","block_context":{"text":"Blog","link":"https:\/\/noticiasribeiraopreto.com.br\/index.php\/category\/blog\/"},"img":{"alt_text":"","src":"https:\/\/i0.wp.com\/noticiasribeiraopreto.com.br\/wp-content\/uploads\/2023\/11\/postimg-6564cfe108f3a7181.jpg?fit=1200%2C628&ssl=1&resize=350%2C200","width":350,"height":200,"srcset":"https:\/\/i0.wp.com\/noticiasribeiraopreto.com.br\/wp-content\/uploads\/2023\/11\/postimg-6564cfe108f3a7181.jpg?fit=1200%2C628&ssl=1&resize=350%2C200 1x, https:\/\/i0.wp.com\/noticiasribeiraopreto.com.br\/wp-content\/uploads\/2023\/11\/postimg-6564cfe108f3a7181.jpg?fit=1200%2C628&ssl=1&resize=525%2C300 1.5x, https:\/\/i0.wp.com\/noticiasribeiraopreto.com.br\/wp-content\/uploads\/2023\/11\/postimg-6564cfe108f3a7181.jpg?fit=1200%2C628&ssl=1&resize=700%2C400 2x, https:\/\/i0.wp.com\/noticiasribeiraopreto.com.br\/wp-content\/uploads\/2023\/11\/postimg-6564cfe108f3a7181.jpg?fit=1200%2C628&ssl=1&resize=1050%2C600 3x"},"classes":[]},{"id":8038,"url":"https:\/\/noticiasribeiraopreto.com.br\/index.php\/2023\/11\/29\/ana-hickmann-tem-pedido-negado-pela-justica-apos-pedir-divorcio-pela-maria-da-penha-contra-marido\/","url_meta":{"origin":5117,"position":5},"title":"Ana Hickmann tem pedido negado pela justi\u00e7a ap\u00f3s pedir div\u00f3rcio pela Maria da Penha contra marido","author":"noticiasribeiraopreto.com.br","date":"29 de November de 2023","format":false,"excerpt":"A apresentadora Ana Hickmann tem vivido dias dif\u00edceis nas \u00faltimas semanas. Isso porque a famosa, que tem 42 anos, foi agredida pelo marido, o empres\u00e1rio Alexandre Corr\u00eaa, com quem \u00e9 casada h\u00e1 15 anos.No total, Ana e Alexandre j\u00e1 estavam juntos h\u00e1 25 anos. Os dois s\u00e3o pais do pequeno\u2026","rel":"","context":"In &quot;Blog&quot;","block_context":{"text":"Blog","link":"https:\/\/noticiasribeiraopreto.com.br\/index.php\/category\/blog\/"},"img":{"alt_text":"","src":"https:\/\/i0.wp.com\/noticiasribeiraopreto.com.br\/wp-content\/uploads\/2023\/11\/postimg-6567392438ac57662.jpg?fit=1200%2C628&ssl=1&resize=350%2C200","width":350,"height":200,"srcset":"https:\/\/i0.wp.com\/noticiasribeiraopreto.com.br\/wp-content\/uploads\/2023\/11\/postimg-6567392438ac57662.jpg?fit=1200%2C628&ssl=1&resize=350%2C200 1x, https:\/\/i0.wp.com\/noticiasribeiraopreto.com.br\/wp-content\/uploads\/2023\/11\/postimg-6567392438ac57662.jpg?fit=1200%2C628&ssl=1&resize=525%2C300 1.5x, https:\/\/i0.wp.com\/noticiasribeiraopreto.com.br\/wp-content\/uploads\/2023\/11\/postimg-6567392438ac57662.jpg?fit=1200%2C628&ssl=1&resize=700%2C400 2x, https:\/\/i0.wp.com\/noticiasribeiraopreto.com.br\/wp-content\/uploads\/2023\/11\/postimg-6567392438ac57662.jpg?fit=1200%2C628&ssl=1&resize=1050%2C600 3x"},"classes":[]}],"jetpack_sharing_enabled":true,"jetpack_shortlink":"https:\/\/wp.me\/peQAOb-1kx","_links":{"self":[{"href":"https:\/\/noticiasribeiraopreto.com.br\/index.php\/wp-json\/wp\/v2\/posts\/5117","targetHints":{"allow":["GET"]}}],"collection":[{"href":"https:\/\/noticiasribeiraopreto.com.br\/index.php\/wp-json\/wp\/v2\/posts"}],"about":[{"href":"https:\/\/noticiasribeiraopreto.com.br\/index.php\/wp-json\/wp\/v2\/types\/post"}],"author":[{"embeddable":true,"href":"https:\/\/noticiasribeiraopreto.com.br\/index.php\/wp-json\/wp\/v2\/users\/1"}],"replies":[{"embeddable":true,"href":"https:\/\/noticiasribeiraopreto.com.br\/index.php\/wp-json\/wp\/v2\/comments?post=5117"}],"version-history":[{"count":0,"href":"https:\/\/noticiasribeiraopreto.com.br\/index.php\/wp-json\/wp\/v2\/posts\/5117\/revisions"}],"wp:featuredmedia":[{"embeddable":true,"href":"https:\/\/noticiasribeiraopreto.com.br\/index.php\/wp-json\/wp\/v2\/media\/5118"}],"wp:attachment":[{"href":"https:\/\/noticiasribeiraopreto.com.br\/index.php\/wp-json\/wp\/v2\/media?parent=5117"}],"wp:term":[{"taxonomy":"category","embeddable":true,"href":"https:\/\/noticiasribeiraopreto.com.br\/index.php\/wp-json\/wp\/v2\/categories?post=5117"},{"taxonomy":"post_tag","embeddable":true,"href":"https:\/\/noticiasribeiraopreto.com.br\/index.php\/wp-json\/wp\/v2\/tags?post=5117"}],"curies":[{"name":"wp","href":"https:\/\/api.w.org\/{rel}","templated":true}]}}