{"id":5136,"date":"2023-11-23T01:09:49","date_gmt":"2023-11-23T04:09:49","guid":{"rendered":"https:\/\/noticiasribeiraopreto.com.br\/index.php\/2023\/11\/23\/estes-sao-os-sinais-que-indicam-que-voce-sofre-de-fobia-social\/"},"modified":"2023-11-23T01:09:49","modified_gmt":"2023-11-23T04:09:49","slug":"estes-sao-os-sinais-que-indicam-que-voce-sofre-de-fobia-social","status":"publish","type":"post","link":"https:\/\/noticiasribeiraopreto.com.br\/index.php\/2023\/11\/23\/estes-sao-os-sinais-que-indicam-que-voce-sofre-de-fobia-social\/","title":{"rendered":"Estes s\u00e3o os sinais que indicam que voc\u00ea sofre de fobia social"},"content":{"rendered":"<div class='code-block code-block-1' style='margin: 8px 0 8px auto; text-align: right; display: block; clear: both;'>\n<p><a href=\"https:\/\/wa.link\/vpicfd\"><img data-recalc-dims=\"1\" class=\"wp-image-4922\" style=\"aspect-ratio: 2.0253164556962027; width: 561px; height: auto;\" src=\"https:\/\/i0.wp.com\/ismaelcolosi.com.br\/wp-content\/uploads\/2023\/11\/grupo-de-empregos-whatsapp-e-facebook-ismael-colosi-vagas.jpg?ssl=1\" alt=\"\" \/><\/a><\/p>\n<!-- \/wp:image -->\n<\/div>\n<p> <br \/>\n<\/p>\n<div>\n<p>Quem \u00e9 muito soci\u00e1vel e comunicativo pode achar frescura a <a href=\"https:\/\/catracalivre.com.br\/saude-bem-estar\/fobia-social-conheca-as-causas-os-sintomas-e-os-tratamentos\/\">fobia social,<\/a> mas o problema \u00e9 s\u00e9rio.<\/p>\n<p>A condi\u00e7\u00e3o pode ser confundida com vergonha e <a href=\"https:\/\/catracalivre.com.br\/cidadania\/criancas-timidas-5-dicas-de-atitudes-que-devemos-evitar\/\">timidez<\/a>, mas \u00e9 mais nociva que isso e causa muitos preju\u00edzos a quem sofre com a condi\u00e7\u00e3o.<\/p>\n<p>A fobia social, tamb\u00e9m conhecida por Transtorno da\u00a0 <a href=\"https:\/\/catracalivre.com.br\/saude-bem-estar\/ansiedade-5-dicas-para-evitar-o-transtorno-no-dia-a-dia\/\">Ansiedade<\/a> Social, pode levar quem a sofre a evitar a maioria das situa\u00e7\u00f5es sociais, por medo de se comportar de maneira \u201cerrada\u201d e de ser mal julgado.<\/p>\n<p>Em casos extremos, pode causar medo de sair de casa, ou at\u00e9 para uma <a href=\"https:\/\/catracalivre.com.br\/saude-bem-estar\/depressao-sintomas-e-tudo-que-precisamos-saber-sobre-a-doenca\/\">depress\u00e3o<\/a> profunda.<\/p>\n<div id=\"attachment_2311694\" class=\"wp-caption alignnone\">\n<div class=\"d-flex justify-content-center\" data-attachment-id=\"2311694\">\n<div class=\"position-relative d-inline-block\"><img data-recalc-dims=\"1\" data-portal-copyright=\"PeopleImages\/istock\" decoding=\"async\" fetchpriority=\"high\" class=\"wp-image-2311694 size-large\" src=\"https:\/\/i0.wp.com\/catracalivre.com.br\/wp-content\/uploads\/2023\/11\/istock-1271548786-1-910x607.jpg?resize=910%2C607&#038;ssl=1\" alt=\"A inseguran\u00e7a de estabelecer rela\u00e7\u00f5es, de se expressar e de falar em p\u00fablico s\u00e3o exemplos das dificuldades de quem sofre de fobia social\" width=\"910\" height=\"607\" srcset=\"https:\/\/catracalivre.com.br\/wp-content\/uploads\/2023\/11\/istock-1271548786-1-910x607.jpg 910w, https:\/\/catracalivre.com.br\/wp-content\/uploads\/2023\/11\/istock-1271548786-1-450x300.jpg 450w, https:\/\/catracalivre.com.br\/wp-content\/uploads\/2023\/11\/istock-1271548786-1-768x513.jpg 768w\" sizes=\"(max-width: 910px) 100vw, 910px\"\/><\/p>\n<p>Cr\u00e9ditos: PeopleImages\/istock<\/p>\n<\/div>\n<\/div>\n<p><span class=\"post-imagem__legenda\">A inseguran\u00e7a de estabelecer rela\u00e7\u00f5es, de se expressar e de falar em p\u00fablico s\u00e3o exemplos das dificuldades de quem sofre de fobia social<\/span><\/p>\n<\/div>\n<p>De acordo com o \u00faltimo levantamento do <a href=\"https:\/\/www.abp.org.br\/cbdc?gclid=CjwKCAiA0syqBhBxEiwAeNx9N-5HKaGRpXukyPY00-8yhn3Mwh_Ba4nTfXisswnI6n_NFroHR71hnhoCd0cQAvD_BwE\" target=\"_blank\" rel=\"noopener\">Congresso Brasileiro de Psiquiatria<\/a>, cerca de 13 milh\u00f5es de brasileiros s\u00e3o acometidos com o Transtorno de Ansiedade Social.<\/p>\n<p>Normalmente as situa\u00e7\u00f5es mais temidas por quem sofre de fobia social (ou ansiedade social ) s\u00e3o aquelas que envolvem a necessidade de se expor na frente de outras pessoas, como falar em p\u00fablico ou at\u00e9 mesmo fazer um telefonema.<\/p>\n<p>\u00c0s vezes a ansiedade social pode aparecer momentos antes de a pessoa entrar em seu local de trabalho, onde j\u00e1 haver\u00e1 outras pessoas.<\/p>\n<p>Quem sofre de fobia social tenta de todas as maneiras evitar tais situa\u00e7\u00f5es.<\/p>\n<p>Se s\u00e3o for\u00e7adas, suportam tais situa\u00e7\u00f5es com um n\u00edvel de desconforto muito elevado.<\/p>\n<h2>Caracter\u00edsticas da fobia social<\/h2>\n<p>Pessoas que sofrem de fobia social temem parecer ansiosas e apresentar os \u201csinais\u201d disso, ou seja, temem ficar com o rosto vermelho, tremer, <a href=\"https:\/\/catracalivre.com.br\/quem-inova\/gagueira-nao-impede-artista-de-17-anos-de-mostrar-seu-trabalho\/\">gaguejar<\/a>, suar, ter o cora\u00e7\u00e3o acelerado ou ficar em sil\u00eancio sem saber o que falar com o outros.<\/p>\n<p>A fobia social, se n\u00e3o for tratada, tende a permanecer est\u00e1vel e cr\u00f4nica, podendo muitas vezes dar origem a outros transtornos como a depress\u00e3o.<\/p>\n<div id=\"attachment_2311698\" class=\"wp-caption alignnone\">\n<div class=\"d-flex justify-content-center\" data-attachment-id=\"2311698\">\n<div class=\"position-relative d-inline-block\"><img data-recalc-dims=\"1\" loading=\"lazy\" data-portal-copyright=\"bymuratdeniz\/istock\" decoding=\"async\" class=\"wp-image-2311698 size-large\" src=\"https:\/\/i0.wp.com\/catracalivre.com.br\/wp-content\/uploads\/2023\/11\/istock-1435231598-910x607.jpg?resize=910%2C607&#038;ssl=1\" alt=\"A fobia social pode ser confundida com vergonha e timidez, mas que \u00e9 mais nociva para a sa\u00fade mental das pessoas\" width=\"910\" height=\"607\" srcset=\"https:\/\/catracalivre.com.br\/wp-content\/uploads\/2023\/11\/istock-1435231598-910x607.jpg 910w, https:\/\/catracalivre.com.br\/wp-content\/uploads\/2023\/11\/istock-1435231598-450x300.jpg 450w, https:\/\/catracalivre.com.br\/wp-content\/uploads\/2023\/11\/istock-1435231598-768x512.jpg 768w\" sizes=\"auto, (max-width: 910px) 100vw, 910px\"\/><\/p>\n<p>Cr\u00e9ditos: bymuratdeniz\/istock<\/p>\n<\/div>\n<\/div>\n<p><span class=\"post-imagem__legenda\">A fobia social pode ser confundida com vergonha e timidez, mas que \u00e9 mais nociva para a sa\u00fade mental das pessoas<\/span><\/p>\n<\/div>\n<p>Geralmente existem dois tipos de fobia social:<\/p>\n<ul>\n<li><strong>simples<\/strong>, quando a pessoa sente\u00a0ansiedade social\u00a0apenas em um ou alguns tipos de situa\u00e7\u00f5es (por exemplo, n\u00e3o consegue falar em p\u00fablico, mas n\u00e3o tem problemas em outras situa\u00e7\u00f5es sociais como ir a uma festa ou conversar com um estranho);<\/li>\n<li><strong>generalizado<\/strong>, quando em vez disso ,a pessoa teme quase todas as situa\u00e7\u00f5es sociais.<\/li>\n<\/ul>\n<h2>Quais os sintomas de fobia social?<\/h2>\n<p>A principal caracter\u00edstica da fobia social \u00e9 o medo de estar em situa\u00e7\u00f5es sociais ou de ser observado enquanto faz alguma coisa.<\/p>\n<p>Em situa\u00e7\u00f5es sociais temidas, os indiv\u00edduos com ansiedade social ficam preocupados em parecer envergonhados e, acima de tudo, t\u00eam medo de que os outros os considerem ansiosos, fracos, \u201cloucos\u201d ou bobos.<\/p>\n<p>Os sintomas da fobia social s\u00e3o, portanto, o medo de falar em p\u00fablico devido \u00e0 preocupa\u00e7\u00e3o de esquecer repentinamente o que se tem a dizer ou o medo de que outros percebam o tremor das m\u00e3os ou da voz.<\/p>\n<p>Os\u00a0sintomas de fobia social\u00a0(relacionados \u00e0 ansiedade) mais percebidos s\u00e3o:<\/p>\n<ul>\n<li>palpita\u00e7\u00f5es<\/li>\n<li>tremores<\/li>\n<li>suores<\/li>\n<li>tens\u00e3o muscular<\/li>\n<li>n\u00e1useas<\/li>\n<li>boca seca<\/li>\n<li>ondas de calor<\/li>\n<li>vermelhid\u00e3o<\/li>\n<li>voz tr\u00eamula<\/li>\n<\/ul>\n<h2>Cura de fobia social<\/h2>\n<p>Tal como acontece com outros transtornos de ansiedade, a psicoterapia cognitivo-comportamental geralmente provou ser muito eficaz no tratamento da fobia social. Alguns medicamentos \u00e0s vezes tamb\u00e9m podem ajudar.<\/p>\n<p><strong>Psicoterapia<\/strong><\/p>\n<p>A psicoterapia cognitivo-comportamental est\u00e1 centrada no \u201caqui e agora\u201d, no tratamento direto do sintoma. Visa, por um lado, modificar pensamentos disfuncionais, por outro, oferecer \u00e0 pessoa melhores compet\u00eancias e habilidades para lidar com situa\u00e7\u00f5es temidas.<\/p>\n<p>Cren\u00e7as disfuncionais ou irracionais s\u00e3o pensamentos que as pessoas t\u00eam sobre os eventos em que se encontram envolvidas, como a cren\u00e7a de que se est\u00e1 sempre sendo observado atentamente pelos outros.<\/p>\n<p>O tratamento da fobia social visa modificar esses pressupostos e ensinar habilidades para melhor administrar as situa\u00e7\u00f5es sociais.<\/p>\n<p>Essas habilidades geralmente incluem t\u00e9cnicas (como treinamento de relaxamento) para controlar a ansiedade e t\u00e9cnicas para gerenciar a intera\u00e7\u00e3o verbal.<\/p>\n<\/div>\n<p><script>\n\t\t! function(f, b, e, v, n, t, s) {\n\t\t\tif (f.fbq) return;\n\t\t\tn = f.fbq = function() {\n\t\t\t\tn.callMethod ?\n\t\t\t\t\tn.callMethod.apply(n, arguments) : n.queue.push(arguments)\n\t\t\t};\n\t\t\tif (!f._fbq) f._fbq = n;\n\t\t\tn.push = n;\n\t\t\tn.loaded = !0;\n\t\t\tn.version = '2.0';\n\t\t\tn.queue = [];\n\t\t\tt = b.createElement(e);\n\t\t\tt.async = !0;\n\t\t\tt.src = v;\n\t\t\ts = b.getElementsByTagName(e)[0];\n\t\t\ts.parentNode.insertBefore(t, s)\n\t\t}(window, document, 'script',\n\t\t\t'https:\/\/connect.facebook.net\/en_US\/fbevents.js');\n\t\tfbq('init', '338315473262380');\n\t\tfbq('track', 'PageView');\n\t<\/script><br \/>\n<br \/><br \/>\n<br \/><a href=\"https:\/\/catracalivre.com.br\/saude-bem-estar\/estes-sao-os-sinais-que-indicam-que-voce-sofre-de-fobia-social\/\">Source link <\/a><\/p>\n<!-- CONTENT END 1 -->\n","protected":false},"excerpt":{"rendered":"<p>Quem \u00e9 muito soci\u00e1vel e comunicativo pode achar frescura a fobia social, mas o problema \u00e9 s\u00e9rio. A condi\u00e7\u00e3o pode ser confundida com vergonha e&#8230;<\/p>\n","protected":false},"author":1,"featured_media":5137,"comment_status":"open","ping_status":"open","sticky":false,"template":"","format":"standard","meta":{"advanced_seo_description":"","jetpack_seo_html_title":"","jetpack_seo_noindex":false,"jetpack_post_was_ever_published":false,"_jetpack_newsletter_access":"","_jetpack_dont_email_post_to_subs":false,"_jetpack_newsletter_tier_id":0,"_jetpack_memberships_contains_paywalled_content":false,"_jetpack_memberships_contains_paid_content":false,"footnotes":"","jetpack_publicize_message":"","jetpack_publicize_feature_enabled":true,"jetpack_social_post_already_shared":true,"jetpack_social_options":{"image_generator_settings":{"template":"highway","default_image_id":0,"font":"","enabled":false},"version":2}},"categories":[19],"tags":[],"class_list":["post-5136","post","type-post","status-publish","format-standard","has-post-thumbnail","hentry","category-variedades"],"jetpack_publicize_connections":[],"jetpack_featured_media_url":"https:\/\/i0.wp.com\/noticiasribeiraopreto.com.br\/wp-content\/uploads\/2023\/11\/istock-1271548786-1.jpg?fit=1200%2C638&ssl=1","jetpack-related-posts":[{"id":23915,"url":"https:\/\/noticiasribeiraopreto.com.br\/index.php\/2024\/01\/03\/8-fobias-mais-bizarras-do-mundo-meu-valor-digital\/","url_meta":{"origin":5136,"position":0},"title":"8 fobias mais bizarras do mundo &#8211; Meu Valor Digital","author":"noticiasribeiraopreto.com.br","date":"3 de January de 2024","format":false,"excerpt":"N\u00f3s seres humanos temos muitos medos irracionais, fobias que nos fazem temer as mais variadas coisas. Existem pessoas com fobias de aranhas, baratas e diversos outros tipos de insetos, animais e coisas. Os medos que temos \u00e9 o que nos mant\u00e9m vivos, mas n\u00e3o podemos deixar que o medo nos\u2026","rel":"","context":"In &quot;Vagas de Emprego em Ribeir\u00e3o Preto-SP&quot;","block_context":{"text":"Vagas de Emprego em Ribeir\u00e3o Preto-SP","link":"https:\/\/noticiasribeiraopreto.com.br\/index.php\/category\/empregos-classificados-vagas-trabalho\/vagas-de-empregos-em-ribeirao-preto-regiao-brasil\/"},"img":{"alt_text":"","src":"https:\/\/i0.wp.com\/noticiasribeiraopreto.com.br\/wp-content\/uploads\/2024\/01\/mulher-assustada-com-fobias.jpg?fit=1200%2C800&ssl=1&resize=350%2C200","width":350,"height":200,"srcset":"https:\/\/i0.wp.com\/noticiasribeiraopreto.com.br\/wp-content\/uploads\/2024\/01\/mulher-assustada-com-fobias.jpg?fit=1200%2C800&ssl=1&resize=350%2C200 1x, https:\/\/i0.wp.com\/noticiasribeiraopreto.com.br\/wp-content\/uploads\/2024\/01\/mulher-assustada-com-fobias.jpg?fit=1200%2C800&ssl=1&resize=525%2C300 1.5x, https:\/\/i0.wp.com\/noticiasribeiraopreto.com.br\/wp-content\/uploads\/2024\/01\/mulher-assustada-com-fobias.jpg?fit=1200%2C800&ssl=1&resize=700%2C400 2x, https:\/\/i0.wp.com\/noticiasribeiraopreto.com.br\/wp-content\/uploads\/2024\/01\/mulher-assustada-com-fobias.jpg?fit=1200%2C800&ssl=1&resize=1050%2C600 3x"},"classes":[]},{"id":24723,"url":"https:\/\/noticiasribeiraopreto.com.br\/index.php\/2024\/01\/04\/autofobia-o-medo-de-ficar-sozinho-meu-valor-digital\/","url_meta":{"origin":5136,"position":1},"title":"Autofobia: o medo de ficar sozinho &#8211; Meu Valor Digital","author":"noticiasribeiraopreto.com.br","date":"4 de January de 2024","format":false,"excerpt":"Algumas pessoas t\u00eam um medo irracional e incomum de ficar sozinho. Essa fobia \u00e9 conhecida como Autofobia. \u00c9 quando as pessoas desenvolvem um p\u00e2nico, evitando situa\u00e7\u00f5es que imaginam que as levar\u00e3o \u00e0 solid\u00e3o.\u00a0 Esse tipo de fobia leva voc\u00ea a ter necessidade de estar pr\u00f3xima a outras pessoas, podendo ter\u2026","rel":"","context":"In &quot;Vagas de Emprego em Ribeir\u00e3o Preto-SP&quot;","block_context":{"text":"Vagas de Emprego em Ribeir\u00e3o Preto-SP","link":"https:\/\/noticiasribeiraopreto.com.br\/index.php\/category\/empregos-classificados-vagas-trabalho\/vagas-de-empregos-em-ribeirao-preto-regiao-brasil\/"},"img":{"alt_text":"","src":"https:\/\/i0.wp.com\/noticiasribeiraopreto.com.br\/wp-content\/uploads\/2024\/01\/4-Autofobia-1.jpg?fit=1200%2C773&ssl=1&resize=350%2C200","width":350,"height":200,"srcset":"https:\/\/i0.wp.com\/noticiasribeiraopreto.com.br\/wp-content\/uploads\/2024\/01\/4-Autofobia-1.jpg?fit=1200%2C773&ssl=1&resize=350%2C200 1x, https:\/\/i0.wp.com\/noticiasribeiraopreto.com.br\/wp-content\/uploads\/2024\/01\/4-Autofobia-1.jpg?fit=1200%2C773&ssl=1&resize=525%2C300 1.5x, https:\/\/i0.wp.com\/noticiasribeiraopreto.com.br\/wp-content\/uploads\/2024\/01\/4-Autofobia-1.jpg?fit=1200%2C773&ssl=1&resize=700%2C400 2x, https:\/\/i0.wp.com\/noticiasribeiraopreto.com.br\/wp-content\/uploads\/2024\/01\/4-Autofobia-1.jpg?fit=1200%2C773&ssl=1&resize=1050%2C600 3x"},"classes":[]},{"id":70398,"url":"https:\/\/noticiasribeiraopreto.com.br\/index.php\/2025\/05\/25\/jornal-da-franca-descubra-por-que-os-cachorros-tem-medo-de-fumaca-e-outras-fobias\/","url_meta":{"origin":5136,"position":2},"title":"Jornal da Franca &#8211; Descubra por que os cachorros t\u00eam medo de fuma\u00e7a e outras fobias!","author":"noticiasribeiraopreto.com.br","date":"25 de May de 2025","format":false,"excerpt":"compartilhar no whatsapp compartilhar no telegram compartilhar no facebook compartilhar no linkedin Uma das maneiras de ajudar o\u00a0cachorro que est\u00e1 assustado\u00a0\u00e9 preparar um \u201ccantinho da seguran\u00e7a\u201d na casa para ele Por que cachorro tem medo de fuma\u00e7a? Porque onde h\u00e1 fuma\u00e7a, h\u00e1 fogo! Brincadeiras \u00e0 parte, o medo \u00e9 uma\u2026","rel":"","context":"In &quot;Not\u00edcias de Franca-SP&quot;","block_context":{"text":"Not\u00edcias de Franca-SP","link":"https:\/\/noticiasribeiraopreto.com.br\/index.php\/category\/noticias-de-ribeirao-preto-sp-e-regiao-ismael-colosi\/noticias-franca-sp\/"},"img":{"alt_text":"","src":"https:\/\/i0.wp.com\/noticiasribeiraopreto.com.br\/wp-content\/uploads\/2025\/05\/2149872923.jpg?fit=1000%2C665&ssl=1&resize=350%2C200","width":350,"height":200,"srcset":"https:\/\/i0.wp.com\/noticiasribeiraopreto.com.br\/wp-content\/uploads\/2025\/05\/2149872923.jpg?fit=1000%2C665&ssl=1&resize=350%2C200 1x, https:\/\/i0.wp.com\/noticiasribeiraopreto.com.br\/wp-content\/uploads\/2025\/05\/2149872923.jpg?fit=1000%2C665&ssl=1&resize=525%2C300 1.5x, https:\/\/i0.wp.com\/noticiasribeiraopreto.com.br\/wp-content\/uploads\/2025\/05\/2149872923.jpg?fit=1000%2C665&ssl=1&resize=700%2C400 2x"},"classes":[]},{"id":63641,"url":"https:\/\/noticiasribeiraopreto.com.br\/index.php\/2025\/02\/18\/fibromialgia-como-a-doenca-pode-afetar-o-bem-estar-emocional\/","url_meta":{"origin":5136,"position":3},"title":"Fibromialgia: como a doen\u00e7a pode afetar o bem-estar emocional?","author":"noticiasribeiraopreto.com.br","date":"18 de February de 2025","format":false,"excerpt":"Conviver diariamente com dor cr\u00f4nica \u00e9 um desafio que vai al\u00e9m do aspecto f\u00edsico. O sofrimento rotineiro, muitas vezes invis\u00edvel para os outros, tamb\u00e9m impacta profundamente a sa\u00fade mental de quem o enfrenta. \u00c9 assim com quem sofre de fibromialgia, uma condi\u00e7\u00e3o ainda cercada por incompreens\u00e3o e desinforma\u00e7\u00e3o. Al\u00e9m de\u2026","rel":"","context":"In &quot;Not\u00edcias de Ribeir\u00e3o Preto-SP e Regi\u00e3o&quot;","block_context":{"text":"Not\u00edcias de Ribeir\u00e3o Preto-SP e Regi\u00e3o","link":"https:\/\/noticiasribeiraopreto.com.br\/index.php\/category\/noticias-de-ribeirao-preto-sp-e-regiao-ismael-colosi\/"},"img":{"alt_text":"","src":"https:\/\/i0.wp.com\/noticiasribeiraopreto.com.br\/wp-content\/uploads\/2025\/02\/Imagem-do-WhatsApp-de-2025-02-18-as-12.10.42_fdd6849c.jpg?fit=1200%2C800&ssl=1&resize=350%2C200","width":350,"height":200,"srcset":"https:\/\/i0.wp.com\/noticiasribeiraopreto.com.br\/wp-content\/uploads\/2025\/02\/Imagem-do-WhatsApp-de-2025-02-18-as-12.10.42_fdd6849c.jpg?fit=1200%2C800&ssl=1&resize=350%2C200 1x, https:\/\/i0.wp.com\/noticiasribeiraopreto.com.br\/wp-content\/uploads\/2025\/02\/Imagem-do-WhatsApp-de-2025-02-18-as-12.10.42_fdd6849c.jpg?fit=1200%2C800&ssl=1&resize=525%2C300 1.5x, https:\/\/i0.wp.com\/noticiasribeiraopreto.com.br\/wp-content\/uploads\/2025\/02\/Imagem-do-WhatsApp-de-2025-02-18-as-12.10.42_fdd6849c.jpg?fit=1200%2C800&ssl=1&resize=700%2C400 2x, https:\/\/i0.wp.com\/noticiasribeiraopreto.com.br\/wp-content\/uploads\/2025\/02\/Imagem-do-WhatsApp-de-2025-02-18-as-12.10.42_fdd6849c.jpg?fit=1200%2C800&ssl=1&resize=1050%2C600 3x"},"classes":[]},{"id":67679,"url":"https:\/\/noticiasribeiraopreto.com.br\/index.php\/2025\/04\/17\/o-que-acontece-com-a-saude-mental-e-fisica-em-quem-tem-o-habito-de-mentir\/","url_meta":{"origin":5136,"position":4},"title":"O que acontece com a sa\u00fade mental e f\u00edsica em quem tem o h\u00e1bito de mentir?","author":"noticiasribeiraopreto.com.br","date":"17 de April de 2025","format":false,"excerpt":"Compartilhar hist\u00f3rias inusitadas, criar situa\u00e7\u00f5es fantasiosas e pregar pe\u00e7as nos amigos \u00e9 um h\u00e1bito comum. No entanto, mentir vai muito al\u00e9m das brincadeiras pode ter impactos profundos na sa\u00fade mental e f\u00edsica, podendo estar associado a transtornos psicol\u00f3gicos. Segundo a psic\u00f3loga da Hapvida, Irenilza Moura, existem diversas raz\u00f5es que levam\u2026","rel":"","context":"In &quot;Not\u00edcias de Franca-SP&quot;","block_context":{"text":"Not\u00edcias de Franca-SP","link":"https:\/\/noticiasribeiraopreto.com.br\/index.php\/category\/noticias-de-ribeirao-preto-sp-e-regiao-ismael-colosi\/noticias-franca-sp\/"},"img":{"alt_text":"","src":"https:\/\/i0.wp.com\/noticiasribeiraopreto.com.br\/wp-content\/uploads\/2025\/04\/mentir-pessoas.jpeg?fit=1200%2C800&ssl=1&resize=350%2C200","width":350,"height":200,"srcset":"https:\/\/i0.wp.com\/noticiasribeiraopreto.com.br\/wp-content\/uploads\/2025\/04\/mentir-pessoas.jpeg?fit=1200%2C800&ssl=1&resize=350%2C200 1x, https:\/\/i0.wp.com\/noticiasribeiraopreto.com.br\/wp-content\/uploads\/2025\/04\/mentir-pessoas.jpeg?fit=1200%2C800&ssl=1&resize=525%2C300 1.5x, https:\/\/i0.wp.com\/noticiasribeiraopreto.com.br\/wp-content\/uploads\/2025\/04\/mentir-pessoas.jpeg?fit=1200%2C800&ssl=1&resize=700%2C400 2x, https:\/\/i0.wp.com\/noticiasribeiraopreto.com.br\/wp-content\/uploads\/2025\/04\/mentir-pessoas.jpeg?fit=1200%2C800&ssl=1&resize=1050%2C600 3x"},"classes":[]},{"id":72915,"url":"https:\/\/noticiasribeiraopreto.com.br\/index.php\/2025\/06\/22\/jornal-da-franca-festa-junina-veja-os-5-alimentos-tipicos-do-arraia-que-mais-causam-refluxo\/","url_meta":{"origin":5136,"position":5},"title":"Jornal da Franca &#8211; Festa junina: veja os 5 alimentos t\u00edpicos do arrai\u00e1 que mais causam refluxo","author":"noticiasribeiraopreto.com.br","date":"22 de June de 2025","format":false,"excerpt":"compartilhar no whatsapp compartilhar no telegram compartilhar no facebook compartilhar no linkedin Festas juninas exigem aten\u00e7\u00e3o de quem sofre de refluxo. Doces, bebidas e frituras t\u00edpicas podem agravar o problema e causar desconforto Quem gosta de festa junina e sofre com refluxo, precisa ficar atento na hora de escolher os\u2026","rel":"","context":"In &quot;Not\u00edcias de Franca-SP&quot;","block_context":{"text":"Not\u00edcias de Franca-SP","link":"https:\/\/noticiasribeiraopreto.com.br\/index.php\/category\/noticias-de-ribeirao-preto-sp-e-regiao-ismael-colosi\/noticias-franca-sp\/"},"img":{"alt_text":"","src":"https:\/\/i0.wp.com\/noticiasribeiraopreto.com.br\/wp-content\/uploads\/2025\/06\/mesa-festa-junina.jpg?fit=945%2C630&ssl=1&resize=350%2C200","width":350,"height":200,"srcset":"https:\/\/i0.wp.com\/noticiasribeiraopreto.com.br\/wp-content\/uploads\/2025\/06\/mesa-festa-junina.jpg?fit=945%2C630&ssl=1&resize=350%2C200 1x, https:\/\/i0.wp.com\/noticiasribeiraopreto.com.br\/wp-content\/uploads\/2025\/06\/mesa-festa-junina.jpg?fit=945%2C630&ssl=1&resize=525%2C300 1.5x, https:\/\/i0.wp.com\/noticiasribeiraopreto.com.br\/wp-content\/uploads\/2025\/06\/mesa-festa-junina.jpg?fit=945%2C630&ssl=1&resize=700%2C400 2x"},"classes":[]}],"jetpack_sharing_enabled":true,"jetpack_shortlink":"https:\/\/wp.me\/peQAOb-1kQ","_links":{"self":[{"href":"https:\/\/noticiasribeiraopreto.com.br\/index.php\/wp-json\/wp\/v2\/posts\/5136","targetHints":{"allow":["GET"]}}],"collection":[{"href":"https:\/\/noticiasribeiraopreto.com.br\/index.php\/wp-json\/wp\/v2\/posts"}],"about":[{"href":"https:\/\/noticiasribeiraopreto.com.br\/index.php\/wp-json\/wp\/v2\/types\/post"}],"author":[{"embeddable":true,"href":"https:\/\/noticiasribeiraopreto.com.br\/index.php\/wp-json\/wp\/v2\/users\/1"}],"replies":[{"embeddable":true,"href":"https:\/\/noticiasribeiraopreto.com.br\/index.php\/wp-json\/wp\/v2\/comments?post=5136"}],"version-history":[{"count":0,"href":"https:\/\/noticiasribeiraopreto.com.br\/index.php\/wp-json\/wp\/v2\/posts\/5136\/revisions"}],"wp:featuredmedia":[{"embeddable":true,"href":"https:\/\/noticiasribeiraopreto.com.br\/index.php\/wp-json\/wp\/v2\/media\/5137"}],"wp:attachment":[{"href":"https:\/\/noticiasribeiraopreto.com.br\/index.php\/wp-json\/wp\/v2\/media?parent=5136"}],"wp:term":[{"taxonomy":"category","embeddable":true,"href":"https:\/\/noticiasribeiraopreto.com.br\/index.php\/wp-json\/wp\/v2\/categories?post=5136"},{"taxonomy":"post_tag","embeddable":true,"href":"https:\/\/noticiasribeiraopreto.com.br\/index.php\/wp-json\/wp\/v2\/tags?post=5136"}],"curies":[{"name":"wp","href":"https:\/\/api.w.org\/{rel}","templated":true}]}}