{"id":51392,"date":"2024-05-25T20:14:08","date_gmt":"2024-05-25T23:14:08","guid":{"rendered":"https:\/\/noticiasribeiraopreto.com.br\/index.php\/2024\/05\/25\/policial-morre-apos-ser-atropelado-em-rodovia-na-regiao-de-ribeirao-preto\/"},"modified":"2024-05-25T20:14:08","modified_gmt":"2024-05-25T23:14:08","slug":"policial-morre-apos-ser-atropelado-em-rodovia-na-regiao-de-ribeirao-preto","status":"publish","type":"post","link":"https:\/\/noticiasribeiraopreto.com.br\/index.php\/2024\/05\/25\/policial-morre-apos-ser-atropelado-em-rodovia-na-regiao-de-ribeirao-preto\/","title":{"rendered":"Policial morre ap\u00f3s ser atropelado em rodovia na regi\u00e3o de Ribeir\u00e3o Preto"},"content":{"rendered":"<div class='code-block code-block-1' style='margin: 8px 0 8px auto; text-align: right; display: block; clear: both;'>\n<p><a href=\"https:\/\/wa.link\/vpicfd\"><img data-recalc-dims=\"1\" class=\"wp-image-4922\" style=\"aspect-ratio: 2.0253164556962027; width: 561px; height: auto;\" src=\"https:\/\/i0.wp.com\/ismaelcolosi.com.br\/wp-content\/uploads\/2023\/11\/grupo-de-empregos-whatsapp-e-facebook-ismael-colosi-vagas.jpg?ssl=1\" alt=\"\" \/><\/a><\/p>\n<!-- \/wp:image -->\n<\/div>\n<p> <br \/>\n<\/p>\n<div data-td-block-uid=\"tdi_101\">\n<div class=\"tdb-block-inner td-fix-index\">\n<p><em>Mat\u00e9ria atualizada \u00e0s 19h15, de 25 de maio de 2024<\/em><\/p>\n<p>Um <strong>policial rodovi\u00e1rio<\/strong> morreu ap\u00f3s ser atropelado no come\u00e7o da noite deste s\u00e1bado (25), na <strong>rodovia Anhanguera (SP-330)<\/strong>, pr\u00f3ximo ao quil\u00f4metro 303, entre <strong>Ribeir\u00e3o Preto<\/strong> e <strong>Cravinhos<\/strong>.<\/p>\n<p><mark style=\"background-color:#fcb900\" class=\"has-inline-color\">De acordo com as primeiras da <em>EPTV<\/em>, que est\u00e1 com uma equipe no local, <strong>um casal estaria fugindo da pol\u00edcia e n\u00e3o teria respeitado \u00e0 ordem de parada do agente.<\/strong><\/mark><\/p>\n<p>O policial foi atropelado e o <strong>ve\u00edculo que o homem dirigia capotou<\/strong>. O resgate foi at\u00e9 o local, no entanto, o agente n\u00e3o resistiu e morreu. Ainda n\u00e3o se sabe qual foi a din\u00e2mica exata do acidente.<\/p>\n<p><strong>O homem que dirigia o carro tamb\u00e9m morreu<\/strong>. J\u00e1 a mulher que estava como passageira no ve\u00edculo sofreu alguns ferimentos e foi presa. <\/p>\n<p>De acordo com <strong>a Arteris ViaPaulista<\/strong>, foi necess\u00e1rio interditar a rodovia nos dois sentidos, contudo, a pista Sul, sentido j\u00e1 foi liberada. A pista Norte continua bloqueada, com congestionamento de tr\u00eas quil\u00f4metros.<\/p>\n<p>Equipes da Pol\u00edcia Militar Rodovi\u00e1ria e da per\u00edcia est\u00e3o no local.<\/p>\n<p>*<em>O portal acidade on acompanha o caso.<\/em><\/p>\n<hr class=\"wp-block-separator has-alpha-channel-opacity\"\/>\n<p>SAIBA MAIS<\/p>\n<p>Jovem morre ap\u00f3s acidente com moto na zona Norte de Ribeir\u00e3o Preto<\/p>\n<h4 class=\"wp-block-heading\"><strong>FIQUE ON<\/strong><\/h4>\n<p>Fique ligado em tudo que acontece em Ribeir\u00e3o Preto e regi\u00e3o. Siga os perfis do\u00a0<strong>acidade on\u00a0<\/strong>no\u00a0<a href=\"https:\/\/www.instagram.com\/acidadeonribeirao\" target=\"_blank\" rel=\"noreferrer noopener\">Instagram<\/a>\u00a0e no\u00a0<a href=\"https:\/\/www.facebook.com\/acidadeonribeirao\" target=\"_blank\" rel=\"noreferrer noopener\">Facebook<\/a>.<\/p>\n<p>Receba not\u00edcias do acidade on no WhatsApp. Para entrar no grupo, basta\u00a0<a href=\"https:\/\/chat.whatsapp.com\/CdrZ6xrf7quD44Vw3WlPuZ\" target=\"_blank\" rel=\"noreferrer noopener\">clicar aqui<\/a>.<\/p>\n<p>Fa\u00e7a uma den\u00fancia ou sugira uma reportagem sobre Ribeir\u00e3o Preto e regi\u00e3o pelo WhatsApp: 16 99117 7802.<\/p>\n<p>VEJA TAMB\u00c9M<\/p>\n<p>Millie Bobby Brown, a Eleven, se casa com Jake Bongiovi<\/p>\n<p><!-- AI CONTENT END 1 -->\n<\/div>\n<\/div>\n<p><script async src=\"\/\/www.instagram.com\/embed.js\"><\/script><br \/>\n<br \/><br \/>\n<br \/><a href=\"https:\/\/www.acidadeon.com\/ribeiraopreto\/cotidiano\/policial-e-atropelado-durante-perseguicao-em-rodovia-na-regiao-de-ribeirao-preto\/\">Source link <\/a><\/p>\n<!-- CONTENT END 1 -->\n","protected":false},"excerpt":{"rendered":"<p>Mat\u00e9ria atualizada \u00e0s 19h15, de 25 de maio de 2024 Um policial rodovi\u00e1rio morreu ap\u00f3s ser atropelado no come\u00e7o da noite deste s\u00e1bado (25), na&#8230;<\/p>\n","protected":false},"author":1,"featured_media":51393,"comment_status":"open","ping_status":"open","sticky":false,"template":"","format":"standard","meta":{"advanced_seo_description":"","jetpack_seo_html_title":"","jetpack_seo_noindex":false,"jetpack_post_was_ever_published":false,"_jetpack_newsletter_access":"","_jetpack_dont_email_post_to_subs":false,"_jetpack_newsletter_tier_id":0,"_jetpack_memberships_contains_paywalled_content":false,"_jetpack_memberships_contains_paid_content":false,"footnotes":"","jetpack_publicize_message":"","jetpack_publicize_feature_enabled":true,"jetpack_social_post_already_shared":false,"jetpack_social_options":{"image_generator_settings":{"template":"highway","default_image_id":0,"font":"","enabled":false},"version":2}},"categories":[11],"tags":[],"class_list":["post-51392","post","type-post","status-publish","format-standard","has-post-thumbnail","hentry","category-noticias-de-ribeirao-preto-sp-e-regiao-ismael-colosi"],"jetpack_publicize_connections":[],"jetpack_featured_media_url":"https:\/\/i0.wp.com\/noticiasribeiraopreto.com.br\/wp-content\/uploads\/2024\/05\/WhatsApp-Image-2024-05-25-at-19.24.08_2024-05-25_22-25-30_jpeg_2024-05-25_22-25-30.webp.webp?fit=1110%2C528&ssl=1","jetpack-related-posts":[{"id":62631,"url":"https:\/\/noticiasribeiraopreto.com.br\/index.php\/2025\/01\/20\/motorista-morre-atropelado-ao-prestar-socorro-em-rodovia-na-regiao-de-ribeirao\/","url_meta":{"origin":51392,"position":0},"title":"Motorista morre atropelado ao prestar socorro em rodovia na regi\u00e3o de Ribeir\u00e3o","author":"noticiasribeiraopreto.com.br","date":"20 de January de 2025","format":false,"excerpt":"Um homem de 37 anos morreu em um acidente na rodovia Brigadeiro Faria Lima, em Taquaral, na regi\u00e3o de Ribeir\u00e3o Preto, na noite de domingo (19). A v\u00edtima foi atropelada ap\u00f3s descer do carro para socorrer o piloto de uma moto. Segundo apura\u00e7\u00e3o da EPTV, a v\u00edtima dirigia um carro\u2026","rel":"","context":"In &quot;Not\u00edcias de Ribeir\u00e3o Preto-SP e Regi\u00e3o&quot;","block_context":{"text":"Not\u00edcias de Ribeir\u00e3o Preto-SP e Regi\u00e3o","link":"https:\/\/noticiasribeiraopreto.com.br\/index.php\/category\/noticias-de-ribeirao-preto-sp-e-regiao-ismael-colosi\/"},"img":{"alt_text":"","src":"https:\/\/i0.wp.com\/noticiasribeiraopreto.com.br\/wp-content\/uploads\/2025\/01\/acidente-brigadeiro-faria-lima_2025-01-20_11-55-49_jpg_2025-01-20_11-55-49.webp.webp?fit=1014%2C644&ssl=1&resize=350%2C200","width":350,"height":200,"srcset":"https:\/\/i0.wp.com\/noticiasribeiraopreto.com.br\/wp-content\/uploads\/2025\/01\/acidente-brigadeiro-faria-lima_2025-01-20_11-55-49_jpg_2025-01-20_11-55-49.webp.webp?fit=1014%2C644&ssl=1&resize=350%2C200 1x, https:\/\/i0.wp.com\/noticiasribeiraopreto.com.br\/wp-content\/uploads\/2025\/01\/acidente-brigadeiro-faria-lima_2025-01-20_11-55-49_jpg_2025-01-20_11-55-49.webp.webp?fit=1014%2C644&ssl=1&resize=525%2C300 1.5x, https:\/\/i0.wp.com\/noticiasribeiraopreto.com.br\/wp-content\/uploads\/2025\/01\/acidente-brigadeiro-faria-lima_2025-01-20_11-55-49_jpg_2025-01-20_11-55-49.webp.webp?fit=1014%2C644&ssl=1&resize=700%2C400 2x"},"classes":[]},{"id":84473,"url":"https:\/\/noticiasribeiraopreto.com.br\/index.php\/2026\/04\/10\/motorista-morre-apos-bater-carro-sair-do-veiculo-e-ser-atropelado-por-onibus-em-rodovia\/","url_meta":{"origin":51392,"position":1},"title":"Motorista morre ap\u00f3s bater carro, sair do ve\u00edculo e ser atropelado por \u00f4nibus em rodovia","author":"noticiasribeiraopreto.com.br","date":"10 de April de 2026","format":false,"excerpt":"Ler o resumo da not\u00edcia Motorista morreu atropelado por \u00f4nibus na rodovia C\u00e2ndido Portinari (SP-334), em Ribeir\u00e3o Preto, na noite de quinta-feira (9). Condutor bateu o carro contra prote\u00e7\u00e3o met\u00e1lica ao acessar a Anhanguera (SP-330) pelo km 318, saiu do ve\u00edculo e foi atingido no sentido norte. Motorista do \u00f4nibus\u2026","rel":"","context":"In &quot;Not\u00edcias de Ribeir\u00e3o Preto-SP e Regi\u00e3o&quot;","block_context":{"text":"Not\u00edcias de Ribeir\u00e3o Preto-SP e Regi\u00e3o","link":"https:\/\/noticiasribeiraopreto.com.br\/index.php\/category\/noticias-de-ribeirao-preto-sp-e-regiao-ismael-colosi\/"},"img":{"alt_text":"","src":"https:\/\/i0.wp.com\/noticiasribeiraopreto.com.br\/wp-content\/uploads\/2026\/04\/19aa59d2-a2ae-4a84-95dd-dca5750e81eb_2026-04-10_10-33-16.webp.webp?fit=1200%2C900&ssl=1&resize=350%2C200","width":350,"height":200,"srcset":"https:\/\/i0.wp.com\/noticiasribeiraopreto.com.br\/wp-content\/uploads\/2026\/04\/19aa59d2-a2ae-4a84-95dd-dca5750e81eb_2026-04-10_10-33-16.webp.webp?fit=1200%2C900&ssl=1&resize=350%2C200 1x, https:\/\/i0.wp.com\/noticiasribeiraopreto.com.br\/wp-content\/uploads\/2026\/04\/19aa59d2-a2ae-4a84-95dd-dca5750e81eb_2026-04-10_10-33-16.webp.webp?fit=1200%2C900&ssl=1&resize=525%2C300 1.5x, https:\/\/i0.wp.com\/noticiasribeiraopreto.com.br\/wp-content\/uploads\/2026\/04\/19aa59d2-a2ae-4a84-95dd-dca5750e81eb_2026-04-10_10-33-16.webp.webp?fit=1200%2C900&ssl=1&resize=700%2C400 2x, https:\/\/i0.wp.com\/noticiasribeiraopreto.com.br\/wp-content\/uploads\/2026\/04\/19aa59d2-a2ae-4a84-95dd-dca5750e81eb_2026-04-10_10-33-16.webp.webp?fit=1200%2C900&ssl=1&resize=1050%2C600 3x"},"classes":[]},{"id":51405,"url":"https:\/\/noticiasribeiraopreto.com.br\/index.php\/2024\/05\/26\/identificado-policial-que-morreu-atropelado-apos-perseguicao-em-rodovia-de-ribeirao\/","url_meta":{"origin":51392,"position":2},"title":"Identificado policial que morreu atropelado ap\u00f3s persegui\u00e7\u00e3o em rodovia de Ribeir\u00e3o","author":"noticiasribeiraopreto.com.br","date":"26 de May de 2024","format":false,"excerpt":"O policial militar rodovi\u00e1rio, que morreu ap\u00f3s ser atropelado durante uma persegui\u00e7\u00e3o, foi identificado como J\u00falio C\u00e9sar Vieira de Castro, de 45 anos de idade. J\u00falio pertencia ao 1\u00ba Pelot\u00e3o da 4\u00aa Companhia do 3\u00ba Batalh\u00e3o de Pol\u00edcia Rodovi\u00e1ria. O cabo da PM era nascido em Batatais e, atualmente, morava\u2026","rel":"","context":"In &quot;Not\u00edcias de Ribeir\u00e3o Preto-SP e Regi\u00e3o&quot;","block_context":{"text":"Not\u00edcias de Ribeir\u00e3o Preto-SP e Regi\u00e3o","link":"https:\/\/noticiasribeiraopreto.com.br\/index.php\/category\/noticias-de-ribeirao-preto-sp-e-regiao-ismael-colosi\/"},"img":{"alt_text":"","src":"https:\/\/i0.wp.com\/noticiasribeiraopreto.com.br\/wp-content\/uploads\/2024\/05\/Copia-de-Copia-de-TAMANHO-EXATO-PARA-FOTOS-NO-SISTEMA-NOVO-1_2024-05-26_12-56-05_png_2024-05-26_12-56-05.webp.webp?fit=1200%2C675&ssl=1&resize=350%2C200","width":350,"height":200,"srcset":"https:\/\/i0.wp.com\/noticiasribeiraopreto.com.br\/wp-content\/uploads\/2024\/05\/Copia-de-Copia-de-TAMANHO-EXATO-PARA-FOTOS-NO-SISTEMA-NOVO-1_2024-05-26_12-56-05_png_2024-05-26_12-56-05.webp.webp?fit=1200%2C675&ssl=1&resize=350%2C200 1x, https:\/\/i0.wp.com\/noticiasribeiraopreto.com.br\/wp-content\/uploads\/2024\/05\/Copia-de-Copia-de-TAMANHO-EXATO-PARA-FOTOS-NO-SISTEMA-NOVO-1_2024-05-26_12-56-05_png_2024-05-26_12-56-05.webp.webp?fit=1200%2C675&ssl=1&resize=525%2C300 1.5x, https:\/\/i0.wp.com\/noticiasribeiraopreto.com.br\/wp-content\/uploads\/2024\/05\/Copia-de-Copia-de-TAMANHO-EXATO-PARA-FOTOS-NO-SISTEMA-NOVO-1_2024-05-26_12-56-05_png_2024-05-26_12-56-05.webp.webp?fit=1200%2C675&ssl=1&resize=700%2C400 2x, https:\/\/i0.wp.com\/noticiasribeiraopreto.com.br\/wp-content\/uploads\/2024\/05\/Copia-de-Copia-de-TAMANHO-EXATO-PARA-FOTOS-NO-SISTEMA-NOVO-1_2024-05-26_12-56-05_png_2024-05-26_12-56-05.webp.webp?fit=1200%2C675&ssl=1&resize=1050%2C600 3x"},"classes":[]},{"id":71921,"url":"https:\/\/noticiasribeiraopreto.com.br\/index.php\/2025\/06\/11\/ciclista-morre-em-acidente-na-regiao\/","url_meta":{"origin":51392,"position":3},"title":"Ciclista morre em acidente na regi\u00e3o","author":"noticiasribeiraopreto.com.br","date":"11 de June de 2025","format":false,"excerpt":"Homem teria tentado atravessar rodovia com sua bicicleta e acabou atropelado; havia neblina no momento do acidente 11 de junho de 2025 10:2511 de junho de 2025 12:2556 Compartilhar3 Por: Adalberto Luque Um homem de aproximadamente 55 anos morreu, na manh\u00e3 desta quarta-feira (11), ap\u00f3s ser atropelado em uma rodovia.\u2026","rel":"","context":"In &quot;Not\u00edcias de Ribeir\u00e3o Preto-SP e Regi\u00e3o&quot;","block_context":{"text":"Not\u00edcias de Ribeir\u00e3o Preto-SP e Regi\u00e3o","link":"https:\/\/noticiasribeiraopreto.com.br\/index.php\/category\/noticias-de-ribeirao-preto-sp-e-regiao-ismael-colosi\/"},"img":{"alt_text":"","src":"https:\/\/i0.wp.com\/noticiasribeiraopreto.com.br\/wp-content\/uploads\/2025\/06\/1749658648_11-jun-2025-acidente-barrinha1-scaled.jpg?fit=679%2C500&ssl=1&resize=350%2C200","width":350,"height":200,"srcset":"https:\/\/i0.wp.com\/noticiasribeiraopreto.com.br\/wp-content\/uploads\/2025\/06\/1749658648_11-jun-2025-acidente-barrinha1-scaled.jpg?fit=679%2C500&ssl=1&resize=350%2C200 1x, https:\/\/i0.wp.com\/noticiasribeiraopreto.com.br\/wp-content\/uploads\/2025\/06\/1749658648_11-jun-2025-acidente-barrinha1-scaled.jpg?fit=679%2C500&ssl=1&resize=525%2C300 1.5x"},"classes":[]},{"id":61094,"url":"https:\/\/noticiasribeiraopreto.com.br\/index.php\/2024\/12\/03\/familia-autoriza-doacao-de-orgaos-de-pm-que-morreu-apos-ser-atropelado-em-ribeirao\/","url_meta":{"origin":51392,"position":4},"title":"Fam\u00edlia autoriza doa\u00e7\u00e3o de \u00f3rg\u00e3os de PM que morreu ap\u00f3s ser atropelado em Ribeir\u00e3o","author":"noticiasribeiraopreto.com.br","date":"3 de December de 2024","format":false,"excerpt":"Morreu o policial militar Wilson Calos Rom\u00e3o Machado, de 45 anos, que foi atropelado na \u00faltima quinta-feira (28). \u00c0 EPTV, a fam\u00edlia de Rom\u00e3o confirmou que os \u00f3rg\u00e3os do homem j\u00e1 foram retirados para transplante. O cabo da PM teve morte cerebral confirmada nesta segunda-feira (2), quatro dias ap\u00f3s ser\u2026","rel":"","context":"In &quot;Not\u00edcias de Ribeir\u00e3o Preto-SP e Regi\u00e3o&quot;","block_context":{"text":"Not\u00edcias de Ribeir\u00e3o Preto-SP e Regi\u00e3o","link":"https:\/\/noticiasribeiraopreto.com.br\/index.php\/category\/noticias-de-ribeirao-preto-sp-e-regiao-ismael-colosi\/"},"img":{"alt_text":"","src":"https:\/\/i0.wp.com\/noticiasribeiraopreto.com.br\/wp-content\/uploads\/2024\/12\/Copia-de-Copia-de-Copia-de-TAMANHO-EXATO-PARA-FOTOS-NO-SISTEMA-NOVO-2024-12-02T210209.320_2024-12-03_00-02-30_png_2024-12-03_00-02-30.webp.webp?fit=1200%2C675&ssl=1&resize=350%2C200","width":350,"height":200,"srcset":"https:\/\/i0.wp.com\/noticiasribeiraopreto.com.br\/wp-content\/uploads\/2024\/12\/Copia-de-Copia-de-Copia-de-TAMANHO-EXATO-PARA-FOTOS-NO-SISTEMA-NOVO-2024-12-02T210209.320_2024-12-03_00-02-30_png_2024-12-03_00-02-30.webp.webp?fit=1200%2C675&ssl=1&resize=350%2C200 1x, https:\/\/i0.wp.com\/noticiasribeiraopreto.com.br\/wp-content\/uploads\/2024\/12\/Copia-de-Copia-de-Copia-de-TAMANHO-EXATO-PARA-FOTOS-NO-SISTEMA-NOVO-2024-12-02T210209.320_2024-12-03_00-02-30_png_2024-12-03_00-02-30.webp.webp?fit=1200%2C675&ssl=1&resize=525%2C300 1.5x, https:\/\/i0.wp.com\/noticiasribeiraopreto.com.br\/wp-content\/uploads\/2024\/12\/Copia-de-Copia-de-Copia-de-TAMANHO-EXATO-PARA-FOTOS-NO-SISTEMA-NOVO-2024-12-02T210209.320_2024-12-03_00-02-30_png_2024-12-03_00-02-30.webp.webp?fit=1200%2C675&ssl=1&resize=700%2C400 2x, https:\/\/i0.wp.com\/noticiasribeiraopreto.com.br\/wp-content\/uploads\/2024\/12\/Copia-de-Copia-de-Copia-de-TAMANHO-EXATO-PARA-FOTOS-NO-SISTEMA-NOVO-2024-12-02T210209.320_2024-12-03_00-02-30_png_2024-12-03_00-02-30.webp.webp?fit=1200%2C675&ssl=1&resize=1050%2C600 3x"},"classes":[]},{"id":84493,"url":"https:\/\/noticiasribeiraopreto.com.br\/index.php\/2026\/04\/10\/homem-morre-apos-atropelamento-em-rodovia\/","url_meta":{"origin":51392,"position":5},"title":"Homem morre ap\u00f3s atropelamento em rodovia","author":"noticiasribeiraopreto.com.br","date":"10 de April de 2026","format":false,"excerpt":"\r V\u00edtima, que havia acabado de bater com o carro, deixou o ve\u00edculo e acabou atropelada por um \u00f4nibus\r \r 10 de abril de 2026 10:0010 de abril de 2026 12:17 \r Compartilhar2 | Por: Adalberto Luque | Um homem morreu atropelado, na madrugada desta sexta-feira (10). O acidente ocorreu\u2026","rel":"","context":"In &quot;Not\u00edcias de Ribeir\u00e3o Preto-SP e Regi\u00e3o&quot;","block_context":{"text":"Not\u00edcias de Ribeir\u00e3o Preto-SP e Regi\u00e3o","link":"https:\/\/noticiasribeiraopreto.com.br\/index.php\/category\/noticias-de-ribeirao-preto-sp-e-regiao-ismael-colosi\/"},"img":{"alt_text":"","src":"https:\/\/i0.wp.com\/noticiasribeiraopreto.com.br\/wp-content\/uploads\/2026\/04\/10-abr-2026-acidenteportinari1-scaled.jpg?fit=1040%2C780&ssl=1&resize=350%2C200","width":350,"height":200,"srcset":"https:\/\/i0.wp.com\/noticiasribeiraopreto.com.br\/wp-content\/uploads\/2026\/04\/10-abr-2026-acidenteportinari1-scaled.jpg?fit=1040%2C780&ssl=1&resize=350%2C200 1x, https:\/\/i0.wp.com\/noticiasribeiraopreto.com.br\/wp-content\/uploads\/2026\/04\/10-abr-2026-acidenteportinari1-scaled.jpg?fit=1040%2C780&ssl=1&resize=525%2C300 1.5x, https:\/\/i0.wp.com\/noticiasribeiraopreto.com.br\/wp-content\/uploads\/2026\/04\/10-abr-2026-acidenteportinari1-scaled.jpg?fit=1040%2C780&ssl=1&resize=700%2C400 2x"},"classes":[]}],"jetpack_sharing_enabled":true,"jetpack_shortlink":"https:\/\/wp.me\/peQAOb-dmU","_links":{"self":[{"href":"https:\/\/noticiasribeiraopreto.com.br\/index.php\/wp-json\/wp\/v2\/posts\/51392","targetHints":{"allow":["GET"]}}],"collection":[{"href":"https:\/\/noticiasribeiraopreto.com.br\/index.php\/wp-json\/wp\/v2\/posts"}],"about":[{"href":"https:\/\/noticiasribeiraopreto.com.br\/index.php\/wp-json\/wp\/v2\/types\/post"}],"author":[{"embeddable":true,"href":"https:\/\/noticiasribeiraopreto.com.br\/index.php\/wp-json\/wp\/v2\/users\/1"}],"replies":[{"embeddable":true,"href":"https:\/\/noticiasribeiraopreto.com.br\/index.php\/wp-json\/wp\/v2\/comments?post=51392"}],"version-history":[{"count":0,"href":"https:\/\/noticiasribeiraopreto.com.br\/index.php\/wp-json\/wp\/v2\/posts\/51392\/revisions"}],"wp:featuredmedia":[{"embeddable":true,"href":"https:\/\/noticiasribeiraopreto.com.br\/index.php\/wp-json\/wp\/v2\/media\/51393"}],"wp:attachment":[{"href":"https:\/\/noticiasribeiraopreto.com.br\/index.php\/wp-json\/wp\/v2\/media?parent=51392"}],"wp:term":[{"taxonomy":"category","embeddable":true,"href":"https:\/\/noticiasribeiraopreto.com.br\/index.php\/wp-json\/wp\/v2\/categories?post=51392"},{"taxonomy":"post_tag","embeddable":true,"href":"https:\/\/noticiasribeiraopreto.com.br\/index.php\/wp-json\/wp\/v2\/tags?post=51392"}],"curies":[{"name":"wp","href":"https:\/\/api.w.org\/{rel}","templated":true}]}}