{"id":51394,"date":"2024-05-25T20:44:11","date_gmt":"2024-05-25T23:44:11","guid":{"rendered":"https:\/\/noticiasribeiraopreto.com.br\/index.php\/2024\/05\/25\/luisa-sonza-lanca-escandalo-intimo-o-filme\/"},"modified":"2024-05-25T20:44:11","modified_gmt":"2024-05-25T23:44:11","slug":"luisa-sonza-lanca-escandalo-intimo-o-filme","status":"publish","type":"post","link":"https:\/\/noticiasribeiraopreto.com.br\/index.php\/2024\/05\/25\/luisa-sonza-lanca-escandalo-intimo-o-filme\/","title":{"rendered":"Lu\u00edsa Sonza lan\u00e7a &#8216;Esc\u00e2ndalo \u00cdntimo &#8211; O Filme&#8217;"},"content":{"rendered":"<div class='code-block code-block-1' style='margin: 8px 0 8px auto; text-align: right; display: block; clear: both;'>\n<p><a href=\"https:\/\/wa.link\/vpicfd\"><img data-recalc-dims=\"1\" class=\"wp-image-4922\" style=\"aspect-ratio: 2.0253164556962027; width: 561px; height: auto;\" src=\"https:\/\/i0.wp.com\/ismaelcolosi.com.br\/wp-content\/uploads\/2023\/11\/grupo-de-empregos-whatsapp-e-facebook-ismael-colosi-vagas.jpg?ssl=1\" alt=\"\" \/><\/a><\/p>\n<!-- \/wp:image -->\n<\/div>\n<p> <br \/>\n<\/p>\n<div>\n<h3 class=\"fn__maintitle\"><span>Lu\u00edsa Sonza lan\u00e7a \u2018Esc\u00e2ndalo \u00cdntimo \u2013 O Filme\u2019<\/span><\/h3>\n<\/div>\n<div>\n<p style=\"text-align: center;\"><strong><i>Narrado pela pr\u00f3pria artista, obra ser\u00e1 disponibilizada no Youtube no dia 26\/05<\/i><\/strong><\/p>\n<p>Dando sequ\u00eancia aos lan\u00e7amentos da Era \u201cEsc\u00e2ndalo \u00cdntimo\u201d, Lu\u00edsa Sonza apresentar\u00e1 o filme de seu novo \u00e1lbum em primeira m\u00e3o na abertura do seu pr\u00f3ximo show, que acontece nos dias 24\/05 e 25\/05 (data extra) no Espa\u00e7o Unimed, em S\u00e3o Paulo. A obra ser\u00e1 disponibilizada em seguida, no dia 26\/05 (domingo), no canal da artista no Youtube. Com dire\u00e7\u00e3o de Diego Fraga e texto de Guilherme Ashcar, adaptado por Lu\u00edsa, o curta-metragem \u2018Esc\u00e2ndalo \u00cdntimo \u2013 O Filme\u2019 tem narra\u00e7\u00e3o da pr\u00f3pria artista e conta uma hist\u00f3ria de amor que se entrela\u00e7a com a jornada de amadurecimento da personagem. \u201c<i>As faixas do \u00e1lbum acabaram se tornando trilhas sonoras para os filmes da minha cabe\u00e7a, at\u00e9 realmente se transformarem em um \u00fanico filme unindo trechos dos clipes j\u00e1 lan\u00e7ados e imagens in\u00e9ditas<\/i>\u201c, conta a artista.<\/p>\n<p>O filme acompanha a artista pop Lu\u00edsa Sonza que, aos poucos, vai se despindo da armadura que a protegeu durante todos esses anos, para entrar no local mais fr\u00e1gil e sombrio que poderia explorar: o seu subconsciente. Inevitavelmente, essa viagem a leva ao seu passado, no interior do Rio Grande do Sul. Local reproduzido em uma fazenda localizada em Santana de Parna\u00edba, S\u00e3o Paulo.<\/p>\n<p>De acordo com Diego Fraga, a ideia do curta surgiu durante a pr\u00e9-produ\u00e7\u00e3o do \u00e1lbum, onde Lu\u00edsa contava sobre seus sonhos e pesadelos e como eles de certa forma refletiam momentos de sua vida. \u201c<i>A gente queria contar essa hist\u00f3ria de forma ultra pessoal, colocando de base os sonhos da Lu\u00edsa. Ent\u00e3o pegamos certos momentos e coisas que ela compartilhou e fomos reajustando na timeline pra contar essa hist\u00f3ria de amor. Por mais que o filme pare\u00e7a s\u00f3 terror, \u00e9 um romance da Lu\u00edsa com ela mesma<\/i>.\u201d, detalha.<\/p>\n<p><\/p>\n<p><i>Cr\u00e9dito Pam Martins<\/i><\/p>\n<p>Segundo Fl\u00e1vio Verne, que integra a dire\u00e7\u00e3o criativa do projeto, a ideia inicial \u00e9 que o filme pudesse passar de uma forma geral sobre o que \u00e9 o \u00e1lbum e sobre o que a Lu\u00edsa queria abordar mais profundamente, trazendo aspectos da psique, traumas, sonhos dentro de sonhos e como se curar mergulhando dentro da pr\u00f3pria mente.<i>\u00a0\u201cCome\u00e7amos a falar sobre o filme do EI ainda no primeiro semestre do ano passado. Durante o processo pesquisei muito sobre surrealismo e como ilustramos fatos que acontecem na nossa vida e deixam marcas que acabam virando fantasias na nossa mente. Acho que a experi\u00eancia num todo foi muito rica porque a Lu\u00edsa sempre trazia material pra gente trabalhar e pesquisar cada vez mais que \u00edamos nos aprofundando no processo do que de fato seria o filme. Ao longo desse quase um ano muitas coisas foram mudando e amadurecendo, o que foi \u00f3timo pra evolu\u00e7\u00e3o do projeto.\u201d<\/i>, conta.<\/p>\n<p>O curta passa por todas as fases de um romance t\u00f3xico at\u00e9 a chegada do momento de renascer. Usando os sonhos e pesadelos de Lu\u00edsa, \u00e9 contada essa hist\u00f3ria de amor, mostrando todos os ciclos de um romance que d\u00e1 errado.<\/p>\n<blockquote>\n<p>\u201c<i>No come\u00e7o do filme temos ela sozinha, em lugar novo, onde ela conhece algu\u00e9m e se entrega para o sacrif\u00edcio de se permitir estar e criar algo com outra pessoa. At\u00e9 que ela percebe que d\u00e1 errado e tenta sair desse relacionamento de toda forma \u2013 trecho em que a cama come\u00e7a a voar no filme, at\u00e9 alcan\u00e7ar o ponto em que decide acabar e matar aquilo tudo. \u00c9 quando ela finalmente renasce. Se v\u00ea pronta pra uma pr\u00f3xima, pra algo novo que vai acontecer e que ela n\u00e3o sabe o que \u00e9.<\/i>\u201c, explica Diego.<\/p>\n<\/blockquote>\n<p>Para dar vida ao filme, mais de 150 pessoas integraram a equipe. Foram utilizadas diversas t\u00e9cnicas de p\u00f3s-produ\u00e7\u00e3o e de efeitos especiais, com efeitos pr\u00e1ticos feitos na hora, efeitos de VFX produzidos em computador e utiliza\u00e7\u00e3o de Intelig\u00eancia Artificial. O apartamento das cenas foi inteiro constru\u00eddo dentro de uma roda, uma t\u00e9cnica inovadora desenvolvida por Diego Fraga juntamente com\u00a0<strong>Mart\u00e3o<\/strong>, um dos maiores efeitistas do Brasil. Somando ao time de peso, a trilha sonora do filme, 100% original, foi composta pelo premiado\u00a0<strong>Renan Frazer<\/strong>, e a dire\u00e7\u00e3o de fotografia feita pelo renomado\u00a0<strong>Pedro Delafuente<\/strong>.<\/p>\n<p><img data-recalc-dims=\"1\" loading=\"lazy\" decoding=\"async\" class=\"aligncenter size-full wp-image-2915\" src=\"https:\/\/i0.wp.com\/popito.com.br\/wp-content\/uploads\/2024\/05\/handler-2.jpg?resize=1066%2C1600&#038;ssl=1\" alt=\"\" width=\"1066\" height=\"1600\" srcset=\"https:\/\/popito.com.br\/wp-content\/uploads\/2024\/05\/handler-2.jpg 1066w, https:\/\/popito.com.br\/wp-content\/uploads\/2024\/05\/handler-2-200x300.jpg 200w, https:\/\/popito.com.br\/wp-content\/uploads\/2024\/05\/handler-2-682x1024.jpg 682w, https:\/\/popito.com.br\/wp-content\/uploads\/2024\/05\/handler-2-768x1153.jpg 768w, https:\/\/popito.com.br\/wp-content\/uploads\/2024\/05\/handler-2-1023x1536.jpg 1023w, https:\/\/popito.com.br\/wp-content\/uploads\/2024\/05\/handler-2-8x12.jpg 8w, https:\/\/popito.com.br\/wp-content\/uploads\/2024\/05\/handler-2-600x901.jpg 600w\" sizes=\"auto, (max-width: 1066px) 100vw, 1066px\"\/><br \/><i>Cr\u00e9dito Pam Martins<\/i><\/p>\n<p>\u00a0<\/p>\n<p><strong><u>FICHA T\u00c9CNICA \u201cESC\u00c2NDALO \u00cdNTIMO\u201d<\/u><\/strong><\/p>\n<p>REALIZA\u00c7\u00c3O: Fraga Studio<\/p>\n<p>Diretor: Diego Fraga<\/p>\n<p>Dire\u00e7\u00e3o Criativa: Diego Fraga, Fl\u00e1vio Verne, Lucas Pinho, Lu\u00edsa Sonza e Pedro Rettore<\/p>\n<p>Produ\u00e7\u00e3o Executiva: Diego Fraga e Pedro Rettore<\/p>\n<p>Dire\u00e7\u00e3o de Fotografia: Pedro Delafuente<\/p>\n<p>Dire\u00e7\u00e3o de arte: Annik Maas<\/p>\n<p>Dire\u00e7\u00e3o Segunda Unidade: Pedro Rettore<\/p>\n<p>Roteiro: Diego Fraga<\/p>\n<p>Assist\u00eancia Criativa: Lucas Drummond, Pedro Gibram e Thomas Webber<\/p>\n<p>1\u00baAd: Thomas Webber<\/p>\n<p>2\u00baAd: Helena Bera e Pedro Gibram<\/p>\n<p>Montagem e Finaliza\u00e7\u00e3o: Pedro Rettore<\/p>\n<p>CGI: Diego Fraga<\/p>\n<p>VFX: Brandon Ventura e Igor Rolim<\/p>\n<p>Color Grading: Marla Colour Grading<\/p>\n<p>Colorista: Fernando Lui<\/p>\n<p>M\u00fasica Original: Renan Franzen<\/p>\n<p>Sound Design: Augusto Stern e Fernando Efron<\/p>\n<p>Est\u00fadio de Sound Design: Bunker Sound Design<\/p>\n<p>Texto para a narra\u00e7\u00e3o: Gui Ashcar<\/p>\n<p>Adapta\u00e7\u00e3o do texto: Lu\u00edsa Sonza<\/p>\n<p>Assessoria de Comunica\u00e7\u00e3o: Lupa Comunica\u00e7\u00e3o<\/p>\n<div class=\"popito_fn_votewrap\">\n<h3 class=\"vote_title\">How do you vote?<\/h3>\n<div class=\"popito_fn_votes \" data-id=\"2913\">\n<p>0 People voted this article. 0 Upvotes &#8211; 0 Downvotes.<\/p>\n<\/div>\n<\/div>\n<\/div>\n<p><br \/>\n<br \/><a href=\"https:\/\/popito.com.br\/luisa-sonza-lanca-escandalo-intimo-o-filme\/\">Source link <\/a><\/p>\n<!-- CONTENT END 1 -->\n","protected":false},"excerpt":{"rendered":"<p>Lu\u00edsa Sonza lan\u00e7a \u2018Esc\u00e2ndalo \u00cdntimo \u2013 O Filme\u2019 Narrado pela pr\u00f3pria artista, obra ser\u00e1 disponibilizada no Youtube no dia 26\/05 Dando sequ\u00eancia aos lan\u00e7amentos da&#8230;<\/p>\n","protected":false},"author":1,"featured_media":51395,"comment_status":"open","ping_status":"open","sticky":false,"template":"","format":"standard","meta":{"advanced_seo_description":"","jetpack_seo_html_title":"","jetpack_seo_noindex":false,"jetpack_post_was_ever_published":false,"_jetpack_newsletter_access":"","_jetpack_dont_email_post_to_subs":false,"_jetpack_newsletter_tier_id":0,"_jetpack_memberships_contains_paywalled_content":false,"_jetpack_memberships_contains_paid_content":false,"footnotes":"","jetpack_publicize_message":"","jetpack_publicize_feature_enabled":true,"jetpack_social_post_already_shared":false,"jetpack_social_options":{"image_generator_settings":{"template":"highway","default_image_id":0,"font":"","enabled":false},"version":2}},"categories":[11],"tags":[985,2429,5636,138,2645,5634],"class_list":["post-51394","post","type-post","status-publish","format-standard","has-post-thumbnail","hentry","category-noticias-de-ribeirao-preto-sp-e-regiao-ismael-colosi","tag-escandalo","tag-filme","tag-intimo","tag-lanca","tag-luisa","tag-sonza"],"jetpack_publicize_connections":[],"jetpack_featured_media_url":"https:\/\/i0.wp.com\/noticiasribeiraopreto.com.br\/wp-content\/uploads\/2024\/05\/handler.jpg?fit=1600%2C1066&ssl=1","jetpack-related-posts":[{"id":46936,"url":"https:\/\/noticiasribeiraopreto.com.br\/index.php\/2024\/04\/15\/luisa-sonza-ultrapassa-meio-milhao-de-streams-no-spotify-com-escandalo-intimo\/","url_meta":{"origin":51394,"position":0},"title":"Lu\u00edsa Sonza ultrapassa meio milh\u00e3o de streams no Spotify com &#8220;Esc\u00e2ndalo \u00cdntimo&#8221;","author":"noticiasribeiraopreto.com.br","date":"15 de April de 2024","format":false,"excerpt":"Lu\u00edsa Sonza ultrapassa meio milh\u00e3o de streams no Spotify com \u201cEsc\u00e2ndalo \u00cdntimo\u201dEla tem n\u00fameros e ainda \u00e9 artista! Lu\u00edsa Sonza ultrapassou meio milh\u00e3o de streams no Spotify com seu novo disco \u201cEsc\u00e2ndalo \u00cdntimo\u201d. A artista conta tamb\u00e9m com mais de 700 milh\u00f5es de streams com o \u00e1lbum \u201cDoce 22\u201d na\u2026","rel":"","context":"In &quot;Not\u00edcias de Ribeir\u00e3o Preto-SP e Regi\u00e3o&quot;","block_context":{"text":"Not\u00edcias de Ribeir\u00e3o Preto-SP e Regi\u00e3o","link":"https:\/\/noticiasribeiraopreto.com.br\/index.php\/category\/noticias-de-ribeirao-preto-sp-e-regiao-ismael-colosi\/"},"img":{"alt_text":"","src":"https:\/\/i0.wp.com\/noticiasribeiraopreto.com.br\/wp-content\/uploads\/2024\/04\/2875510271.jpg?fit=800%2C1200&ssl=1&resize=350%2C200","width":350,"height":200,"srcset":"https:\/\/i0.wp.com\/noticiasribeiraopreto.com.br\/wp-content\/uploads\/2024\/04\/2875510271.jpg?fit=800%2C1200&ssl=1&resize=350%2C200 1x, https:\/\/i0.wp.com\/noticiasribeiraopreto.com.br\/wp-content\/uploads\/2024\/04\/2875510271.jpg?fit=800%2C1200&ssl=1&resize=525%2C300 1.5x, https:\/\/i0.wp.com\/noticiasribeiraopreto.com.br\/wp-content\/uploads\/2024\/04\/2875510271.jpg?fit=800%2C1200&ssl=1&resize=700%2C400 2x"},"classes":[]},{"id":15826,"url":"https:\/\/noticiasribeiraopreto.com.br\/index.php\/2023\/12\/14\/luisa-sonza-mostrou-bastidores-de-seu-novo-documentario\/","url_meta":{"origin":51394,"position":1},"title":"Lu\u00edsa Sonza mostrou bastidores de seu novo document\u00e1rio","author":"noticiasribeiraopreto.com.br","date":"14 de December de 2023","format":false,"excerpt":"\u201cSe eu fosse Lu\u00edsa Sonza\u201d lan\u00e7ou na \u00faltima quarta feira, 13 dezembro, na Netflix. O document\u00e1rio da cantora fala sobre quest\u00f5es particulares nunca publicadas ou faladas pela cantora.A cantora fez uma lista de 7 acontecimentos marcantes que passou durante certo per\u00edodo da sua vida. Entre eles, ela fala sobre o\u2026","rel":"","context":"In &quot;Blog&quot;","block_context":{"text":"Blog","link":"https:\/\/noticiasribeiraopreto.com.br\/index.php\/category\/blog\/"},"img":{"alt_text":"","src":"https:\/\/i0.wp.com\/noticiasribeiraopreto.com.br\/wp-content\/uploads\/2023\/12\/postimg-657b21ff3f7827043.jpg?fit=1200%2C628&ssl=1&resize=350%2C200","width":350,"height":200,"srcset":"https:\/\/i0.wp.com\/noticiasribeiraopreto.com.br\/wp-content\/uploads\/2023\/12\/postimg-657b21ff3f7827043.jpg?fit=1200%2C628&ssl=1&resize=350%2C200 1x, https:\/\/i0.wp.com\/noticiasribeiraopreto.com.br\/wp-content\/uploads\/2023\/12\/postimg-657b21ff3f7827043.jpg?fit=1200%2C628&ssl=1&resize=525%2C300 1.5x, https:\/\/i0.wp.com\/noticiasribeiraopreto.com.br\/wp-content\/uploads\/2023\/12\/postimg-657b21ff3f7827043.jpg?fit=1200%2C628&ssl=1&resize=700%2C400 2x, https:\/\/i0.wp.com\/noticiasribeiraopreto.com.br\/wp-content\/uploads\/2023\/12\/postimg-657b21ff3f7827043.jpg?fit=1200%2C628&ssl=1&resize=1050%2C600 3x"},"classes":[]},{"id":2465,"url":"https:\/\/noticiasribeiraopreto.com.br\/index.php\/2023\/11\/15\/vaza-suposto-audio-do-termino-de-luisa-sonza-com-vitao-e-deixa-fas-assombrados-eu-nao-preciso-apanhar\/","url_meta":{"origin":51394,"position":2},"title":"Vaza suposto \u00e1udio do t\u00e9rmino de Lu\u00edsa Sonza com Vit\u00e3o e deixa f\u00e3s assombrados: \u2018Eu n\u00e3o preciso apanhar\u2019","author":"noticiasribeiraopreto.com.br","date":"15 de November de 2023","format":false,"excerpt":"Nas \u00faltimas horas come\u00e7ou a circular nas redes sociais um \u00e1udio atribu\u00eddo a cantora Lu\u00edsa Sonza que supostamente teria sido enviado para Vit\u00e3o, na ocasi\u00e3o do rompimento do relacionamento entre eles.Nesta segunda-feira (13), o \u00e1udio que foi compartilhado na rede social X, antigo Twitter, traz a cantora aos prantos e\u2026","rel":"","context":"In &quot;Blog&quot;","block_context":{"text":"Blog","link":"https:\/\/noticiasribeiraopreto.com.br\/index.php\/category\/blog\/"},"img":{"alt_text":"","src":"https:\/\/i0.wp.com\/noticiasribeiraopreto.com.br\/wp-content\/uploads\/2023\/11\/postimg-6552d0c7a3c498231.jpg?fit=1200%2C628&ssl=1&resize=350%2C200","width":350,"height":200,"srcset":"https:\/\/i0.wp.com\/noticiasribeiraopreto.com.br\/wp-content\/uploads\/2023\/11\/postimg-6552d0c7a3c498231.jpg?fit=1200%2C628&ssl=1&resize=350%2C200 1x, https:\/\/i0.wp.com\/noticiasribeiraopreto.com.br\/wp-content\/uploads\/2023\/11\/postimg-6552d0c7a3c498231.jpg?fit=1200%2C628&ssl=1&resize=525%2C300 1.5x, https:\/\/i0.wp.com\/noticiasribeiraopreto.com.br\/wp-content\/uploads\/2023\/11\/postimg-6552d0c7a3c498231.jpg?fit=1200%2C628&ssl=1&resize=700%2C400 2x, https:\/\/i0.wp.com\/noticiasribeiraopreto.com.br\/wp-content\/uploads\/2023\/11\/postimg-6552d0c7a3c498231.jpg?fit=1200%2C628&ssl=1&resize=1050%2C600 3x"},"classes":[]},{"id":58400,"url":"https:\/\/noticiasribeiraopreto.com.br\/index.php\/2024\/09\/26\/luisa-sonza-se-apresenta-em-festival-em-ribeirao-preto-neste-fim-de-semana\/","url_meta":{"origin":51394,"position":3},"title":"Lu\u00edsa Sonza se apresenta em festival em Ribeir\u00e3o Preto neste fim de semana","author":"noticiasribeiraopreto.com.br","date":"26 de September de 2024","format":false,"excerpt":"A cantora pop Lu\u00edsa Sonza se apresenta neste s\u00e1bado (28), em Ribeir\u00e3o Preto. Ela \u00e9 uma das atra\u00e7\u00f5es do Festival Vira Copos, que acontece este fim de semana, no Espa\u00e7o CHF, a partir das 16h. O evento promete mais de 13 horas de m\u00fasica, com diversas atra\u00e7\u00f5es, entre elas MC\u2026","rel":"","context":"In &quot;Not\u00edcias de Ribeir\u00e3o Preto-SP e Regi\u00e3o&quot;","block_context":{"text":"Not\u00edcias de Ribeir\u00e3o Preto-SP e Regi\u00e3o","link":"https:\/\/noticiasribeiraopreto.com.br\/index.php\/category\/noticias-de-ribeirao-preto-sp-e-regiao-ismael-colosi\/"},"img":{"alt_text":"","src":"https:\/\/i0.wp.com\/noticiasribeiraopreto.com.br\/wp-content\/uploads\/2024\/09\/1_luisa_sonza___cre__dito_divulgacao_-10644449_2024-09-26_13-57-49_jpg_2024-09-26_13-57-49.webp.webp?fit=760%2C541&ssl=1&resize=350%2C200","width":350,"height":200,"srcset":"https:\/\/i0.wp.com\/noticiasribeiraopreto.com.br\/wp-content\/uploads\/2024\/09\/1_luisa_sonza___cre__dito_divulgacao_-10644449_2024-09-26_13-57-49_jpg_2024-09-26_13-57-49.webp.webp?fit=760%2C541&ssl=1&resize=350%2C200 1x, https:\/\/i0.wp.com\/noticiasribeiraopreto.com.br\/wp-content\/uploads\/2024\/09\/1_luisa_sonza___cre__dito_divulgacao_-10644449_2024-09-26_13-57-49_jpg_2024-09-26_13-57-49.webp.webp?fit=760%2C541&ssl=1&resize=525%2C300 1.5x, https:\/\/i0.wp.com\/noticiasribeiraopreto.com.br\/wp-content\/uploads\/2024\/09\/1_luisa_sonza___cre__dito_divulgacao_-10644449_2024-09-26_13-57-49_jpg_2024-09-26_13-57-49.webp.webp?fit=760%2C541&ssl=1&resize=700%2C400 2x"},"classes":[]},{"id":7721,"url":"https:\/\/noticiasribeiraopreto.com.br\/index.php\/2023\/11\/28\/melody-detona-luisa-sonza-apos-deboche-feito-pela-cantora-com-seu-nome\/","url_meta":{"origin":51394,"position":4},"title":"Melody detona Lu\u00edsa Sonza ap\u00f3s &#8216;deboche&#8217; feito pela cantora com seu nome","author":"noticiasribeiraopreto.com.br","date":"28 de November de 2023","format":false,"excerpt":"N\u00e3o \u00e9 atoa que a apresentadora, personagem de Bruno Matos, Blogueirinha, est\u00e1 entre um dos nomes da emissora de Silvio Santos. A cada programa, a personagem traz uma pol\u00eamica.A convidada da vez foi Lu\u00edsa Sonza. Em uma das din\u00e2micas do programa, a apresentadora faz um jogo de perguntas e respostas\u2026","rel":"","context":"In &quot;Blog&quot;","block_context":{"text":"Blog","link":"https:\/\/noticiasribeiraopreto.com.br\/index.php\/category\/blog\/"},"img":{"alt_text":"","src":"https:\/\/i0.wp.com\/noticiasribeiraopreto.com.br\/wp-content\/uploads\/2023\/11\/postimg-6566398bee3ff3926.jpg?fit=1200%2C628&ssl=1&resize=350%2C200","width":350,"height":200,"srcset":"https:\/\/i0.wp.com\/noticiasribeiraopreto.com.br\/wp-content\/uploads\/2023\/11\/postimg-6566398bee3ff3926.jpg?fit=1200%2C628&ssl=1&resize=350%2C200 1x, https:\/\/i0.wp.com\/noticiasribeiraopreto.com.br\/wp-content\/uploads\/2023\/11\/postimg-6566398bee3ff3926.jpg?fit=1200%2C628&ssl=1&resize=525%2C300 1.5x, https:\/\/i0.wp.com\/noticiasribeiraopreto.com.br\/wp-content\/uploads\/2023\/11\/postimg-6566398bee3ff3926.jpg?fit=1200%2C628&ssl=1&resize=700%2C400 2x, https:\/\/i0.wp.com\/noticiasribeiraopreto.com.br\/wp-content\/uploads\/2023\/11\/postimg-6566398bee3ff3926.jpg?fit=1200%2C628&ssl=1&resize=1050%2C600 3x"},"classes":[]},{"id":31053,"url":"https:\/\/noticiasribeiraopreto.com.br\/index.php\/2024\/01\/20\/top-10-musicas-pop-nacional-mais-tocadas-em-2024\/","url_meta":{"origin":51394,"position":5},"title":"Top 10 m\u00fasicas Pop Nacional mais tocadas em 2024","author":"noticiasribeiraopreto.com.br","date":"20 de January de 2024","format":false,"excerpt":"Confira quais s\u00e3o as m\u00fasicas Pop Nacional mais tocadas do Brasil. Ou\u00e7a a playlist das melhores m\u00fasicas do pop nacional mais ouvidas no Youtube. S\u00e3o os maiores sucessos do pop brasileiro mais acessadas da internet e consequentemente que os ouvintes mais pedem para tocar nas r\u00e1dios. Portanto, aproveite para ouvir\u2026","rel":"","context":"In &quot;Blog&quot;","block_context":{"text":"Blog","link":"https:\/\/noticiasribeiraopreto.com.br\/index.php\/category\/blog\/"},"img":{"alt_text":"","src":"https:\/\/i0.wp.com\/noticiasribeiraopreto.com.br\/wp-content\/uploads\/2024\/01\/Musicas-Pop-Nacional-mais-tocadas.jpg?fit=1200%2C799&ssl=1&resize=350%2C200","width":350,"height":200,"srcset":"https:\/\/i0.wp.com\/noticiasribeiraopreto.com.br\/wp-content\/uploads\/2024\/01\/Musicas-Pop-Nacional-mais-tocadas.jpg?fit=1200%2C799&ssl=1&resize=350%2C200 1x, https:\/\/i0.wp.com\/noticiasribeiraopreto.com.br\/wp-content\/uploads\/2024\/01\/Musicas-Pop-Nacional-mais-tocadas.jpg?fit=1200%2C799&ssl=1&resize=525%2C300 1.5x, https:\/\/i0.wp.com\/noticiasribeiraopreto.com.br\/wp-content\/uploads\/2024\/01\/Musicas-Pop-Nacional-mais-tocadas.jpg?fit=1200%2C799&ssl=1&resize=700%2C400 2x, https:\/\/i0.wp.com\/noticiasribeiraopreto.com.br\/wp-content\/uploads\/2024\/01\/Musicas-Pop-Nacional-mais-tocadas.jpg?fit=1200%2C799&ssl=1&resize=1050%2C600 3x"},"classes":[]}],"jetpack_sharing_enabled":true,"jetpack_shortlink":"https:\/\/wp.me\/peQAOb-dmW","_links":{"self":[{"href":"https:\/\/noticiasribeiraopreto.com.br\/index.php\/wp-json\/wp\/v2\/posts\/51394","targetHints":{"allow":["GET"]}}],"collection":[{"href":"https:\/\/noticiasribeiraopreto.com.br\/index.php\/wp-json\/wp\/v2\/posts"}],"about":[{"href":"https:\/\/noticiasribeiraopreto.com.br\/index.php\/wp-json\/wp\/v2\/types\/post"}],"author":[{"embeddable":true,"href":"https:\/\/noticiasribeiraopreto.com.br\/index.php\/wp-json\/wp\/v2\/users\/1"}],"replies":[{"embeddable":true,"href":"https:\/\/noticiasribeiraopreto.com.br\/index.php\/wp-json\/wp\/v2\/comments?post=51394"}],"version-history":[{"count":0,"href":"https:\/\/noticiasribeiraopreto.com.br\/index.php\/wp-json\/wp\/v2\/posts\/51394\/revisions"}],"wp:featuredmedia":[{"embeddable":true,"href":"https:\/\/noticiasribeiraopreto.com.br\/index.php\/wp-json\/wp\/v2\/media\/51395"}],"wp:attachment":[{"href":"https:\/\/noticiasribeiraopreto.com.br\/index.php\/wp-json\/wp\/v2\/media?parent=51394"}],"wp:term":[{"taxonomy":"category","embeddable":true,"href":"https:\/\/noticiasribeiraopreto.com.br\/index.php\/wp-json\/wp\/v2\/categories?post=51394"},{"taxonomy":"post_tag","embeddable":true,"href":"https:\/\/noticiasribeiraopreto.com.br\/index.php\/wp-json\/wp\/v2\/tags?post=51394"}],"curies":[{"name":"wp","href":"https:\/\/api.w.org\/{rel}","templated":true}]}}