{"id":5154,"date":"2023-11-23T03:04:47","date_gmt":"2023-11-23T06:04:47","guid":{"rendered":"https:\/\/noticiasribeiraopreto.com.br\/index.php\/2023\/11\/23\/receita-de-pudim-de-leite-condensado-de-comer-rezando\/"},"modified":"2023-11-23T03:04:47","modified_gmt":"2023-11-23T06:04:47","slug":"receita-de-pudim-de-leite-condensado-de-comer-rezando","status":"publish","type":"post","link":"https:\/\/noticiasribeiraopreto.com.br\/index.php\/2023\/11\/23\/receita-de-pudim-de-leite-condensado-de-comer-rezando\/","title":{"rendered":"Receita de pudim de leite condensado de comer rezando"},"content":{"rendered":"<div class='code-block code-block-1' style='margin: 8px 0 8px auto; text-align: right; display: block; clear: both;'>\n<p><a href=\"https:\/\/wa.link\/vpicfd\"><img data-recalc-dims=\"1\" class=\"wp-image-4922\" style=\"aspect-ratio: 2.0253164556962027; width: 561px; height: auto;\" src=\"https:\/\/i0.wp.com\/ismaelcolosi.com.br\/wp-content\/uploads\/2023\/11\/grupo-de-empregos-whatsapp-e-facebook-ismael-colosi-vagas.jpg?ssl=1\" alt=\"\" \/><\/a><\/p>\n<!-- \/wp:image -->\n<\/div>\n<p> <br \/>\n<\/p>\n<div>\n<div id=\"attachment_2311887\" class=\"wp-caption alignnone\">\n<div class=\"d-flex justify-content-center\" data-attachment-id=\"2311887\">\n<div class=\"position-relative d-inline-block\"><img data-recalc-dims=\"1\" data-portal-copyright=\"IStock\" decoding=\"async\" fetchpriority=\"high\" class=\"size-medium wp-image-2311887\" src=\"https:\/\/i0.wp.com\/catracalivre.com.br\/wp-content\/uploads\/2023\/11\/istock-821162242-450x299.jpg?resize=450%2C299&#038;ssl=1\" alt=\"Pudim de Leite Condensado\" width=\"450\" height=\"299\" srcset=\"https:\/\/catracalivre.com.br\/wp-content\/uploads\/2023\/11\/istock-821162242-450x299.jpg 450w, https:\/\/catracalivre.com.br\/wp-content\/uploads\/2023\/11\/istock-821162242-910x604.jpg 910w, https:\/\/catracalivre.com.br\/wp-content\/uploads\/2023\/11\/istock-821162242-768x510.jpg 768w, https:\/\/catracalivre.com.br\/wp-content\/uploads\/2023\/11\/istock-821162242.jpg 1257w\" sizes=\"(max-width: 450px) 100vw, 450px\"\/><\/p>\n<p>Cr\u00e9ditos: IStock<\/p>\n<\/div>\n<\/div>\n<p><span class=\"post-imagem__legenda\">Pudim de Leite Condensado<\/span><\/p>\n<\/div>\n<p>Em uma busca incans\u00e1vel pelos segredos culin\u00e1rios mais bem guardados, trazemos at\u00e9 voc\u00ea a <a href=\"https:\/\/catracalivre.com.br\/gastronomia\/receita-de-cocada-branca-com-gostinho-de-casa-de-vo\/\">receita<\/a> que vai conquistar o paladar de todos: o Pudim de Leite Condensado. Com sua textura cremosa e sabor inconfund\u00edvel, este cl\u00e1ssico da<a href=\"https:\/\/catracalivre.com.br\/gastronomia\/a-receita-pratica-de-tortilha-espanhola-que-vai-fazer-sua-boca-encher-dagua\/\"> gastronomia<\/a> brasileira \u00e9 o protagonista de muitas celebra\u00e7\u00f5es. Vamos desvendar os passos simples para voc\u00ea reproduzir essa del\u00edcia em sua pr\u00f3pria cozinha.<\/p>\n<h2>Ingredientes<\/h2>\n<p>1 lata de leite condensado<br \/>2 latas de leite (utilize a lata de leite condensado como medida)<br \/>3 ovos<br \/>1 x\u00edcara (ch\u00e1) de a\u00e7\u00facar (para a calda)<br \/>\u00c1gua para a calda (o suficiente para dissolver o a\u00e7\u00facar)<\/p>\n<h2>Modo de Preparo<\/h2>\n<p><strong>Calda:<\/strong><br \/>Em uma panela, coloque o a\u00e7\u00facar e leve ao fogo m\u00e9dio.<br \/>Mexa delicadamente at\u00e9 que o a\u00e7\u00facar se dissolva e a mistura adquira uma cor dourada.<br \/>Adicione a \u00e1gua aos poucos, mexendo sempre, at\u00e9 formar uma calda homog\u00eanea.<br \/>Despeje a calda em uma forma para pudim, espalhando-a por todo o fundo.<\/p>\n<p><strong>Pudim:<\/strong><br \/>Pr\u00e9-aque\u00e7a o forno a 180\u00b0C.<br \/>No liquidificador, coloque o leite condensado, o leite e os ovos.<br \/>Bata a mistura por aproximadamente 3 minutos, at\u00e9 obter uma massa homog\u00eanea.<br \/>Despeje a mistura na forma caramelizada.<br \/>Cubra a forma com papel-alum\u00ednio e leve ao forno preaquecido em banho-maria por cerca de 1 hora.<br \/>Ap\u00f3s esse per\u00edodo, retire o papel-alum\u00ednio e deixe assar por mais 30 minutos, ou at\u00e9 que o pudim esteja firme e dourado.<br \/>Retire do forno e deixe esfriar completamente antes de desenformar.<br \/>Leve \u00e0 geladeira por algumas horas antes de servir.<br \/>Sirva com amor e aproveite cada peda\u00e7o dessa obra-prima culin\u00e1ria!<\/p>\n<p>Esta receita \u00e9 a combina\u00e7\u00e3o perfeita de simplicidade e sabor, garantindo que at\u00e9 mesmo os chefs mais iniciantes possam surpreender com um pudim irresist\u00edvel. Experimente e compartilhe essa experi\u00eancia deliciosa com amigos e familiares. Bom apetite!<\/p>\n<div class=\"partner d-flex rounded shadow-sm p-2 mb-3 align-items-center\" id=\"partner\" data-print=\"ignore\">\n<div class=\"image mr-2\">\n<img data-recalc-dims=\"1\" src=\"https:\/\/i0.wp.com\/robohash.org\/b730afd4cf5c5d237c7f93163ed023b6.png?resize=110%2C110&#038;ssl=1\" width=\"110\" height=\"110\" title=\"Thatyana Costa\" loading=\"lazy\" decoding=\"async\" class=\"rounded-circle\"\/>\n<\/div>\n<\/div>\n<\/div>\n<p><script>\n\t\t! function(f, b, e, v, n, t, s) {\n\t\t\tif (f.fbq) return;\n\t\t\tn = f.fbq = function() {\n\t\t\t\tn.callMethod ?\n\t\t\t\t\tn.callMethod.apply(n, arguments) : n.queue.push(arguments)\n\t\t\t};\n\t\t\tif (!f._fbq) f._fbq = n;\n\t\t\tn.push = n;\n\t\t\tn.loaded = !0;\n\t\t\tn.version = '2.0';\n\t\t\tn.queue = [];\n\t\t\tt = b.createElement(e);\n\t\t\tt.async = !0;\n\t\t\tt.src = v;\n\t\t\ts = b.getElementsByTagName(e)[0];\n\t\t\ts.parentNode.insertBefore(t, s)\n\t\t}(window, document, 'script',\n\t\t\t'https:\/\/connect.facebook.net\/en_US\/fbevents.js');\n\t\tfbq('init', '338315473262380');\n\t\tfbq('track', 'PageView');\n\t<\/script><br \/>\n<br \/><br \/>\n<br \/><a href=\"https:\/\/catracalivre.com.br\/gastronomia\/receita-de-pudim-de-leite-condensado-de-comer-rezando\/\">Source link <\/a><\/p>\n<!-- CONTENT END 1 -->\n","protected":false},"excerpt":{"rendered":"<p>Cr\u00e9ditos: IStock Pudim de Leite Condensado Em uma busca incans\u00e1vel pelos segredos culin\u00e1rios mais bem guardados, trazemos at\u00e9 voc\u00ea a receita que vai conquistar o&#8230;<\/p>\n","protected":false},"author":1,"featured_media":5155,"comment_status":"open","ping_status":"open","sticky":false,"template":"","format":"standard","meta":{"advanced_seo_description":"","jetpack_seo_html_title":"","jetpack_seo_noindex":false,"jetpack_post_was_ever_published":false,"_jetpack_newsletter_access":"","_jetpack_dont_email_post_to_subs":false,"_jetpack_newsletter_tier_id":0,"_jetpack_memberships_contains_paywalled_content":false,"_jetpack_memberships_contains_paid_content":false,"footnotes":"","jetpack_publicize_message":"","jetpack_publicize_feature_enabled":true,"jetpack_social_post_already_shared":true,"jetpack_social_options":{"image_generator_settings":{"template":"highway","default_image_id":0,"font":"","enabled":false},"version":2}},"categories":[19],"tags":[],"class_list":["post-5154","post","type-post","status-publish","format-standard","has-post-thumbnail","hentry","category-variedades"],"jetpack_publicize_connections":[],"jetpack_featured_media_url":"https:\/\/i0.wp.com\/noticiasribeiraopreto.com.br\/wp-content\/uploads\/2023\/11\/istock-821162242.jpg?fit=1200%2C638&ssl=1","jetpack-related-posts":[{"id":18768,"url":"https:\/\/noticiasribeiraopreto.com.br\/index.php\/2023\/12\/21\/5-sobremesas-que-nao-podem-faltar-na-ceia-de-natal-meu-valor-digital\/","url_meta":{"origin":5154,"position":0},"title":"5 sobremesas que n\u00e3o podem faltar na ceia de Natal &#8211; Meu Valor Digital","author":"noticiasribeiraopreto.com.br","date":"21 de December de 2023","format":false,"excerpt":"Natal \u00e9 uma \u00e9poca em que todo mundo esquece a dieta e n\u00e3o resiste \u00e0s gostosuras da ceia. S\u00e3o os pratos e as maravilhosas sobremesas que nos deixam com \u00e1gua na boca. Ningu\u00e9m consegue ficar sem comer o pav\u00ea de chocolate, o pudim de leite condensado ou a torta alem\u00e3.\u00a0\u2026","rel":"","context":"In &quot;Vagas de Emprego em Ribeir\u00e3o Preto-SP&quot;","block_context":{"text":"Vagas de Emprego em Ribeir\u00e3o Preto-SP","link":"https:\/\/noticiasribeiraopreto.com.br\/index.php\/category\/empregos-classificados-vagas-trabalho\/vagas-de-empregos-em-ribeirao-preto-regiao-brasil\/"},"img":{"alt_text":"","src":"https:\/\/i0.wp.com\/noticiasribeiraopreto.com.br\/wp-content\/uploads\/2023\/12\/Sobremesas-Natal.jpg?fit=1200%2C773&ssl=1&resize=350%2C200","width":350,"height":200,"srcset":"https:\/\/i0.wp.com\/noticiasribeiraopreto.com.br\/wp-content\/uploads\/2023\/12\/Sobremesas-Natal.jpg?fit=1200%2C773&ssl=1&resize=350%2C200 1x, https:\/\/i0.wp.com\/noticiasribeiraopreto.com.br\/wp-content\/uploads\/2023\/12\/Sobremesas-Natal.jpg?fit=1200%2C773&ssl=1&resize=525%2C300 1.5x, https:\/\/i0.wp.com\/noticiasribeiraopreto.com.br\/wp-content\/uploads\/2023\/12\/Sobremesas-Natal.jpg?fit=1200%2C773&ssl=1&resize=700%2C400 2x, https:\/\/i0.wp.com\/noticiasribeiraopreto.com.br\/wp-content\/uploads\/2023\/12\/Sobremesas-Natal.jpg?fit=1200%2C773&ssl=1&resize=1050%2C600 3x"},"classes":[]},{"id":12337,"url":"https:\/\/noticiasribeiraopreto.com.br\/index.php\/2023\/12\/07\/qual-o-prato-mais-pedido-na-ceia-de-natal-meu-valor-digital\/","url_meta":{"origin":5154,"position":1},"title":"Qual o prato mais pedido na ceia de Natal? &#8211; Meu Valor Digital","author":"noticiasribeiraopreto.com.br","date":"7 de December de 2023","format":false,"excerpt":"A noite da v\u00e9spera de Natal tem momentos memor\u00e1veis. Aquele tio que exagera na bebida e faz brincadeiras irritantes. Tem a crian\u00e7ada agitada e ansiosa pela chegada de Papai Noel. E tem tamb\u00e9m a m\u00e3e e av\u00f3 preparando del\u00edcias para ceia. Essa agita\u00e7\u00e3o acaba sendo compensada com muitas gostosuras que\u2026","rel":"","context":"In &quot;Vagas de Emprego em Ribeir\u00e3o Preto-SP&quot;","block_context":{"text":"Vagas de Emprego em Ribeir\u00e3o Preto-SP","link":"https:\/\/noticiasribeiraopreto.com.br\/index.php\/category\/empregos-classificados-vagas-trabalho\/vagas-de-empregos-em-ribeirao-preto-regiao-brasil\/"},"img":{"alt_text":"","src":"https:\/\/i0.wp.com\/noticiasribeiraopreto.com.br\/wp-content\/uploads\/2023\/12\/Ceia-de-Natal-1.jpg?fit=1200%2C773&ssl=1&resize=350%2C200","width":350,"height":200,"srcset":"https:\/\/i0.wp.com\/noticiasribeiraopreto.com.br\/wp-content\/uploads\/2023\/12\/Ceia-de-Natal-1.jpg?fit=1200%2C773&ssl=1&resize=350%2C200 1x, https:\/\/i0.wp.com\/noticiasribeiraopreto.com.br\/wp-content\/uploads\/2023\/12\/Ceia-de-Natal-1.jpg?fit=1200%2C773&ssl=1&resize=525%2C300 1.5x, https:\/\/i0.wp.com\/noticiasribeiraopreto.com.br\/wp-content\/uploads\/2023\/12\/Ceia-de-Natal-1.jpg?fit=1200%2C773&ssl=1&resize=700%2C400 2x, https:\/\/i0.wp.com\/noticiasribeiraopreto.com.br\/wp-content\/uploads\/2023\/12\/Ceia-de-Natal-1.jpg?fit=1200%2C773&ssl=1&resize=1050%2C600 3x"},"classes":[]},{"id":77483,"url":"https:\/\/noticiasribeiraopreto.com.br\/index.php\/2025\/09\/19\/acidente-envolve-dois-caminhoes-e-deixa-vitima-na-rodovia-anhanguera\/","url_meta":{"origin":5154,"position":2},"title":"Acidente envolve dois caminh\u00f5es e deixa v\u00edtima na rodovia Anhanguera","author":"noticiasribeiraopreto.com.br","date":"19 de September de 2025","format":false,"excerpt":"Um acidente entre dois caminh\u00f5es deixou uma pessoa ferida na madrugada desta sexta-feira (19), no km 408,853 pela pista sentido sul (capital) da rodovia Anhanguera (SP-330), em Ituverava, a 100 quil\u00f4metros de Ribeir\u00e3o Preto. Segundo a Artesp (Ag\u00eancia de Transporte do Estado de S\u00e3o Paulo), um dos ve\u00edculos. que estava\u2026","rel":"","context":"In &quot;Not\u00edcias de Ribeir\u00e3o Preto-SP e Regi\u00e3o&quot;","block_context":{"text":"Not\u00edcias de Ribeir\u00e3o Preto-SP e Regi\u00e3o","link":"https:\/\/noticiasribeiraopreto.com.br\/index.php\/category\/noticias-de-ribeirao-preto-sp-e-regiao-ismael-colosi\/"},"img":{"alt_text":"","src":"https:\/\/i0.wp.com\/noticiasribeiraopreto.com.br\/wp-content\/uploads\/2025\/09\/CARRETA_2025-09-19_12-24-08.webp.webp?fit=1200%2C659&ssl=1&resize=350%2C200","width":350,"height":200,"srcset":"https:\/\/i0.wp.com\/noticiasribeiraopreto.com.br\/wp-content\/uploads\/2025\/09\/CARRETA_2025-09-19_12-24-08.webp.webp?fit=1200%2C659&ssl=1&resize=350%2C200 1x, https:\/\/i0.wp.com\/noticiasribeiraopreto.com.br\/wp-content\/uploads\/2025\/09\/CARRETA_2025-09-19_12-24-08.webp.webp?fit=1200%2C659&ssl=1&resize=525%2C300 1.5x, https:\/\/i0.wp.com\/noticiasribeiraopreto.com.br\/wp-content\/uploads\/2025\/09\/CARRETA_2025-09-19_12-24-08.webp.webp?fit=1200%2C659&ssl=1&resize=700%2C400 2x, https:\/\/i0.wp.com\/noticiasribeiraopreto.com.br\/wp-content\/uploads\/2025\/09\/CARRETA_2025-09-19_12-24-08.webp.webp?fit=1200%2C659&ssl=1&resize=1050%2C600 3x"},"classes":[]},{"id":72848,"url":"https:\/\/noticiasribeiraopreto.com.br\/index.php\/2025\/06\/21\/jornal-da-franca-alerta-francanos-conheca-alguns-alimentos-que-podem-explodir-panelas-de-pressao\/","url_meta":{"origin":5154,"position":3},"title":"Jornal da Franca &#8211; Alerta francanos: conhe\u00e7a alguns alimentos que podem explodir panelas de press\u00e3o","author":"noticiasribeiraopreto.com.br","date":"21 de June de 2025","format":false,"excerpt":"compartilhar no whatsapp compartilhar no telegram compartilhar no facebook compartilhar no linkedin Feij\u00e3o, carnes, leite condensado, alimentos gordurosos e Coca Cola est\u00e3o na lista A panela de press\u00e3o \u00e9 um utens\u00edlio comum nas cozinhas brasileiras, mas seu uso pode ser perigoso se n\u00e3o for feito corretamente. Segundo o site UOL,\u2026","rel":"","context":"In &quot;Not\u00edcias de Franca-SP&quot;","block_context":{"text":"Not\u00edcias de Franca-SP","link":"https:\/\/noticiasribeiraopreto.com.br\/index.php\/category\/noticias-de-ribeirao-preto-sp-e-regiao-ismael-colosi\/noticias-franca-sp\/"},"img":{"alt_text":"","src":"https:\/\/i0.wp.com\/noticiasribeiraopreto.com.br\/wp-content\/uploads\/2025\/06\/1750559830_feijao-foto-gomes-da-costa.jpg?fit=1200%2C800&ssl=1&resize=350%2C200","width":350,"height":200,"srcset":"https:\/\/i0.wp.com\/noticiasribeiraopreto.com.br\/wp-content\/uploads\/2025\/06\/1750559830_feijao-foto-gomes-da-costa.jpg?fit=1200%2C800&ssl=1&resize=350%2C200 1x, https:\/\/i0.wp.com\/noticiasribeiraopreto.com.br\/wp-content\/uploads\/2025\/06\/1750559830_feijao-foto-gomes-da-costa.jpg?fit=1200%2C800&ssl=1&resize=525%2C300 1.5x, https:\/\/i0.wp.com\/noticiasribeiraopreto.com.br\/wp-content\/uploads\/2025\/06\/1750559830_feijao-foto-gomes-da-costa.jpg?fit=1200%2C800&ssl=1&resize=700%2C400 2x, https:\/\/i0.wp.com\/noticiasribeiraopreto.com.br\/wp-content\/uploads\/2025\/06\/1750559830_feijao-foto-gomes-da-costa.jpg?fit=1200%2C800&ssl=1&resize=1050%2C600 3x"},"classes":[]},{"id":84633,"url":"https:\/\/noticiasribeiraopreto.com.br\/index.php\/2026\/04\/13\/festa-do-morango-e-pudim-chega-a-ribeirao-preto-com-entrada-gratuita\/","url_meta":{"origin":5154,"position":4},"title":"&#8216;Festa do Morango e Pudim&#8217; chega a Ribeir\u00e3o Preto com entrada gratuita","author":"noticiasribeiraopreto.com.br","date":"13 de April de 2026","format":false,"excerpt":"Ler o resumo da not\u00edcia \"Festa do Morango \u2013 Edi\u00e7\u00e3o Pudim\" ocorre em Ribeir\u00e3o Preto de sexta (17) a ter\u00e7a-feira (21), no estacionamento do Novo Shopping. O evento tem entrada gratuita e oferece pudins de diversos sabores, como leite condensado, morango, chocolate, milho, maracuj\u00e1 e leite em p\u00f3. Card\u00e1pio inclui\u2026","rel":"","context":"In &quot;Not\u00edcias de Ribeir\u00e3o Preto-SP e Regi\u00e3o&quot;","block_context":{"text":"Not\u00edcias de Ribeir\u00e3o Preto-SP e Regi\u00e3o","link":"https:\/\/noticiasribeiraopreto.com.br\/index.php\/category\/noticias-de-ribeirao-preto-sp-e-regiao-ismael-colosi\/"},"img":{"alt_text":"","src":"https:\/\/i0.wp.com\/noticiasribeiraopreto.com.br\/wp-content\/uploads\/2026\/04\/FESTA-MORANGO-PUDIM-1_2026-04-13_17-11-44.webp.webp?fit=1200%2C672&ssl=1&resize=350%2C200","width":350,"height":200,"srcset":"https:\/\/i0.wp.com\/noticiasribeiraopreto.com.br\/wp-content\/uploads\/2026\/04\/FESTA-MORANGO-PUDIM-1_2026-04-13_17-11-44.webp.webp?fit=1200%2C672&ssl=1&resize=350%2C200 1x, https:\/\/i0.wp.com\/noticiasribeiraopreto.com.br\/wp-content\/uploads\/2026\/04\/FESTA-MORANGO-PUDIM-1_2026-04-13_17-11-44.webp.webp?fit=1200%2C672&ssl=1&resize=525%2C300 1.5x, https:\/\/i0.wp.com\/noticiasribeiraopreto.com.br\/wp-content\/uploads\/2026\/04\/FESTA-MORANGO-PUDIM-1_2026-04-13_17-11-44.webp.webp?fit=1200%2C672&ssl=1&resize=700%2C400 2x, https:\/\/i0.wp.com\/noticiasribeiraopreto.com.br\/wp-content\/uploads\/2026\/04\/FESTA-MORANGO-PUDIM-1_2026-04-13_17-11-44.webp.webp?fit=1200%2C672&ssl=1&resize=1050%2C600 3x"},"classes":[]},{"id":20152,"url":"https:\/\/noticiasribeiraopreto.com.br\/index.php\/2023\/12\/24\/delicia-de-natal-com-menos-oleo-e-muito-sabor\/","url_meta":{"origin":5154,"position":5},"title":"del\u00edcia de Natal com menos \u00f3leo e muito sabor","author":"noticiasribeiraopreto.com.br","date":"24 de December de 2023","format":false,"excerpt":"Com a aproxima\u00e7\u00e3o do Natal, muitas fam\u00edlias j\u00e1 come\u00e7am a organizar o cortejo das receitas tradicionais que ornamentam a mesa nessa \u00e9poca. Uma das iguarias que mais desperta o paladar dos brasileiros \u00e9 a rabanada. Por\u00e9m, h\u00e1 quem resista \u00e0 tenta\u00e7\u00e3o por conta do m\u00e9todo de preparo usual, que consiste\u2026","rel":"","context":"In &quot;Variedades&quot;","block_context":{"text":"Variedades","link":"https:\/\/noticiasribeiraopreto.com.br\/index.php\/category\/variedades\/"},"img":{"alt_text":"","src":"https:\/\/i0.wp.com\/noticiasribeiraopreto.com.br\/wp-content\/uploads\/2023\/12\/doces-de-natal-rabanada.jpg?fit=1200%2C638&ssl=1&resize=350%2C200","width":350,"height":200,"srcset":"https:\/\/i0.wp.com\/noticiasribeiraopreto.com.br\/wp-content\/uploads\/2023\/12\/doces-de-natal-rabanada.jpg?fit=1200%2C638&ssl=1&resize=350%2C200 1x, https:\/\/i0.wp.com\/noticiasribeiraopreto.com.br\/wp-content\/uploads\/2023\/12\/doces-de-natal-rabanada.jpg?fit=1200%2C638&ssl=1&resize=525%2C300 1.5x, https:\/\/i0.wp.com\/noticiasribeiraopreto.com.br\/wp-content\/uploads\/2023\/12\/doces-de-natal-rabanada.jpg?fit=1200%2C638&ssl=1&resize=700%2C400 2x, https:\/\/i0.wp.com\/noticiasribeiraopreto.com.br\/wp-content\/uploads\/2023\/12\/doces-de-natal-rabanada.jpg?fit=1200%2C638&ssl=1&resize=1050%2C600 3x"},"classes":[]}],"jetpack_sharing_enabled":true,"jetpack_shortlink":"https:\/\/wp.me\/peQAOb-1l8","_links":{"self":[{"href":"https:\/\/noticiasribeiraopreto.com.br\/index.php\/wp-json\/wp\/v2\/posts\/5154","targetHints":{"allow":["GET"]}}],"collection":[{"href":"https:\/\/noticiasribeiraopreto.com.br\/index.php\/wp-json\/wp\/v2\/posts"}],"about":[{"href":"https:\/\/noticiasribeiraopreto.com.br\/index.php\/wp-json\/wp\/v2\/types\/post"}],"author":[{"embeddable":true,"href":"https:\/\/noticiasribeiraopreto.com.br\/index.php\/wp-json\/wp\/v2\/users\/1"}],"replies":[{"embeddable":true,"href":"https:\/\/noticiasribeiraopreto.com.br\/index.php\/wp-json\/wp\/v2\/comments?post=5154"}],"version-history":[{"count":0,"href":"https:\/\/noticiasribeiraopreto.com.br\/index.php\/wp-json\/wp\/v2\/posts\/5154\/revisions"}],"wp:featuredmedia":[{"embeddable":true,"href":"https:\/\/noticiasribeiraopreto.com.br\/index.php\/wp-json\/wp\/v2\/media\/5155"}],"wp:attachment":[{"href":"https:\/\/noticiasribeiraopreto.com.br\/index.php\/wp-json\/wp\/v2\/media?parent=5154"}],"wp:term":[{"taxonomy":"category","embeddable":true,"href":"https:\/\/noticiasribeiraopreto.com.br\/index.php\/wp-json\/wp\/v2\/categories?post=5154"},{"taxonomy":"post_tag","embeddable":true,"href":"https:\/\/noticiasribeiraopreto.com.br\/index.php\/wp-json\/wp\/v2\/tags?post=5154"}],"curies":[{"name":"wp","href":"https:\/\/api.w.org\/{rel}","templated":true}]}}