{"id":5174,"date":"2023-11-23T05:22:42","date_gmt":"2023-11-23T08:22:42","guid":{"rendered":"https:\/\/noticiasribeiraopreto.com.br\/index.php\/2023\/11\/23\/ford-e-senai-abrem-inscricoes-para-curso-gratuito-com-certificado\/"},"modified":"2023-11-23T05:22:42","modified_gmt":"2023-11-23T08:22:42","slug":"ford-e-senai-abrem-inscricoes-para-curso-gratuito-com-certificado","status":"publish","type":"post","link":"https:\/\/noticiasribeiraopreto.com.br\/index.php\/2023\/11\/23\/ford-e-senai-abrem-inscricoes-para-curso-gratuito-com-certificado\/","title":{"rendered":"Ford e Senai abrem inscri\u00e7\u00f5es para curso gratuito com certificado"},"content":{"rendered":"<div class='code-block code-block-1' style='margin: 8px 0 8px auto; text-align: right; display: block; clear: both;'>\n<p><a href=\"https:\/\/wa.link\/vpicfd\"><img data-recalc-dims=\"1\" class=\"wp-image-4922\" style=\"aspect-ratio: 2.0253164556962027; width: 561px; height: auto;\" src=\"https:\/\/i0.wp.com\/ismaelcolosi.com.br\/wp-content\/uploads\/2023\/11\/grupo-de-empregos-whatsapp-e-facebook-ismael-colosi-vagas.jpg?ssl=1\" alt=\"\" \/><\/a><\/p>\n<!-- \/wp:image -->\n<\/div>\n<p> <br \/>\n<\/p>\n<div>\n<p>A montadora Ford, em parceria com o Servi\u00e7o Nacional de Aprendizagem Industrial S\u00e3o Paulo (<a href=\"https:\/\/catracalivre.com.br\/educacao\/senai-tem-mais-de-35-mil-vagas-abertas-em-cursos-gratuitos\/\">Senai-SP<\/a>), est\u00e1 com inscri\u00e7\u00f5es abertas para curso gratuito de <a href=\"https:\/\/catracalivre.com.br\/educacao\/fgv-oferece-mais-de-50-cursos-gratuitos-para-comecar-hoje\/\">qualifica\u00e7\u00e3o profissional<\/a>.\u00a0As vagas s\u00e3o destinadas a pessoas em situa\u00e7\u00e3o de vulnerabilidade social.<\/p>\n<p>A iniciativa faz parte do Ford &lt;Enter&gt;,\u00a0 programa gratuito de capacita\u00e7\u00e3o na \u00e1rea de tecnologia desenvolvido e idealizado pela Ford Brasil e pelo Ford Motor Company Fund, em parceria com a Escola <a href=\"https:\/\/automobilistica.sp.senai.br\/\" target=\"_blank\" rel=\"noopener\">Senai Conde Jos\u00e9 Vicente de Azevedo<\/a>.<\/p>\n<div id=\"attachment_2312894\" class=\"wp-caption aligncenter\">\n<div class=\"d-flex justify-content-center\" data-attachment-id=\"2312894\">\n<div class=\"position-relative d-inline-block\"><img data-recalc-dims=\"1\" data-portal-copyright=\"redrocko\/Istock\" decoding=\"async\" fetchpriority=\"high\" class=\"wp-image-2312894 size-large\" src=\"https:\/\/i0.wp.com\/catracalivre.com.br\/wp-content\/uploads\/2023\/11\/istock-459014867-910x607.jpg?resize=910%2C607&#038;ssl=1\" alt=\"As inscri\u00e7\u00f5es para a terceira turma do curso gratuito da Ford est\u00e3o abertas at\u00e9 24 de novembro\" width=\"910\" height=\"607\" srcset=\"https:\/\/catracalivre.com.br\/wp-content\/uploads\/2023\/11\/istock-459014867-910x607.jpg 910w, https:\/\/catracalivre.com.br\/wp-content\/uploads\/2023\/11\/istock-459014867-450x300.jpg 450w, https:\/\/catracalivre.com.br\/wp-content\/uploads\/2023\/11\/istock-459014867-768x512.jpg 768w\" sizes=\"(max-width: 910px) 100vw, 910px\"\/><\/p>\n<p>Cr\u00e9ditos: redrocko\/Istock<\/p>\n<\/div>\n<\/div>\n<p><span class=\"post-imagem__legenda\">As inscri\u00e7\u00f5es para a terceira turma do curso gratuito da Ford est\u00e3o abertas at\u00e9 24 de novembro<\/span><\/p>\n<\/div>\n<p>O curso de Desenvolvedor Front-end tem como objetivo capacitar o aluno\u00a0 no desenvolvimento da interface gr\u00e1fica (parte visual) de um site ou aplicativo, o que inclui os elementos que possibilitam intera\u00e7\u00e3o com o usu\u00e1rio.<\/p>\n<p>As inscri\u00e7\u00f5es para a terceira turma do curso gratuito da Ford est\u00e3o abertas at\u00e9 24 de novembro. S\u00e3o oferecidas 200 vagas.<\/p>\n<h2>Pr\u00e9-requisito para o curso gratuito da Ford<\/h2>\n<p>Para realizar inscri\u00e7\u00e3o no Programa o(a) candidato(a) dever\u00e1 possuir e comprovar:<\/p>\n<ul>\n<li>Idade igual ou superior a 16 (dezesseis) anos;<\/li>\n<li>Ensino M\u00e9dio completo ou em curso;<\/li>\n<li>Ser morador da Regi\u00e3o Metropolitana de S\u00e3o Paulo;<\/li>\n<li>Renda mensal individual de at\u00e9 1 (um) sal\u00e1rio-m\u00ednimo e meio, limitado a uma renda familiar de at\u00e9 4 (quatro) sal\u00e1rios-m\u00ednimos;<\/li>\n<li>N\u00e3o h\u00e1 necessidade de conhecimento pr\u00e9vio em programa\u00e7\u00e3o, por\u00e9m os candidatos passar\u00e3o por um processo seletivo, sendo este composto de uma prova e uma entrevista.<\/li>\n<\/ul>\n<h3>Curso de front-end<\/h3>\n<p>Front-end \u00e9 o desenvolvimento da interface gr\u00e1fica (parte visual) de um site ou aplicativo, o que inclui os elementos que possibilitam intera\u00e7\u00e3o com o usu\u00e1rio. Por exemplo, a \u00e1rea de pesquisa ou formul\u00e1rio.<\/p>\n<p>No curso, os participantes s\u00e3o capacitados em programa\u00e7\u00e3o front-end, recebem treinamento comportamental e ainda t\u00eam acesso a diversas oportunidades. Confira:<\/p>\n<ul>\n<li>Ajuda de custo para transporte e alimenta\u00e7\u00e3o<\/li>\n<li>Curso de ingl\u00eas t\u00e9cnico<\/li>\n<li>Acompanhamento pedag\u00f3gico e socioemocional<\/li>\n<li>Programa de mentoria<\/li>\n<li>Palestras e visita \u00e0 empresa de tecnologia<\/li>\n<li>Oportunidade de entrar no mercado de trabalho<\/li>\n<li>Possibilidade de forma\u00e7\u00e3o adicional em back-end*<\/li>\n<\/ul>\n<p>Os alunos podem escolher entre os per\u00edodos matutino, vespertino ou noturno (respeitando os limites das vagas).\u00a0Para se inscrever clique <a href=\"https:\/\/www.ford.com.br\/sobre-a-ford\/ford-enter\/#\" target=\"_blank\" rel=\"noopener\">AQUI<\/a>.<\/p>\n<p>As aulas de front-end s\u00e3o realizadas presencialmente no Ford Academy, espa\u00e7o multifuncional e interativo localizado dentro da unidade Ipiranga do Senai-SP, na zona sul da capital.<\/p>\n<\/div>\n<p><script>\n\t\t! function(f, b, e, v, n, t, s) {\n\t\t\tif (f.fbq) return;\n\t\t\tn = f.fbq = function() {\n\t\t\t\tn.callMethod ?\n\t\t\t\t\tn.callMethod.apply(n, arguments) : n.queue.push(arguments)\n\t\t\t};\n\t\t\tif (!f._fbq) f._fbq = n;\n\t\t\tn.push = n;\n\t\t\tn.loaded = !0;\n\t\t\tn.version = '2.0';\n\t\t\tn.queue = [];\n\t\t\tt = b.createElement(e);\n\t\t\tt.async = !0;\n\t\t\tt.src = v;\n\t\t\ts = b.getElementsByTagName(e)[0];\n\t\t\ts.parentNode.insertBefore(t, s)\n\t\t}(window, document, 'script',\n\t\t\t'https:\/\/connect.facebook.net\/en_US\/fbevents.js');\n\t\tfbq('init', '338315473262380');\n\t\tfbq('track', 'PageView');\n\t<\/script><br \/>\n<br \/><br \/>\n<br \/><a href=\"https:\/\/catracalivre.com.br\/educacao\/ford-e-senai-abrem-inscricoes-para-curso-gratuito-com-certificado\/\">Source link <\/a><\/p>\n<!-- CONTENT END 1 -->\n","protected":false},"excerpt":{"rendered":"<p>A montadora Ford, em parceria com o Servi\u00e7o Nacional de Aprendizagem Industrial S\u00e3o Paulo (Senai-SP), est\u00e1 com inscri\u00e7\u00f5es abertas para curso gratuito de qualifica\u00e7\u00e3o profissional.\u00a0As&#8230;<\/p>\n","protected":false},"author":1,"featured_media":5175,"comment_status":"open","ping_status":"open","sticky":false,"template":"","format":"standard","meta":{"advanced_seo_description":"","jetpack_seo_html_title":"","jetpack_seo_noindex":false,"jetpack_post_was_ever_published":false,"_jetpack_newsletter_access":"","_jetpack_dont_email_post_to_subs":false,"_jetpack_newsletter_tier_id":0,"_jetpack_memberships_contains_paywalled_content":false,"_jetpack_memberships_contains_paid_content":false,"footnotes":"","jetpack_publicize_message":"","jetpack_publicize_feature_enabled":true,"jetpack_social_post_already_shared":true,"jetpack_social_options":{"image_generator_settings":{"template":"highway","default_image_id":0,"font":"","enabled":false},"version":2}},"categories":[19],"tags":[],"class_list":["post-5174","post","type-post","status-publish","format-standard","has-post-thumbnail","hentry","category-variedades"],"jetpack_publicize_connections":[],"jetpack_featured_media_url":"https:\/\/i0.wp.com\/noticiasribeiraopreto.com.br\/wp-content\/uploads\/2023\/11\/istock-459014867.jpg?fit=1200%2C638&ssl=1","jetpack-related-posts":[{"id":13100,"url":"https:\/\/noticiasribeiraopreto.com.br\/index.php\/2023\/12\/09\/senai-abre-vagas-em-cursos-tecnicos-gratuitos-no-interior-de-sp\/","url_meta":{"origin":5174,"position":0},"title":"Senai abre vagas em cursos t\u00e9cnicos gratuitos no interior de SP","author":"noticiasribeiraopreto.com.br","date":"9 de December de 2023","format":false,"excerpt":"O Servi\u00e7o Nacional de Aprendizagem Industrial em S\u00e3o Paulo (Senai-SP) est\u00e1 com inscri\u00e7\u00f5es abertas para mais de 40 cursos t\u00e9cnicos gratuitos de curta dura\u00e7\u00e3o no interior do estado. As vagas s\u00e3o para cursos presencial e na modalidade de ensino a dist\u00e2ncia (EaD). Cr\u00e9ditos: Divulga\u00e7\u00e3oSenai est\u00e1 com inscri\u00e7\u00f5es abertas para cursos\u2026","rel":"","context":"In &quot;Variedades&quot;","block_context":{"text":"Variedades","link":"https:\/\/noticiasribeiraopreto.com.br\/index.php\/category\/variedades\/"},"img":{"alt_text":"","src":"https:\/\/i0.wp.com\/noticiasribeiraopreto.com.br\/wp-content\/uploads\/2023\/12\/cursos-gratuitos-senai-botucatu.jpg?fit=1200%2C638&ssl=1&resize=350%2C200","width":350,"height":200,"srcset":"https:\/\/i0.wp.com\/noticiasribeiraopreto.com.br\/wp-content\/uploads\/2023\/12\/cursos-gratuitos-senai-botucatu.jpg?fit=1200%2C638&ssl=1&resize=350%2C200 1x, https:\/\/i0.wp.com\/noticiasribeiraopreto.com.br\/wp-content\/uploads\/2023\/12\/cursos-gratuitos-senai-botucatu.jpg?fit=1200%2C638&ssl=1&resize=525%2C300 1.5x, https:\/\/i0.wp.com\/noticiasribeiraopreto.com.br\/wp-content\/uploads\/2023\/12\/cursos-gratuitos-senai-botucatu.jpg?fit=1200%2C638&ssl=1&resize=700%2C400 2x, https:\/\/i0.wp.com\/noticiasribeiraopreto.com.br\/wp-content\/uploads\/2023\/12\/cursos-gratuitos-senai-botucatu.jpg?fit=1200%2C638&ssl=1&resize=1050%2C600 3x"},"classes":[]},{"id":45843,"url":"https:\/\/noticiasribeiraopreto.com.br\/index.php\/2024\/04\/08\/senai-abre-inscricoes-com-mais-de-10-mil-vagas-em-cursos-tecnicos-profissionalizantes-a-distancia-e-gratuitos-com-certificado-nas-areas-de-tecnologia-da-informacao-logisticas-automotiva-e-mais\/","url_meta":{"origin":5174,"position":1},"title":"Senai abre inscri\u00e7\u00f5es com mais de 10 mil vagas em cursos t\u00e9cnicos profissionalizantes \u00e0 dist\u00e2ncia e GRATUITOS; com certificado nas \u00e1reas de Tecnologia da Informa\u00e7\u00e3o, log\u00edsticas, automotiva e mais.","author":"noticiasribeiraopreto.com.br","date":"8 de April de 2024","format":false,"excerpt":"A oportunidade que voc\u00ea tanto esperava: o Senai oferece cursos t\u00e9cnicos e profissionalizantes gratuitos com credenciamento. Garanta sua qualifica\u00e7\u00e3o profissional! O Servi\u00e7o Nacional de Aprendizagem Industrial (SENAI) tem o prazer de anunciar que iniciou o cadastramento de 10 mil vagas em cursos t\u00e9cnicos profissionalizantes gratuitos nas modalidades EAD (EAD) e\u2026","rel":"","context":"In &quot;Empregos - Classificados&quot;","block_context":{"text":"Empregos - Classificados","link":"https:\/\/noticiasribeiraopreto.com.br\/index.php\/category\/empregos-classificados-vagas-trabalho\/"},"img":{"alt_text":"","src":"https:\/\/i0.wp.com\/noticiasribeiraopreto.com.br\/wp-content\/uploads\/2024\/04\/Grupo-especifico-de-mulheres-ganham-PRIORIDADE-no-pagamento-do-Bolsa-Familia-Saiba-mais-2.webp.webp?fit=1200%2C630&ssl=1&resize=350%2C200","width":350,"height":200,"srcset":"https:\/\/i0.wp.com\/noticiasribeiraopreto.com.br\/wp-content\/uploads\/2024\/04\/Grupo-especifico-de-mulheres-ganham-PRIORIDADE-no-pagamento-do-Bolsa-Familia-Saiba-mais-2.webp.webp?fit=1200%2C630&ssl=1&resize=350%2C200 1x, https:\/\/i0.wp.com\/noticiasribeiraopreto.com.br\/wp-content\/uploads\/2024\/04\/Grupo-especifico-de-mulheres-ganham-PRIORIDADE-no-pagamento-do-Bolsa-Familia-Saiba-mais-2.webp.webp?fit=1200%2C630&ssl=1&resize=525%2C300 1.5x, https:\/\/i0.wp.com\/noticiasribeiraopreto.com.br\/wp-content\/uploads\/2024\/04\/Grupo-especifico-de-mulheres-ganham-PRIORIDADE-no-pagamento-do-Bolsa-Familia-Saiba-mais-2.webp.webp?fit=1200%2C630&ssl=1&resize=700%2C400 2x, https:\/\/i0.wp.com\/noticiasribeiraopreto.com.br\/wp-content\/uploads\/2024\/04\/Grupo-especifico-de-mulheres-ganham-PRIORIDADE-no-pagamento-do-Bolsa-Familia-Saiba-mais-2.webp.webp?fit=1200%2C630&ssl=1&resize=1050%2C600 3x"},"classes":[]},{"id":10694,"url":"https:\/\/noticiasribeiraopreto.com.br\/index.php\/2023\/12\/04\/senai-abre-36-mil-vagas-em-cursos-gratuitos-no-distrito-federal-e-em-santa-catarina\/","url_meta":{"origin":5174,"position":2},"title":"Senai abre 36 mil vagas em cursos gratuitos no Distrito Federal e em Santa Catarina","author":"noticiasribeiraopreto.com.br","date":"4 de December de 2023","format":false,"excerpt":"O Servi\u00e7o Nacional de Aprendizagem Industrial (Senai) est\u00e1 com 36.673 vagas abertas em cursos gratuitos de qualifica\u00e7\u00e3o profissional em dois estados e tamb\u00e9m no Distrito Federal. H\u00e1 oportunidades em cursos gratuitos nos formatos presencial e remoto em diferentes \u00e1reas, como Alimentos e Bebidas, Comunica\u00e7\u00e3o, Engenharia, Inform\u00e1tica, Mec\u00e2nica e muito mais.\u2026","rel":"","context":"In &quot;Variedades&quot;","block_context":{"text":"Variedades","link":"https:\/\/noticiasribeiraopreto.com.br\/index.php\/category\/variedades\/"},"img":{"alt_text":"","src":"https:\/\/i0.wp.com\/noticiasribeiraopreto.com.br\/wp-content\/uploads\/2023\/12\/cursos-gratuitos-senai.jpg?fit=1200%2C638&ssl=1&resize=350%2C200","width":350,"height":200,"srcset":"https:\/\/i0.wp.com\/noticiasribeiraopreto.com.br\/wp-content\/uploads\/2023\/12\/cursos-gratuitos-senai.jpg?fit=1200%2C638&ssl=1&resize=350%2C200 1x, https:\/\/i0.wp.com\/noticiasribeiraopreto.com.br\/wp-content\/uploads\/2023\/12\/cursos-gratuitos-senai.jpg?fit=1200%2C638&ssl=1&resize=525%2C300 1.5x, https:\/\/i0.wp.com\/noticiasribeiraopreto.com.br\/wp-content\/uploads\/2023\/12\/cursos-gratuitos-senai.jpg?fit=1200%2C638&ssl=1&resize=700%2C400 2x, https:\/\/i0.wp.com\/noticiasribeiraopreto.com.br\/wp-content\/uploads\/2023\/12\/cursos-gratuitos-senai.jpg?fit=1200%2C638&ssl=1&resize=1050%2C600 3x"},"classes":[]},{"id":39618,"url":"https:\/\/noticiasribeiraopreto.com.br\/index.php\/2024\/02\/27\/senai-esta-com-inscricoes-abertas-com-diversas-vagas-em-cursos-tecnicos-gratuitos-a-distancia-todos-com-certificado-veja-como-se-inscrever-sem-pagar-nada\/","url_meta":{"origin":5174,"position":3},"title":"Senai est\u00e1 com inscri\u00e7\u00f5es abertas com diversas vagas em cursos t\u00e9cnicos gratuitos \u00e0 dist\u00e2ncia, todos com certificado. Veja como se inscrever sem pagar nada!","author":"noticiasribeiraopreto.com.br","date":"27 de February de 2024","format":false,"excerpt":"O SENAI (Servi\u00e7o Nacional de Aprendizagem Industrial), refer\u00eancia nacional para o ensino t\u00e9cnico, anunciou a abertura de dezenas de cursos t\u00e9cnicos online gratuitos que oferecem oportunidades para melhorar o profissionalismo em diversas \u00e1reas industriais, como mec\u00e2nica, eletr\u00f4nica, tecnologia da informa\u00e7\u00e3o e design. Os cursos t\u00e9cnicos online gratuitos oferecidos pelo SENAI\u2026","rel":"","context":"In &quot;Empregos - Classificados&quot;","block_context":{"text":"Empregos - Classificados","link":"https:\/\/noticiasribeiraopreto.com.br\/index.php\/category\/empregos-classificados-vagas-trabalho\/"},"img":{"alt_text":"","src":"https:\/\/i0.wp.com\/noticiasribeiraopreto.com.br\/wp-content\/uploads\/2024\/02\/cursos-tecnico.webp.png?fit=1200%2C630&ssl=1&resize=350%2C200","width":350,"height":200,"srcset":"https:\/\/i0.wp.com\/noticiasribeiraopreto.com.br\/wp-content\/uploads\/2024\/02\/cursos-tecnico.webp.png?fit=1200%2C630&ssl=1&resize=350%2C200 1x, https:\/\/i0.wp.com\/noticiasribeiraopreto.com.br\/wp-content\/uploads\/2024\/02\/cursos-tecnico.webp.png?fit=1200%2C630&ssl=1&resize=525%2C300 1.5x, https:\/\/i0.wp.com\/noticiasribeiraopreto.com.br\/wp-content\/uploads\/2024\/02\/cursos-tecnico.webp.png?fit=1200%2C630&ssl=1&resize=700%2C400 2x, https:\/\/i0.wp.com\/noticiasribeiraopreto.com.br\/wp-content\/uploads\/2024\/02\/cursos-tecnico.webp.png?fit=1200%2C630&ssl=1&resize=1050%2C600 3x"},"classes":[]},{"id":66972,"url":"https:\/\/noticiasribeiraopreto.com.br\/index.php\/2025\/04\/08\/jornal-da-franca-cursos-de-informatica-gratuitos-tem-50-vagas-abertas-em-franca\/","url_meta":{"origin":5174,"position":4},"title":"Jornal da Franca &#8211; Cursos de Inform\u00e1tica gratuitos t\u00eam 50 vagas abertas em Franca","author":"noticiasribeiraopreto.com.br","date":"8 de April de 2025","format":false,"excerpt":"compartilhar no whatsapp compartilhar no telegram compartilhar no facebook compartilhar no linkedin Parceria entre Prefeitura e SENAI oferece forma\u00e7\u00e3o em redes, programa\u00e7\u00e3o e pacote Office Cursos gratuitos s\u00e3o uma parceria entre a Escola Profissionalizante e o SENAI \u00a0 Para quem est\u00e1 em busca de qualifica\u00e7\u00e3o gratuita e com certificado, a\u2026","rel":"","context":"In &quot;Not\u00edcias de Franca-SP&quot;","block_context":{"text":"Not\u00edcias de Franca-SP","link":"https:\/\/noticiasribeiraopreto.com.br\/index.php\/category\/noticias-de-ribeirao-preto-sp-e-regiao-ismael-colosi\/noticias-franca-sp\/"},"img":{"alt_text":"","src":"https:\/\/i0.wp.com\/noticiasribeiraopreto.com.br\/wp-content\/uploads\/2025\/04\/1744107884_Escola-Profissionalizante-scaled.jpg?fit=1200%2C795&ssl=1&resize=350%2C200","width":350,"height":200,"srcset":"https:\/\/i0.wp.com\/noticiasribeiraopreto.com.br\/wp-content\/uploads\/2025\/04\/1744107884_Escola-Profissionalizante-scaled.jpg?fit=1200%2C795&ssl=1&resize=350%2C200 1x, https:\/\/i0.wp.com\/noticiasribeiraopreto.com.br\/wp-content\/uploads\/2025\/04\/1744107884_Escola-Profissionalizante-scaled.jpg?fit=1200%2C795&ssl=1&resize=525%2C300 1.5x, https:\/\/i0.wp.com\/noticiasribeiraopreto.com.br\/wp-content\/uploads\/2025\/04\/1744107884_Escola-Profissionalizante-scaled.jpg?fit=1200%2C795&ssl=1&resize=700%2C400 2x, https:\/\/i0.wp.com\/noticiasribeiraopreto.com.br\/wp-content\/uploads\/2025\/04\/1744107884_Escola-Profissionalizante-scaled.jpg?fit=1200%2C795&ssl=1&resize=1050%2C600 3x"},"classes":[]},{"id":9264,"url":"https:\/\/noticiasribeiraopreto.com.br\/index.php\/2023\/12\/01\/senai-df-abre-38-mil-vagas-em-40-cursos-gratuitos\/","url_meta":{"origin":5174,"position":5},"title":"Senai-DF abre 3,8 mil vagas em 40 cursos gratuitos","author":"noticiasribeiraopreto.com.br","date":"1 de December de 2023","format":false,"excerpt":"O Servi\u00e7o Nacional de Aprendizagem Industrial do Distrito Federal (Senai-DF) est\u00e1 com inscri\u00e7\u00f5es abertas para dezenas de cursos gratuitos para 2024. S\u00e3o 3.515 vagas para cursos de qualifica\u00e7\u00e3o profissional presenciais e a dist\u00e2ncia e outras 290 para capacita\u00e7\u00f5es t\u00e9cnicas presenciais e semipresenciais. As vagas s\u00e3o distribu\u00eddas em 40 cursos, como\u2026","rel":"","context":"In &quot;Variedades&quot;","block_context":{"text":"Variedades","link":"https:\/\/noticiasribeiraopreto.com.br\/index.php\/category\/variedades\/"},"img":{"alt_text":"","src":"https:\/\/i0.wp.com\/noticiasribeiraopreto.com.br\/wp-content\/uploads\/2023\/12\/cusos-gratuitos-senai-df.jpg?fit=1200%2C638&ssl=1&resize=350%2C200","width":350,"height":200,"srcset":"https:\/\/i0.wp.com\/noticiasribeiraopreto.com.br\/wp-content\/uploads\/2023\/12\/cusos-gratuitos-senai-df.jpg?fit=1200%2C638&ssl=1&resize=350%2C200 1x, https:\/\/i0.wp.com\/noticiasribeiraopreto.com.br\/wp-content\/uploads\/2023\/12\/cusos-gratuitos-senai-df.jpg?fit=1200%2C638&ssl=1&resize=525%2C300 1.5x, https:\/\/i0.wp.com\/noticiasribeiraopreto.com.br\/wp-content\/uploads\/2023\/12\/cusos-gratuitos-senai-df.jpg?fit=1200%2C638&ssl=1&resize=700%2C400 2x, https:\/\/i0.wp.com\/noticiasribeiraopreto.com.br\/wp-content\/uploads\/2023\/12\/cusos-gratuitos-senai-df.jpg?fit=1200%2C638&ssl=1&resize=1050%2C600 3x"},"classes":[]}],"jetpack_sharing_enabled":true,"jetpack_shortlink":"https:\/\/wp.me\/peQAOb-1ls","_links":{"self":[{"href":"https:\/\/noticiasribeiraopreto.com.br\/index.php\/wp-json\/wp\/v2\/posts\/5174","targetHints":{"allow":["GET"]}}],"collection":[{"href":"https:\/\/noticiasribeiraopreto.com.br\/index.php\/wp-json\/wp\/v2\/posts"}],"about":[{"href":"https:\/\/noticiasribeiraopreto.com.br\/index.php\/wp-json\/wp\/v2\/types\/post"}],"author":[{"embeddable":true,"href":"https:\/\/noticiasribeiraopreto.com.br\/index.php\/wp-json\/wp\/v2\/users\/1"}],"replies":[{"embeddable":true,"href":"https:\/\/noticiasribeiraopreto.com.br\/index.php\/wp-json\/wp\/v2\/comments?post=5174"}],"version-history":[{"count":0,"href":"https:\/\/noticiasribeiraopreto.com.br\/index.php\/wp-json\/wp\/v2\/posts\/5174\/revisions"}],"wp:featuredmedia":[{"embeddable":true,"href":"https:\/\/noticiasribeiraopreto.com.br\/index.php\/wp-json\/wp\/v2\/media\/5175"}],"wp:attachment":[{"href":"https:\/\/noticiasribeiraopreto.com.br\/index.php\/wp-json\/wp\/v2\/media?parent=5174"}],"wp:term":[{"taxonomy":"category","embeddable":true,"href":"https:\/\/noticiasribeiraopreto.com.br\/index.php\/wp-json\/wp\/v2\/categories?post=5174"},{"taxonomy":"post_tag","embeddable":true,"href":"https:\/\/noticiasribeiraopreto.com.br\/index.php\/wp-json\/wp\/v2\/tags?post=5174"}],"curies":[{"name":"wp","href":"https:\/\/api.w.org\/{rel}","templated":true}]}}