{"id":5200,"date":"2023-11-23T07:14:41","date_gmt":"2023-11-23T10:14:41","guid":{"rendered":"https:\/\/noticiasribeiraopreto.com.br\/index.php\/2023\/11\/23\/aprenda-truque-para-ler-mensagens-apagadas-pelo-remetente-no-whatsapp\/"},"modified":"2023-11-23T07:14:41","modified_gmt":"2023-11-23T10:14:41","slug":"aprenda-truque-para-ler-mensagens-apagadas-pelo-remetente-no-whatsapp","status":"publish","type":"post","link":"https:\/\/noticiasribeiraopreto.com.br\/index.php\/2023\/11\/23\/aprenda-truque-para-ler-mensagens-apagadas-pelo-remetente-no-whatsapp\/","title":{"rendered":"Aprenda truque para ler mensagens apagadas pelo remetente no WhatsApp"},"content":{"rendered":"<div class='code-block code-block-1' style='margin: 8px 0 8px auto; text-align: right; display: block; clear: both;'>\n<p><a href=\"https:\/\/wa.link\/vpicfd\"><img data-recalc-dims=\"1\" class=\"wp-image-4922\" style=\"aspect-ratio: 2.0253164556962027; width: 561px; height: auto;\" src=\"https:\/\/i0.wp.com\/ismaelcolosi.com.br\/wp-content\/uploads\/2023\/11\/grupo-de-empregos-whatsapp-e-facebook-ismael-colosi-vagas.jpg?ssl=1\" alt=\"\" \/><\/a><\/p>\n<!-- \/wp:image -->\n<\/div>\n<p> <br \/>\n<\/p>\n<div>\n<div id=\"attachment_2313470\" class=\"wp-caption alignnone\">\n<div class=\"d-flex justify-content-center\" data-attachment-id=\"2313470\">\n<div class=\"position-relative d-inline-block\"><img data-recalc-dims=\"1\" data-portal-copyright=\"Captura de tela do WhatsApp\" decoding=\"async\" fetchpriority=\"high\" class=\"size-full wp-image-2313470\" src=\"https:\/\/i0.wp.com\/catracalivre.com.br\/wp-content\/uploads\/2023\/11\/bf7f4809-956f-43e6-9ac7-b45a41264d5a-scaled.jpeg?resize=2560%2C1440&#038;ssl=1\" alt=\"Aprenda a ler mensagens apagadas do WhatsApp\" width=\"2560\" height=\"1440\" srcset=\"https:\/\/catracalivre.com.br\/wp-content\/uploads\/2023\/11\/bf7f4809-956f-43e6-9ac7-b45a41264d5a-scaled.jpeg 2560w, https:\/\/catracalivre.com.br\/wp-content\/uploads\/2023\/11\/bf7f4809-956f-43e6-9ac7-b45a41264d5a-450x253.jpeg 450w, https:\/\/catracalivre.com.br\/wp-content\/uploads\/2023\/11\/bf7f4809-956f-43e6-9ac7-b45a41264d5a-768x432.jpeg 768w\" sizes=\"(max-width: 2560px) 100vw, 2560px\"\/><\/p>\n<p>Cr\u00e9ditos: Captura de tela do WhatsApp<\/p>\n<\/div>\n<\/div>\n<p><span class=\"post-imagem__legenda\">Aprenda a ler mensagens apagadas do WhatsApp<\/span><\/p>\n<\/div>\n<p>Voc\u00ea entrou no <a href=\"https:\/\/www.whatsapp.com\/?lang=pt_br\">WhatsApp<\/a> e se deparou com o aviso \u201c<a href=\"https:\/\/catracalivre.com.br\/entretenimento\/um-dos-recursos-mais-aguardados-do-whatsapp-ja-esta-disponivel\/\">mensagem<\/a> apagada\u201d? Pois saiba que os celulares Android permitem que os usu\u00e1rios visualizem textos apagados sem a necessidade de instalar aplicativos adicionais.<\/p>\n<p>O recurso est\u00e1 dispon\u00edvel a partir do sistema operacional <a href=\"https:\/\/catracalivre.com.br\/entretenimento\/vazam-imagens-do-novo-visual-do-whatsapp-para-android-veja-como-ficara\/\">Android<\/a> 12. A novidade permite que usu\u00e1rios vejam todas as mensagens recebidas subsequentes, mesmo quando elas j\u00e1 foram removidas na conversa do WhatsApp.<\/p>\n<p>Utilizando o hist\u00f3rico do celular, \u00e9 poss\u00edvel visualizar esse conte\u00fado.<\/p>\n<h2>Como visualizar mensagens apagadas no WhatsApp?<\/h2>\n<p>A magia est\u00e1 no fato de que, mesmo depois de a mensagem ser apagada no aplicativo, o seu celular ainda guarda registro dela no sistema.<\/p>\n<p>A seguir, veja ent\u00e3o o passo a passo para explorar tal funcionalidade.<\/p>\n<h2>Como ativar a funcionalidade no Android?<\/h2>\n<ul>\n<li>No seu celular Android, abra as \u201cConfigura\u00e7\u00f5es\u201d;<\/li>\n<li>Em seguida, procure pela op\u00e7\u00e3o de \u201cNotifica\u00e7\u00f5es\u201d;<\/li>\n<li>Abra as \u201cConfigura\u00e7\u00f5es Avan\u00e7adas\u201d;<\/li>\n<li>Procure por \u201cHist\u00f3rico de notifica\u00e7\u00f5es\u201d e clique nessa op\u00e7\u00e3o;<\/li>\n<li>Por fim, ative o hist\u00f3rico no primeiro bot\u00e3o que aparecer.<\/li>\n<\/ul>\n<div id=\"attachment_2307655\" class=\"wp-caption alignnone\">\n<div class=\"d-flex justify-content-center\" data-attachment-id=\"2307655\">\n<div class=\"position-relative d-inline-block\"><img data-recalc-dims=\"1\" loading=\"lazy\" data-portal-copyright=\"Captura de tela\" decoding=\"async\" class=\"size-full wp-image-2307655\" src=\"https:\/\/i0.wp.com\/catracalivre.com.br\/wp-content\/uploads\/2023\/10\/mensagens-apagadas.jpg?resize=2560%2C1369&#038;ssl=1\" alt=\"Como ativar a ferramenta que mostra as mensagens apagadas\" width=\"2560\" height=\"1369\" srcset=\"https:\/\/catracalivre.com.br\/wp-content\/uploads\/2023\/10\/mensagens-apagadas.jpg 2560w, https:\/\/catracalivre.com.br\/wp-content\/uploads\/2023\/10\/mensagens-apagadas-450x241.jpg 450w, https:\/\/catracalivre.com.br\/wp-content\/uploads\/2023\/10\/mensagens-apagadas-768x411.jpg 768w\" sizes=\"auto, (max-width: 2560px) 100vw, 2560px\"\/><\/p>\n<p>Cr\u00e9ditos: Captura de tela<\/p>\n<\/div>\n<\/div>\n<p><span class=\"post-imagem__legenda\">Como ativar a ferramenta que mostra as mensagens apagadas<\/span><\/p>\n<\/div>\n<h2>O que fazer depois de ativado?<\/h2>\n<p>Depois de ativado, todas as novas mensagens recebidas \u2013 incluindo as apagadas da conversa no WhatsApp \u2013 ficar\u00e3o vis\u00edveis neste mesmo campo.<\/p>\n<p>Basta seguir o mesmo caminho nas configura\u00e7\u00f5es do celular para ver o hist\u00f3rico de notifica\u00e7\u00f5es.<\/p>\n<h2>Vantagens e desvantagens da funcionalidade<\/h2>\n<p>\u00c9 ineg\u00e1vel que este recurso pode trazer novas camadas de utilidade ao aplicativo.<\/p>\n<p>Contudo, \u00e9 importante destacar que tamb\u00e9m pode constituir uma quebra de privacidade para aqueles que, por alguma raz\u00e3o, decidem apagar as suas mensagens.<\/p>\n<p>\u00c9 fundamental que os usu\u00e1rios estejam conscientes destes fatores no momento de utilizar as ferramentas.<\/p>\n<\/div>\n<p><script>\n\t\t! function(f, b, e, v, n, t, s) {\n\t\t\tif (f.fbq) return;\n\t\t\tn = f.fbq = function() {\n\t\t\t\tn.callMethod ?\n\t\t\t\t\tn.callMethod.apply(n, arguments) : n.queue.push(arguments)\n\t\t\t};\n\t\t\tif (!f._fbq) f._fbq = n;\n\t\t\tn.push = n;\n\t\t\tn.loaded = !0;\n\t\t\tn.version = '2.0';\n\t\t\tn.queue = [];\n\t\t\tt = b.createElement(e);\n\t\t\tt.async = !0;\n\t\t\tt.src = v;\n\t\t\ts = b.getElementsByTagName(e)[0];\n\t\t\ts.parentNode.insertBefore(t, s)\n\t\t}(window, document, 'script',\n\t\t\t'https:\/\/connect.facebook.net\/en_US\/fbevents.js');\n\t\tfbq('init', '338315473262380');\n\t\tfbq('track', 'PageView');\n\t<\/script><br \/>\n<br \/><br \/>\n<br \/><a href=\"https:\/\/catracalivre.com.br\/entretenimento\/aprenda-truque-para-ler-mensagens-apagadas-pelo-remetente-no-whatsapp\/\">Source link <\/a><\/p>\n<!-- CONTENT END 1 -->\n","protected":false},"excerpt":{"rendered":"<p>Cr\u00e9ditos: Captura de tela do WhatsApp Aprenda a ler mensagens apagadas do WhatsApp Voc\u00ea entrou no WhatsApp e se deparou com o aviso \u201cmensagem apagada\u201d?&#8230;<\/p>\n","protected":false},"author":1,"featured_media":5201,"comment_status":"open","ping_status":"open","sticky":false,"template":"","format":"standard","meta":{"advanced_seo_description":"","jetpack_seo_html_title":"","jetpack_seo_noindex":false,"jetpack_post_was_ever_published":false,"_jetpack_newsletter_access":"","_jetpack_dont_email_post_to_subs":false,"_jetpack_newsletter_tier_id":0,"_jetpack_memberships_contains_paywalled_content":false,"_jetpack_memberships_contains_paid_content":false,"footnotes":"","jetpack_publicize_message":"","jetpack_publicize_feature_enabled":true,"jetpack_social_post_already_shared":true,"jetpack_social_options":{"image_generator_settings":{"template":"highway","default_image_id":0,"font":"","enabled":false},"version":2}},"categories":[19],"tags":[],"class_list":["post-5200","post","type-post","status-publish","format-standard","has-post-thumbnail","hentry","category-variedades"],"jetpack_publicize_connections":[],"jetpack_featured_media_url":"https:\/\/i0.wp.com\/noticiasribeiraopreto.com.br\/wp-content\/uploads\/2023\/11\/bf7f4809-956f-43e6-9ac7-b45a41264d5a-scaled.jpeg?fit=1200%2C638&ssl=1","jetpack-related-posts":[{"id":66264,"url":"https:\/\/noticiasribeiraopreto.com.br\/index.php\/2025\/03\/29\/jornal-da-franca-veja-3-recursos-do-telegram-que-vao-fazer-voce-abandonar-o-whatsapp\/","url_meta":{"origin":5200,"position":0},"title":"Jornal da Franca &#8211; Veja 3 recursos do Telegram que v\u00e3o fazer voc\u00ea abandonar o WhatsApp!","author":"noticiasribeiraopreto.com.br","date":"29 de March de 2025","format":false,"excerpt":"compartilhar no whatsapp compartilhar no telegram compartilhar no facebook compartilhar no linkedin Usu\u00e1rios do Telegram podem ter acesso a grupos com milhares de participantes e armazenamento na nuvem, recursos limitados no WhatsApp Telegram possui recursos interessantes que ainda n\u00e3o est\u00e3o dispon\u00edveis no WhatsApp \u2013 foto Arquivo \u00a0 O Telegram tem\u2026","rel":"","context":"In &quot;Not\u00edcias de Franca-SP&quot;","block_context":{"text":"Not\u00edcias de Franca-SP","link":"https:\/\/noticiasribeiraopreto.com.br\/index.php\/category\/noticias-de-ribeirao-preto-sp-e-regiao-ismael-colosi\/noticias-franca-sp\/"},"img":{"alt_text":"","src":"https:\/\/i0.wp.com\/noticiasribeiraopreto.com.br\/wp-content\/uploads\/2025\/03\/telegram.jpg?fit=1200%2C800&ssl=1&resize=350%2C200","width":350,"height":200,"srcset":"https:\/\/i0.wp.com\/noticiasribeiraopreto.com.br\/wp-content\/uploads\/2025\/03\/telegram.jpg?fit=1200%2C800&ssl=1&resize=350%2C200 1x, https:\/\/i0.wp.com\/noticiasribeiraopreto.com.br\/wp-content\/uploads\/2025\/03\/telegram.jpg?fit=1200%2C800&ssl=1&resize=525%2C300 1.5x, https:\/\/i0.wp.com\/noticiasribeiraopreto.com.br\/wp-content\/uploads\/2025\/03\/telegram.jpg?fit=1200%2C800&ssl=1&resize=700%2C400 2x, https:\/\/i0.wp.com\/noticiasribeiraopreto.com.br\/wp-content\/uploads\/2025\/03\/telegram.jpg?fit=1200%2C800&ssl=1&resize=1050%2C600 3x"},"classes":[]},{"id":14588,"url":"https:\/\/noticiasribeiraopreto.com.br\/index.php\/2023\/12\/12\/aprenda-a-fixar-mensagens-com-nova-atualizacao-do-whatsapp\/","url_meta":{"origin":5200,"position":1},"title":"Aprenda a fixar mensagens com nova atualiza\u00e7\u00e3o do WhatsApp","author":"noticiasribeiraopreto.com.br","date":"12 de December de 2023","format":false,"excerpt":"Cr\u00e9ditos: Depositphotos\/rclassenlayoutsAprenda a utilizar o novo recurso de mensagens no WhatsApp O ano de 2023 ficou marcado por constantes atualiza\u00e7\u00f5es no WhatsApp. A novidade da vez vem como uma maneira de proporcionar uma experi\u00eancia de uso mais completa e organizada. Recentemente, os usu\u00e1rios do aplicativo nos dispositivos iOS receberam uma\u2026","rel":"","context":"In &quot;Variedades&quot;","block_context":{"text":"Variedades","link":"https:\/\/noticiasribeiraopreto.com.br\/index.php\/category\/variedades\/"},"img":{"alt_text":"","src":"https:\/\/i0.wp.com\/noticiasribeiraopreto.com.br\/wp-content\/uploads\/2023\/12\/1702380081_depositphotos-382005184-xl-scaled.jpg?fit=1200%2C638&ssl=1&resize=350%2C200","width":350,"height":200,"srcset":"https:\/\/i0.wp.com\/noticiasribeiraopreto.com.br\/wp-content\/uploads\/2023\/12\/1702380081_depositphotos-382005184-xl-scaled.jpg?fit=1200%2C638&ssl=1&resize=350%2C200 1x, https:\/\/i0.wp.com\/noticiasribeiraopreto.com.br\/wp-content\/uploads\/2023\/12\/1702380081_depositphotos-382005184-xl-scaled.jpg?fit=1200%2C638&ssl=1&resize=525%2C300 1.5x, https:\/\/i0.wp.com\/noticiasribeiraopreto.com.br\/wp-content\/uploads\/2023\/12\/1702380081_depositphotos-382005184-xl-scaled.jpg?fit=1200%2C638&ssl=1&resize=700%2C400 2x, https:\/\/i0.wp.com\/noticiasribeiraopreto.com.br\/wp-content\/uploads\/2023\/12\/1702380081_depositphotos-382005184-xl-scaled.jpg?fit=1200%2C638&ssl=1&resize=1050%2C600 3x"},"classes":[]},{"id":21974,"url":"https:\/\/noticiasribeiraopreto.com.br\/index.php\/2023\/12\/28\/whatsapp-tera-novidade-maravilhosa-no-recurso-de-fixar-mensagens\/","url_meta":{"origin":5200,"position":2},"title":"WhatsApp ter\u00e1 novidade maravilhosa no recurso de fixar mensagens","author":"noticiasribeiraopreto.com.br","date":"28 de December de 2023","format":false,"excerpt":"Cr\u00e9ditos: Captura de tela do WhatsAppWhatsApp prepara novidade para recurso de fixar mensagens Recentemente, o WhatsApp lan\u00e7ou para todos os usu\u00e1rios o recurso de fixar mensagens. Agora, o aplicativo de mensagens est\u00e1 preparando uma nova atualiza\u00e7\u00e3o para a funcionalidade. Conforme informa\u00e7\u00f5es divulgadas pelo site especializado no mensageiro, WABetaInfo, a fun\u00e7\u00e3o\u2026","rel":"","context":"In &quot;Variedades&quot;","block_context":{"text":"Variedades","link":"https:\/\/noticiasribeiraopreto.com.br\/index.php\/category\/variedades\/"},"img":{"alt_text":"","src":"https:\/\/i0.wp.com\/noticiasribeiraopreto.com.br\/wp-content\/uploads\/2023\/12\/img-20231218-wa0441.jpg?fit=1200%2C638&ssl=1&resize=350%2C200","width":350,"height":200,"srcset":"https:\/\/i0.wp.com\/noticiasribeiraopreto.com.br\/wp-content\/uploads\/2023\/12\/img-20231218-wa0441.jpg?fit=1200%2C638&ssl=1&resize=350%2C200 1x, https:\/\/i0.wp.com\/noticiasribeiraopreto.com.br\/wp-content\/uploads\/2023\/12\/img-20231218-wa0441.jpg?fit=1200%2C638&ssl=1&resize=525%2C300 1.5x, https:\/\/i0.wp.com\/noticiasribeiraopreto.com.br\/wp-content\/uploads\/2023\/12\/img-20231218-wa0441.jpg?fit=1200%2C638&ssl=1&resize=700%2C400 2x, https:\/\/i0.wp.com\/noticiasribeiraopreto.com.br\/wp-content\/uploads\/2023\/12\/img-20231218-wa0441.jpg?fit=1200%2C638&ssl=1&resize=1050%2C600 3x"},"classes":[]},{"id":74573,"url":"https:\/\/noticiasribeiraopreto.com.br\/index.php\/2025\/07\/24\/whatsapp-fora-do-ar-usuarios-relatam-falhas-no-envio-de-mensagens\/","url_meta":{"origin":5200,"position":3},"title":"WhatsApp fora do ar? Usu\u00e1rios relatam falhas no envio de mensagens","author":"noticiasribeiraopreto.com.br","date":"24 de July de 2025","format":false,"excerpt":"O aplicativo de mensagens WhatsApp apresentou instabilidade na tarde desta quinta-feira (24), afetando usu\u00e1rios em diversas regi\u00f5es do Brasil. Segundo o site Downdetector, que monitora falhas em servi\u00e7os online, o problema come\u00e7ou por volta das 14h30 e atingiu o pico \u00e0s 14h43, com 4.111 notifica\u00e7\u00f5es de erro. As principais queixas\u2026","rel":"","context":"In &quot;Not\u00edcias de Ribeir\u00e3o Preto-SP e Regi\u00e3o&quot;","block_context":{"text":"Not\u00edcias de Ribeir\u00e3o Preto-SP e Regi\u00e3o","link":"https:\/\/noticiasribeiraopreto.com.br\/index.php\/category\/noticias-de-ribeirao-preto-sp-e-regiao-ismael-colosi\/"},"img":{"alt_text":"","src":"https:\/\/i0.wp.com\/noticiasribeiraopreto.com.br\/wp-content\/uploads\/2025\/07\/AnyConv.com__facebook-instagram.webp.webp?fit=1000%2C667&ssl=1&resize=350%2C200","width":350,"height":200,"srcset":"https:\/\/i0.wp.com\/noticiasribeiraopreto.com.br\/wp-content\/uploads\/2025\/07\/AnyConv.com__facebook-instagram.webp.webp?fit=1000%2C667&ssl=1&resize=350%2C200 1x, https:\/\/i0.wp.com\/noticiasribeiraopreto.com.br\/wp-content\/uploads\/2025\/07\/AnyConv.com__facebook-instagram.webp.webp?fit=1000%2C667&ssl=1&resize=525%2C300 1.5x, https:\/\/i0.wp.com\/noticiasribeiraopreto.com.br\/wp-content\/uploads\/2025\/07\/AnyConv.com__facebook-instagram.webp.webp?fit=1000%2C667&ssl=1&resize=700%2C400 2x"},"classes":[]},{"id":70108,"url":"https:\/\/noticiasribeiraopreto.com.br\/index.php\/2025\/05\/22\/caso-larissa-morte-de-professora-em-ribeirao-preto-completa-dois-meses\/","url_meta":{"origin":5200,"position":4},"title":"Caso Larissa: Morte de professora em Ribeir\u00e3o Preto completa dois meses","author":"noticiasribeiraopreto.com.br","date":"22 de May de 2025","format":false,"excerpt":"A morte da professora Larissa Rodrigues completa dois meses nesta quarta-feira (22) e as investiga\u00e7\u00f5es mostram os avan\u00e7os para confirmar se o marido Luiz Ant\u00f4nio Garnica, e a sogra, Elizabete Arraba\u00e7a, s\u00e3o respons\u00e1veis pelo crime que aconteceu em Ribeir\u00e3o Preto. >>> FIQUE POR DENTRO: Veja a cobertura completa sobre a\u2026","rel":"","context":"In &quot;Not\u00edcias de Ribeir\u00e3o Preto-SP e Regi\u00e3o&quot;","block_context":{"text":"Not\u00edcias de Ribeir\u00e3o Preto-SP e Regi\u00e3o","link":"https:\/\/noticiasribeiraopreto.com.br\/index.php\/category\/noticias-de-ribeirao-preto-sp-e-regiao-ismael-colosi\/"},"img":{"alt_text":"","src":"https:\/\/i0.wp.com\/noticiasribeiraopreto.com.br\/wp-content\/uploads\/2025\/05\/Copia-de-Copia-de-Copia-de-TAMANHO-EXATO-PARA-FOTOS-NO-SISTEMA-NOVO-61_2025-05-11_18-41-35.webp.webp?fit=1200%2C675&ssl=1&resize=350%2C200","width":350,"height":200,"srcset":"https:\/\/i0.wp.com\/noticiasribeiraopreto.com.br\/wp-content\/uploads\/2025\/05\/Copia-de-Copia-de-Copia-de-TAMANHO-EXATO-PARA-FOTOS-NO-SISTEMA-NOVO-61_2025-05-11_18-41-35.webp.webp?fit=1200%2C675&ssl=1&resize=350%2C200 1x, https:\/\/i0.wp.com\/noticiasribeiraopreto.com.br\/wp-content\/uploads\/2025\/05\/Copia-de-Copia-de-Copia-de-TAMANHO-EXATO-PARA-FOTOS-NO-SISTEMA-NOVO-61_2025-05-11_18-41-35.webp.webp?fit=1200%2C675&ssl=1&resize=525%2C300 1.5x, https:\/\/i0.wp.com\/noticiasribeiraopreto.com.br\/wp-content\/uploads\/2025\/05\/Copia-de-Copia-de-Copia-de-TAMANHO-EXATO-PARA-FOTOS-NO-SISTEMA-NOVO-61_2025-05-11_18-41-35.webp.webp?fit=1200%2C675&ssl=1&resize=700%2C400 2x, https:\/\/i0.wp.com\/noticiasribeiraopreto.com.br\/wp-content\/uploads\/2025\/05\/Copia-de-Copia-de-Copia-de-TAMANHO-EXATO-PARA-FOTOS-NO-SISTEMA-NOVO-61_2025-05-11_18-41-35.webp.webp?fit=1200%2C675&ssl=1&resize=1050%2C600 3x"},"classes":[]},{"id":59861,"url":"https:\/\/noticiasribeiraopreto.com.br\/index.php\/2024\/10\/31\/carro-pega-fogo-em-avenida-da-zona-sul-de-ribeirao-preto-veja-video\/","url_meta":{"origin":5200,"position":5},"title":"Carro pega fogo em avenida da zona Sul de Ribeir\u00e3o Preto; Veja v\u00eddeo","author":"noticiasribeiraopreto.com.br","date":"31 de October de 2024","format":false,"excerpt":"Um carro pegou fogo na manh\u00e3 desta quinta-feira (31), na avenida Portugal, pr\u00f3ximo ao Santur\u00e1rio de Nossa Senhora Aparecida, em Ribeir\u00e3o Preto. De acordo com o Corpo de Bombeiros, as chamas j\u00e1 foram apagadas e ningu\u00e9m ficou ferido. Comerciantes locais informaram que o motorista do ve\u00edculo n\u00e3o permaneceu no local.\u2026","rel":"","context":"In &quot;Not\u00edcias de Ribeir\u00e3o Preto-SP e Regi\u00e3o&quot;","block_context":{"text":"Not\u00edcias de Ribeir\u00e3o Preto-SP e Regi\u00e3o","link":"https:\/\/noticiasribeiraopreto.com.br\/index.php\/category\/noticias-de-ribeirao-preto-sp-e-regiao-ismael-colosi\/"},"img":{"alt_text":"","src":"https:\/\/i0.wp.com\/noticiasribeiraopreto.com.br\/wp-content\/uploads\/2024\/10\/Copia-de-Copia-de-Copia-de-TAMANHO-EXATO-PARA-FOTOS-NO-SISTEMA-NOVO-63_2024-10-31_14-57-30_png_2024-10-31_14-57-31.webp.webp?fit=1200%2C675&ssl=1&resize=350%2C200","width":350,"height":200,"srcset":"https:\/\/i0.wp.com\/noticiasribeiraopreto.com.br\/wp-content\/uploads\/2024\/10\/Copia-de-Copia-de-Copia-de-TAMANHO-EXATO-PARA-FOTOS-NO-SISTEMA-NOVO-63_2024-10-31_14-57-30_png_2024-10-31_14-57-31.webp.webp?fit=1200%2C675&ssl=1&resize=350%2C200 1x, https:\/\/i0.wp.com\/noticiasribeiraopreto.com.br\/wp-content\/uploads\/2024\/10\/Copia-de-Copia-de-Copia-de-TAMANHO-EXATO-PARA-FOTOS-NO-SISTEMA-NOVO-63_2024-10-31_14-57-30_png_2024-10-31_14-57-31.webp.webp?fit=1200%2C675&ssl=1&resize=525%2C300 1.5x, https:\/\/i0.wp.com\/noticiasribeiraopreto.com.br\/wp-content\/uploads\/2024\/10\/Copia-de-Copia-de-Copia-de-TAMANHO-EXATO-PARA-FOTOS-NO-SISTEMA-NOVO-63_2024-10-31_14-57-30_png_2024-10-31_14-57-31.webp.webp?fit=1200%2C675&ssl=1&resize=700%2C400 2x, https:\/\/i0.wp.com\/noticiasribeiraopreto.com.br\/wp-content\/uploads\/2024\/10\/Copia-de-Copia-de-Copia-de-TAMANHO-EXATO-PARA-FOTOS-NO-SISTEMA-NOVO-63_2024-10-31_14-57-30_png_2024-10-31_14-57-31.webp.webp?fit=1200%2C675&ssl=1&resize=1050%2C600 3x"},"classes":[]}],"jetpack_sharing_enabled":true,"jetpack_shortlink":"https:\/\/wp.me\/peQAOb-1lS","_links":{"self":[{"href":"https:\/\/noticiasribeiraopreto.com.br\/index.php\/wp-json\/wp\/v2\/posts\/5200","targetHints":{"allow":["GET"]}}],"collection":[{"href":"https:\/\/noticiasribeiraopreto.com.br\/index.php\/wp-json\/wp\/v2\/posts"}],"about":[{"href":"https:\/\/noticiasribeiraopreto.com.br\/index.php\/wp-json\/wp\/v2\/types\/post"}],"author":[{"embeddable":true,"href":"https:\/\/noticiasribeiraopreto.com.br\/index.php\/wp-json\/wp\/v2\/users\/1"}],"replies":[{"embeddable":true,"href":"https:\/\/noticiasribeiraopreto.com.br\/index.php\/wp-json\/wp\/v2\/comments?post=5200"}],"version-history":[{"count":0,"href":"https:\/\/noticiasribeiraopreto.com.br\/index.php\/wp-json\/wp\/v2\/posts\/5200\/revisions"}],"wp:featuredmedia":[{"embeddable":true,"href":"https:\/\/noticiasribeiraopreto.com.br\/index.php\/wp-json\/wp\/v2\/media\/5201"}],"wp:attachment":[{"href":"https:\/\/noticiasribeiraopreto.com.br\/index.php\/wp-json\/wp\/v2\/media?parent=5200"}],"wp:term":[{"taxonomy":"category","embeddable":true,"href":"https:\/\/noticiasribeiraopreto.com.br\/index.php\/wp-json\/wp\/v2\/categories?post=5200"},{"taxonomy":"post_tag","embeddable":true,"href":"https:\/\/noticiasribeiraopreto.com.br\/index.php\/wp-json\/wp\/v2\/tags?post=5200"}],"curies":[{"name":"wp","href":"https:\/\/api.w.org\/{rel}","templated":true}]}}