{"id":5206,"date":"2023-11-23T07:27:58","date_gmt":"2023-11-23T10:27:58","guid":{"rendered":"https:\/\/noticiasribeiraopreto.com.br\/index.php\/2023\/11\/23\/ifms-oferece-13-mil-vagas-em-cursos-gratuitos-online\/"},"modified":"2023-11-23T07:27:58","modified_gmt":"2023-11-23T10:27:58","slug":"ifms-oferece-13-mil-vagas-em-cursos-gratuitos-online","status":"publish","type":"post","link":"https:\/\/noticiasribeiraopreto.com.br\/index.php\/2023\/11\/23\/ifms-oferece-13-mil-vagas-em-cursos-gratuitos-online\/","title":{"rendered":"IFMS oferece 1,3 mil vagas em cursos gratuitos online"},"content":{"rendered":"<div class='code-block code-block-1' style='margin: 8px 0 8px auto; text-align: right; display: block; clear: both;'>\n<p><a href=\"https:\/\/wa.link\/vpicfd\"><img data-recalc-dims=\"1\" class=\"wp-image-4922\" style=\"aspect-ratio: 2.0253164556962027; width: 561px; height: auto;\" src=\"https:\/\/i0.wp.com\/ismaelcolosi.com.br\/wp-content\/uploads\/2023\/11\/grupo-de-empregos-whatsapp-e-facebook-ismael-colosi-vagas.jpg?ssl=1\" alt=\"\" \/><\/a><\/p>\n<!-- \/wp:image -->\n<\/div>\n<p> <br \/>\n<\/p>\n<div>\n<p>O IFMS (Instituto Federal de Mato Grosso do Sul) est\u00e1 com inscri\u00e7\u00f5es abertas de processo seletivo para preencher 1.348 vagas em cursos gratuitos subsequentes ao ensino m\u00e9dio na <a href=\"https:\/\/catracalivre.com.br\/educacao\/governo-abre-100-cursos-gratuitos-de-transformacao-digital\/\" target=\"_blank\" rel=\"noopener\">modalidade a dist\u00e2ncia<\/a>.<\/p>\n<p>As vagas s\u00e3o para cursos no primeiro <a href=\"https:\/\/catracalivre.com.br\/educacao\/ifrn-abre-3-484-vagas-em-cursos-tecnicos-gratuitos\/\">semestre letivo de 2024<\/a>, com in\u00edcio das aulas entre 19 e 24 de fevereiro.<\/p>\n<div id=\"attachment_2275481\" class=\"wp-caption aligncenter\">\n<div class=\"d-flex justify-content-center\" data-attachment-id=\"2275481\">\n<div class=\"position-relative d-inline-block\"><img data-recalc-dims=\"1\" data-portal-copyright=\"Divulga\u00e7\u00e3o\" decoding=\"async\" fetchpriority=\"high\" class=\"wp-image-2275481 size-full\" src=\"https:\/\/i0.wp.com\/catracalivre.com.br\/wp-content\/uploads\/2023\/06\/cursos-gratuitos-ifms.jpg?resize=900%2C600&#038;ssl=1\" alt=\"IFMS abre 1,3 mil vagas em cursos gratuitos online\" width=\"900\" height=\"600\" srcset=\"https:\/\/catracalivre.com.br\/wp-content\/uploads\/2023\/06\/cursos-gratuitos-ifms.jpg 900w, https:\/\/catracalivre.com.br\/wp-content\/uploads\/2023\/06\/cursos-gratuitos-ifms-450x300.jpg 450w, https:\/\/catracalivre.com.br\/wp-content\/uploads\/2023\/06\/cursos-gratuitos-ifms-768x512.jpg 768w\" sizes=\"(max-width: 900px) 100vw, 900px\"\/><\/p>\n<p>Cr\u00e9ditos: Divulga\u00e7\u00e3o<\/p>\n<\/div>\n<\/div>\n<p><span class=\"post-imagem__legenda\">IFMS abre 1,3 mil vagas em cursos gratuitos online<\/span><\/p>\n<\/div>\n<p>Os interessados devem se inscrever at\u00e9 o dia 4 de dezembro por meio da P\u00e1gina do Candidato da Central de Sele\u00e7\u00e3o.<\/p>\n<h2>Como se inscrever nos cursos gratuitos<\/h2>\n<p>Para participar, \u00e9 preciso ter o ensino m\u00e9dio completo at\u00e9 a data da matr\u00edcula, prevista para janeiro de 2024.<\/p>\n<p>Caso o candidato n\u00e3o tenha acesso \u00e0 internet, poder\u00e1 comparecer \u00e0 Central de Relacionamento (Cerel) do campus ou polo do IFMS para fazer a inscri\u00e7\u00e3o, observando os endere\u00e7os e hor\u00e1rios dispon\u00edveis no no edital de abertura da sele\u00e7\u00e3o.<\/p>\n<p>S\u00e3o ofertados os cursos gratuitos de Administra\u00e7\u00e3o, Edifica\u00e7\u00f5es, Log\u00edstica e Manuten\u00e7\u00e3o e Suporte em Inform\u00e1tica, com polos de apoio presencial localizados em 18 munic\u00edpios.<\/p>\n<p>Na modalidade a dist\u00e2ncia do IFMS, os estudantes t\u00eam aulas no Ambiente Virtual de Ensino e Aprendizagem e um encontro presencial por semana no munic\u00edpio onde a vaga foi ofertada.<\/p>\n<p>A classifica\u00e7\u00e3o final do processo seletivo e a primeira chamada est\u00e3o previstas para 9 de janeiro de 2024. \u00a0As matr\u00edculas da primeira chamada dever\u00e3o ser feitas entre os dias 10 e 19 de janeiro.<\/p>\n<p>Os interessados podem acessar a p\u00e1gina <a href=\"https:\/\/www.ifms.edu.br\/\" target=\"_blank\" rel=\"noopener\">https:\/\/www.ifms.edu.br\/<\/a>.<\/p>\n<h3>A\u00e7\u00e3o Afirmativa (cotas)<\/h3>\n<p>Metade das vagas nos cursos gratuitos \u00e9 reservada a candidatos que estudaram em escola p\u00fablica. Desse total, h\u00e1 cotas para aqueles que comprovarem renda familiar bruta mensal per capita\u00a0\u00a0igual ou inferior a um sal\u00e1rio m\u00ednimo e meio, aos que se autodeclararem pretos, pardos e ind\u00edgenas, e a pessoas com defici\u00eancia.<\/p>\n<p>A op\u00e7\u00e3o de benefici\u00e1rio de a\u00e7\u00e3o afirmativa (cotista) dever\u00e1 ser informada no ato da inscri\u00e7\u00e3o.<\/p>\n<p>Nesta sele\u00e7\u00e3o n\u00e3o haver\u00e1 banca\u00a0de heteroidentifica\u00e7\u00e3o para constata\u00e7\u00e3o da veracidade da autodeclara\u00e7\u00e3o.<\/p>\n<p>No entanto, durante o per\u00edodo destinado \u00e0s chamadas, poder\u00e3o ser oferecidas den\u00fancias nos casos em que a autodeclara\u00e7\u00e3o firmada pelos candidatos pretos e pardos se mostrar falsa.<\/p>\n<p>As den\u00fancias dever\u00e3o ser encaminhadas, por escrito, para os canais de comunica\u00e7\u00e3o da\u00a0Ouvidoria do IFMS.<\/p>\n<\/div>\n<p><script>\n\t\t! function(f, b, e, v, n, t, s) {\n\t\t\tif (f.fbq) return;\n\t\t\tn = f.fbq = function() {\n\t\t\t\tn.callMethod ?\n\t\t\t\t\tn.callMethod.apply(n, arguments) : n.queue.push(arguments)\n\t\t\t};\n\t\t\tif (!f._fbq) f._fbq = n;\n\t\t\tn.push = n;\n\t\t\tn.loaded = !0;\n\t\t\tn.version = '2.0';\n\t\t\tn.queue = [];\n\t\t\tt = b.createElement(e);\n\t\t\tt.async = !0;\n\t\t\tt.src = v;\n\t\t\ts = b.getElementsByTagName(e)[0];\n\t\t\ts.parentNode.insertBefore(t, s)\n\t\t}(window, document, 'script',\n\t\t\t'https:\/\/connect.facebook.net\/en_US\/fbevents.js');\n\t\tfbq('init', '338315473262380');\n\t\tfbq('track', 'PageView');\n\t<\/script><br \/>\n<br \/><br \/>\n<br \/><a href=\"https:\/\/catracalivre.com.br\/educacao\/ifms-oferece-13-mil-vagas-em-cursos-gratuitos-online\/\">Source link <\/a><\/p>\n<!-- CONTENT END 1 -->\n","protected":false},"excerpt":{"rendered":"<p>O IFMS (Instituto Federal de Mato Grosso do Sul) est\u00e1 com inscri\u00e7\u00f5es abertas de processo seletivo para preencher 1.348 vagas em cursos gratuitos subsequentes ao&#8230;<\/p>\n","protected":false},"author":1,"featured_media":5207,"comment_status":"open","ping_status":"open","sticky":false,"template":"","format":"standard","meta":{"advanced_seo_description":"","jetpack_seo_html_title":"","jetpack_seo_noindex":false,"jetpack_post_was_ever_published":false,"_jetpack_newsletter_access":"","_jetpack_dont_email_post_to_subs":false,"_jetpack_newsletter_tier_id":0,"_jetpack_memberships_contains_paywalled_content":false,"_jetpack_memberships_contains_paid_content":false,"footnotes":"","jetpack_publicize_message":"","jetpack_publicize_feature_enabled":true,"jetpack_social_post_already_shared":true,"jetpack_social_options":{"image_generator_settings":{"template":"highway","default_image_id":0,"font":"","enabled":false},"version":2}},"categories":[19],"tags":[],"class_list":["post-5206","post","type-post","status-publish","format-standard","has-post-thumbnail","hentry","category-variedades"],"jetpack_publicize_connections":[],"jetpack_featured_media_url":"https:\/\/i0.wp.com\/noticiasribeiraopreto.com.br\/wp-content\/uploads\/2023\/11\/cursos-gratuitos-ifms.jpg?fit=1200%2C638&ssl=1","jetpack-related-posts":[{"id":10694,"url":"https:\/\/noticiasribeiraopreto.com.br\/index.php\/2023\/12\/04\/senai-abre-36-mil-vagas-em-cursos-gratuitos-no-distrito-federal-e-em-santa-catarina\/","url_meta":{"origin":5206,"position":0},"title":"Senai abre 36 mil vagas em cursos gratuitos no Distrito Federal e em Santa Catarina","author":"noticiasribeiraopreto.com.br","date":"4 de December de 2023","format":false,"excerpt":"O Servi\u00e7o Nacional de Aprendizagem Industrial (Senai) est\u00e1 com 36.673 vagas abertas em cursos gratuitos de qualifica\u00e7\u00e3o profissional em dois estados e tamb\u00e9m no Distrito Federal. H\u00e1 oportunidades em cursos gratuitos nos formatos presencial e remoto em diferentes \u00e1reas, como Alimentos e Bebidas, Comunica\u00e7\u00e3o, Engenharia, Inform\u00e1tica, Mec\u00e2nica e muito mais.\u2026","rel":"","context":"In &quot;Variedades&quot;","block_context":{"text":"Variedades","link":"https:\/\/noticiasribeiraopreto.com.br\/index.php\/category\/variedades\/"},"img":{"alt_text":"","src":"https:\/\/i0.wp.com\/noticiasribeiraopreto.com.br\/wp-content\/uploads\/2023\/12\/cursos-gratuitos-senai.jpg?fit=1200%2C638&ssl=1&resize=350%2C200","width":350,"height":200,"srcset":"https:\/\/i0.wp.com\/noticiasribeiraopreto.com.br\/wp-content\/uploads\/2023\/12\/cursos-gratuitos-senai.jpg?fit=1200%2C638&ssl=1&resize=350%2C200 1x, https:\/\/i0.wp.com\/noticiasribeiraopreto.com.br\/wp-content\/uploads\/2023\/12\/cursos-gratuitos-senai.jpg?fit=1200%2C638&ssl=1&resize=525%2C300 1.5x, https:\/\/i0.wp.com\/noticiasribeiraopreto.com.br\/wp-content\/uploads\/2023\/12\/cursos-gratuitos-senai.jpg?fit=1200%2C638&ssl=1&resize=700%2C400 2x, https:\/\/i0.wp.com\/noticiasribeiraopreto.com.br\/wp-content\/uploads\/2023\/12\/cursos-gratuitos-senai.jpg?fit=1200%2C638&ssl=1&resize=1050%2C600 3x"},"classes":[]},{"id":22214,"url":"https:\/\/noticiasribeiraopreto.com.br\/index.php\/2023\/12\/29\/instituto-federal-oferece-mais-de-5600-vagas-em-cursos-tecnicos-gratuitos-ead-com-inicio-em-2024\/","url_meta":{"origin":5206,"position":1},"title":"Instituto Federal oferece mais de 5600 vagas em cursos t\u00e9cnicos GRATUITOS EAD com in\u00edcio em 2024","author":"noticiasribeiraopreto.com.br","date":"29 de December de 2023","format":false,"excerpt":"Foto: Canva As 5600 vagas ofertadas pelo Instituto Federal s\u00e3o distribu\u00eddas em 11 op\u00e7\u00f5es de cursos t\u00e9cnicos gratuitos, para estudar EAD. O Instituto Federal de Educa\u00e7\u00e3o, Ci\u00eancia e Tecnologia do Sul de Minas Gerais (IFSULDEMINAS) anunciou a abertura das inscri\u00e7\u00f5es para o processo seletivo de cursos t\u00e9cnicos gratuitos na modalidade\u2026","rel":"","context":"In &quot;Vagas de Emprego em Ribeir\u00e3o Preto-SP&quot;","block_context":{"text":"Vagas de Emprego em Ribeir\u00e3o Preto-SP","link":"https:\/\/noticiasribeiraopreto.com.br\/index.php\/category\/empregos-classificados-vagas-trabalho\/vagas-de-empregos-em-ribeirao-preto-regiao-brasil\/"},"img":{"alt_text":"","src":"https:\/\/i0.wp.com\/noticiasribeiraopreto.com.br\/wp-content\/uploads\/2023\/12\/instituto-federal-oferece-mais-de-5600-vagas-em-cursos-tecnicos-gratuitos-ead-com-inicio-em-2024-830x450.png?fit=830%2C450&ssl=1&resize=350%2C200","width":350,"height":200,"srcset":"https:\/\/i0.wp.com\/noticiasribeiraopreto.com.br\/wp-content\/uploads\/2023\/12\/instituto-federal-oferece-mais-de-5600-vagas-em-cursos-tecnicos-gratuitos-ead-com-inicio-em-2024-830x450.png?fit=830%2C450&ssl=1&resize=350%2C200 1x, https:\/\/i0.wp.com\/noticiasribeiraopreto.com.br\/wp-content\/uploads\/2023\/12\/instituto-federal-oferece-mais-de-5600-vagas-em-cursos-tecnicos-gratuitos-ead-com-inicio-em-2024-830x450.png?fit=830%2C450&ssl=1&resize=525%2C300 1.5x, https:\/\/i0.wp.com\/noticiasribeiraopreto.com.br\/wp-content\/uploads\/2023\/12\/instituto-federal-oferece-mais-de-5600-vagas-em-cursos-tecnicos-gratuitos-ead-com-inicio-em-2024-830x450.png?fit=830%2C450&ssl=1&resize=700%2C400 2x"},"classes":[]},{"id":6981,"url":"https:\/\/noticiasribeiraopreto.com.br\/index.php\/2023\/11\/27\/usp-abre-vagas-em-cursos-online-e-presenciais-gratuitos\/","url_meta":{"origin":5206,"position":2},"title":"USP abre vagas em cursos online e presenciais gratuitos","author":"noticiasribeiraopreto.com.br","date":"27 de November de 2023","format":false,"excerpt":"A Universidade de S\u00e3o Paulo (USP) abriu vagas em mais de 30 cursos gratuitos online ou presenciais. S\u00e3o op\u00e7\u00f5es de cursos de difus\u00e3o quanto de atualiza\u00e7\u00e3o.As capacita\u00e7\u00f5es s\u00e3o destinadas a estudantes, profissionais ou a qualquer pessoa interessada em ampliar seus conhecimentos.Cr\u00e9ditos: George Campos\/USP ImagensUSP abre vagas em cursos online e\u2026","rel":"","context":"In &quot;Variedades&quot;","block_context":{"text":"Variedades","link":"https:\/\/noticiasribeiraopreto.com.br\/index.php\/category\/variedades\/"},"img":{"alt_text":"","src":"https:\/\/i0.wp.com\/noticiasribeiraopreto.com.br\/wp-content\/uploads\/2023\/11\/cursos-gratuitos-usp.jpg?fit=1200%2C638&ssl=1&resize=350%2C200","width":350,"height":200,"srcset":"https:\/\/i0.wp.com\/noticiasribeiraopreto.com.br\/wp-content\/uploads\/2023\/11\/cursos-gratuitos-usp.jpg?fit=1200%2C638&ssl=1&resize=350%2C200 1x, https:\/\/i0.wp.com\/noticiasribeiraopreto.com.br\/wp-content\/uploads\/2023\/11\/cursos-gratuitos-usp.jpg?fit=1200%2C638&ssl=1&resize=525%2C300 1.5x, https:\/\/i0.wp.com\/noticiasribeiraopreto.com.br\/wp-content\/uploads\/2023\/11\/cursos-gratuitos-usp.jpg?fit=1200%2C638&ssl=1&resize=700%2C400 2x, https:\/\/i0.wp.com\/noticiasribeiraopreto.com.br\/wp-content\/uploads\/2023\/11\/cursos-gratuitos-usp.jpg?fit=1200%2C638&ssl=1&resize=1050%2C600 3x"},"classes":[]},{"id":6579,"url":"https:\/\/noticiasribeiraopreto.com.br\/index.php\/2023\/11\/26\/ifpe-oferece-5-414-vagas-em-132-cursos-gratuitos-confira\/","url_meta":{"origin":5206,"position":3},"title":"IFPE oferece 5.414 vagas em 132 cursos gratuitos; confira","author":"noticiasribeiraopreto.com.br","date":"26 de November de 2023","format":false,"excerpt":"O Instituto Federal de Educa\u00e7\u00e3o, Ci\u00eancia e Tecnologia de Pernambuco (IFPE) est\u00e1 com inscri\u00e7\u00f5es abertas cursos gratuitos nas modalidades presencial e a dist\u00e2ncia (EaD). S\u00e3o oferecidas ao todo 5.414 vagas. Do total de vagas disponibilizadas, 1.435 s\u00e3o para cursos de gradua\u00e7\u00e3o; 1.885 para cursos t\u00e9cnicos integrados ao ensino m\u00e9dio; 2.059\u2026","rel":"","context":"In &quot;Variedades&quot;","block_context":{"text":"Variedades","link":"https:\/\/noticiasribeiraopreto.com.br\/index.php\/category\/variedades\/"},"img":{"alt_text":"","src":"https:\/\/i0.wp.com\/noticiasribeiraopreto.com.br\/wp-content\/uploads\/2023\/11\/cursos-tecnicos-gratuitos-if-sertao-pe.png?fit=1200%2C638&ssl=1&resize=350%2C200","width":350,"height":200,"srcset":"https:\/\/i0.wp.com\/noticiasribeiraopreto.com.br\/wp-content\/uploads\/2023\/11\/cursos-tecnicos-gratuitos-if-sertao-pe.png?fit=1200%2C638&ssl=1&resize=350%2C200 1x, https:\/\/i0.wp.com\/noticiasribeiraopreto.com.br\/wp-content\/uploads\/2023\/11\/cursos-tecnicos-gratuitos-if-sertao-pe.png?fit=1200%2C638&ssl=1&resize=525%2C300 1.5x, https:\/\/i0.wp.com\/noticiasribeiraopreto.com.br\/wp-content\/uploads\/2023\/11\/cursos-tecnicos-gratuitos-if-sertao-pe.png?fit=1200%2C638&ssl=1&resize=700%2C400 2x, https:\/\/i0.wp.com\/noticiasribeiraopreto.com.br\/wp-content\/uploads\/2023\/11\/cursos-tecnicos-gratuitos-if-sertao-pe.png?fit=1200%2C638&ssl=1&resize=1050%2C600 3x"},"classes":[]},{"id":11054,"url":"https:\/\/noticiasribeiraopreto.com.br\/index.php\/2023\/12\/05\/ufscar-recebe-inscricoes-em-8-cursos-gratuitos-de-pos-graduacao\/","url_meta":{"origin":5206,"position":4},"title":"UFSCar recebe inscri\u00e7\u00f5es em 8 cursos gratuitos de p\u00f3s-gradua\u00e7\u00e3o","author":"noticiasribeiraopreto.com.br","date":"5 de December de 2023","format":false,"excerpt":"A Universidade Federal de S\u00e3o Carlos (UFSCar) est\u00e1 com inscri\u00e7\u00f5es abertas em oito cursos gratuitos de p\u00f3s-gradua\u00e7\u00e3o \u2013todos com certificado ao final. Ao todo, s\u00e3o 357 vagas ofertadas, distribu\u00eddas entre mestrado e doutorado. Cr\u00e9ditos: Milanetto\/Divulga\u00e7\u00e3oUFSCar recebe inscri\u00e7\u00f5es em 8 cursos gratuitos de p\u00f3s-gradua\u00e7\u00e3o Para conferir detalhes a respeito dos programas\u2026","rel":"","context":"In &quot;Variedades&quot;","block_context":{"text":"Variedades","link":"https:\/\/noticiasribeiraopreto.com.br\/index.php\/category\/variedades\/"},"img":{"alt_text":"","src":"https:\/\/i0.wp.com\/noticiasribeiraopreto.com.br\/wp-content\/uploads\/2023\/12\/ufscar-cursos-gratuitos-scaled.jpg?fit=1200%2C638&ssl=1&resize=350%2C200","width":350,"height":200,"srcset":"https:\/\/i0.wp.com\/noticiasribeiraopreto.com.br\/wp-content\/uploads\/2023\/12\/ufscar-cursos-gratuitos-scaled.jpg?fit=1200%2C638&ssl=1&resize=350%2C200 1x, https:\/\/i0.wp.com\/noticiasribeiraopreto.com.br\/wp-content\/uploads\/2023\/12\/ufscar-cursos-gratuitos-scaled.jpg?fit=1200%2C638&ssl=1&resize=525%2C300 1.5x, https:\/\/i0.wp.com\/noticiasribeiraopreto.com.br\/wp-content\/uploads\/2023\/12\/ufscar-cursos-gratuitos-scaled.jpg?fit=1200%2C638&ssl=1&resize=700%2C400 2x, https:\/\/i0.wp.com\/noticiasribeiraopreto.com.br\/wp-content\/uploads\/2023\/12\/ufscar-cursos-gratuitos-scaled.jpg?fit=1200%2C638&ssl=1&resize=1050%2C600 3x"},"classes":[]},{"id":12341,"url":"https:\/\/noticiasribeiraopreto.com.br\/index.php\/2023\/12\/07\/usp-disponibiliza-vagas-em-cursos-ead-e-presenciais-gratuitos\/","url_meta":{"origin":5206,"position":5},"title":"USP disponibiliza vagas em cursos EaD e presenciais gratuitos","author":"noticiasribeiraopreto.com.br","date":"7 de December de 2023","format":false,"excerpt":"A Universidade de S\u00e3o Paulo (USP) est\u00e1 com inscri\u00e7\u00f5es abertas para dezenas de cursos gratuitos. H\u00e1 oportunidades de capacita\u00e7\u00f5es presenciais ou na modalidade a dist\u00e2ncia (EaD).Os cursos de difus\u00e3o quanto de atualiza\u00e7\u00e3o s\u00e3o destinados a estudantes, profissionais e qualquer pessoa interessada em ampliar seus conhecimentos.Cr\u00e9ditos: Divulga\u00e7\u00e3o\/Ag\u00eancia USPUSP abre vagas em\u2026","rel":"","context":"In &quot;Variedades&quot;","block_context":{"text":"Variedades","link":"https:\/\/noticiasribeiraopreto.com.br\/index.php\/category\/variedades\/"},"img":{"alt_text":"","src":"https:\/\/i0.wp.com\/noticiasribeiraopreto.com.br\/wp-content\/uploads\/2023\/12\/usp-cursos-gratuitos-scaled.jpg?fit=1200%2C638&ssl=1&resize=350%2C200","width":350,"height":200,"srcset":"https:\/\/i0.wp.com\/noticiasribeiraopreto.com.br\/wp-content\/uploads\/2023\/12\/usp-cursos-gratuitos-scaled.jpg?fit=1200%2C638&ssl=1&resize=350%2C200 1x, https:\/\/i0.wp.com\/noticiasribeiraopreto.com.br\/wp-content\/uploads\/2023\/12\/usp-cursos-gratuitos-scaled.jpg?fit=1200%2C638&ssl=1&resize=525%2C300 1.5x, https:\/\/i0.wp.com\/noticiasribeiraopreto.com.br\/wp-content\/uploads\/2023\/12\/usp-cursos-gratuitos-scaled.jpg?fit=1200%2C638&ssl=1&resize=700%2C400 2x, https:\/\/i0.wp.com\/noticiasribeiraopreto.com.br\/wp-content\/uploads\/2023\/12\/usp-cursos-gratuitos-scaled.jpg?fit=1200%2C638&ssl=1&resize=1050%2C600 3x"},"classes":[]}],"jetpack_sharing_enabled":true,"jetpack_shortlink":"https:\/\/wp.me\/peQAOb-1lY","_links":{"self":[{"href":"https:\/\/noticiasribeiraopreto.com.br\/index.php\/wp-json\/wp\/v2\/posts\/5206","targetHints":{"allow":["GET"]}}],"collection":[{"href":"https:\/\/noticiasribeiraopreto.com.br\/index.php\/wp-json\/wp\/v2\/posts"}],"about":[{"href":"https:\/\/noticiasribeiraopreto.com.br\/index.php\/wp-json\/wp\/v2\/types\/post"}],"author":[{"embeddable":true,"href":"https:\/\/noticiasribeiraopreto.com.br\/index.php\/wp-json\/wp\/v2\/users\/1"}],"replies":[{"embeddable":true,"href":"https:\/\/noticiasribeiraopreto.com.br\/index.php\/wp-json\/wp\/v2\/comments?post=5206"}],"version-history":[{"count":0,"href":"https:\/\/noticiasribeiraopreto.com.br\/index.php\/wp-json\/wp\/v2\/posts\/5206\/revisions"}],"wp:featuredmedia":[{"embeddable":true,"href":"https:\/\/noticiasribeiraopreto.com.br\/index.php\/wp-json\/wp\/v2\/media\/5207"}],"wp:attachment":[{"href":"https:\/\/noticiasribeiraopreto.com.br\/index.php\/wp-json\/wp\/v2\/media?parent=5206"}],"wp:term":[{"taxonomy":"category","embeddable":true,"href":"https:\/\/noticiasribeiraopreto.com.br\/index.php\/wp-json\/wp\/v2\/categories?post=5206"},{"taxonomy":"post_tag","embeddable":true,"href":"https:\/\/noticiasribeiraopreto.com.br\/index.php\/wp-json\/wp\/v2\/tags?post=5206"}],"curies":[{"name":"wp","href":"https:\/\/api.w.org\/{rel}","templated":true}]}}