{"id":5218,"date":"2023-11-23T08:06:04","date_gmt":"2023-11-23T11:06:04","guid":{"rendered":"https:\/\/noticiasribeiraopreto.com.br\/index.php\/2023\/11\/23\/como-criar-um-plano-de-emergencia-financeira-para-imprevistos\/"},"modified":"2023-11-23T08:06:04","modified_gmt":"2023-11-23T11:06:04","slug":"como-criar-um-plano-de-emergencia-financeira-para-imprevistos","status":"publish","type":"post","link":"https:\/\/noticiasribeiraopreto.com.br\/index.php\/2023\/11\/23\/como-criar-um-plano-de-emergencia-financeira-para-imprevistos\/","title":{"rendered":"Como criar um plano de emerg\u00eancia financeira para imprevistos"},"content":{"rendered":"<div class='code-block code-block-1' style='margin: 8px 0 8px auto; text-align: right; display: block; clear: both;'>\n<p><a href=\"https:\/\/wa.link\/vpicfd\"><img data-recalc-dims=\"1\" class=\"wp-image-4922\" style=\"aspect-ratio: 2.0253164556962027; width: 561px; height: auto;\" src=\"https:\/\/i0.wp.com\/ismaelcolosi.com.br\/wp-content\/uploads\/2023\/11\/grupo-de-empregos-whatsapp-e-facebook-ismael-colosi-vagas.jpg?ssl=1\" alt=\"\" \/><\/a><\/p>\n<!-- \/wp:image -->\n<\/div>\n<p> <br \/>\n<\/p>\n<div>\n<p>Voc\u00ea j\u00e1 passou por alguma situa\u00e7\u00e3o inesperada que afetou o seu or\u00e7amento, como um acidente, uma doen\u00e7a, uma demiss\u00e3o ou uma pandemia?\u00a0Se a resposta for sim, voc\u00ea sabe como \u00e9 importante ter uma reserva de dinheiro para enfrentar esses momentos de crise.<\/p>\n<p>Se a resposta for n\u00e3o, voc\u00ea pode estar se perguntando como se preparar para essas eventualidades. Em ambos os casos, a solu\u00e7\u00e3o \u00e9 criar um\u00a0plano de <a href=\"https:\/\/catracalivre.com.br\/educacao\/5-dicas-para-criar-um-fundo-de-emergencia-em-6-meses\/\">emerg\u00eancia financeira<\/a>. Veja a seguir algumas dicas preparadas pela <a href=\"https:\/\/www.instagram.com\/catracalivre\/\" target=\"_blank\" rel=\"noopener\">Catraca Livre<\/a>!<\/p>\n<div id=\"attachment_2313271\" class=\"wp-caption aligncenter\">\n<div class=\"d-flex justify-content-center\" data-attachment-id=\"2313271\">\n<div class=\"position-relative d-inline-block\"><img data-recalc-dims=\"1\" data-portal-copyright=\"iSTock\" decoding=\"async\" fetchpriority=\"high\" class=\"size-full wp-image-2313271\" src=\"https:\/\/i0.wp.com\/catracalivre.com.br\/wp-content\/uploads\/2023\/11\/plano-emergencial.jpg?resize=1200%2C800&#038;ssl=1\" alt=\"Como criar um plano de emerg\u00eancia financeira para imprevistos\" width=\"1200\" height=\"800\" srcset=\"https:\/\/catracalivre.com.br\/wp-content\/uploads\/2023\/11\/plano-emergencial.jpg 1200w, https:\/\/catracalivre.com.br\/wp-content\/uploads\/2023\/11\/plano-emergencial-450x300.jpg 450w, https:\/\/catracalivre.com.br\/wp-content\/uploads\/2023\/11\/plano-emergencial-768x512.jpg 768w\" sizes=\"(max-width: 1200px) 100vw, 1200px\"\/><\/p>\n<p>Cr\u00e9ditos: iSTock<\/p>\n<\/div>\n<\/div>\n<p><span class=\"post-imagem__legenda\">Como criar um plano de emerg\u00eancia financeira para imprevistos<\/span><\/p>\n<\/div>\n<h2>Como criar um plano de emerg\u00eancia financeira para imprevistos<\/h2>\n<p>Um plano de emerg\u00eancia financeira \u00e9 uma estrat\u00e9gia que visa garantir a sua seguran\u00e7a e a da sua fam\u00edlia em situa\u00e7\u00f5es de risco ou de perda de renda.<\/p>\n<p>Ele consiste em ter uma quantia de dinheiro reservada para cobrir as suas despesas essenciais por um per\u00edodo de tempo, sem precisar recorrer a empr\u00e9stimos, cart\u00f5es de cr\u00e9dito ou outras formas de endividamento.<\/p>\n<p>Mas como criar um plano de emerg\u00eancia financeira? N\u00e3o existe uma f\u00f3rmula \u00fanica, mas alguns passos b\u00e1sicos s\u00e3o:<\/p>\n<p>Fa\u00e7a um diagn\u00f3stico da sua situa\u00e7\u00e3o financeira atual, levantando todas as suas receitas, despesas, d\u00edvidas e investimentos.<\/p>\n<p>Calcule o seu custo de vida mensal, considerando apenas as despesas indispens\u00e1veis, como moradia, alimenta\u00e7\u00e3o, sa\u00fade, educa\u00e7\u00e3o, transporte e servi\u00e7os b\u00e1sicos.<\/p>\n<p>Defina qual \u00e9 o valor ideal da sua reserva de emerg\u00eancia, multiplicando o seu custo de vida mensal pelo n\u00famero de meses que voc\u00ea gostaria de ter de cobertura. Por exemplo, se o seu custo de vida mensal \u00e9 de R$ 3.000,00 e voc\u00ea quer ter uma reserva para seis meses, o seu valor ideal \u00e9 de R$ 18.000,00.<\/p>\n<p>Estabele\u00e7a uma meta de poupan\u00e7a mensal, de acordo com a sua capacidade de economizar e o prazo que voc\u00ea deseja para atingir o seu valor ideal. Por exemplo, se voc\u00ea pode poupar R$ 500,00 por m\u00eas e quer alcan\u00e7ar R$ 18.000,00 em tr\u00eas anos, a sua meta de poupan\u00e7a mensal \u00e9 de R$ 500,00.<\/p>\n<p>Escolha uma modalidade de investimento para guardar o seu dinheiro, preferindo as op\u00e7\u00f5es de baixo risco, alta liquidez e rentabilidade acima da infla\u00e7\u00e3o, como o Tesouro Selic, o CDB com liquidez di\u00e1ria ou a poupan\u00e7a.<\/p>\n<p>Aplique o seu dinheiro mensalmente na modalidade escolhida, at\u00e9 atingir o seu valor ideal. Evite sacar o seu dinheiro antes da hora, a n\u00e3o ser que seja realmente necess\u00e1rio.<\/p>\n<p>Revise periodicamente o seu plano de emerg\u00eancia financeira, ajustando o seu custo de vida mensal, o seu valor ideal, a sua meta de poupan\u00e7a mensal e a sua modalidade de investimento, conforme as mudan\u00e7as na sua renda, nas suas despesas, nas taxas de juros e na infla\u00e7\u00e3o.<\/p>\n<p>Criar um plano de emerg\u00eancia financeira pode parecer dif\u00edcil, mas \u00e9 uma forma de proteger o seu patrim\u00f4nio e o seu bem-estar em situa\u00e7\u00f5es adversas. Al\u00e9m disso, ele pode trazer benef\u00edcios para a sua vida financeira no longo prazo, como a disciplina, a organiza\u00e7\u00e3o e a tranquilidade.<\/p>\n<\/div>\n<p><script>\n\t\t! function(f, b, e, v, n, t, s) {\n\t\t\tif (f.fbq) return;\n\t\t\tn = f.fbq = function() {\n\t\t\t\tn.callMethod ?\n\t\t\t\t\tn.callMethod.apply(n, arguments) : n.queue.push(arguments)\n\t\t\t};\n\t\t\tif (!f._fbq) f._fbq = n;\n\t\t\tn.push = n;\n\t\t\tn.loaded = !0;\n\t\t\tn.version = '2.0';\n\t\t\tn.queue = [];\n\t\t\tt = b.createElement(e);\n\t\t\tt.async = !0;\n\t\t\tt.src = v;\n\t\t\ts = b.getElementsByTagName(e)[0];\n\t\t\ts.parentNode.insertBefore(t, s)\n\t\t}(window, document, 'script',\n\t\t\t'https:\/\/connect.facebook.net\/en_US\/fbevents.js');\n\t\tfbq('init', '338315473262380');\n\t\tfbq('track', 'PageView');\n\t<\/script><script async src=\"\/\/www.instagram.com\/embed.js\"><\/script><br \/>\n<br \/><br \/>\n<br \/><a href=\"https:\/\/catracalivre.com.br\/educacao\/como-criar-um-plano-de-emergencia-financeira-para-imprevistos\/\">Source link <\/a><\/p>\n<!-- CONTENT END 1 -->\n","protected":false},"excerpt":{"rendered":"<p>Voc\u00ea j\u00e1 passou por alguma situa\u00e7\u00e3o inesperada que afetou o seu or\u00e7amento, como um acidente, uma doen\u00e7a, uma demiss\u00e3o ou uma pandemia?\u00a0Se a resposta for&#8230;<\/p>\n","protected":false},"author":1,"featured_media":5219,"comment_status":"open","ping_status":"open","sticky":false,"template":"","format":"standard","meta":{"advanced_seo_description":"","jetpack_seo_html_title":"","jetpack_seo_noindex":false,"jetpack_post_was_ever_published":false,"_jetpack_newsletter_access":"","_jetpack_dont_email_post_to_subs":false,"_jetpack_newsletter_tier_id":0,"_jetpack_memberships_contains_paywalled_content":false,"_jetpack_memberships_contains_paid_content":false,"footnotes":"","jetpack_publicize_message":"","jetpack_publicize_feature_enabled":true,"jetpack_social_post_already_shared":true,"jetpack_social_options":{"image_generator_settings":{"template":"highway","default_image_id":0,"font":"","enabled":false},"version":2}},"categories":[19],"tags":[],"class_list":["post-5218","post","type-post","status-publish","format-standard","has-post-thumbnail","hentry","category-variedades"],"jetpack_publicize_connections":[],"jetpack_featured_media_url":"https:\/\/i0.wp.com\/noticiasribeiraopreto.com.br\/wp-content\/uploads\/2023\/11\/plano-emergencial.jpg?fit=1200%2C638&ssl=1","jetpack-related-posts":[{"id":7185,"url":"https:\/\/noticiasribeiraopreto.com.br\/index.php\/2023\/11\/27\/como-criar-um-plano-de-contingencia-financeira-para-crises\/","url_meta":{"origin":5218,"position":0},"title":"Como criar um plano de conting\u00eancia financeira para crises","author":"noticiasribeiraopreto.com.br","date":"27 de November de 2023","format":false,"excerpt":"Um plano de conting\u00eancia financeira \u00e9 um conjunto de medidas que visa preparar e proteger as finan\u00e7as pessoais ou empresariais diante de situa\u00e7\u00f5es imprevistas ou adversas, como desemprego, doen\u00e7a, acidentes, recess\u00e3o, pandemia, entre outras. Cr\u00e9ditos: iSTockComo criar um plano de conting\u00eancia financeira para crises Como criar um plano de conting\u00eancia\u2026","rel":"","context":"In &quot;Variedades&quot;","block_context":{"text":"Variedades","link":"https:\/\/noticiasribeiraopreto.com.br\/index.php\/category\/variedades\/"},"img":{"alt_text":"","src":"https:\/\/i0.wp.com\/noticiasribeiraopreto.com.br\/wp-content\/uploads\/2023\/11\/plano-contingencia.jpg?fit=1200%2C638&ssl=1&resize=350%2C200","width":350,"height":200,"srcset":"https:\/\/i0.wp.com\/noticiasribeiraopreto.com.br\/wp-content\/uploads\/2023\/11\/plano-contingencia.jpg?fit=1200%2C638&ssl=1&resize=350%2C200 1x, https:\/\/i0.wp.com\/noticiasribeiraopreto.com.br\/wp-content\/uploads\/2023\/11\/plano-contingencia.jpg?fit=1200%2C638&ssl=1&resize=525%2C300 1.5x, https:\/\/i0.wp.com\/noticiasribeiraopreto.com.br\/wp-content\/uploads\/2023\/11\/plano-contingencia.jpg?fit=1200%2C638&ssl=1&resize=700%2C400 2x, https:\/\/i0.wp.com\/noticiasribeiraopreto.com.br\/wp-content\/uploads\/2023\/11\/plano-contingencia.jpg?fit=1200%2C638&ssl=1&resize=1050%2C600 3x"},"classes":[]},{"id":20072,"url":"https:\/\/noticiasribeiraopreto.com.br\/index.php\/2023\/12\/24\/reserva-de-emergencia-7-motivos-para-ter-e-como-comecar-hoje-mesmo\/","url_meta":{"origin":5218,"position":1},"title":"Reserva de emerg\u00eancia: 7 motivos para ter e como come\u00e7ar hoje mesmo","author":"noticiasribeiraopreto.com.br","date":"24 de December de 2023","format":false,"excerpt":"Voc\u00ea j\u00e1 se imaginou em uma situa\u00e7\u00e3o de emerg\u00eancia financeira, como perder o emprego, ter um problema de sa\u00fade ou precisar consertar o carro? Se a resposta for sim, voc\u00ea sabe como \u00e9 importante ter uma reserva de emerg\u00eancia para lidar com esses imprevistos. Mas, se a resposta for n\u00e3o,\u2026","rel":"","context":"In &quot;Vagas de Emprego em Ribeir\u00e3o Preto-SP&quot;","block_context":{"text":"Vagas de Emprego em Ribeir\u00e3o Preto-SP","link":"https:\/\/noticiasribeiraopreto.com.br\/index.php\/category\/empregos-classificados-vagas-trabalho\/vagas-de-empregos-em-ribeirao-preto-regiao-brasil\/"},"img":{"alt_text":"","src":"https:\/\/i0.wp.com\/noticiasribeiraopreto.com.br\/wp-content\/uploads\/2023\/12\/noticiasconcursos.com_.br-7-motivos-para-ter-uma-reserva-de-emergencia-e-como-comecar-hoje-mesmo-reproducao-canva-34.jpg?fit=1200%2C800&ssl=1&resize=350%2C200","width":350,"height":200,"srcset":"https:\/\/i0.wp.com\/noticiasribeiraopreto.com.br\/wp-content\/uploads\/2023\/12\/noticiasconcursos.com_.br-7-motivos-para-ter-uma-reserva-de-emergencia-e-como-comecar-hoje-mesmo-reproducao-canva-34.jpg?fit=1200%2C800&ssl=1&resize=350%2C200 1x, https:\/\/i0.wp.com\/noticiasribeiraopreto.com.br\/wp-content\/uploads\/2023\/12\/noticiasconcursos.com_.br-7-motivos-para-ter-uma-reserva-de-emergencia-e-como-comecar-hoje-mesmo-reproducao-canva-34.jpg?fit=1200%2C800&ssl=1&resize=525%2C300 1.5x, https:\/\/i0.wp.com\/noticiasribeiraopreto.com.br\/wp-content\/uploads\/2023\/12\/noticiasconcursos.com_.br-7-motivos-para-ter-uma-reserva-de-emergencia-e-como-comecar-hoje-mesmo-reproducao-canva-34.jpg?fit=1200%2C800&ssl=1&resize=700%2C400 2x, https:\/\/i0.wp.com\/noticiasribeiraopreto.com.br\/wp-content\/uploads\/2023\/12\/noticiasconcursos.com_.br-7-motivos-para-ter-uma-reserva-de-emergencia-e-como-comecar-hoje-mesmo-reproducao-canva-34.jpg?fit=1200%2C800&ssl=1&resize=1050%2C600 3x"},"classes":[]},{"id":6005,"url":"https:\/\/noticiasribeiraopreto.com.br\/index.php\/2023\/11\/24\/como-criar-um-plano-de-acao-financeiro-para-os-proximos-12-meses\/","url_meta":{"origin":5218,"position":2},"title":"Como criar um plano de a\u00e7\u00e3o financeiro para os pr\u00f3ximos 12 meses","author":"noticiasribeiraopreto.com.br","date":"24 de November de 2023","format":false,"excerpt":"O in\u00edcio de um novo ano \u00e9 uma \u00f3tima oportunidade para organizar as finan\u00e7as e tra\u00e7ar metas para o futuro. Mas como fazer isso de forma eficaz e realista? A resposta \u00e9: criando um plano de a\u00e7\u00e3o financeiro para os pr\u00f3ximos 12 meses. Cr\u00e9ditos: iSTockComo criar um plano de a\u00e7\u00e3o\u2026","rel":"","context":"In &quot;Variedades&quot;","block_context":{"text":"Variedades","link":"https:\/\/noticiasribeiraopreto.com.br\/index.php\/category\/variedades\/"},"img":{"alt_text":"","src":"https:\/\/i0.wp.com\/noticiasribeiraopreto.com.br\/wp-content\/uploads\/2023\/11\/plano-acao-financeiro.jpg?fit=1200%2C638&ssl=1&resize=350%2C200","width":350,"height":200,"srcset":"https:\/\/i0.wp.com\/noticiasribeiraopreto.com.br\/wp-content\/uploads\/2023\/11\/plano-acao-financeiro.jpg?fit=1200%2C638&ssl=1&resize=350%2C200 1x, https:\/\/i0.wp.com\/noticiasribeiraopreto.com.br\/wp-content\/uploads\/2023\/11\/plano-acao-financeiro.jpg?fit=1200%2C638&ssl=1&resize=525%2C300 1.5x, https:\/\/i0.wp.com\/noticiasribeiraopreto.com.br\/wp-content\/uploads\/2023\/11\/plano-acao-financeiro.jpg?fit=1200%2C638&ssl=1&resize=700%2C400 2x, https:\/\/i0.wp.com\/noticiasribeiraopreto.com.br\/wp-content\/uploads\/2023\/11\/plano-acao-financeiro.jpg?fit=1200%2C638&ssl=1&resize=1050%2C600 3x"},"classes":[]},{"id":2454,"url":"https:\/\/noticiasribeiraopreto.com.br\/index.php\/2023\/11\/15\/5-dicas-para-criar-um-fundo-de-emergencia-em-6-meses\/","url_meta":{"origin":5218,"position":3},"title":"5 dicas para criar um fundo de emerg\u00eancia em 6 meses","author":"noticiasribeiraopreto.com.br","date":"15 de November de 2023","format":false,"excerpt":"Ter um fundo de emerg\u00eancia \u00e9 uma das melhores formas de se proteger de imprevistos financeiros, como a perda de um emprego, um problema de sa\u00fade ou um conserto urgente. Mas como criar um fundo de emerg\u00eancia em um curto per\u00edodo de tempo? Neste guia da Catraca Livre, vamos te\u2026","rel":"","context":"In &quot;Variedades&quot;","block_context":{"text":"Variedades","link":"https:\/\/noticiasribeiraopreto.com.br\/index.php\/category\/variedades\/"},"img":{"alt_text":"","src":"https:\/\/i0.wp.com\/noticiasribeiraopreto.com.br\/wp-content\/uploads\/2023\/11\/fundo-6-meses.jpg?fit=1200%2C638&ssl=1&resize=350%2C200","width":350,"height":200,"srcset":"https:\/\/i0.wp.com\/noticiasribeiraopreto.com.br\/wp-content\/uploads\/2023\/11\/fundo-6-meses.jpg?fit=1200%2C638&ssl=1&resize=350%2C200 1x, https:\/\/i0.wp.com\/noticiasribeiraopreto.com.br\/wp-content\/uploads\/2023\/11\/fundo-6-meses.jpg?fit=1200%2C638&ssl=1&resize=525%2C300 1.5x, https:\/\/i0.wp.com\/noticiasribeiraopreto.com.br\/wp-content\/uploads\/2023\/11\/fundo-6-meses.jpg?fit=1200%2C638&ssl=1&resize=700%2C400 2x, https:\/\/i0.wp.com\/noticiasribeiraopreto.com.br\/wp-content\/uploads\/2023\/11\/fundo-6-meses.jpg?fit=1200%2C638&ssl=1&resize=1050%2C600 3x"},"classes":[]},{"id":27162,"url":"https:\/\/noticiasribeiraopreto.com.br\/index.php\/2024\/01\/11\/descubra-o-melhor-investimento-para-reserva-de-emergencia\/","url_meta":{"origin":5218,"position":4},"title":"Descubra o Melhor Investimento para Reserva de Emerg\u00eancia","author":"noticiasribeiraopreto.com.br","date":"11 de January de 2024","format":false,"excerpt":"Voc\u00ea sabe qual o melhor investimento para a reserva de emerg\u00eancia? Em um cen\u00e1rio financeiro din\u00e2mico, construir uma base s\u00f3lida para imprevistos \u00e9 mais vital do que nunca. Aqui, desvendaremos estrat\u00e9gias inteligentes, considerando n\u00e3o apenas a rentabilidade, mas a seguran\u00e7a que todo plano de reserva de emerg\u00eancia deve oferecer. Navegar\u2026","rel":"","context":"In &quot;Dinheiro e Investimento&quot;","block_context":{"text":"Dinheiro e Investimento","link":"https:\/\/noticiasribeiraopreto.com.br\/index.php\/category\/dinheiro-e-investimento-como-fazer-como-ganhar\/"},"img":{"alt_text":"","src":"https:\/\/i0.wp.com\/noticiasribeiraopreto.com.br\/wp-content\/uploads\/2024\/01\/melhor-investimento-para-reserva-de-emergencia-2.jpg?fit=1000%2C667&ssl=1&resize=350%2C200","width":350,"height":200,"srcset":"https:\/\/i0.wp.com\/noticiasribeiraopreto.com.br\/wp-content\/uploads\/2024\/01\/melhor-investimento-para-reserva-de-emergencia-2.jpg?fit=1000%2C667&ssl=1&resize=350%2C200 1x, https:\/\/i0.wp.com\/noticiasribeiraopreto.com.br\/wp-content\/uploads\/2024\/01\/melhor-investimento-para-reserva-de-emergencia-2.jpg?fit=1000%2C667&ssl=1&resize=525%2C300 1.5x, https:\/\/i0.wp.com\/noticiasribeiraopreto.com.br\/wp-content\/uploads\/2024\/01\/melhor-investimento-para-reserva-de-emergencia-2.jpg?fit=1000%2C667&ssl=1&resize=700%2C400 2x"},"classes":[]},{"id":33669,"url":"https:\/\/noticiasribeiraopreto.com.br\/index.php\/2024\/01\/30\/como-saber-se-tenho-dinheiro-esquecido\/","url_meta":{"origin":5218,"position":5},"title":"Como Saber se Tenho Dinheiro Esquecido?","author":"noticiasribeiraopreto.com.br","date":"30 de January de 2024","format":false,"excerpt":"Voc\u00ea j\u00e1 se perguntou se tem dinheiro a receber que desconhece? Muitas pessoas deixam de verificar essa possibilidade, perdendo a chance de recuperar valores esquecidos. Neste guia, abordaremos de forma clara como saber se voc\u00ea tem dinheiro a receber. Desde as consultas pelo CPF at\u00e9 as melhores pr\u00e1ticas para resgate,\u2026","rel":"","context":"In &quot;Dinheiro e Investimento&quot;","block_context":{"text":"Dinheiro e Investimento","link":"https:\/\/noticiasribeiraopreto.com.br\/index.php\/category\/dinheiro-e-investimento-como-fazer-como-ganhar\/"},"img":{"alt_text":"","src":"https:\/\/i0.wp.com\/noticiasribeiraopreto.com.br\/wp-content\/uploads\/2024\/01\/dinheiro-a-recebe-2.jpg?fit=1000%2C667&ssl=1&resize=350%2C200","width":350,"height":200,"srcset":"https:\/\/i0.wp.com\/noticiasribeiraopreto.com.br\/wp-content\/uploads\/2024\/01\/dinheiro-a-recebe-2.jpg?fit=1000%2C667&ssl=1&resize=350%2C200 1x, https:\/\/i0.wp.com\/noticiasribeiraopreto.com.br\/wp-content\/uploads\/2024\/01\/dinheiro-a-recebe-2.jpg?fit=1000%2C667&ssl=1&resize=525%2C300 1.5x, https:\/\/i0.wp.com\/noticiasribeiraopreto.com.br\/wp-content\/uploads\/2024\/01\/dinheiro-a-recebe-2.jpg?fit=1000%2C667&ssl=1&resize=700%2C400 2x"},"classes":[]}],"jetpack_sharing_enabled":true,"jetpack_shortlink":"https:\/\/wp.me\/peQAOb-1ma","_links":{"self":[{"href":"https:\/\/noticiasribeiraopreto.com.br\/index.php\/wp-json\/wp\/v2\/posts\/5218","targetHints":{"allow":["GET"]}}],"collection":[{"href":"https:\/\/noticiasribeiraopreto.com.br\/index.php\/wp-json\/wp\/v2\/posts"}],"about":[{"href":"https:\/\/noticiasribeiraopreto.com.br\/index.php\/wp-json\/wp\/v2\/types\/post"}],"author":[{"embeddable":true,"href":"https:\/\/noticiasribeiraopreto.com.br\/index.php\/wp-json\/wp\/v2\/users\/1"}],"replies":[{"embeddable":true,"href":"https:\/\/noticiasribeiraopreto.com.br\/index.php\/wp-json\/wp\/v2\/comments?post=5218"}],"version-history":[{"count":0,"href":"https:\/\/noticiasribeiraopreto.com.br\/index.php\/wp-json\/wp\/v2\/posts\/5218\/revisions"}],"wp:featuredmedia":[{"embeddable":true,"href":"https:\/\/noticiasribeiraopreto.com.br\/index.php\/wp-json\/wp\/v2\/media\/5219"}],"wp:attachment":[{"href":"https:\/\/noticiasribeiraopreto.com.br\/index.php\/wp-json\/wp\/v2\/media?parent=5218"}],"wp:term":[{"taxonomy":"category","embeddable":true,"href":"https:\/\/noticiasribeiraopreto.com.br\/index.php\/wp-json\/wp\/v2\/categories?post=5218"},{"taxonomy":"post_tag","embeddable":true,"href":"https:\/\/noticiasribeiraopreto.com.br\/index.php\/wp-json\/wp\/v2\/tags?post=5218"}],"curies":[{"name":"wp","href":"https:\/\/api.w.org\/{rel}","templated":true}]}}