{"id":5260,"date":"2023-11-23T08:15:00","date_gmt":"2023-11-23T11:15:00","guid":{"rendered":"https:\/\/noticiasribeiraopreto.com.br\/index.php\/2023\/11\/23\/ribeirao-preto-recebe-festival-de-musica-eletronica-com-dj-marta-supernova\/"},"modified":"2023-11-23T08:15:00","modified_gmt":"2023-11-23T11:15:00","slug":"ribeirao-preto-recebe-festival-de-musica-eletronica-com-dj-marta-supernova","status":"publish","type":"post","link":"https:\/\/noticiasribeiraopreto.com.br\/index.php\/2023\/11\/23\/ribeirao-preto-recebe-festival-de-musica-eletronica-com-dj-marta-supernova\/","title":{"rendered":"Ribeir\u00e3o Preto recebe festival de m\u00fasica eletr\u00f4nica com DJ Marta Supernova \u00a0"},"content":{"rendered":"<div class='code-block code-block-1' style='margin: 8px 0 8px auto; text-align: right; display: block; clear: both;'>\n<p><a href=\"https:\/\/wa.link\/vpicfd\"><img data-recalc-dims=\"1\" class=\"wp-image-4922\" style=\"aspect-ratio: 2.0253164556962027; width: 561px; height: auto;\" src=\"https:\/\/i0.wp.com\/ismaelcolosi.com.br\/wp-content\/uploads\/2023\/11\/grupo-de-empregos-whatsapp-e-facebook-ismael-colosi-vagas.jpg?ssl=1\" alt=\"\" \/><\/a><\/p>\n<!-- \/wp:image -->\n<\/div>\n<p> <br \/>\n<\/p>\n<div data-td-block-uid=\"tdi_104\">\n<div class=\"tdb-block-inner td-fix-index\">\n<p>A segunda edi\u00e7\u00e3o do \u2018<strong>Supernova<\/strong>\u2019, evento de <strong>m\u00fasica eletr\u00f4nica<\/strong>, acontece nesta sexta (24), a partir das 21h, no MuseuLab, localizado no Jardim Sumar\u00e9, zona Sul de Ribeir\u00e3o Preto. \u00a0<\/p>\n<p>O <strong>evento <\/strong>\u00e9 realizado pelo <strong>Pantera Sessions<\/strong> e traz diferentes estilos de <strong>m\u00fasica eletr\u00f4nica <\/strong>autoral.\u00a0\u00a0<\/p>\n<h4 class=\"wp-block-heading\"><strong>Atra\u00e7\u00f5es<\/strong>\u00a0<\/h4>\n<p>A segunda edi\u00e7\u00e3o traz a <strong>DJ Marta Supernova<\/strong> com repert\u00f3rio que mistura tech house, tambores afro-brasileiros, groove do Miami bass ao techno, entre outros. A artista j\u00e1 se apresentou no <strong>Rock in Rio<\/strong> e <strong>Rock The Mountain<\/strong>. <\/p>\n<p>Al\u00e9m da <strong>DJ Marta Supernova<\/strong>, que tamb\u00e9m \u00e9 produtora de Tech house <strong>KESS<\/strong>, o <strong>DJ Victor A<\/strong>, um dos fundadores do coletivo Beco Madre, e o <strong>DJ MX<\/strong> tamb\u00e9m se apresentam com uma programa\u00e7\u00e3o dan\u00e7ante. \u00a0<\/p>\n<p>Os <strong>ingressos<\/strong> podem ser adquiridos on-line (<a href=\"https:\/\/www.sympla.com.br\/evento\/supernova-sprnv-2\/2244947?referrer=www.google.com\" target=\"_blank\" rel=\"noreferrer noopener\">clique aqui<\/a>) por R$ 25 e garante uma bebida.\u00a0<\/p>\n<p><strong>SERVI\u00c7O\u00a0<\/strong><\/p>\n<p><em>Supernova\u00a0<br \/><\/em><br \/>Data: 24\/11 \u2013 sexta-feira\u00a0<br \/>Hor\u00e1rio: 21h\u00a0<br \/>Ingressos: <a href=\"https:\/\/www.sympla.com.br\/evento\/supernova-sprnv-2\/2244947\" target=\"_blank\" rel=\"noreferrer noopener\">clique aqui \u00a0<\/a><br \/>Local: Espa\u00e7o MuseLab \u2013 Avenida Sumar\u00e9, 455, Port\u00e3o lateral, Jardim Sumar\u00e9, Ribeir\u00e3o Preto\u00a0<\/p>\n<p>VEJA TAMB\u00c9M \u00a0<\/p>\n<p>Chuva abre cratera em rua no bairro Sumarezinho em Ribeir\u00e3o Preto<\/p>\n<h4 class=\"wp-block-heading\"><strong><span style=\"background-color:#f7cc62\" class=\"td_text_highlight_marker\">FIQUE ON \u00a0<\/span><\/strong><\/h4>\n<p>Fique ligado em tudo que acontece em Ribeir\u00e3o Preto e regi\u00e3o. Siga os perfis do\u00a0<strong>acidade on<\/strong>\u00a0no\u00a0<a href=\"https:\/\/www.instagram.com\/acidadeonribeirao\" target=\"_blank\" rel=\"noreferrer noopener\">Instagram\u00a0<\/a>e no<a href=\"https:\/\/www.facebook.com\/acidadeonribeirao\" target=\"_blank\" rel=\"noreferrer noopener\">\u00a0Facebook.<\/a><\/p>\n<p>Receba not\u00edcias do\u00a0<strong>acidade on\u00a0<\/strong>no WhatsApp.\u00a0<a href=\"https:\/\/chat.whatsapp.com\/Bnv2w66ZT4VDyZW3oiZ69n\" target=\"_blank\" rel=\"noreferrer noopener\">Para entrar no grupo, basta clicar aqui.<\/a><\/p>\n<p>Fa\u00e7a uma den\u00fancia ou sugira uma reportagem sobre Ribeir\u00e3o Preto e regi\u00e3o pelo WhatsApp:\u00a0<strong>(16) 99117 7802.<\/strong><\/p>\n<p>LEIA MAIS \u00a0<\/p>\n<p><a href=\"https:\/\/www.tudoep.com\/tudo-noticias\/NOT,0,0,1868117,genro-de-araraquara-mulher-expoe-traicao-do-marido-com-o-pai-dela.aspx\" target=\"_blank\" rel=\"noreferrer noopener\">Genro de Araraquara: mulher exp\u00f5e trai\u00e7\u00e3o do marido com o pai dela<\/a><\/p>\n<p><!-- AI CONTENT END 1 -->\n<\/div>\n<\/div>\n<p><script async src=\"\/\/www.instagram.com\/embed.js\"><\/script><br \/>\n<br \/><br \/>\n<br \/><a href=\"https:\/\/www.acidadeon.com\/ribeiraopreto\/lazer-e-cultura\/ribeirao-preto-recebe-festival-de-musica-eletronica-com-dj-marta-supernova\/\">Source link <\/a><\/p>\n<!-- CONTENT END 1 -->\n","protected":false},"excerpt":{"rendered":"<p>A segunda edi\u00e7\u00e3o do \u2018Supernova\u2019, evento de m\u00fasica eletr\u00f4nica, acontece nesta sexta (24), a partir das 21h, no MuseuLab, localizado no Jardim Sumar\u00e9, zona Sul&#8230;<\/p>\n","protected":false},"author":1,"featured_media":5261,"comment_status":"open","ping_status":"open","sticky":false,"template":"","format":"standard","meta":{"advanced_seo_description":"","jetpack_seo_html_title":"","jetpack_seo_noindex":false,"jetpack_post_was_ever_published":false,"_jetpack_newsletter_access":"","_jetpack_dont_email_post_to_subs":false,"_jetpack_newsletter_tier_id":0,"_jetpack_memberships_contains_paywalled_content":false,"_jetpack_memberships_contains_paid_content":false,"footnotes":"","jetpack_publicize_message":"","jetpack_publicize_feature_enabled":true,"jetpack_social_post_already_shared":true,"jetpack_social_options":{"image_generator_settings":{"template":"highway","default_image_id":0,"font":"","enabled":false},"version":2}},"categories":[11],"tags":[562,141,563,92,27,407,26,564],"class_list":["post-5260","post","type-post","status-publish","format-standard","has-post-thumbnail","hentry","category-noticias-de-ribeirao-preto-sp-e-regiao-ismael-colosi","tag-eletronica","tag-festival","tag-marta","tag-musica","tag-preto","tag-recebe","tag-ribeirao","tag-supernova"],"jetpack_publicize_connections":[],"jetpack_featured_media_url":"https:\/\/i0.wp.com\/noticiasribeiraopreto.com.br\/wp-content\/uploads\/2023\/11\/WhatsApp-Image-2023-11-23-at-08.24.56.jpeg?fit=1600%2C1068&ssl=1","jetpack-related-posts":[{"id":5926,"url":"https:\/\/noticiasribeiraopreto.com.br\/index.php\/2023\/11\/24\/daniel-sandy-e-amazing-tenors-veja-o-que-curtir-no-fim-de-semana-em-ribeirao\/","url_meta":{"origin":5260,"position":0},"title":"Daniel, Sandy e Amazing Tenors:\u00a0Veja o que curtir no fim de semana em Ribeir\u00e3o","author":"noticiasribeiraopreto.com.br","date":"24 de November de 2023","format":false,"excerpt":"O fim de semana em Ribeir\u00e3o Preto est\u00e1 repleto de op\u00e7\u00f5es musicais para todos os gostos e todas as idades.\u00a0 Tem show sertanejo, espet\u00e1culo de Natal, festivais de m\u00fasica, orquestra em igreja, apresenta\u00e7\u00f5es em teatros e, al\u00e9m disso, feira gratuita com troca de livro. \u00a0 Confira a programa\u00e7\u00e3o FESTIVAL SUPERNOVA\u00a0\u2026","rel":"","context":"In &quot;Not\u00edcias de Ribeir\u00e3o Preto-SP e Regi\u00e3o&quot;","block_context":{"text":"Not\u00edcias de Ribeir\u00e3o Preto-SP e Regi\u00e3o","link":"https:\/\/noticiasribeiraopreto.com.br\/index.php\/category\/noticias-de-ribeirao-preto-sp-e-regiao-ismael-colosi\/"},"img":{"alt_text":"","src":"https:\/\/i0.wp.com\/noticiasribeiraopreto.com.br\/wp-content\/uploads\/2023\/11\/393998239_18392266828052536_6057001647339248478_n.jpg?fit=1080%2C722&ssl=1&resize=350%2C200","width":350,"height":200,"srcset":"https:\/\/i0.wp.com\/noticiasribeiraopreto.com.br\/wp-content\/uploads\/2023\/11\/393998239_18392266828052536_6057001647339248478_n.jpg?fit=1080%2C722&ssl=1&resize=350%2C200 1x, https:\/\/i0.wp.com\/noticiasribeiraopreto.com.br\/wp-content\/uploads\/2023\/11\/393998239_18392266828052536_6057001647339248478_n.jpg?fit=1080%2C722&ssl=1&resize=525%2C300 1.5x, https:\/\/i0.wp.com\/noticiasribeiraopreto.com.br\/wp-content\/uploads\/2023\/11\/393998239_18392266828052536_6057001647339248478_n.jpg?fit=1080%2C722&ssl=1&resize=700%2C400 2x, https:\/\/i0.wp.com\/noticiasribeiraopreto.com.br\/wp-content\/uploads\/2023\/11\/393998239_18392266828052536_6057001647339248478_n.jpg?fit=1080%2C722&ssl=1&resize=1050%2C600 3x"},"classes":[]},{"id":69733,"url":"https:\/\/noticiasribeiraopreto.com.br\/index.php\/2025\/05\/08\/djs-kenan-e-kel-retornam-a-ribeirao-preto-para-apresentacao-no-festival-planeta-urbano\/","url_meta":{"origin":5260,"position":1},"title":"DJs Kenan e Kel retornam a Ribeir\u00e3o Preto para apresenta\u00e7\u00e3o no Festival Planeta Urbano","author":"noticiasribeiraopreto.com.br","date":"8 de May de 2025","format":false,"excerpt":"Os DJs Kenan e Kel retornam para Ribeir\u00e3o Preto, no dia 31 de maio, para apresenta\u00e7\u00e3o no Festival Planeta Urbano. A segunda edi\u00e7\u00e3o do evento acontece das 16h \u00e0s 4h, no CHF Espa\u00e7o Cultural. Supernova, Matu\u00ea, Cynthia Luz, MC Tuto e Recayd Mob s\u00e3o outros nomes que est\u00e3o confirmados no\u2026","rel":"","context":"In &quot;Not\u00edcias de Ribeir\u00e3o Preto-SP e Regi\u00e3o&quot;","block_context":{"text":"Not\u00edcias de Ribeir\u00e3o Preto-SP e Regi\u00e3o","link":"https:\/\/noticiasribeiraopreto.com.br\/index.php\/category\/noticias-de-ribeirao-preto-sp-e-regiao-ismael-colosi\/"},"img":{"alt_text":"","src":"https:\/\/i0.wp.com\/noticiasribeiraopreto.com.br\/wp-content\/uploads\/2025\/05\/WhatsApp-Image-2025-05-08-at-09.28.24_2025-05-08_17-55-13.webp.webp?fit=1200%2C800&ssl=1&resize=350%2C200","width":350,"height":200,"srcset":"https:\/\/i0.wp.com\/noticiasribeiraopreto.com.br\/wp-content\/uploads\/2025\/05\/WhatsApp-Image-2025-05-08-at-09.28.24_2025-05-08_17-55-13.webp.webp?fit=1200%2C800&ssl=1&resize=350%2C200 1x, https:\/\/i0.wp.com\/noticiasribeiraopreto.com.br\/wp-content\/uploads\/2025\/05\/WhatsApp-Image-2025-05-08-at-09.28.24_2025-05-08_17-55-13.webp.webp?fit=1200%2C800&ssl=1&resize=525%2C300 1.5x, https:\/\/i0.wp.com\/noticiasribeiraopreto.com.br\/wp-content\/uploads\/2025\/05\/WhatsApp-Image-2025-05-08-at-09.28.24_2025-05-08_17-55-13.webp.webp?fit=1200%2C800&ssl=1&resize=700%2C400 2x, https:\/\/i0.wp.com\/noticiasribeiraopreto.com.br\/wp-content\/uploads\/2025\/05\/WhatsApp-Image-2025-05-08-at-09.28.24_2025-05-08_17-55-13.webp.webp?fit=1200%2C800&ssl=1&resize=1050%2C600 3x"},"classes":[]},{"id":5316,"url":"https:\/\/noticiasribeiraopreto.com.br\/index.php\/2023\/11\/23\/dubladora-de-frozen-taryn-szpilman-faz-show-gratuito-em-ribeirao-preto\/","url_meta":{"origin":5260,"position":2},"title":"Dubladora de Frozen, Taryn Szpilman, faz show gratuito em Ribeir\u00e3o Preto\u00a0\u00a0","author":"noticiasribeiraopreto.com.br","date":"23 de November de 2023","format":false,"excerpt":"O Teatro Sesi de Ribeir\u00e3o Preto, localizado no Jardim Castelo Branco, ir\u00e1 receber, neste s\u00e1bado (25), o espet\u00e1culo \u201cUm s\u00e9culo de Jazz e Blues\u201d, \u00e0s 20h, com a cantora Taryn Szpilman. A entrada \u00e9 gratuita, mas \u00e9 preciso reservar. A cantora \u00e9 conhecida por ser a dubladora de Elsa, do\u2026","rel":"","context":"In &quot;Not\u00edcias de Ribeir\u00e3o Preto-SP e Regi\u00e3o&quot;","block_context":{"text":"Not\u00edcias de Ribeir\u00e3o Preto-SP e Regi\u00e3o","link":"https:\/\/noticiasribeiraopreto.com.br\/index.php\/category\/noticias-de-ribeirao-preto-sp-e-regiao-ismael-colosi\/"},"img":{"alt_text":"","src":"https:\/\/i0.wp.com\/noticiasribeiraopreto.com.br\/wp-content\/uploads\/2023\/11\/Taryn-capa-cor-cred-Rodrigo-Castro-scaled.jpg?fit=1200%2C901&ssl=1&resize=350%2C200","width":350,"height":200,"srcset":"https:\/\/i0.wp.com\/noticiasribeiraopreto.com.br\/wp-content\/uploads\/2023\/11\/Taryn-capa-cor-cred-Rodrigo-Castro-scaled.jpg?fit=1200%2C901&ssl=1&resize=350%2C200 1x, https:\/\/i0.wp.com\/noticiasribeiraopreto.com.br\/wp-content\/uploads\/2023\/11\/Taryn-capa-cor-cred-Rodrigo-Castro-scaled.jpg?fit=1200%2C901&ssl=1&resize=525%2C300 1.5x, https:\/\/i0.wp.com\/noticiasribeiraopreto.com.br\/wp-content\/uploads\/2023\/11\/Taryn-capa-cor-cred-Rodrigo-Castro-scaled.jpg?fit=1200%2C901&ssl=1&resize=700%2C400 2x, https:\/\/i0.wp.com\/noticiasribeiraopreto.com.br\/wp-content\/uploads\/2023\/11\/Taryn-capa-cor-cred-Rodrigo-Castro-scaled.jpg?fit=1200%2C901&ssl=1&resize=1050%2C600 3x"},"classes":[]},{"id":38525,"url":"https:\/\/noticiasribeiraopreto.com.br\/index.php\/2024\/02\/20\/teatro-de-arena-de-ribeirao-preto-recebe-1a-edicao-do-tutu-djs-fest\/","url_meta":{"origin":5260,"position":3},"title":"Teatro de Arena de Ribeir\u00e3o Preto recebe 1\u00aa edi\u00e7\u00e3o do Tutu DJs Fest","author":"noticiasribeiraopreto.com.br","date":"20 de February de 2024","format":false,"excerpt":"O Dia Mundial do DJ \u00e9 comemorado em 09 de mar\u00e7o, data em que o Teatro de Arena de Ribeir\u00e3o Preto ser\u00e1 palco do Tutu DJs Fest, que reunir\u00e1 v\u00e1rios DJs atuantes em um espa\u00e7o hist\u00f3rico da cidade, com m\u00fasica das 15h \u00e0s 22h.Realizado pelo coletivo Tutu DJs e Pantera\u2026","rel":"","context":"In &quot;Not\u00edcias de Ribeir\u00e3o Preto-SP e Regi\u00e3o&quot;","block_context":{"text":"Not\u00edcias de Ribeir\u00e3o Preto-SP e Regi\u00e3o","link":"https:\/\/noticiasribeiraopreto.com.br\/index.php\/category\/noticias-de-ribeirao-preto-sp-e-regiao-ismael-colosi\/"},"img":{"alt_text":"","src":"https:\/\/i0.wp.com\/noticiasribeiraopreto.com.br\/wp-content\/uploads\/2024\/02\/Foto-DJ-Taui-scaled.jpg?fit=968%2C645&ssl=1&resize=350%2C200","width":350,"height":200,"srcset":"https:\/\/i0.wp.com\/noticiasribeiraopreto.com.br\/wp-content\/uploads\/2024\/02\/Foto-DJ-Taui-scaled.jpg?fit=968%2C645&ssl=1&resize=350%2C200 1x, https:\/\/i0.wp.com\/noticiasribeiraopreto.com.br\/wp-content\/uploads\/2024\/02\/Foto-DJ-Taui-scaled.jpg?fit=968%2C645&ssl=1&resize=525%2C300 1.5x, https:\/\/i0.wp.com\/noticiasribeiraopreto.com.br\/wp-content\/uploads\/2024\/02\/Foto-DJ-Taui-scaled.jpg?fit=968%2C645&ssl=1&resize=700%2C400 2x"},"classes":[]},{"id":68452,"url":"https:\/\/noticiasribeiraopreto.com.br\/index.php\/2025\/04\/25\/ribeirao-rodeo-music-2025-tambem-abre-espaco-para-a-musica-eletronica\/","url_meta":{"origin":5260,"position":4},"title":"Ribeir\u00e3o Rodeo Music 2025 tamb\u00e9m abre espa\u00e7o para a m\u00fasica eletr\u00f4nica","author":"noticiasribeiraopreto.com.br","date":"25 de April de 2025","format":false,"excerpt":"Nem s\u00f3 de sertanejo vive o Ribeir\u00e3o Rodeo Music. O evento tamb\u00e9m abre espa\u00e7o para m\u00fasicas de todos os estilos, incluindo a eletr\u00f4nica, que este ano est\u00e1 bem representada pelos shows dos DJs Alok e Dennis. A 19\u00aa edi\u00e7\u00e3o do evento acontece nos dias 26 e 30 de abril e\u2026","rel":"","context":"In &quot;Not\u00edcias de Ribeir\u00e3o Preto-SP e Regi\u00e3o&quot;","block_context":{"text":"Not\u00edcias de Ribeir\u00e3o Preto-SP e Regi\u00e3o","link":"https:\/\/noticiasribeiraopreto.com.br\/index.php\/category\/noticias-de-ribeirao-preto-sp-e-regiao-ismael-colosi\/"},"img":{"alt_text":"","src":"https:\/\/i0.wp.com\/noticiasribeiraopreto.com.br\/wp-content\/uploads\/2025\/04\/dennis-e-alok_2025-04-25_12-50-33.webp.webp?fit=1200%2C674&ssl=1&resize=350%2C200","width":350,"height":200,"srcset":"https:\/\/i0.wp.com\/noticiasribeiraopreto.com.br\/wp-content\/uploads\/2025\/04\/dennis-e-alok_2025-04-25_12-50-33.webp.webp?fit=1200%2C674&ssl=1&resize=350%2C200 1x, https:\/\/i0.wp.com\/noticiasribeiraopreto.com.br\/wp-content\/uploads\/2025\/04\/dennis-e-alok_2025-04-25_12-50-33.webp.webp?fit=1200%2C674&ssl=1&resize=525%2C300 1.5x, https:\/\/i0.wp.com\/noticiasribeiraopreto.com.br\/wp-content\/uploads\/2025\/04\/dennis-e-alok_2025-04-25_12-50-33.webp.webp?fit=1200%2C674&ssl=1&resize=700%2C400 2x, https:\/\/i0.wp.com\/noticiasribeiraopreto.com.br\/wp-content\/uploads\/2025\/04\/dennis-e-alok_2025-04-25_12-50-33.webp.webp?fit=1200%2C674&ssl=1&resize=1050%2C600 3x"},"classes":[]},{"id":65652,"url":"https:\/\/noticiasribeiraopreto.com.br\/index.php\/2025\/03\/22\/tutu-fest-teatro-de-arena-de-ribeirao-preto-recebe-festival-de-djs\/","url_meta":{"origin":5260,"position":5},"title":"Tutu Fest: Teatro de Arena de Ribeir\u00e3o Preto recebe festival de DJs","author":"noticiasribeiraopreto.com.br","date":"22 de March de 2025","format":false,"excerpt":"O Teatro de Arena de Ribeir\u00e3o Preto ser\u00e1 palco da 2\u00aa edi\u00e7\u00e3o do Tutu Djs Fest, que acontece no dia 5 de abril, das 15h \u00e0s 22h. O evento re\u00fane DJs que exploram diferentes t\u00e9cnicas e formatos de reprodu\u00e7\u00e3o musical e variados g\u00eaneros musicais. Realizado pelo coletivo Tutu DJs, que\u2026","rel":"","context":"In &quot;Not\u00edcias de Ribeir\u00e3o Preto-SP e Regi\u00e3o&quot;","block_context":{"text":"Not\u00edcias de Ribeir\u00e3o Preto-SP e Regi\u00e3o","link":"https:\/\/noticiasribeiraopreto.com.br\/index.php\/category\/noticias-de-ribeirao-preto-sp-e-regiao-ismael-colosi\/"},"img":{"alt_text":"","src":"https:\/\/i0.wp.com\/noticiasribeiraopreto.com.br\/wp-content\/uploads\/2025\/03\/Copia-de-Copia-de-Copia-de-TAMANHO-EXATO-PARA-FOTOS-NO-SISTEMA-NOVO-31_2025-03-22_17-39-52_jpg_2025-03-22_17-39-52.webp.webp?fit=1200%2C675&ssl=1&resize=350%2C200","width":350,"height":200,"srcset":"https:\/\/i0.wp.com\/noticiasribeiraopreto.com.br\/wp-content\/uploads\/2025\/03\/Copia-de-Copia-de-Copia-de-TAMANHO-EXATO-PARA-FOTOS-NO-SISTEMA-NOVO-31_2025-03-22_17-39-52_jpg_2025-03-22_17-39-52.webp.webp?fit=1200%2C675&ssl=1&resize=350%2C200 1x, https:\/\/i0.wp.com\/noticiasribeiraopreto.com.br\/wp-content\/uploads\/2025\/03\/Copia-de-Copia-de-Copia-de-TAMANHO-EXATO-PARA-FOTOS-NO-SISTEMA-NOVO-31_2025-03-22_17-39-52_jpg_2025-03-22_17-39-52.webp.webp?fit=1200%2C675&ssl=1&resize=525%2C300 1.5x, https:\/\/i0.wp.com\/noticiasribeiraopreto.com.br\/wp-content\/uploads\/2025\/03\/Copia-de-Copia-de-Copia-de-TAMANHO-EXATO-PARA-FOTOS-NO-SISTEMA-NOVO-31_2025-03-22_17-39-52_jpg_2025-03-22_17-39-52.webp.webp?fit=1200%2C675&ssl=1&resize=700%2C400 2x, https:\/\/i0.wp.com\/noticiasribeiraopreto.com.br\/wp-content\/uploads\/2025\/03\/Copia-de-Copia-de-Copia-de-TAMANHO-EXATO-PARA-FOTOS-NO-SISTEMA-NOVO-31_2025-03-22_17-39-52_jpg_2025-03-22_17-39-52.webp.webp?fit=1200%2C675&ssl=1&resize=1050%2C600 3x"},"classes":[]}],"jetpack_sharing_enabled":true,"jetpack_shortlink":"https:\/\/wp.me\/peQAOb-1mQ","_links":{"self":[{"href":"https:\/\/noticiasribeiraopreto.com.br\/index.php\/wp-json\/wp\/v2\/posts\/5260","targetHints":{"allow":["GET"]}}],"collection":[{"href":"https:\/\/noticiasribeiraopreto.com.br\/index.php\/wp-json\/wp\/v2\/posts"}],"about":[{"href":"https:\/\/noticiasribeiraopreto.com.br\/index.php\/wp-json\/wp\/v2\/types\/post"}],"author":[{"embeddable":true,"href":"https:\/\/noticiasribeiraopreto.com.br\/index.php\/wp-json\/wp\/v2\/users\/1"}],"replies":[{"embeddable":true,"href":"https:\/\/noticiasribeiraopreto.com.br\/index.php\/wp-json\/wp\/v2\/comments?post=5260"}],"version-history":[{"count":0,"href":"https:\/\/noticiasribeiraopreto.com.br\/index.php\/wp-json\/wp\/v2\/posts\/5260\/revisions"}],"wp:featuredmedia":[{"embeddable":true,"href":"https:\/\/noticiasribeiraopreto.com.br\/index.php\/wp-json\/wp\/v2\/media\/5261"}],"wp:attachment":[{"href":"https:\/\/noticiasribeiraopreto.com.br\/index.php\/wp-json\/wp\/v2\/media?parent=5260"}],"wp:term":[{"taxonomy":"category","embeddable":true,"href":"https:\/\/noticiasribeiraopreto.com.br\/index.php\/wp-json\/wp\/v2\/categories?post=5260"},{"taxonomy":"post_tag","embeddable":true,"href":"https:\/\/noticiasribeiraopreto.com.br\/index.php\/wp-json\/wp\/v2\/tags?post=5260"}],"curies":[{"name":"wp","href":"https:\/\/api.w.org\/{rel}","templated":true}]}}