{"id":5342,"date":"2023-11-23T13:27:34","date_gmt":"2023-11-23T16:27:34","guid":{"rendered":"https:\/\/noticiasribeiraopreto.com.br\/index.php\/2023\/11\/23\/junior-lima-entrega-estrategia-para-relacoes-intimas-com-a-esposa-horario-marcado\/"},"modified":"2023-11-23T13:27:34","modified_gmt":"2023-11-23T16:27:34","slug":"junior-lima-entrega-estrategia-para-relacoes-intimas-com-a-esposa-horario-marcado","status":"publish","type":"post","link":"https:\/\/noticiasribeiraopreto.com.br\/index.php\/2023\/11\/23\/junior-lima-entrega-estrategia-para-relacoes-intimas-com-a-esposa-horario-marcado\/","title":{"rendered":"Junior Lima entrega estrat\u00e9gia para rela\u00e7\u00f5es \u00edntimas com a esposa: &#8216;hor\u00e1rio marcado&#8217;"},"content":{"rendered":"<div class='code-block code-block-1' style='margin: 8px 0 8px auto; text-align: right; display: block; clear: both;'>\n<p><a href=\"https:\/\/wa.link\/vpicfd\"><img data-recalc-dims=\"1\" class=\"wp-image-4922\" style=\"aspect-ratio: 2.0253164556962027; width: 561px; height: auto;\" src=\"https:\/\/i0.wp.com\/ismaelcolosi.com.br\/wp-content\/uploads\/2023\/11\/grupo-de-empregos-whatsapp-e-facebook-ismael-colosi-vagas.jpg?ssl=1\" alt=\"\" \/><\/a><\/p>\n<!-- \/wp:image -->\n<\/div>\n<p> <br \/>\n<\/p>\n<div itemprop=\"text\">\n<p>Mesmo sendo um dos m\u00fasicos mais famosos do pa\u00eds, Junior Lima consegue manter sua vida privada longe dos holofotes. Discreto, o artista j\u00e1 esta casado h\u00e1 11 anos e n\u00e3o costuma se envolver em pol\u00eamica.<\/p>\n<p>Recentemente, surpreendendo a todos, Junior anunciou sua estreia como cantor solo. Ap\u00f3s a bem-sucedida turn\u00ea de comemora\u00e7\u00e3o ao lado da irm\u00e3, e diversos projetos paralelos, o cantor finalmente lan\u00e7ou seu primeiro projeto solo.<\/p>\n<p>Para divulgar a novidade, Junior tem marcado presen\u00e7a em alguns dos principais programas atuais, especialmente na web. Nesta semana, ele esteve no Podcast Quem Pode, Pod.<\/p>\n<p>Durante bate-papo com Giovana Ewbank e Fernanda Paes Leme, o cantor falou sobre a carreira e a vida pessoal. Sobre seu casamento, Junior revelou que a pandemia foi um momento dif\u00edcil.<\/p>\n<p>Assim como muitos casais, o cantor teve problemas conjugais. Ainda assim, Junior fez quest\u00e3o de destacar que ele e a esposa conseguiram contornar a situa\u00e7\u00e3o e hoje tem uma boa rela\u00e7\u00e3o.<\/p>\n<p>Pais de dois filhos, Junior tamb\u00e9m falou sobre o desafio que \u00e9 manter a rela\u00e7\u00e3o intima do casal ainda vida. Sobre o assunto, o cantor revelou que tenta ter sempre um tempo a s\u00f3s com a mulher.<\/p>\n<p><b>\u201cCom hor\u00e1rio marcado\u2026 A gente tenta idealizar, ter esse neg\u00f3cio de hor\u00e1rio marcado, mas \u00e9 um pouco\u2026 voc\u00ea at\u00e9 acostuma, \u00e9 uma solu\u00e7\u00e3o, mas, cara, \u00e9 um pouco no improviso\u201d<\/b>, afirmou.<\/p>\n<p>Al\u00e9m disso, o cantor tamb\u00e9m falou que tenta sempre viajar com a esposa, para terem tempo a s\u00f3s. Junior \u00e9 casado com Monica Benini. Os dois s\u00e3o pais do menino Oto, de 5 anos de idade, e da ca\u00e7ula Lara, de 2 aninhos.<\/p>\n<\/div>\n<p><br \/>\n<br \/><a href=\"https:\/\/fnmais.com\/junior-lima-entrega-estrategia-para-relacoes-intimas-com-esposa-horario-marcado\/\">Source link <\/a><\/p>\n<!-- CONTENT END 1 -->\n","protected":false},"excerpt":{"rendered":"<p>Mesmo sendo um dos m\u00fasicos mais famosos do pa\u00eds, Junior Lima consegue manter sua vida privada longe dos holofotes. Discreto, o artista j\u00e1 esta casado&#8230;<\/p>\n","protected":false},"author":1,"featured_media":5343,"comment_status":"open","ping_status":"open","sticky":false,"template":"","format":"standard","meta":{"advanced_seo_description":"","jetpack_seo_html_title":"","jetpack_seo_noindex":false,"jetpack_post_was_ever_published":false,"_jetpack_newsletter_access":"","_jetpack_dont_email_post_to_subs":false,"_jetpack_newsletter_tier_id":0,"_jetpack_memberships_contains_paywalled_content":false,"_jetpack_memberships_contains_paid_content":false,"footnotes":"","jetpack_publicize_message":"","jetpack_publicize_feature_enabled":true,"jetpack_social_post_already_shared":true,"jetpack_social_options":{"image_generator_settings":{"template":"highway","default_image_id":0,"font":"","enabled":false},"version":2}},"categories":[1],"tags":[],"class_list":["post-5342","post","type-post","status-publish","format-standard","has-post-thumbnail","hentry","category-blog"],"jetpack_publicize_connections":[],"jetpack_featured_media_url":"https:\/\/i0.wp.com\/noticiasribeiraopreto.com.br\/wp-content\/uploads\/2023\/11\/postimg-655f672857b545213.jpg?fit=1200%2C628&ssl=1","jetpack-related-posts":[{"id":16777,"url":"https:\/\/noticiasribeiraopreto.com.br\/index.php\/2023\/12\/16\/velorio-do-cantor-gospel-pedro-henrique-que-faleceu-durante-show-e-marcado-por-grande-comocao-fotos-e-videos\/","url_meta":{"origin":5342,"position":0},"title":"Vel\u00f3rio do cantor gospel Pedro Henrique que faleceu durante show \u00e9 marcado por grande como\u00e7\u00e3o; fotos e v\u00eddeos","author":"noticiasribeiraopreto.com.br","date":"16 de December de 2023","format":false,"excerpt":"Um famoso cantor gospel perdeu sua vida enquanto estava se apresentando durante um show, na regi\u00e3o de Feira de Santana, na Bahia. Ele n\u00e3o resistiu enquanto estava no palco e um v\u00eddeo do momento chegou a viralizar nas redes sociais.Agora, com sua morte anunciada, muitos est\u00e3o lamentando sua partida, e\u2026","rel":"","context":"In &quot;Blog&quot;","block_context":{"text":"Blog","link":"https:\/\/noticiasribeiraopreto.com.br\/index.php\/category\/blog\/"},"img":{"alt_text":"","src":"https:\/\/i0.wp.com\/noticiasribeiraopreto.com.br\/wp-content\/uploads\/2023\/12\/postimg-657dc1fd2c9a99084.jpg?fit=1200%2C628&ssl=1&resize=350%2C200","width":350,"height":200,"srcset":"https:\/\/i0.wp.com\/noticiasribeiraopreto.com.br\/wp-content\/uploads\/2023\/12\/postimg-657dc1fd2c9a99084.jpg?fit=1200%2C628&ssl=1&resize=350%2C200 1x, https:\/\/i0.wp.com\/noticiasribeiraopreto.com.br\/wp-content\/uploads\/2023\/12\/postimg-657dc1fd2c9a99084.jpg?fit=1200%2C628&ssl=1&resize=525%2C300 1.5x, https:\/\/i0.wp.com\/noticiasribeiraopreto.com.br\/wp-content\/uploads\/2023\/12\/postimg-657dc1fd2c9a99084.jpg?fit=1200%2C628&ssl=1&resize=700%2C400 2x, https:\/\/i0.wp.com\/noticiasribeiraopreto.com.br\/wp-content\/uploads\/2023\/12\/postimg-657dc1fd2c9a99084.jpg?fit=1200%2C628&ssl=1&resize=1050%2C600 3x"},"classes":[]},{"id":52863,"url":"https:\/\/noticiasribeiraopreto.com.br\/index.php\/2024\/06\/13\/ribeirao-preto-se-despede-do-professor-e-jornalista-sergio-degrande-junior\/","url_meta":{"origin":5342,"position":1},"title":"Ribeir\u00e3o Preto se despede do professor e jornalista S\u00e9rgio Degrande J\u00fanior","author":"noticiasribeiraopreto.com.br","date":"13 de June de 2024","format":false,"excerpt":"O professor e jornalista S\u00e9rgio Degrande J\u00fanior morreu nesta quinta-feira (12), aos 64 anos, em Ribeir\u00e3o Preto. Ele havia sido acometido por uma anemia e infec\u00e7\u00e3o urin\u00e1ria em abril deste ano. A causa da morte, contudo, n\u00e3o foi informada. O corpo de Degrande est\u00e1 no Vel\u00f3rio Samaritano, na rua Fl\u00e1vio\u2026","rel":"","context":"In &quot;Not\u00edcias de Ribeir\u00e3o Preto-SP e Regi\u00e3o&quot;","block_context":{"text":"Not\u00edcias de Ribeir\u00e3o Preto-SP e Regi\u00e3o","link":"https:\/\/noticiasribeiraopreto.com.br\/index.php\/category\/noticias-de-ribeirao-preto-sp-e-regiao-ismael-colosi\/"},"img":{"alt_text":"","src":"https:\/\/i0.wp.com\/noticiasribeiraopreto.com.br\/wp-content\/uploads\/2024\/06\/SERGIO-DEGRANDE_2024-06-13_13-42-57_jpg_2024-06-13_13-42-58.webp.webp?fit=1200%2C981&ssl=1&resize=350%2C200","width":350,"height":200,"srcset":"https:\/\/i0.wp.com\/noticiasribeiraopreto.com.br\/wp-content\/uploads\/2024\/06\/SERGIO-DEGRANDE_2024-06-13_13-42-57_jpg_2024-06-13_13-42-58.webp.webp?fit=1200%2C981&ssl=1&resize=350%2C200 1x, https:\/\/i0.wp.com\/noticiasribeiraopreto.com.br\/wp-content\/uploads\/2024\/06\/SERGIO-DEGRANDE_2024-06-13_13-42-57_jpg_2024-06-13_13-42-58.webp.webp?fit=1200%2C981&ssl=1&resize=525%2C300 1.5x, https:\/\/i0.wp.com\/noticiasribeiraopreto.com.br\/wp-content\/uploads\/2024\/06\/SERGIO-DEGRANDE_2024-06-13_13-42-57_jpg_2024-06-13_13-42-58.webp.webp?fit=1200%2C981&ssl=1&resize=700%2C400 2x, https:\/\/i0.wp.com\/noticiasribeiraopreto.com.br\/wp-content\/uploads\/2024\/06\/SERGIO-DEGRANDE_2024-06-13_13-42-57_jpg_2024-06-13_13-42-58.webp.webp?fit=1200%2C981&ssl=1&resize=1050%2C600 3x"},"classes":[]},{"id":83201,"url":"https:\/\/noticiasribeiraopreto.com.br\/index.php\/2026\/03\/12\/barretao-2026-tera-gusttavo-lima-como-embaixador-e-dois-shows-do-cantor\/","url_meta":{"origin":5342,"position":2},"title":"Barret\u00e3o 2026 ter\u00e1 Gusttavo Lima como &#8216;Embaixador&#8217; e dois shows do cantor","author":"noticiasribeiraopreto.com.br","date":"12 de March de 2026","format":false,"excerpt":"O cantor Gusttavo Lima foi anunciado como Embaixador da Festa do Pe\u00e3o de Barretos 2026, que chega \u00e0 sua 71\u00aa edi\u00e7\u00e3o neste ano. Al\u00e9m de receber novamente o t\u00edtulo, o artista tamb\u00e9m confirmou que far\u00e1 duas apresenta\u00e7\u00f5es durante o Barret\u00e3o, nos dias 22 e 29 de agosto, ambos aos s\u00e1bados.\u2026","rel":"","context":"In &quot;Not\u00edcias de Ribeir\u00e3o Preto-SP e Regi\u00e3o&quot;","block_context":{"text":"Not\u00edcias de Ribeir\u00e3o Preto-SP e Regi\u00e3o","link":"https:\/\/noticiasribeiraopreto.com.br\/index.php\/category\/noticias-de-ribeirao-preto-sp-e-regiao-ismael-colosi\/"},"img":{"alt_text":"","src":"https:\/\/i0.wp.com\/noticiasribeiraopreto.com.br\/wp-content\/uploads\/2026\/03\/Copia-de-Copia-de-Copia-de-TAMANHO-EXATO-PARA-FOTOS-NO-SISTEMA-NOVO-40_2024-09-23_19-17-41_png_2024-09-23_19-17-41-e1735844682796.webp.webp?fit=966%2C675&ssl=1&resize=350%2C200","width":350,"height":200,"srcset":"https:\/\/i0.wp.com\/noticiasribeiraopreto.com.br\/wp-content\/uploads\/2026\/03\/Copia-de-Copia-de-Copia-de-TAMANHO-EXATO-PARA-FOTOS-NO-SISTEMA-NOVO-40_2024-09-23_19-17-41_png_2024-09-23_19-17-41-e1735844682796.webp.webp?fit=966%2C675&ssl=1&resize=350%2C200 1x, https:\/\/i0.wp.com\/noticiasribeiraopreto.com.br\/wp-content\/uploads\/2026\/03\/Copia-de-Copia-de-Copia-de-TAMANHO-EXATO-PARA-FOTOS-NO-SISTEMA-NOVO-40_2024-09-23_19-17-41_png_2024-09-23_19-17-41-e1735844682796.webp.webp?fit=966%2C675&ssl=1&resize=525%2C300 1.5x, https:\/\/i0.wp.com\/noticiasribeiraopreto.com.br\/wp-content\/uploads\/2026\/03\/Copia-de-Copia-de-Copia-de-TAMANHO-EXATO-PARA-FOTOS-NO-SISTEMA-NOVO-40_2024-09-23_19-17-41_png_2024-09-23_19-17-41-e1735844682796.webp.webp?fit=966%2C675&ssl=1&resize=700%2C400 2x"},"classes":[]},{"id":84274,"url":"https:\/\/noticiasribeiraopreto.com.br\/index.php\/2026\/04\/06\/das-paradas-ao-ribeirao-rodeo-music-conheca-o-cantor-panda\/","url_meta":{"origin":5342,"position":3},"title":"Das paradas ao Ribeir\u00e3o Rodeo Music: conhe\u00e7a o cantor Panda","author":"noticiasribeiraopreto.com.br","date":"6 de April de 2026","format":false,"excerpt":"Ler o resumo da not\u00edcia Das paradas ao Ribeir\u00e3o Rodeo Music: conhe\u00e7a o cantor Panda O cantor Panda, nome art\u00edstico de Jonathan Ara\u00fajo, \u00e9 uma das atra\u00e7\u00f5es confirmadas do Ribeir\u00e3o Rodeo Music 2026. O artista sobe ao palco no dia 2 de maio, levando um repert\u00f3rio marcado pelo sertanejo rom\u00e2ntico.\u2026","rel":"","context":"In &quot;Not\u00edcias de Ribeir\u00e3o Preto-SP e Regi\u00e3o&quot;","block_context":{"text":"Not\u00edcias de Ribeir\u00e3o Preto-SP e Regi\u00e3o","link":"https:\/\/noticiasribeiraopreto.com.br\/index.php\/category\/noticias-de-ribeirao-preto-sp-e-regiao-ismael-colosi\/"},"img":{"alt_text":"","src":"https:\/\/i0.wp.com\/noticiasribeiraopreto.com.br\/wp-content\/uploads\/2026\/04\/wefw_2026-04-06_20-22-01.webp.webp?fit=1200%2C761&ssl=1&resize=350%2C200","width":350,"height":200,"srcset":"https:\/\/i0.wp.com\/noticiasribeiraopreto.com.br\/wp-content\/uploads\/2026\/04\/wefw_2026-04-06_20-22-01.webp.webp?fit=1200%2C761&ssl=1&resize=350%2C200 1x, https:\/\/i0.wp.com\/noticiasribeiraopreto.com.br\/wp-content\/uploads\/2026\/04\/wefw_2026-04-06_20-22-01.webp.webp?fit=1200%2C761&ssl=1&resize=525%2C300 1.5x, https:\/\/i0.wp.com\/noticiasribeiraopreto.com.br\/wp-content\/uploads\/2026\/04\/wefw_2026-04-06_20-22-01.webp.webp?fit=1200%2C761&ssl=1&resize=700%2C400 2x, https:\/\/i0.wp.com\/noticiasribeiraopreto.com.br\/wp-content\/uploads\/2026\/04\/wefw_2026-04-06_20-22-01.webp.webp?fit=1200%2C761&ssl=1&resize=1050%2C600 3x"},"classes":[]},{"id":61797,"url":"https:\/\/noticiasribeiraopreto.com.br\/index.php\/2024\/12\/22\/cantor-gusttavo-lima-e-internado-e-cancela-show-veja-o-que-se-sabe\/","url_meta":{"origin":5342,"position":4},"title":"Cantor\u00a0Gusttavo\u00a0Lima\u00a0\u00e9 internado e cancela show; Veja o que se sabe","author":"noticiasribeiraopreto.com.br","date":"22 de December de 2024","format":false,"excerpt":"O cantor\u00a0Gusttavo\u00a0Lima\u00a0foi internado neste s\u00e1bado (21), em um hospital de S\u00e3o Paulo. Um show do artista, marcado para acontecer no Festival Villa Max, foi cancelado. Segundo a equipe do sertanejo, ele sofre com um quadro de desconforto gastrointestinal. A assessoria de\u00a0Gusttavo\u00a0Lima\u00a0informou, por meio e nota no Instagram, que ele chegou\u2026","rel":"","context":"In &quot;Not\u00edcias de Ribeir\u00e3o Preto-SP e Regi\u00e3o&quot;","block_context":{"text":"Not\u00edcias de Ribeir\u00e3o Preto-SP e Regi\u00e3o","link":"https:\/\/noticiasribeiraopreto.com.br\/index.php\/category\/noticias-de-ribeirao-preto-sp-e-regiao-ismael-colosi\/"},"img":{"alt_text":"","src":"https:\/\/i0.wp.com\/noticiasribeiraopreto.com.br\/wp-content\/uploads\/2024\/09\/Copia-de-Copia-de-Copia-de-TAMANHO-EXATO-PARA-FOTOS-NO-SISTEMA-NOVO-40_2024-09-23_19-17-41_png_2024-09-23_19-17-41.webp.webp?fit=1200%2C675&ssl=1&resize=350%2C200","width":350,"height":200,"srcset":"https:\/\/i0.wp.com\/noticiasribeiraopreto.com.br\/wp-content\/uploads\/2024\/09\/Copia-de-Copia-de-Copia-de-TAMANHO-EXATO-PARA-FOTOS-NO-SISTEMA-NOVO-40_2024-09-23_19-17-41_png_2024-09-23_19-17-41.webp.webp?fit=1200%2C675&ssl=1&resize=350%2C200 1x, https:\/\/i0.wp.com\/noticiasribeiraopreto.com.br\/wp-content\/uploads\/2024\/09\/Copia-de-Copia-de-Copia-de-TAMANHO-EXATO-PARA-FOTOS-NO-SISTEMA-NOVO-40_2024-09-23_19-17-41_png_2024-09-23_19-17-41.webp.webp?fit=1200%2C675&ssl=1&resize=525%2C300 1.5x, https:\/\/i0.wp.com\/noticiasribeiraopreto.com.br\/wp-content\/uploads\/2024\/09\/Copia-de-Copia-de-Copia-de-TAMANHO-EXATO-PARA-FOTOS-NO-SISTEMA-NOVO-40_2024-09-23_19-17-41_png_2024-09-23_19-17-41.webp.webp?fit=1200%2C675&ssl=1&resize=700%2C400 2x, https:\/\/i0.wp.com\/noticiasribeiraopreto.com.br\/wp-content\/uploads\/2024\/09\/Copia-de-Copia-de-Copia-de-TAMANHO-EXATO-PARA-FOTOS-NO-SISTEMA-NOVO-40_2024-09-23_19-17-41_png_2024-09-23_19-17-41.webp.webp?fit=1200%2C675&ssl=1&resize=1050%2C600 3x"},"classes":[]},{"id":23933,"url":"https:\/\/noticiasribeiraopreto.com.br\/index.php\/2024\/01\/03\/jamile-lima-envolvida-em-boato-sobre-neymar-influenciadora-ja-foi-processada-por-wesley-safadao-saiba-motivo\/","url_meta":{"origin":5342,"position":5},"title":"Jamile Lima, envolvida em boato sobre Neymar, influenciadora j\u00e1 foi processada por Wesley Safad\u00e3o. Saiba motivo","author":"noticiasribeiraopreto.com.br","date":"3 de January de 2024","format":false,"excerpt":"A primeira semana de janeiro tem andado muito agitada na vida do jogador de futebol Neymar Jr. Seu nome foi envolvido em mais uma pol\u00eamica, desta vez, seria um suposto terceiro filho.A influenciadora digital Jamile Lima foi apontada como a respons\u00e1vel pelo boato de haver uma crian\u00e7a sendo gerada como\u2026","rel":"","context":"In &quot;Blog&quot;","block_context":{"text":"Blog","link":"https:\/\/noticiasribeiraopreto.com.br\/index.php\/category\/blog\/"},"img":{"alt_text":"","src":"https:\/\/i0.wp.com\/noticiasribeiraopreto.com.br\/wp-content\/uploads\/2024\/01\/postimg-65956959e69b92115.jpg?fit=1200%2C628&ssl=1&resize=350%2C200","width":350,"height":200,"srcset":"https:\/\/i0.wp.com\/noticiasribeiraopreto.com.br\/wp-content\/uploads\/2024\/01\/postimg-65956959e69b92115.jpg?fit=1200%2C628&ssl=1&resize=350%2C200 1x, https:\/\/i0.wp.com\/noticiasribeiraopreto.com.br\/wp-content\/uploads\/2024\/01\/postimg-65956959e69b92115.jpg?fit=1200%2C628&ssl=1&resize=525%2C300 1.5x, https:\/\/i0.wp.com\/noticiasribeiraopreto.com.br\/wp-content\/uploads\/2024\/01\/postimg-65956959e69b92115.jpg?fit=1200%2C628&ssl=1&resize=700%2C400 2x, https:\/\/i0.wp.com\/noticiasribeiraopreto.com.br\/wp-content\/uploads\/2024\/01\/postimg-65956959e69b92115.jpg?fit=1200%2C628&ssl=1&resize=1050%2C600 3x"},"classes":[]}],"jetpack_sharing_enabled":true,"jetpack_shortlink":"https:\/\/wp.me\/peQAOb-1oa","_links":{"self":[{"href":"https:\/\/noticiasribeiraopreto.com.br\/index.php\/wp-json\/wp\/v2\/posts\/5342","targetHints":{"allow":["GET"]}}],"collection":[{"href":"https:\/\/noticiasribeiraopreto.com.br\/index.php\/wp-json\/wp\/v2\/posts"}],"about":[{"href":"https:\/\/noticiasribeiraopreto.com.br\/index.php\/wp-json\/wp\/v2\/types\/post"}],"author":[{"embeddable":true,"href":"https:\/\/noticiasribeiraopreto.com.br\/index.php\/wp-json\/wp\/v2\/users\/1"}],"replies":[{"embeddable":true,"href":"https:\/\/noticiasribeiraopreto.com.br\/index.php\/wp-json\/wp\/v2\/comments?post=5342"}],"version-history":[{"count":0,"href":"https:\/\/noticiasribeiraopreto.com.br\/index.php\/wp-json\/wp\/v2\/posts\/5342\/revisions"}],"wp:featuredmedia":[{"embeddable":true,"href":"https:\/\/noticiasribeiraopreto.com.br\/index.php\/wp-json\/wp\/v2\/media\/5343"}],"wp:attachment":[{"href":"https:\/\/noticiasribeiraopreto.com.br\/index.php\/wp-json\/wp\/v2\/media?parent=5342"}],"wp:term":[{"taxonomy":"category","embeddable":true,"href":"https:\/\/noticiasribeiraopreto.com.br\/index.php\/wp-json\/wp\/v2\/categories?post=5342"},{"taxonomy":"post_tag","embeddable":true,"href":"https:\/\/noticiasribeiraopreto.com.br\/index.php\/wp-json\/wp\/v2\/tags?post=5342"}],"curies":[{"name":"wp","href":"https:\/\/api.w.org\/{rel}","templated":true}]}}