{"id":5350,"date":"2023-11-23T13:42:45","date_gmt":"2023-11-23T16:42:45","guid":{"rendered":"https:\/\/noticiasribeiraopreto.com.br\/index.php\/2023\/11\/23\/faap-oferece-masterclasses-gratuitas-com-certificacao\/"},"modified":"2023-11-23T13:42:45","modified_gmt":"2023-11-23T16:42:45","slug":"faap-oferece-masterclasses-gratuitas-com-certificacao","status":"publish","type":"post","link":"https:\/\/noticiasribeiraopreto.com.br\/index.php\/2023\/11\/23\/faap-oferece-masterclasses-gratuitas-com-certificacao\/","title":{"rendered":"FAAP oferece masterclasses gratuitas com certifica\u00e7\u00e3o"},"content":{"rendered":"<div class='code-block code-block-1' style='margin: 8px 0 8px auto; text-align: right; display: block; clear: both;'>\n<p><a href=\"https:\/\/wa.link\/vpicfd\"><img data-recalc-dims=\"1\" class=\"wp-image-4922\" style=\"aspect-ratio: 2.0253164556962027; width: 561px; height: auto;\" src=\"https:\/\/i0.wp.com\/ismaelcolosi.com.br\/wp-content\/uploads\/2023\/11\/grupo-de-empregos-whatsapp-e-facebook-ismael-colosi-vagas.jpg?ssl=1\" alt=\"\" \/><\/a><\/p>\n<!-- \/wp:image -->\n<\/div>\n<p> <br \/>\n<\/p>\n<div>\n<p>A Funda\u00e7\u00e3o Armando \u00c1lvares Penteado (FAAP) promover\u00e1 tr\u00eas masterclasses gratuitas, oferecendo uma oportunidade para a comunidade <a href=\"https:\/\/catracalivre.com.br\/educacao\/uninove-oferece-cursos-de-pos-graduacoes-totalmente-gratuitos\/\">ampliar seus conhecimentos<\/a> em diversas \u00e1reas.<\/p>\n<div id=\"attachment_2223354\" class=\"wp-caption aligncenter\">\n<div class=\"d-flex justify-content-center\" data-attachment-id=\"2223354\">\n<div class=\"position-relative d-inline-block\"><img data-recalc-dims=\"1\" data-portal-copyright=\"Fernando Silveira\/Divulga\u00e7\u00e3o\" decoding=\"async\" fetchpriority=\"high\" class=\"wp-image-2223354 size-large\" src=\"https:\/\/i0.wp.com\/catracalivre.com.br\/wp-content\/uploads\/2022\/07\/cursos-gratuito-faap-910x485.jpg?resize=910%2C485&#038;ssl=1\" alt=\"FAAP oferece masterclasses gratuitas com certifica\u00e7\u00e3o\" width=\"910\" height=\"485\" srcset=\"https:\/\/catracalivre.com.br\/wp-content\/uploads\/2022\/07\/cursos-gratuito-faap-910x485.jpg 910w, https:\/\/catracalivre.com.br\/wp-content\/uploads\/2022\/07\/cursos-gratuito-faap-450x240.jpg 450w, https:\/\/catracalivre.com.br\/wp-content\/uploads\/2022\/07\/cursos-gratuito-faap-768x410.jpg 768w\" sizes=\"(max-width: 910px) 100vw, 910px\"\/><\/p>\n<p>Cr\u00e9ditos: Fernando Silveira\/Divulga\u00e7\u00e3o<\/p>\n<\/div>\n<\/div>\n<p><span class=\"post-imagem__legenda\">FAAP oferece masterclasses gratuitas com certifica\u00e7\u00e3o<\/span><\/p>\n<\/div>\n<p>As aulas abordar\u00e3o temas relevantes para o cen\u00e1rio atual e ser\u00e3o ministradas por renomados especialistas, como Fernanda Magnotta, refer\u00eancia em Rela\u00e7\u00f5es Internacionais, colunista UOL e comentarista CBN, Alexandre Simone e Giu Tessitore, criadores de conte\u00fados e influenciados digitais, Renato Opice Blum, principal nome de Direito Digital do Brasil, e Ivan Mizanzuk, criador do podcast \u201cCaso Evandro\u201d, Projeto Humanos.<\/p>\n<p>As masterclasses ocorrer\u00e3o dias 23 a 24 de novembro de 2023 e ser\u00e3o conduzidas de forma totalmente online, permitindo que os participantes acessem as aulas ao vivo via Zoom e interajam com os professores e convidados.<\/p>\n<h2>Inscri\u00e7\u00f5es nas masterclasses da FAAP<\/h2>\n<p>As inscri\u00e7\u00f5es est\u00e3o abertas a todos os interessados e podem ser feitas nas respectivas p\u00e1ginas das masterclasses.<\/p>\n<p>Ao participar dessas aulas, os inscritos n\u00e3o apenas ter\u00e3o a oportunidade de adquirir conhecimentos valiosos, mas tamb\u00e9m receber\u00e3o um certificado oficial da FAAP.<\/p>\n<p>Al\u00e9m disso, todos os participantes ser\u00e3o beneficiados com a isen\u00e7\u00e3o na taxa de inscri\u00e7\u00e3o do Vestibular FAAP, que acontecer\u00e1 em 26 de novembro de 2023.<\/p>\n<p>Confira a programa\u00e7\u00e3o das masterclasses:<\/p>\n<h3><a href=\"https:\/\/www2.faap.br\/graduacao\/masterclass-direito-digital\/\" target=\"_blank\" rel=\"noopener\">Direito Digital<\/a><\/h3>\n<p>Professores: Renato Opice Blum e Fernando Jos\u00e9 da Costa<br \/>Convidados: Ricardo Noronha Inglez de Souza e Tae Young Cho<br \/>Datas: 23 e 24\/11<br \/>Hor\u00e1rio: 19h \u00e0s 21h<\/p>\n<h3><a href=\"https:\/\/www2.faap.br\/graduacao\/masterclass-producao-de-podcast\/\" target=\"_blank\" rel=\"noopener\">Produ\u00e7\u00e3o de Podcast<\/a><\/h3>\n<p>Professor: Ivan Mizanzuk<br \/>Datas: 23 e 24\/11<br \/>Hor\u00e1rio: 19h \u00e0s 21h<\/p>\n<p>As masterclasses representam uma oportunidade para aprimorar habilidades e conhecimentos em \u00e1reas relevantes.<\/p>\n<p>Para mais informa\u00e7\u00f5es e inscri\u00e7\u00f5es, visite as p\u00e1ginas dedicadas a cada masterclass no site da FAAP.<\/p>\n<\/div>\n<p><script>\n\t\t! function(f, b, e, v, n, t, s) {\n\t\t\tif (f.fbq) return;\n\t\t\tn = f.fbq = function() {\n\t\t\t\tn.callMethod ?\n\t\t\t\t\tn.callMethod.apply(n, arguments) : n.queue.push(arguments)\n\t\t\t};\n\t\t\tif (!f._fbq) f._fbq = n;\n\t\t\tn.push = n;\n\t\t\tn.loaded = !0;\n\t\t\tn.version = '2.0';\n\t\t\tn.queue = [];\n\t\t\tt = b.createElement(e);\n\t\t\tt.async = !0;\n\t\t\tt.src = v;\n\t\t\ts = b.getElementsByTagName(e)[0];\n\t\t\ts.parentNode.insertBefore(t, s)\n\t\t}(window, document, 'script',\n\t\t\t'https:\/\/connect.facebook.net\/en_US\/fbevents.js');\n\t\tfbq('init', '338315473262380');\n\t\tfbq('track', 'PageView');\n\t<\/script><br \/>\n<br \/><br \/>\n<br \/><a href=\"https:\/\/catracalivre.com.br\/educacao\/faap-oferece-masterclasses-gratuitas-com-certificacao\/\">Source link <\/a><\/p>\n<!-- CONTENT END 1 -->\n","protected":false},"excerpt":{"rendered":"<p>A Funda\u00e7\u00e3o Armando \u00c1lvares Penteado (FAAP) promover\u00e1 tr\u00eas masterclasses gratuitas, oferecendo uma oportunidade para a comunidade ampliar seus conhecimentos em diversas \u00e1reas. Cr\u00e9ditos: Fernando Silveira\/Divulga\u00e7\u00e3o&#8230;<\/p>\n","protected":false},"author":1,"featured_media":5351,"comment_status":"open","ping_status":"open","sticky":false,"template":"","format":"standard","meta":{"advanced_seo_description":"","jetpack_seo_html_title":"","jetpack_seo_noindex":false,"jetpack_post_was_ever_published":false,"_jetpack_newsletter_access":"","_jetpack_dont_email_post_to_subs":false,"_jetpack_newsletter_tier_id":0,"_jetpack_memberships_contains_paywalled_content":false,"_jetpack_memberships_contains_paid_content":false,"footnotes":"","jetpack_publicize_message":"","jetpack_publicize_feature_enabled":true,"jetpack_social_post_already_shared":true,"jetpack_social_options":{"image_generator_settings":{"template":"highway","default_image_id":0,"font":"","enabled":false},"version":2}},"categories":[19],"tags":[],"class_list":["post-5350","post","type-post","status-publish","format-standard","has-post-thumbnail","hentry","category-variedades"],"jetpack_publicize_connections":[],"jetpack_featured_media_url":"https:\/\/i0.wp.com\/noticiasribeiraopreto.com.br\/wp-content\/uploads\/2023\/11\/cursos-gratuito-faap.jpg?fit=1200%2C638&ssl=1","jetpack-related-posts":[{"id":84908,"url":"https:\/\/noticiasribeiraopreto.com.br\/index.php\/2026\/04\/17\/ribeirao-preto-recebe-forum-cidades-seguras-na-proxima-semana\/","url_meta":{"origin":5350,"position":0},"title":"Ribeir\u00e3o Preto recebe F\u00f3rum Cidades Seguras na pr\u00f3xima semana","author":"noticiasribeiraopreto.com.br","date":"17 de April de 2026","format":false,"excerpt":"Ler o resumo da not\u00edcia F\u00f3rum Cidades Seguras ser\u00e1 realizado em Ribeir\u00e3o Preto na quinta\u2011feira (23) \u00e0s 8h30, na sede da Faap, zona Sul. Evento gratuito, organizado pela EPTV e Pol\u00edcia Militar, com apoio de g1, acidade on, CBN Ribeir\u00e3o e Jovem Pan Ribeir\u00e3o. Re\u00fane prefeitos, autoridades de Seguran\u00e7a P\u00fablica\u2026","rel":"","context":"In &quot;Not\u00edcias de Ribeir\u00e3o Preto-SP e Regi\u00e3o&quot;","block_context":{"text":"Not\u00edcias de Ribeir\u00e3o Preto-SP e Regi\u00e3o","link":"https:\/\/noticiasribeiraopreto.com.br\/index.php\/category\/noticias-de-ribeirao-preto-sp-e-regiao-ismael-colosi\/"},"img":{"alt_text":"","src":"https:\/\/i0.wp.com\/noticiasribeiraopreto.com.br\/wp-content\/uploads\/2026\/04\/forum_2026-04-17_18-18-14.webp.webp?fit=1200%2C675&ssl=1&resize=350%2C200","width":350,"height":200,"srcset":"https:\/\/i0.wp.com\/noticiasribeiraopreto.com.br\/wp-content\/uploads\/2026\/04\/forum_2026-04-17_18-18-14.webp.webp?fit=1200%2C675&ssl=1&resize=350%2C200 1x, https:\/\/i0.wp.com\/noticiasribeiraopreto.com.br\/wp-content\/uploads\/2026\/04\/forum_2026-04-17_18-18-14.webp.webp?fit=1200%2C675&ssl=1&resize=525%2C300 1.5x, https:\/\/i0.wp.com\/noticiasribeiraopreto.com.br\/wp-content\/uploads\/2026\/04\/forum_2026-04-17_18-18-14.webp.webp?fit=1200%2C675&ssl=1&resize=700%2C400 2x, https:\/\/i0.wp.com\/noticiasribeiraopreto.com.br\/wp-content\/uploads\/2026\/04\/forum_2026-04-17_18-18-14.webp.webp?fit=1200%2C675&ssl=1&resize=1050%2C600 3x"},"classes":[]},{"id":63865,"url":"https:\/\/noticiasribeiraopreto.com.br\/index.php\/2025\/02\/24\/descer-para-bc-cidade-conhecida-pelos-predios-altos-sera-discutida-em-ribeirao-preto\/","url_meta":{"origin":5350,"position":1},"title":"Descer para BC? Cidade conhecida pelos pr\u00e9dios altos ser\u00e1 discutida em Ribeir\u00e3o Preto","author":"noticiasribeiraopreto.com.br","date":"24 de February de 2025","format":false,"excerpt":"O ex-prefeito de Balne\u00e1rio Cambori\u00fa-SC Fabr\u00edcio Oliveira realiza em Ribeir\u00e3o Preto, nesta segunda-feira (24), uma palestra sobre o mercado imobili\u00e1rio. Balne\u00e1rio Camburi\u00fa, que foi retratada no hit de ver\u00e3o \u201cDescer Pra BC\u201d, ficou conhecida como a \u201cDubai Brasileira\u201d, em raz\u00e3o dos pr\u00e9dios altos constru\u00eddos nos \u00faltimos anos. O tema da\u2026","rel":"","context":"In &quot;Not\u00edcias de Ribeir\u00e3o Preto-SP e Regi\u00e3o&quot;","block_context":{"text":"Not\u00edcias de Ribeir\u00e3o Preto-SP e Regi\u00e3o","link":"https:\/\/noticiasribeiraopreto.com.br\/index.php\/category\/noticias-de-ribeirao-preto-sp-e-regiao-ismael-colosi\/"},"img":{"alt_text":"","src":"https:\/\/i0.wp.com\/noticiasribeiraopreto.com.br\/wp-content\/uploads\/2025\/02\/balenario-camburiu_2025-02-24_16-17-28_jpg_2025-02-24_16-17-28.webp.webp?fit=1051%2C642&ssl=1&resize=350%2C200","width":350,"height":200,"srcset":"https:\/\/i0.wp.com\/noticiasribeiraopreto.com.br\/wp-content\/uploads\/2025\/02\/balenario-camburiu_2025-02-24_16-17-28_jpg_2025-02-24_16-17-28.webp.webp?fit=1051%2C642&ssl=1&resize=350%2C200 1x, https:\/\/i0.wp.com\/noticiasribeiraopreto.com.br\/wp-content\/uploads\/2025\/02\/balenario-camburiu_2025-02-24_16-17-28_jpg_2025-02-24_16-17-28.webp.webp?fit=1051%2C642&ssl=1&resize=525%2C300 1.5x, https:\/\/i0.wp.com\/noticiasribeiraopreto.com.br\/wp-content\/uploads\/2025\/02\/balenario-camburiu_2025-02-24_16-17-28_jpg_2025-02-24_16-17-28.webp.webp?fit=1051%2C642&ssl=1&resize=700%2C400 2x, https:\/\/i0.wp.com\/noticiasribeiraopreto.com.br\/wp-content\/uploads\/2025\/02\/balenario-camburiu_2025-02-24_16-17-28_jpg_2025-02-24_16-17-28.webp.webp?fit=1051%2C642&ssl=1&resize=1050%2C600 3x"},"classes":[]},{"id":29899,"url":"https:\/\/noticiasribeiraopreto.com.br\/index.php\/2024\/01\/19\/curso-de-lideranca-2024-conheca-a-melhor-lista-para-sua-carreira\/","url_meta":{"origin":5350,"position":2},"title":"Curso de lideran\u00e7a 2024: conhe\u00e7a a melhor lista para sua carreira","author":"noticiasribeiraopreto.com.br","date":"19 de January de 2024","format":false,"excerpt":"Voc\u00ea j\u00e1 \u00e9 um l\u00edder ou est\u00e1 almejando se tornar gestora ou gestor? Saiba que concluir um curso de lideran\u00e7a pode contribuir diretamente para o seu sucesso neste novo desafio profissional.\u00a0\u00a0 Parte do papel do l\u00edder \u00e9 ser algu\u00e9m que proporcione crescimento, seja das pessoas que comp\u00f5em seu time, como\u2026","rel":"","context":"In &quot;Blog&quot;","block_context":{"text":"Blog","link":"https:\/\/noticiasribeiraopreto.com.br\/index.php\/category\/blog\/"},"img":{"alt_text":"","src":"https:\/\/i0.wp.com\/noticiasribeiraopreto.com.br\/wp-content\/uploads\/2024\/01\/curso-de-lideranca.jpg?fit=1200%2C675&ssl=1&resize=350%2C200","width":350,"height":200,"srcset":"https:\/\/i0.wp.com\/noticiasribeiraopreto.com.br\/wp-content\/uploads\/2024\/01\/curso-de-lideranca.jpg?fit=1200%2C675&ssl=1&resize=350%2C200 1x, https:\/\/i0.wp.com\/noticiasribeiraopreto.com.br\/wp-content\/uploads\/2024\/01\/curso-de-lideranca.jpg?fit=1200%2C675&ssl=1&resize=525%2C300 1.5x, https:\/\/i0.wp.com\/noticiasribeiraopreto.com.br\/wp-content\/uploads\/2024\/01\/curso-de-lideranca.jpg?fit=1200%2C675&ssl=1&resize=700%2C400 2x, https:\/\/i0.wp.com\/noticiasribeiraopreto.com.br\/wp-content\/uploads\/2024\/01\/curso-de-lideranca.jpg?fit=1200%2C675&ssl=1&resize=1050%2C600 3x"},"classes":[]},{"id":76984,"url":"https:\/\/noticiasribeiraopreto.com.br\/index.php\/2025\/09\/09\/rua-da-zona-sul-de-ribeirao-preto-tem-sentido-alterado-veja-qual\/","url_meta":{"origin":5350,"position":3},"title":"Rua da zona Sul de Ribeir\u00e3o Preto tem sentido alterado; veja qual","author":"noticiasribeiraopreto.com.br","date":"9 de September de 2025","format":false,"excerpt":"A rua Marcelo Sarti, no Jardim Calif\u00f3rnia, zona Sul de Ribeir\u00e3o Preto, passou a ter novo sentido de circula\u00e7\u00e3o a partir de segunda-feira (8). De acordo com a RP Mobi, o motorista agora acessa a via pela avenida Coronel Fernando Ferreira Leite em dire\u00e7\u00e3o \u00e0 avenida Independ\u00eancia. A rua garante\u2026","rel":"","context":"In &quot;Not\u00edcias de Ribeir\u00e3o Preto-SP e Regi\u00e3o&quot;","block_context":{"text":"Not\u00edcias de Ribeir\u00e3o Preto-SP e Regi\u00e3o","link":"https:\/\/noticiasribeiraopreto.com.br\/index.php\/category\/noticias-de-ribeirao-preto-sp-e-regiao-ismael-colosi\/"},"img":{"alt_text":"","src":"https:\/\/i0.wp.com\/noticiasribeiraopreto.com.br\/wp-content\/uploads\/2025\/09\/Copia-de-Copia-de-Copia-de-TAMANHO-EXATO-PARA-FOTOS-NO-SISTEMA-NOVO-2025-09-09T200937.038_2025-09-09_23-11-31.webp.webp?fit=1200%2C675&ssl=1&resize=350%2C200","width":350,"height":200,"srcset":"https:\/\/i0.wp.com\/noticiasribeiraopreto.com.br\/wp-content\/uploads\/2025\/09\/Copia-de-Copia-de-Copia-de-TAMANHO-EXATO-PARA-FOTOS-NO-SISTEMA-NOVO-2025-09-09T200937.038_2025-09-09_23-11-31.webp.webp?fit=1200%2C675&ssl=1&resize=350%2C200 1x, https:\/\/i0.wp.com\/noticiasribeiraopreto.com.br\/wp-content\/uploads\/2025\/09\/Copia-de-Copia-de-Copia-de-TAMANHO-EXATO-PARA-FOTOS-NO-SISTEMA-NOVO-2025-09-09T200937.038_2025-09-09_23-11-31.webp.webp?fit=1200%2C675&ssl=1&resize=525%2C300 1.5x, https:\/\/i0.wp.com\/noticiasribeiraopreto.com.br\/wp-content\/uploads\/2025\/09\/Copia-de-Copia-de-Copia-de-TAMANHO-EXATO-PARA-FOTOS-NO-SISTEMA-NOVO-2025-09-09T200937.038_2025-09-09_23-11-31.webp.webp?fit=1200%2C675&ssl=1&resize=700%2C400 2x, https:\/\/i0.wp.com\/noticiasribeiraopreto.com.br\/wp-content\/uploads\/2025\/09\/Copia-de-Copia-de-Copia-de-TAMANHO-EXATO-PARA-FOTOS-NO-SISTEMA-NOVO-2025-09-09T200937.038_2025-09-09_23-11-31.webp.webp?fit=1200%2C675&ssl=1&resize=1050%2C600 3x"},"classes":[]},{"id":59690,"url":"https:\/\/noticiasribeiraopreto.com.br\/index.php\/2024\/10\/28\/sessao-gratuita-de-filmes-celebra-o-dia-internacional-da-animacao-em-ribeirao-preto\/","url_meta":{"origin":5350,"position":4},"title":"Sess\u00e3o gratuita de filmes celebra o Dia Internacional da Anima\u00e7\u00e3o em Ribeir\u00e3o Preto","author":"noticiasribeiraopreto.com.br","date":"28 de October de 2024","format":false,"excerpt":"Ribeir\u00e3o Preto recebe, a partir desta segunda-feira (28), diversas atividades culturais em comemora\u00e7\u00e3o ao Dia Internacional da Anima\u00e7\u00e3o. Com entrada gratuita, o evento conta com mostra de curtas-metragens de anima\u00e7\u00e3o, palestras e oficinas de brinquedos. Confira a programa\u00e7\u00e3o: Nesta segunda (28), tem sess\u00e3o especial de curtas-metragens nacionais e internacionais a\u2026","rel":"","context":"In &quot;Not\u00edcias de Ribeir\u00e3o Preto-SP e Regi\u00e3o&quot;","block_context":{"text":"Not\u00edcias de Ribeir\u00e3o Preto-SP e Regi\u00e3o","link":"https:\/\/noticiasribeiraopreto.com.br\/index.php\/category\/noticias-de-ribeirao-preto-sp-e-regiao-ismael-colosi\/"},"img":{"alt_text":"","src":"https:\/\/i0.wp.com\/noticiasribeiraopreto.com.br\/wp-content\/uploads\/2024\/10\/Copia-de-Copia-de-Copia-de-TAMANHO-EXATO-PARA-FOTOS-NO-SISTEMA-NOVO-52_2024-10-28_20-06-27_png_2024-10-28_20-06-27.webp.webp?fit=1200%2C675&ssl=1&resize=350%2C200","width":350,"height":200,"srcset":"https:\/\/i0.wp.com\/noticiasribeiraopreto.com.br\/wp-content\/uploads\/2024\/10\/Copia-de-Copia-de-Copia-de-TAMANHO-EXATO-PARA-FOTOS-NO-SISTEMA-NOVO-52_2024-10-28_20-06-27_png_2024-10-28_20-06-27.webp.webp?fit=1200%2C675&ssl=1&resize=350%2C200 1x, https:\/\/i0.wp.com\/noticiasribeiraopreto.com.br\/wp-content\/uploads\/2024\/10\/Copia-de-Copia-de-Copia-de-TAMANHO-EXATO-PARA-FOTOS-NO-SISTEMA-NOVO-52_2024-10-28_20-06-27_png_2024-10-28_20-06-27.webp.webp?fit=1200%2C675&ssl=1&resize=525%2C300 1.5x, https:\/\/i0.wp.com\/noticiasribeiraopreto.com.br\/wp-content\/uploads\/2024\/10\/Copia-de-Copia-de-Copia-de-TAMANHO-EXATO-PARA-FOTOS-NO-SISTEMA-NOVO-52_2024-10-28_20-06-27_png_2024-10-28_20-06-27.webp.webp?fit=1200%2C675&ssl=1&resize=700%2C400 2x, https:\/\/i0.wp.com\/noticiasribeiraopreto.com.br\/wp-content\/uploads\/2024\/10\/Copia-de-Copia-de-Copia-de-TAMANHO-EXATO-PARA-FOTOS-NO-SISTEMA-NOVO-52_2024-10-28_20-06-27_png_2024-10-28_20-06-27.webp.webp?fit=1200%2C675&ssl=1&resize=1050%2C600 3x"},"classes":[]},{"id":59692,"url":"https:\/\/noticiasribeiraopreto.com.br\/index.php\/2024\/10\/28\/sessao-gratuita-de-filmes-celebra-o-dia-internacional-da-animacao-em-ribeirao-preto-2\/","url_meta":{"origin":5350,"position":5},"title":"Sess\u00e3o gratuita de filmes celebra o Dia Internacional da Anima\u00e7\u00e3o em Ribeir\u00e3o Preto","author":"noticiasribeiraopreto.com.br","date":"28 de October de 2024","format":false,"excerpt":"Ribeir\u00e3o Preto recebe, a partir desta segunda-feira (28), diversas atividades culturais em comemora\u00e7\u00e3o ao Dia Internacional da Anima\u00e7\u00e3o. Com entrada gratuita, o evento conta com mostra de curtas-metragens de anima\u00e7\u00e3o, palestras e oficinas de brinquedos. Confira a programa\u00e7\u00e3o: Nesta segunda (28), tem sess\u00e3o especial de curtas-metragens nacionais e internacionais a\u2026","rel":"","context":"In &quot;Not\u00edcias de Ribeir\u00e3o Preto-SP e Regi\u00e3o&quot;","block_context":{"text":"Not\u00edcias de Ribeir\u00e3o Preto-SP e Regi\u00e3o","link":"https:\/\/noticiasribeiraopreto.com.br\/index.php\/category\/noticias-de-ribeirao-preto-sp-e-regiao-ismael-colosi\/"},"img":{"alt_text":"","src":"https:\/\/i0.wp.com\/noticiasribeiraopreto.com.br\/wp-content\/uploads\/2024\/10\/Copia-de-Copia-de-Copia-de-TAMANHO-EXATO-PARA-FOTOS-NO-SISTEMA-NOVO-52_2024-10-28_20-06-27_png_2024-10-28_20-06-27.webp.webp?fit=1200%2C675&ssl=1&resize=350%2C200","width":350,"height":200,"srcset":"https:\/\/i0.wp.com\/noticiasribeiraopreto.com.br\/wp-content\/uploads\/2024\/10\/Copia-de-Copia-de-Copia-de-TAMANHO-EXATO-PARA-FOTOS-NO-SISTEMA-NOVO-52_2024-10-28_20-06-27_png_2024-10-28_20-06-27.webp.webp?fit=1200%2C675&ssl=1&resize=350%2C200 1x, https:\/\/i0.wp.com\/noticiasribeiraopreto.com.br\/wp-content\/uploads\/2024\/10\/Copia-de-Copia-de-Copia-de-TAMANHO-EXATO-PARA-FOTOS-NO-SISTEMA-NOVO-52_2024-10-28_20-06-27_png_2024-10-28_20-06-27.webp.webp?fit=1200%2C675&ssl=1&resize=525%2C300 1.5x, https:\/\/i0.wp.com\/noticiasribeiraopreto.com.br\/wp-content\/uploads\/2024\/10\/Copia-de-Copia-de-Copia-de-TAMANHO-EXATO-PARA-FOTOS-NO-SISTEMA-NOVO-52_2024-10-28_20-06-27_png_2024-10-28_20-06-27.webp.webp?fit=1200%2C675&ssl=1&resize=700%2C400 2x, https:\/\/i0.wp.com\/noticiasribeiraopreto.com.br\/wp-content\/uploads\/2024\/10\/Copia-de-Copia-de-Copia-de-TAMANHO-EXATO-PARA-FOTOS-NO-SISTEMA-NOVO-52_2024-10-28_20-06-27_png_2024-10-28_20-06-27.webp.webp?fit=1200%2C675&ssl=1&resize=1050%2C600 3x"},"classes":[]}],"jetpack_sharing_enabled":true,"jetpack_shortlink":"https:\/\/wp.me\/peQAOb-1oi","_links":{"self":[{"href":"https:\/\/noticiasribeiraopreto.com.br\/index.php\/wp-json\/wp\/v2\/posts\/5350","targetHints":{"allow":["GET"]}}],"collection":[{"href":"https:\/\/noticiasribeiraopreto.com.br\/index.php\/wp-json\/wp\/v2\/posts"}],"about":[{"href":"https:\/\/noticiasribeiraopreto.com.br\/index.php\/wp-json\/wp\/v2\/types\/post"}],"author":[{"embeddable":true,"href":"https:\/\/noticiasribeiraopreto.com.br\/index.php\/wp-json\/wp\/v2\/users\/1"}],"replies":[{"embeddable":true,"href":"https:\/\/noticiasribeiraopreto.com.br\/index.php\/wp-json\/wp\/v2\/comments?post=5350"}],"version-history":[{"count":0,"href":"https:\/\/noticiasribeiraopreto.com.br\/index.php\/wp-json\/wp\/v2\/posts\/5350\/revisions"}],"wp:featuredmedia":[{"embeddable":true,"href":"https:\/\/noticiasribeiraopreto.com.br\/index.php\/wp-json\/wp\/v2\/media\/5351"}],"wp:attachment":[{"href":"https:\/\/noticiasribeiraopreto.com.br\/index.php\/wp-json\/wp\/v2\/media?parent=5350"}],"wp:term":[{"taxonomy":"category","embeddable":true,"href":"https:\/\/noticiasribeiraopreto.com.br\/index.php\/wp-json\/wp\/v2\/categories?post=5350"},{"taxonomy":"post_tag","embeddable":true,"href":"https:\/\/noticiasribeiraopreto.com.br\/index.php\/wp-json\/wp\/v2\/tags?post=5350"}],"curies":[{"name":"wp","href":"https:\/\/api.w.org\/{rel}","templated":true}]}}