{"id":5352,"date":"2023-11-23T13:46:23","date_gmt":"2023-11-23T16:46:23","guid":{"rendered":"https:\/\/noticiasribeiraopreto.com.br\/index.php\/2023\/11\/23\/quem-sao-pai-mae-e-filha-que-perderam-a-vida-em-grave-acidente-entre-varios-veiculos-na-br-153\/"},"modified":"2023-11-23T13:46:23","modified_gmt":"2023-11-23T16:46:23","slug":"quem-sao-pai-mae-e-filha-que-perderam-a-vida-em-grave-acidente-entre-varios-veiculos-na-br-153","status":"publish","type":"post","link":"https:\/\/noticiasribeiraopreto.com.br\/index.php\/2023\/11\/23\/quem-sao-pai-mae-e-filha-que-perderam-a-vida-em-grave-acidente-entre-varios-veiculos-na-br-153\/","title":{"rendered":"Quem s\u00e3o pai, m\u00e3e e filha que perderam a vida em grave acidente entre v\u00e1rios ve\u00edculos na BR-153"},"content":{"rendered":"<div class='code-block code-block-1' style='margin: 8px 0 8px auto; text-align: right; display: block; clear: both;'>\n<p><a href=\"https:\/\/wa.link\/vpicfd\"><img data-recalc-dims=\"1\" class=\"wp-image-4922\" style=\"aspect-ratio: 2.0253164556962027; width: 561px; height: auto;\" src=\"https:\/\/i0.wp.com\/ismaelcolosi.com.br\/wp-content\/uploads\/2023\/11\/grupo-de-empregos-whatsapp-e-facebook-ismael-colosi-vagas.jpg?ssl=1\" alt=\"\" \/><\/a><\/p>\n<!-- \/wp:image -->\n<\/div>\n<p> <br \/>\n<\/p>\n<div itemprop=\"text\">\n<p>Nesta \u00faltima quarta-feira, dia 22 de novembro, uma fam\u00edlia morreu ap\u00f3s ter sofrido um grave acidente envolvendo v\u00e1rios ve\u00edculos na BR-153. O caso aconteceu entre as regi\u00f5es de General Carneiro e Uni\u00e3o Vit\u00f3ria, no sul do Paran\u00e1.<\/p>\n<p>A colis\u00e3o envolveu uma carreta bi-trem, dois caminh\u00f5es e um autom\u00f3vel. Infelizmente, as tr\u00eas v\u00edtimas perderam suas vidas enquanto ainda estavam no local do acidente, tamanha gravidade da situa\u00e7\u00e3o que enfrentaram.<\/p>\n<p>As tr\u00eas v\u00edtimas fatais, que eram da mesma fam\u00edlia, ficaram presas debaixo de um ve\u00edculo e n\u00e3o conseguiram resistir aos graves ferimentos que foram causados. Um dos carros com o impacto da batida caiu na ribanceira e ficou completamente destru\u00eddo.<\/p>\n<p>As v\u00edtimas foram identificadas pelos nomes de Ver\u00f4nica Regina Olenik Wrence, de 40 anos, o seu marido, Mario Wence, de 48 anos, e a filha do casal, Camila Wence, de apenas 17 anos de idade. Eles moravam na regi\u00e3o de Santa Maria.<\/p>\n<p>Devido ao falecimento da jovem, a escola em que a menina estudava, Nilo Pe\u00e7anha, publicou um comunicado oficial lamentando a situa\u00e7\u00e3o e avisando que o instituto estar\u00e1 fechado, devido ao luto da estudante.<\/p>\n<p>\u201c<strong>A fam\u00edlia Nilo Pe\u00e7anha comunica com pesar o falecimento da nossa aluna Camila Wence e familiares (Pai\/m\u00e3e) em um tr\u00e1gico acidente.Estamos com o cora\u00e7\u00e3o dilacerado! A escola est\u00e1 de luto, fechada no dia 23\/11<\/strong>\u201d, disseram, no comunicado oficial que foi divulgado.<\/p>\n<p>Neste momento, a comunidade est\u00e1 de luto pela perda destas tr\u00eas pessos que formavam uma fam\u00edlia.<\/p>\n<\/div>\n<p><br \/>\n<br \/><a href=\"https:\/\/fnmais.com\/quem-sao-pai-mae-filha-que-perderam-vida-em-grave-acidente-entre-varios-veiculos-na-br-153\/\">Source link <\/a><\/p>\n<!-- CONTENT END 1 -->\n","protected":false},"excerpt":{"rendered":"<p>Nesta \u00faltima quarta-feira, dia 22 de novembro, uma fam\u00edlia morreu ap\u00f3s ter sofrido um grave acidente envolvendo v\u00e1rios ve\u00edculos na BR-153. O caso aconteceu entre&#8230;<\/p>\n","protected":false},"author":1,"featured_media":5353,"comment_status":"open","ping_status":"open","sticky":false,"template":"","format":"standard","meta":{"advanced_seo_description":"","jetpack_seo_html_title":"","jetpack_seo_noindex":false,"jetpack_post_was_ever_published":false,"_jetpack_newsletter_access":"","_jetpack_dont_email_post_to_subs":false,"_jetpack_newsletter_tier_id":0,"_jetpack_memberships_contains_paywalled_content":false,"_jetpack_memberships_contains_paid_content":false,"footnotes":"","jetpack_publicize_message":"","jetpack_publicize_feature_enabled":true,"jetpack_social_post_already_shared":true,"jetpack_social_options":{"image_generator_settings":{"template":"highway","default_image_id":0,"font":"","enabled":false},"version":2}},"categories":[1],"tags":[],"class_list":["post-5352","post","type-post","status-publish","format-standard","has-post-thumbnail","hentry","category-blog"],"jetpack_publicize_connections":[],"jetpack_featured_media_url":"https:\/\/i0.wp.com\/noticiasribeiraopreto.com.br\/wp-content\/uploads\/2023\/11\/postimg-655f78ebc5dda1386.jpg?fit=1200%2C628&ssl=1","jetpack-related-posts":[{"id":29182,"url":"https:\/\/noticiasribeiraopreto.com.br\/index.php\/2024\/01\/17\/acidente-provoca-tragedia-na-br-280-deixa-vitimas-fatais-e-cenario-de-destruicao\/","url_meta":{"origin":5352,"position":0},"title":"Acidente provoca trag\u00e9dia na BR-280, deixa v\u00edtimas fatais e cen\u00e1rio de destrui\u00e7\u00e3o","author":"noticiasribeiraopreto.com.br","date":"17 de January de 2024","format":false,"excerpt":"Um grave acidente envolvendo dois ve\u00edculos provocou uma verdadeira trag\u00e9dia que teve cen\u00e1rio a rodovia BR-280.De acordo com as primeiras informa\u00e7\u00f5es repassadas pelas autoridades locais respons\u00e1veis pelo atendimento da ocorr\u00eancia, a colis\u00e3o violenta aconteceu na altura da cidade de Canoinhas, localizada na regi\u00e3o do Planalto Norte do estado de Santa\u2026","rel":"","context":"In &quot;Blog&quot;","block_context":{"text":"Blog","link":"https:\/\/noticiasribeiraopreto.com.br\/index.php\/category\/blog\/"},"img":{"alt_text":"","src":"https:\/\/i0.wp.com\/noticiasribeiraopreto.com.br\/wp-content\/uploads\/2024\/01\/postimg-65a8304ced6827072.jpg?fit=1200%2C675&ssl=1&resize=350%2C200","width":350,"height":200,"srcset":"https:\/\/i0.wp.com\/noticiasribeiraopreto.com.br\/wp-content\/uploads\/2024\/01\/postimg-65a8304ced6827072.jpg?fit=1200%2C675&ssl=1&resize=350%2C200 1x, https:\/\/i0.wp.com\/noticiasribeiraopreto.com.br\/wp-content\/uploads\/2024\/01\/postimg-65a8304ced6827072.jpg?fit=1200%2C675&ssl=1&resize=525%2C300 1.5x, https:\/\/i0.wp.com\/noticiasribeiraopreto.com.br\/wp-content\/uploads\/2024\/01\/postimg-65a8304ced6827072.jpg?fit=1200%2C675&ssl=1&resize=700%2C400 2x, https:\/\/i0.wp.com\/noticiasribeiraopreto.com.br\/wp-content\/uploads\/2024\/01\/postimg-65a8304ced6827072.jpg?fit=1200%2C675&ssl=1&resize=1050%2C600 3x"},"classes":[]},{"id":28870,"url":"https:\/\/noticiasribeiraopreto.com.br\/index.php\/2024\/01\/16\/quem-eram-mae-e-filho-que-perderam-a-vida-em-grave-acidente-na-br-282\/","url_meta":{"origin":5352,"position":1},"title":"Quem eram m\u00e3e e filho que perderam a vida em grave acidente na BR-282","author":"noticiasribeiraopreto.com.br","date":"16 de January de 2024","format":false,"excerpt":"No fim da manh\u00e3 desta ter\u00e7a-feira (16), um grave acidente que teve como cen\u00e1rio a rodovia BR-282, que provocou uma enorme trag\u00e9dia deixando uma fam\u00edlia de luto.O acidente envolvendo um carro e um caminh\u00e3o na BR-282, na altura do munic\u00edpio de Ponte Serrada, que fica localizado no interior do estado\u2026","rel":"","context":"In &quot;Blog&quot;","block_context":{"text":"Blog","link":"https:\/\/noticiasribeiraopreto.com.br\/index.php\/category\/blog\/"},"img":{"alt_text":"","src":"https:\/\/i0.wp.com\/noticiasribeiraopreto.com.br\/wp-content\/uploads\/2024\/01\/postimg-65a722b4e05c58716.jpg?fit=1200%2C628&ssl=1&resize=350%2C200","width":350,"height":200,"srcset":"https:\/\/i0.wp.com\/noticiasribeiraopreto.com.br\/wp-content\/uploads\/2024\/01\/postimg-65a722b4e05c58716.jpg?fit=1200%2C628&ssl=1&resize=350%2C200 1x, https:\/\/i0.wp.com\/noticiasribeiraopreto.com.br\/wp-content\/uploads\/2024\/01\/postimg-65a722b4e05c58716.jpg?fit=1200%2C628&ssl=1&resize=525%2C300 1.5x, https:\/\/i0.wp.com\/noticiasribeiraopreto.com.br\/wp-content\/uploads\/2024\/01\/postimg-65a722b4e05c58716.jpg?fit=1200%2C628&ssl=1&resize=700%2C400 2x, https:\/\/i0.wp.com\/noticiasribeiraopreto.com.br\/wp-content\/uploads\/2024\/01\/postimg-65a722b4e05c58716.jpg?fit=1200%2C628&ssl=1&resize=1050%2C600 3x"},"classes":[]},{"id":8593,"url":"https:\/\/noticiasribeiraopreto.com.br\/index.php\/2023\/11\/30\/grave-acidente-envolvendo-varios-veiculos-na-pr-445-deixa-vitimas-fatais-helicoptero-precisou-ser-acionado\/","url_meta":{"origin":5352,"position":2},"title":"Grave acidente envolvendo v\u00e1rios ve\u00edculos na PR-445 deixa v\u00edtimas fatais; helic\u00f3ptero precisou ser acionado","author":"noticiasribeiraopreto.com.br","date":"30 de November de 2023","format":false,"excerpt":"De forma recente, chegou a ser noticiado atrav\u00e9s de diversos canais de comunica\u00e7\u00e3o que um acidente tirou a vida de tr\u00eas pessoas, na regi\u00e3o da PR-445, no Paran\u00e1, e localizada entre os mun\u00edcipios de Tamarana e Mau\u00e1 da Serra.Segundo o que foi informado por canais de comunica\u00e7\u00e3o, se tratava de\u2026","rel":"","context":"In &quot;Blog&quot;","block_context":{"text":"Blog","link":"https:\/\/noticiasribeiraopreto.com.br\/index.php\/category\/blog\/"},"img":{"alt_text":"","src":"https:\/\/i0.wp.com\/noticiasribeiraopreto.com.br\/wp-content\/uploads\/2023\/11\/postimg-65689eb4e32c97340.jpg?fit=1200%2C628&ssl=1&resize=350%2C200","width":350,"height":200,"srcset":"https:\/\/i0.wp.com\/noticiasribeiraopreto.com.br\/wp-content\/uploads\/2023\/11\/postimg-65689eb4e32c97340.jpg?fit=1200%2C628&ssl=1&resize=350%2C200 1x, https:\/\/i0.wp.com\/noticiasribeiraopreto.com.br\/wp-content\/uploads\/2023\/11\/postimg-65689eb4e32c97340.jpg?fit=1200%2C628&ssl=1&resize=525%2C300 1.5x, https:\/\/i0.wp.com\/noticiasribeiraopreto.com.br\/wp-content\/uploads\/2023\/11\/postimg-65689eb4e32c97340.jpg?fit=1200%2C628&ssl=1&resize=700%2C400 2x, https:\/\/i0.wp.com\/noticiasribeiraopreto.com.br\/wp-content\/uploads\/2023\/11\/postimg-65689eb4e32c97340.jpg?fit=1200%2C628&ssl=1&resize=1050%2C600 3x"},"classes":[]},{"id":10716,"url":"https:\/\/noticiasribeiraopreto.com.br\/index.php\/2023\/12\/05\/quem-sao-mae-e-filha-que-morreram-em-grave-acidente-causado-por-motorista-embriagado\/","url_meta":{"origin":5352,"position":3},"title":"Quem s\u00e3o m\u00e3e e filha que morreram em grave acidente causado por motorista embriagado","author":"noticiasribeiraopreto.com.br","date":"5 de December de 2023","format":false,"excerpt":"Um grave acidente provocado por um motorista b\u00eabado provocou uma verdadeira trag\u00e9dia e deixou uma fam\u00edlia devastada e mergulhada na dor do luto por causa do \u00f3bito de entes queridos.Uma mulher de 27 anos e sua filha, de 12 anos, perderam a vida em uma colis\u00e3o fatal que envolveu um\u2026","rel":"","context":"In &quot;Blog&quot;","block_context":{"text":"Blog","link":"https:\/\/noticiasribeiraopreto.com.br\/index.php\/category\/blog\/"},"img":{"alt_text":"","src":"https:\/\/i0.wp.com\/noticiasribeiraopreto.com.br\/wp-content\/uploads\/2023\/12\/postimg-656e939e669e18056.jpg?fit=1200%2C628&ssl=1&resize=350%2C200","width":350,"height":200,"srcset":"https:\/\/i0.wp.com\/noticiasribeiraopreto.com.br\/wp-content\/uploads\/2023\/12\/postimg-656e939e669e18056.jpg?fit=1200%2C628&ssl=1&resize=350%2C200 1x, https:\/\/i0.wp.com\/noticiasribeiraopreto.com.br\/wp-content\/uploads\/2023\/12\/postimg-656e939e669e18056.jpg?fit=1200%2C628&ssl=1&resize=525%2C300 1.5x, https:\/\/i0.wp.com\/noticiasribeiraopreto.com.br\/wp-content\/uploads\/2023\/12\/postimg-656e939e669e18056.jpg?fit=1200%2C628&ssl=1&resize=700%2C400 2x, https:\/\/i0.wp.com\/noticiasribeiraopreto.com.br\/wp-content\/uploads\/2023\/12\/postimg-656e939e669e18056.jpg?fit=1200%2C628&ssl=1&resize=1050%2C600 3x"},"classes":[]},{"id":25523,"url":"https:\/\/noticiasribeiraopreto.com.br\/index.php\/2024\/01\/07\/quem-sao-as-vitimas-fatais-do-grave-acidente-na-br-282-que-deixou-varios-feridos-entre-eles-uma-crianca-em-estado-grave\/","url_meta":{"origin":5352,"position":4},"title":"Quem s\u00e3o as v\u00edtimas fatais do grave acidente na BR-282, que deixou v\u00e1rios feridos, entre eles uma crian\u00e7a em estado grave","author":"noticiasribeiraopreto.com.br","date":"7 de January de 2024","format":false,"excerpt":"Na manh\u00e3 deste \u00faltimo s\u00e1bado (6), um s\u00e9rio acidente de tr\u00e2nsito ocorreu na rodovia BR-282, na altura do munic\u00edpio de Xanxer\u00ea, localizado na regi\u00e3o Oeste de Santa Catarina, resultando em duas v\u00edtimas fatais e sete feridos.Os socorristas do Corpo de Bombeiros, respons\u00e1veis pelo atendimento da ocorr\u00eancia informaram que a colis\u00e3o\u2026","rel":"","context":"In &quot;Blog&quot;","block_context":{"text":"Blog","link":"https:\/\/noticiasribeiraopreto.com.br\/index.php\/category\/blog\/"},"img":{"alt_text":"","src":"https:\/\/i0.wp.com\/noticiasribeiraopreto.com.br\/wp-content\/uploads\/2024\/01\/postimg-659ae460a29672334.jpg?fit=1200%2C628&ssl=1&resize=350%2C200","width":350,"height":200,"srcset":"https:\/\/i0.wp.com\/noticiasribeiraopreto.com.br\/wp-content\/uploads\/2024\/01\/postimg-659ae460a29672334.jpg?fit=1200%2C628&ssl=1&resize=350%2C200 1x, https:\/\/i0.wp.com\/noticiasribeiraopreto.com.br\/wp-content\/uploads\/2024\/01\/postimg-659ae460a29672334.jpg?fit=1200%2C628&ssl=1&resize=525%2C300 1.5x, https:\/\/i0.wp.com\/noticiasribeiraopreto.com.br\/wp-content\/uploads\/2024\/01\/postimg-659ae460a29672334.jpg?fit=1200%2C628&ssl=1&resize=700%2C400 2x, https:\/\/i0.wp.com\/noticiasribeiraopreto.com.br\/wp-content\/uploads\/2024\/01\/postimg-659ae460a29672334.jpg?fit=1200%2C628&ssl=1&resize=1050%2C600 3x"},"classes":[]},{"id":29648,"url":"https:\/\/noticiasribeiraopreto.com.br\/index.php\/2024\/01\/18\/sc-acidente-grave-provoca-tragedia-deixa-pai-e-filho-sem-vida-e-varios-feridos-na-br-116\/","url_meta":{"origin":5352,"position":5},"title":"SC: Acidente grave provoca trag\u00e9dia, deixa pai e filho sem vida e v\u00e1rios feridos na BR-116","author":"noticiasribeiraopreto.com.br","date":"18 de January de 2024","format":false,"excerpt":"No in\u00edcio da noite desta quinta-feira (18), um grave acidente provocou uma verdadeira trag\u00e9dia que teve como cen\u00e1rio a rodovia BR-116.De acordo com as autoridades respons\u00e1veis por atender a ocorr\u00eancia, a colis\u00e3o entre dois carros, aconteceu no trecho que corta a cidade de Correia Pinto, localizada no interior do estado\u2026","rel":"","context":"In &quot;Blog&quot;","block_context":{"text":"Blog","link":"https:\/\/noticiasribeiraopreto.com.br\/index.php\/category\/blog\/"},"img":{"alt_text":"","src":"https:\/\/i0.wp.com\/noticiasribeiraopreto.com.br\/wp-content\/uploads\/2024\/01\/postimg-65a9ca4600ae64584.jpg?fit=1200%2C628&ssl=1&resize=350%2C200","width":350,"height":200,"srcset":"https:\/\/i0.wp.com\/noticiasribeiraopreto.com.br\/wp-content\/uploads\/2024\/01\/postimg-65a9ca4600ae64584.jpg?fit=1200%2C628&ssl=1&resize=350%2C200 1x, https:\/\/i0.wp.com\/noticiasribeiraopreto.com.br\/wp-content\/uploads\/2024\/01\/postimg-65a9ca4600ae64584.jpg?fit=1200%2C628&ssl=1&resize=525%2C300 1.5x, https:\/\/i0.wp.com\/noticiasribeiraopreto.com.br\/wp-content\/uploads\/2024\/01\/postimg-65a9ca4600ae64584.jpg?fit=1200%2C628&ssl=1&resize=700%2C400 2x, https:\/\/i0.wp.com\/noticiasribeiraopreto.com.br\/wp-content\/uploads\/2024\/01\/postimg-65a9ca4600ae64584.jpg?fit=1200%2C628&ssl=1&resize=1050%2C600 3x"},"classes":[]}],"jetpack_sharing_enabled":true,"jetpack_shortlink":"https:\/\/wp.me\/peQAOb-1ok","_links":{"self":[{"href":"https:\/\/noticiasribeiraopreto.com.br\/index.php\/wp-json\/wp\/v2\/posts\/5352","targetHints":{"allow":["GET"]}}],"collection":[{"href":"https:\/\/noticiasribeiraopreto.com.br\/index.php\/wp-json\/wp\/v2\/posts"}],"about":[{"href":"https:\/\/noticiasribeiraopreto.com.br\/index.php\/wp-json\/wp\/v2\/types\/post"}],"author":[{"embeddable":true,"href":"https:\/\/noticiasribeiraopreto.com.br\/index.php\/wp-json\/wp\/v2\/users\/1"}],"replies":[{"embeddable":true,"href":"https:\/\/noticiasribeiraopreto.com.br\/index.php\/wp-json\/wp\/v2\/comments?post=5352"}],"version-history":[{"count":0,"href":"https:\/\/noticiasribeiraopreto.com.br\/index.php\/wp-json\/wp\/v2\/posts\/5352\/revisions"}],"wp:featuredmedia":[{"embeddable":true,"href":"https:\/\/noticiasribeiraopreto.com.br\/index.php\/wp-json\/wp\/v2\/media\/5353"}],"wp:attachment":[{"href":"https:\/\/noticiasribeiraopreto.com.br\/index.php\/wp-json\/wp\/v2\/media?parent=5352"}],"wp:term":[{"taxonomy":"category","embeddable":true,"href":"https:\/\/noticiasribeiraopreto.com.br\/index.php\/wp-json\/wp\/v2\/categories?post=5352"},{"taxonomy":"post_tag","embeddable":true,"href":"https:\/\/noticiasribeiraopreto.com.br\/index.php\/wp-json\/wp\/v2\/tags?post=5352"}],"curies":[{"name":"wp","href":"https:\/\/api.w.org\/{rel}","templated":true}]}}