{"id":5362,"date":"2023-11-23T14:02:44","date_gmt":"2023-11-23T17:02:44","guid":{"rendered":"https:\/\/noticiasribeiraopreto.com.br\/index.php\/2023\/11\/23\/beach-park-oferece-descontos-de-50-na-black-friday\/"},"modified":"2023-11-23T14:02:44","modified_gmt":"2023-11-23T17:02:44","slug":"beach-park-oferece-descontos-de-50-na-black-friday","status":"publish","type":"post","link":"https:\/\/noticiasribeiraopreto.com.br\/index.php\/2023\/11\/23\/beach-park-oferece-descontos-de-50-na-black-friday\/","title":{"rendered":"Beach Park oferece descontos de 50% na Black Friday"},"content":{"rendered":"<div class='code-block code-block-1' style='margin: 8px 0 8px auto; text-align: right; display: block; clear: both;'>\n<p><a href=\"https:\/\/wa.link\/vpicfd\"><img data-recalc-dims=\"1\" class=\"wp-image-4922\" style=\"aspect-ratio: 2.0253164556962027; width: 561px; height: auto;\" src=\"https:\/\/i0.wp.com\/ismaelcolosi.com.br\/wp-content\/uploads\/2023\/11\/grupo-de-empregos-whatsapp-e-facebook-ismael-colosi-vagas.jpg?ssl=1\" alt=\"\" \/><\/a><\/p>\n<!-- \/wp:image -->\n<\/div>\n<p> <br \/>\n<\/p>\n<div>\n<p>O complexo tur\u00edstico Beach Park, em Aquiraz, (CE), est\u00e1 com uma s\u00e9rie de promo\u00e7\u00e3o de <a href=\"https:\/\/catracalivre.com.br\/viagem-livre\/black-friday-hoteis-e-resorts-oferecem-descontos-de-ate-65\/\">Black Friday<\/a>. At\u00e9 24 de novembro, \u00e9 poss\u00edvel encontrar <a href=\"http:\/\/www.beachpark.com.br\" target=\"_blank\" rel=\"noopener\">ofertas com at\u00e9 50% de desconto<\/a> em hospedagem, ingressos e no passaporte de acesso ilimitado ao parque aqu\u00e1tico.<\/p>\n<p>Para quem deseja se hospedar em um dos quatro resorts do destino, \u00e9 poss\u00edvel encontrar pacotes de tr\u00eas noites no Oceani Beach Park Resort, com meia pens\u00e3o (caf\u00e9 da manh\u00e3 e jantar) para duas pessoas, saindo por R$ 1.791,00 no cart\u00e3o ou R$ 1.612,00 no Pix.<\/p>\n<div id=\"attachment_2281039\" class=\"wp-caption aligncenter\">\n<div class=\"d-flex justify-content-center\" data-attachment-id=\"2281039\">\n<div class=\"position-relative d-inline-block\"><img data-recalc-dims=\"1\" data-portal-copyright=\"Divulga\u00e7\u00e3o\" decoding=\"async\" fetchpriority=\"high\" class=\"wp-image-2281039 size-large\" src=\"https:\/\/i0.wp.com\/catracalivre.com.br\/wp-content\/uploads\/2023\/07\/parque-aquatico-no-ceara-credito-beach-park-910x605.jpg?resize=910%2C605&#038;ssl=1\" alt=\"Beach Park anuncia os menores pre\u00e7os do ano durante a Black Friday\" width=\"910\" height=\"605\" srcset=\"https:\/\/catracalivre.com.br\/wp-content\/uploads\/2023\/07\/parque-aquatico-no-ceara-credito-beach-park-910x605.jpg 910w, https:\/\/catracalivre.com.br\/wp-content\/uploads\/2023\/07\/parque-aquatico-no-ceara-credito-beach-park-450x299.jpg 450w, https:\/\/catracalivre.com.br\/wp-content\/uploads\/2023\/07\/parque-aquatico-no-ceara-credito-beach-park-768x511.jpg 768w\" sizes=\"(max-width: 910px) 100vw, 910px\"\/><\/p>\n<p>Cr\u00e9ditos: Divulga\u00e7\u00e3o<\/p>\n<\/div>\n<\/div>\n<p><span class=\"post-imagem__legenda\">Beach Park anuncia os menores pre\u00e7os do ano durante a Black Friday<\/span><\/p>\n<\/div>\n<p>Uma segunda op\u00e7\u00e3o \u00e9 o pacote de tr\u00eas noites no Suites Beach Park Resort, com meia pens\u00e3o (caf\u00e9 da manh\u00e3 e jantar) para dois adultos e duas crian\u00e7as de at\u00e9 12 anos, saindo por R$ 2.117,00 no cart\u00e3o ou R$ 1.906,00 no Pix.<\/p>\n<p>Os pacotes de hospedagem podem ser utilizados at\u00e9 dezembro de 2024 e o cancelamento \u00e9 gratuito at\u00e9 30 dias da data do check-in.<\/p>\n<h2>Parque aqu\u00e1tico do Beach Park<\/h2>\n<p>Para quem n\u00e3o dispensa dias de muita divers\u00e3o e aventura, os ingressos para o Aqua Park sair\u00e3o por a partir de R$ 149,00 no pix e R$ 159,00 no cart\u00e3o, onde pode ser parcelado em at\u00e9 10x de R$ 15,90.<\/p>\n<p>A quantidade de ingressos promocionais dispon\u00edveis para compra pode variar de acordo com a data escolhida, podendo ser utilizados at\u00e9 30 de junho de 2024, incluindo feriados.<\/p>\n<p>Tem mais: o cliente pode remarcar sua ida ao parque aqu\u00e1tico quantas vezes quiser atrav\u00e9s do site, basta que o novo dia escolhido esteja dentro do per\u00edodo de uso da promo\u00e7\u00e3o.<\/p>\n<p>Haver\u00e1 ainda pre\u00e7os promocionais para quem deseja adquirir o Beach Card, passaporte que permite acesso ilimitado ao parque aqu\u00e1tico e que oferece ainda descontos em hospedagens nos resorts Beach Park, produtos e lojas dentro e fora do complexo.<\/p>\n<p>H\u00e1 op\u00e7\u00f5es de contratos com 3 e 7 anos de utiliza\u00e7\u00e3o, individuais ou familiares, que ter\u00e3o descontos de at\u00e9 R$ 6.000.<\/p>\n<p>As vendas estar\u00e3o dispon\u00edveis pelo <a href=\"http:\/\/www.beachpark.com.br\" target=\"_blank\" rel=\"noopener\">site<\/a>, atrav\u00e9s do telefone (85) 4012-3030 ou Whatsapp (85) 98171.7021.<\/p>\n<\/div>\n<p><script>\n\t\t! function(f, b, e, v, n, t, s) {\n\t\t\tif (f.fbq) return;\n\t\t\tn = f.fbq = function() {\n\t\t\t\tn.callMethod ?\n\t\t\t\t\tn.callMethod.apply(n, arguments) : n.queue.push(arguments)\n\t\t\t};\n\t\t\tif (!f._fbq) f._fbq = n;\n\t\t\tn.push = n;\n\t\t\tn.loaded = !0;\n\t\t\tn.version = '2.0';\n\t\t\tn.queue = [];\n\t\t\tt = b.createElement(e);\n\t\t\tt.async = !0;\n\t\t\tt.src = v;\n\t\t\ts = b.getElementsByTagName(e)[0];\n\t\t\ts.parentNode.insertBefore(t, s)\n\t\t}(window, document, 'script',\n\t\t\t'https:\/\/connect.facebook.net\/en_US\/fbevents.js');\n\t\tfbq('init', '338315473262380');\n\t\tfbq('track', 'PageView');\n\t<\/script><br \/>\n<br \/><br \/>\n<br \/><a href=\"https:\/\/catracalivre.com.br\/viagem-livre\/beach-park-oferece-descontos-de-50-na-black-friday\/\">Source link <\/a><\/p>\n<!-- CONTENT END 1 -->\n","protected":false},"excerpt":{"rendered":"<p>O complexo tur\u00edstico Beach Park, em Aquiraz, (CE), est\u00e1 com uma s\u00e9rie de promo\u00e7\u00e3o de Black Friday. At\u00e9 24 de novembro, \u00e9 poss\u00edvel encontrar ofertas&#8230;<\/p>\n","protected":false},"author":1,"featured_media":5363,"comment_status":"open","ping_status":"open","sticky":false,"template":"","format":"standard","meta":{"advanced_seo_description":"","jetpack_seo_html_title":"","jetpack_seo_noindex":false,"jetpack_post_was_ever_published":false,"_jetpack_newsletter_access":"","_jetpack_dont_email_post_to_subs":false,"_jetpack_newsletter_tier_id":0,"_jetpack_memberships_contains_paywalled_content":false,"_jetpack_memberships_contains_paid_content":false,"footnotes":"","jetpack_publicize_message":"","jetpack_publicize_feature_enabled":true,"jetpack_social_post_already_shared":true,"jetpack_social_options":{"image_generator_settings":{"template":"highway","default_image_id":0,"font":"","enabled":false},"version":2}},"categories":[19],"tags":[],"class_list":["post-5362","post","type-post","status-publish","format-standard","has-post-thumbnail","hentry","category-variedades"],"jetpack_publicize_connections":[],"jetpack_featured_media_url":"https:\/\/i0.wp.com\/noticiasribeiraopreto.com.br\/wp-content\/uploads\/2023\/11\/parque-aquatico-no-ceara-credito-beach-park.jpg?fit=1200%2C638&ssl=1","jetpack-related-posts":[{"id":7861,"url":"https:\/\/noticiasribeiraopreto.com.br\/index.php\/2023\/11\/28\/decolar-tem-ofertas-com-ate-40-off\/","url_meta":{"origin":5362,"position":0},"title":"Decolar tem ofertas com at\u00e9 40% OFF","author":"noticiasribeiraopreto.com.br","date":"28 de November de 2023","format":false,"excerpt":"N\u00e3o conseguiu aproveitar a Black Friday para programar sua pr\u00f3xima viagem? Temos uma \u00f3tima not\u00edcia! A Decolar acaba de lan\u00e7ar seu sald\u00e3o com descontos de at\u00e9 40% em produtos e servi\u00e7os de viagens. As ofertas est\u00e3o dispon\u00edveis no site, no aplicativo ou nas lojas da companhia at\u00e9 o dia 3\u2026","rel":"","context":"In &quot;Variedades&quot;","block_context":{"text":"Variedades","link":"https:\/\/noticiasribeiraopreto.com.br\/index.php\/category\/variedades\/"},"img":{"alt_text":"","src":"https:\/\/i0.wp.com\/noticiasribeiraopreto.com.br\/wp-content\/uploads\/2023\/11\/emprego-dos-sonhos.jpg?fit=1200%2C638&ssl=1&resize=350%2C200","width":350,"height":200,"srcset":"https:\/\/i0.wp.com\/noticiasribeiraopreto.com.br\/wp-content\/uploads\/2023\/11\/emprego-dos-sonhos.jpg?fit=1200%2C638&ssl=1&resize=350%2C200 1x, https:\/\/i0.wp.com\/noticiasribeiraopreto.com.br\/wp-content\/uploads\/2023\/11\/emprego-dos-sonhos.jpg?fit=1200%2C638&ssl=1&resize=525%2C300 1.5x, https:\/\/i0.wp.com\/noticiasribeiraopreto.com.br\/wp-content\/uploads\/2023\/11\/emprego-dos-sonhos.jpg?fit=1200%2C638&ssl=1&resize=700%2C400 2x, https:\/\/i0.wp.com\/noticiasribeiraopreto.com.br\/wp-content\/uploads\/2023\/11\/emprego-dos-sonhos.jpg?fit=1200%2C638&ssl=1&resize=1050%2C600 3x"},"classes":[]},{"id":5482,"url":"https:\/\/noticiasribeiraopreto.com.br\/index.php\/2023\/11\/23\/black-friday-no-vale-encantado-thermas-park-tem-descontos-de-ate-40-no-mes-inteiro\/","url_meta":{"origin":5362,"position":1},"title":"Black Friday no Vale Encantado Thermas Park tem descontos de at\u00e9 40% no m\u00eas inteiro","author":"noticiasribeiraopreto.com.br","date":"23 de November de 2023","format":false,"excerpt":"A Black Friday do Vale Encantado, localizado em Biritiba-Mirim, \u00e0 1h da cidade de S\u00e3o Paulo, j\u00e1 come\u00e7ou! At\u00e9 30 de novembro, \u00e9 poss\u00edvel aproveitar ofertas em ingressos com descontos de at\u00e9 40% para o parque e hospedagem. Os ingressos com lotes limitados para o parque devem ser adquiridos antecipadamente\u2026","rel":"","context":"In &quot;Variedades&quot;","block_context":{"text":"Variedades","link":"https:\/\/noticiasribeiraopreto.com.br\/index.php\/category\/variedades\/"},"img":{"alt_text":"","src":"https:\/\/i0.wp.com\/noticiasribeiraopreto.com.br\/wp-content\/uploads\/2023\/11\/mg-1352-2.jpg?fit=1200%2C638&ssl=1&resize=350%2C200","width":350,"height":200,"srcset":"https:\/\/i0.wp.com\/noticiasribeiraopreto.com.br\/wp-content\/uploads\/2023\/11\/mg-1352-2.jpg?fit=1200%2C638&ssl=1&resize=350%2C200 1x, https:\/\/i0.wp.com\/noticiasribeiraopreto.com.br\/wp-content\/uploads\/2023\/11\/mg-1352-2.jpg?fit=1200%2C638&ssl=1&resize=525%2C300 1.5x, https:\/\/i0.wp.com\/noticiasribeiraopreto.com.br\/wp-content\/uploads\/2023\/11\/mg-1352-2.jpg?fit=1200%2C638&ssl=1&resize=700%2C400 2x, https:\/\/i0.wp.com\/noticiasribeiraopreto.com.br\/wp-content\/uploads\/2023\/11\/mg-1352-2.jpg?fit=1200%2C638&ssl=1&resize=1050%2C600 3x"},"classes":[]},{"id":4360,"url":"https:\/\/noticiasribeiraopreto.com.br\/index.php\/2023\/11\/21\/hoteis-e-resorts-oferecem-descontos-de-ate-65\/","url_meta":{"origin":5362,"position":2},"title":"Hot\u00e9is e resorts oferecem descontos de at\u00e9 65%","author":"noticiasribeiraopreto.com.br","date":"21 de November de 2023","format":false,"excerpt":"Que tal aproveitar a semana da Black Friday para programar sua pr\u00f3xima viagem? Diversas redes de hot\u00e9is e resorts oferecem descontos que chegam at\u00e9 65% em di\u00e1rias para viajar ainda este ano ou em 2024. A Catraca Livre fez uma sele\u00e7\u00e3o de hospedagens em destinos badalados no Brasil e exterior\u2026","rel":"","context":"In &quot;Variedades&quot;","block_context":{"text":"Variedades","link":"https:\/\/noticiasribeiraopreto.com.br\/index.php\/category\/variedades\/"},"img":{"alt_text":"","src":"https:\/\/i0.wp.com\/noticiasribeiraopreto.com.br\/wp-content\/uploads\/2023\/11\/vila-gale.jpg?fit=1200%2C638&ssl=1&resize=350%2C200","width":350,"height":200,"srcset":"https:\/\/i0.wp.com\/noticiasribeiraopreto.com.br\/wp-content\/uploads\/2023\/11\/vila-gale.jpg?fit=1200%2C638&ssl=1&resize=350%2C200 1x, https:\/\/i0.wp.com\/noticiasribeiraopreto.com.br\/wp-content\/uploads\/2023\/11\/vila-gale.jpg?fit=1200%2C638&ssl=1&resize=525%2C300 1.5x, https:\/\/i0.wp.com\/noticiasribeiraopreto.com.br\/wp-content\/uploads\/2023\/11\/vila-gale.jpg?fit=1200%2C638&ssl=1&resize=700%2C400 2x, https:\/\/i0.wp.com\/noticiasribeiraopreto.com.br\/wp-content\/uploads\/2023\/11\/vila-gale.jpg?fit=1200%2C638&ssl=1&resize=1050%2C600 3x"},"classes":[]},{"id":80327,"url":"https:\/\/noticiasribeiraopreto.com.br\/index.php\/2025\/11\/19\/black-friday-veja-como-a-ia-pode-te-ajudar-a-economizar-nas-compras\/","url_meta":{"origin":5362,"position":3},"title":"Black Friday: veja como a IA pode te ajudar a economizar nas compras","author":"noticiasribeiraopreto.com.br","date":"19 de November de 2025","format":false,"excerpt":"Com a aproxima\u00e7\u00e3o da Black Friday, marcada para a sexta-feira, 28 de novembro, consumidores j\u00e1 come\u00e7am a se organizar para usar o 13\u00ba sal\u00e1rio com estrat\u00e9gia. Mas voc\u00ea sabia que o planejamento financeiro aliado ao uso da Intelig\u00eancia Artificial pode ser uma pr\u00e1tica eficiente para comparar pre\u00e7os, identificar descontos reais\u2026","rel":"","context":"In &quot;Not\u00edcias de Ribeir\u00e3o Preto-SP e Regi\u00e3o&quot;","block_context":{"text":"Not\u00edcias de Ribeir\u00e3o Preto-SP e Regi\u00e3o","link":"https:\/\/noticiasribeiraopreto.com.br\/index.php\/category\/noticias-de-ribeirao-preto-sp-e-regiao-ismael-colosi\/"},"img":{"alt_text":"","src":"https:\/\/i0.wp.com\/noticiasribeiraopreto.com.br\/wp-content\/uploads\/2025\/11\/palace-42_2025-11-19_19-10-59.webp.webp?fit=1200%2C675&ssl=1&resize=350%2C200","width":350,"height":200,"srcset":"https:\/\/i0.wp.com\/noticiasribeiraopreto.com.br\/wp-content\/uploads\/2025\/11\/palace-42_2025-11-19_19-10-59.webp.webp?fit=1200%2C675&ssl=1&resize=350%2C200 1x, https:\/\/i0.wp.com\/noticiasribeiraopreto.com.br\/wp-content\/uploads\/2025\/11\/palace-42_2025-11-19_19-10-59.webp.webp?fit=1200%2C675&ssl=1&resize=525%2C300 1.5x, https:\/\/i0.wp.com\/noticiasribeiraopreto.com.br\/wp-content\/uploads\/2025\/11\/palace-42_2025-11-19_19-10-59.webp.webp?fit=1200%2C675&ssl=1&resize=700%2C400 2x, https:\/\/i0.wp.com\/noticiasribeiraopreto.com.br\/wp-content\/uploads\/2025\/11\/palace-42_2025-11-19_19-10-59.webp.webp?fit=1200%2C675&ssl=1&resize=1050%2C600 3x"},"classes":[]},{"id":18839,"url":"https:\/\/noticiasribeiraopreto.com.br\/index.php\/2023\/12\/21\/cvc-tem-pacotes-pe-na-areia-com-40-de-desconto\/","url_meta":{"origin":5362,"position":4},"title":"CVC tem pacotes &#8216;p\u00e9 na areia&#8217; com 40% de desconto","author":"noticiasribeiraopreto.com.br","date":"21 de December de 2023","format":false,"excerpt":"Para celebrar o ver\u00e3o, a CVC lan\u00e7ou uma promo\u00e7\u00e3o imperd\u00edvel de pacotes de viagem \u201cp\u00e9 na areia\u201d com descontos de 40%. S\u00e3o op\u00e7\u00f5es de pacotes e hospedagem em destinos nacionais e internacionais, cruzeiros e produtos exclusivos. Cr\u00e9ditos: Divulga\u00e7\u00e3oPorto de Galinhas (PE) \u00e9 um dos destinos contemplados na campanha da CVC\u2026","rel":"","context":"In &quot;Variedades&quot;","block_context":{"text":"Variedades","link":"https:\/\/noticiasribeiraopreto.com.br\/index.php\/category\/variedades\/"},"img":{"alt_text":"","src":"https:\/\/i0.wp.com\/noticiasribeiraopreto.com.br\/wp-content\/uploads\/2023\/12\/porto-de-galinhas-cvc.jpg?fit=1200%2C638&ssl=1&resize=350%2C200","width":350,"height":200,"srcset":"https:\/\/i0.wp.com\/noticiasribeiraopreto.com.br\/wp-content\/uploads\/2023\/12\/porto-de-galinhas-cvc.jpg?fit=1200%2C638&ssl=1&resize=350%2C200 1x, https:\/\/i0.wp.com\/noticiasribeiraopreto.com.br\/wp-content\/uploads\/2023\/12\/porto-de-galinhas-cvc.jpg?fit=1200%2C638&ssl=1&resize=525%2C300 1.5x, https:\/\/i0.wp.com\/noticiasribeiraopreto.com.br\/wp-content\/uploads\/2023\/12\/porto-de-galinhas-cvc.jpg?fit=1200%2C638&ssl=1&resize=700%2C400 2x, https:\/\/i0.wp.com\/noticiasribeiraopreto.com.br\/wp-content\/uploads\/2023\/12\/porto-de-galinhas-cvc.jpg?fit=1200%2C638&ssl=1&resize=1050%2C600 3x"},"classes":[]},{"id":21942,"url":"https:\/\/noticiasribeiraopreto.com.br\/index.php\/2023\/12\/28\/resort-em-porto-seguro-ba-oferece-descontos-de-ate-30\/","url_meta":{"origin":5362,"position":5},"title":"Resort em Porto Seguro (BA) oferece descontos de at\u00e9 30%","author":"noticiasribeiraopreto.com.br","date":"28 de December de 2023","format":false,"excerpt":"Que tal aproveitar os dias ensolarados do ver\u00e3o em Porto Seguro, no sul da Bahia? Se for num resort all inclusive, melhor ainda! Al\u00e9m de oferecer ampla infraestrutura de lazer em frente \u00e0 praia de Taperapuan, a mais badalada da regi\u00e3o, o Resort Arcobaleno est\u00e1 com uma super promo\u00e7\u00e3o de\u2026","rel":"","context":"In &quot;Variedades&quot;","block_context":{"text":"Variedades","link":"https:\/\/noticiasribeiraopreto.com.br\/index.php\/category\/variedades\/"},"img":{"alt_text":"","src":"https:\/\/i0.wp.com\/noticiasribeiraopreto.com.br\/wp-content\/uploads\/2023\/12\/unnamed-2-1.jpg?fit=1200%2C638&ssl=1&resize=350%2C200","width":350,"height":200,"srcset":"https:\/\/i0.wp.com\/noticiasribeiraopreto.com.br\/wp-content\/uploads\/2023\/12\/unnamed-2-1.jpg?fit=1200%2C638&ssl=1&resize=350%2C200 1x, https:\/\/i0.wp.com\/noticiasribeiraopreto.com.br\/wp-content\/uploads\/2023\/12\/unnamed-2-1.jpg?fit=1200%2C638&ssl=1&resize=525%2C300 1.5x, https:\/\/i0.wp.com\/noticiasribeiraopreto.com.br\/wp-content\/uploads\/2023\/12\/unnamed-2-1.jpg?fit=1200%2C638&ssl=1&resize=700%2C400 2x, https:\/\/i0.wp.com\/noticiasribeiraopreto.com.br\/wp-content\/uploads\/2023\/12\/unnamed-2-1.jpg?fit=1200%2C638&ssl=1&resize=1050%2C600 3x"},"classes":[]}],"jetpack_sharing_enabled":true,"jetpack_shortlink":"https:\/\/wp.me\/peQAOb-1ou","_links":{"self":[{"href":"https:\/\/noticiasribeiraopreto.com.br\/index.php\/wp-json\/wp\/v2\/posts\/5362","targetHints":{"allow":["GET"]}}],"collection":[{"href":"https:\/\/noticiasribeiraopreto.com.br\/index.php\/wp-json\/wp\/v2\/posts"}],"about":[{"href":"https:\/\/noticiasribeiraopreto.com.br\/index.php\/wp-json\/wp\/v2\/types\/post"}],"author":[{"embeddable":true,"href":"https:\/\/noticiasribeiraopreto.com.br\/index.php\/wp-json\/wp\/v2\/users\/1"}],"replies":[{"embeddable":true,"href":"https:\/\/noticiasribeiraopreto.com.br\/index.php\/wp-json\/wp\/v2\/comments?post=5362"}],"version-history":[{"count":0,"href":"https:\/\/noticiasribeiraopreto.com.br\/index.php\/wp-json\/wp\/v2\/posts\/5362\/revisions"}],"wp:featuredmedia":[{"embeddable":true,"href":"https:\/\/noticiasribeiraopreto.com.br\/index.php\/wp-json\/wp\/v2\/media\/5363"}],"wp:attachment":[{"href":"https:\/\/noticiasribeiraopreto.com.br\/index.php\/wp-json\/wp\/v2\/media?parent=5362"}],"wp:term":[{"taxonomy":"category","embeddable":true,"href":"https:\/\/noticiasribeiraopreto.com.br\/index.php\/wp-json\/wp\/v2\/categories?post=5362"},{"taxonomy":"post_tag","embeddable":true,"href":"https:\/\/noticiasribeiraopreto.com.br\/index.php\/wp-json\/wp\/v2\/tags?post=5362"}],"curies":[{"name":"wp","href":"https:\/\/api.w.org\/{rel}","templated":true}]}}