{"id":5531,"date":"2023-11-23T20:45:51","date_gmt":"2023-11-23T23:45:51","guid":{"rendered":"https:\/\/noticiasribeiraopreto.com.br\/index.php\/2023\/11\/23\/brasileiro-denuncia-abusos-e-manipulacao-em-round-6-o-desafio-da-netflix\/"},"modified":"2023-11-23T20:45:51","modified_gmt":"2023-11-23T23:45:51","slug":"brasileiro-denuncia-abusos-e-manipulacao-em-round-6-o-desafio-da-netflix","status":"publish","type":"post","link":"https:\/\/noticiasribeiraopreto.com.br\/index.php\/2023\/11\/23\/brasileiro-denuncia-abusos-e-manipulacao-em-round-6-o-desafio-da-netflix\/","title":{"rendered":"Brasileiro denuncia abusos e manipula\u00e7\u00e3o em \u2018Round 6: O Desafio\u2019, da Netflix"},"content":{"rendered":"<div class='code-block code-block-1' style='margin: 8px 0 8px auto; text-align: right; display: block; clear: both;'>\n<p><a href=\"https:\/\/wa.link\/vpicfd\"><img data-recalc-dims=\"1\" class=\"wp-image-4922\" style=\"aspect-ratio: 2.0253164556962027; width: 561px; height: auto;\" src=\"https:\/\/i0.wp.com\/ismaelcolosi.com.br\/wp-content\/uploads\/2023\/11\/grupo-de-empregos-whatsapp-e-facebook-ismael-colosi-vagas.jpg?ssl=1\" alt=\"\" \/><\/a><\/p>\n<!-- \/wp:image -->\n<\/div>\n<p> <br \/>\n<\/p>\n<div>\n<p>O brasileiro Yohan Tanaka, ex-participante do reality show \u201c<a href=\"https:\/\/catracalivre.com.br\/entretenimento\/o-que-sabemos-sobre-o-reality-show-de-round-6\/\" target=\"_blank\" rel=\"noopener\">Round 6: O Desafio<\/a>\u201c, produzido pela Netflix, veio a p\u00fablico para fazer uma s\u00e9rie de den\u00fancias sobre os bastidores do programa.<\/p>\n<p>Segundo ele, durante as grava\u00e7\u00f5es, teriam ocorrido v\u00e1rios epis\u00f3dios de abuso sexual, psicol\u00f3gico e manipula\u00e7\u00f5es por parte da <a href=\"https:\/\/catracalivre.com.br\/entretenimento\/netflix-reality-inspirado-round-6\/\" target=\"_blank\" rel=\"noopener\">produ\u00e7\u00e3o do programa<\/a>, inspirado na <a href=\"https:\/\/catracalivre.com.br\/entretenimento\/criador-de-round-6-confirma-nova-temporada-da-serie\/\" target=\"_blank\" rel=\"noopener\">s\u00e9rie sul-coreana<\/a> \u201cRound 6\u201d.<\/p>\n<div id=\"attachment_2313663\" class=\"wp-caption alignnone\">\n<div class=\"d-flex justify-content-center\" data-attachment-id=\"2313663\">\n<div class=\"position-relative d-inline-block\"><img data-recalc-dims=\"1\" data-portal-copyright=\"Reprodu\u00e7\u00e3o\/Facebook | Netflix\" decoding=\"async\" fetchpriority=\"high\" class=\"size-full wp-image-2313663\" src=\"https:\/\/i0.wp.com\/catracalivre.com.br\/wp-content\/uploads\/2023\/11\/fotos-catraca-2023-11-23t164721736.png?resize=1200%2C660&#038;ssl=1\" alt=\"Brasileiro participou de \u201cRound 6: O Desafio\u201d\" width=\"1200\" height=\"660\" srcset=\"https:\/\/catracalivre.com.br\/wp-content\/uploads\/2023\/11\/fotos-catraca-2023-11-23t164721736.png 1200w, https:\/\/catracalivre.com.br\/wp-content\/uploads\/2023\/11\/fotos-catraca-2023-11-23t164721736-450x248.png 450w, https:\/\/catracalivre.com.br\/wp-content\/uploads\/2023\/11\/fotos-catraca-2023-11-23t164721736-768x422.png 768w\" sizes=\"(max-width: 1200px) 100vw, 1200px\"\/><\/p>\n<p>Cr\u00e9ditos: Reprodu\u00e7\u00e3o\/Facebook | Netflix<\/p>\n<\/div>\n<\/div>\n<p><span class=\"post-imagem__legenda\">Brasileiro participou de \u201cRound 6: O Desafio\u201d<\/span><\/p>\n<\/div>\n<p>Tanaka, inicialmente entusiasmado com a possibilidade de participar do reality show, foi o \u00fanico brasileiro convocado para integrar o elenco do reality no Reino Unido.<\/p>\n<p>Assim como a s\u00e9rie, o reality consiste em um jogo com diversas provas para ganhar o pr\u00eamio de US$ 4,56 milh\u00f5es. As grava\u00e7\u00f5es come\u00e7aram em janeiro de 2023, com 456 participantes.<\/p>\n<p>O brasileiro n\u00e3o \u00e9 o \u00fanico que denunciou as condi\u00e7\u00f5es do reality. Anteriormente, outros eliminados tamb\u00e9m relataram o que viveram nas grava\u00e7\u00f5es. Um deles, inclusive, disse \u00e0 Rolling Stone que o programa \u201cfoi a coisa mais cruel e maldosa\u201d pela qual ele j\u00e1 havia passado.<\/p>\n<h2>Caso de abuso no hotel<\/h2>\n<p>Ao jornalista <a href=\"https:\/\/gente.ig.com.br\/colunas\/gabriel-perline\/2023-11-23\/brasileiro-expoe-abuso-sexual-em-reality-show-de-round-6-na-netflix.html\" target=\"_blank\" rel=\"noopener\">Gabriel Perline<\/a>, colunista do iG, Yohan relatou um epis\u00f3dio particularmente chocante. Uma colega de competi\u00e7\u00e3o teria confidenciado que foi v\u00edtima de abuso sexual por parte de um membro da equipe de produ\u00e7\u00e3o.<\/p>\n<p>\u201cUma pessoa no grupo [feito pelos ex-participantes] falou que foi abusada sexualmente dentro do hotel por algu\u00e9m da produ\u00e7\u00e3o. Essa \u00e9 uma senhora, que desmaiou e passou super mal e foi pro hospital. Acho que at\u00e9 tinha fotos dela na cadeira de rodas. Ela falou pra gente no grupo que foi abusada ou tentaram abusar dela sexualmente\u201d, afirmou.<\/p>\n<p>Segundo Tanaka, a participante decidiu n\u00e3o denunciar: \u201cN\u00e3o sei at\u00e9 que ponto chegou esse abuso. Mas pra mim s\u00f3 de voc\u00ea tentar fazer algo com algu\u00e9m isso j\u00e1 \u00e9 um abuso sexual. N\u00e3o falei nada at\u00e9 agora porque ela pediu pra gente n\u00e3o falar\u201d, acrescentou.<\/p>\n<h2>Manipula\u00e7\u00f5es no jogo<\/h2>\n<p>Al\u00e9m disso, o participante disse que, mesmo ap\u00f3s completar a primeira prova do programa, foi inexplicavelmente eliminado. \u201c\u00c9 um abuso de poder, por serem a Netflix, e abuso psicol\u00f3gico. (\u2026) Abuso f\u00edsico, porque fomos colocados nessa situa\u00e7\u00e3o e n\u00e3o sabia que iam durar dez horas as grava\u00e7\u00f5es.\u201d<\/p>\n<p>Ele revelou ter percebido que alguns participantes recebiam tratamento especial, com privil\u00e9gios como autoriza\u00e7\u00e3o para ir ao banheiro durante as provas. Segundo ele, o reality parecia ter vencedores pr\u00e9-estabelecidos.<\/p>\n<p>Tanaka tamb\u00e9m destacou que as manipula\u00e7\u00f5es come\u00e7avam logo no in\u00edcio, pois os participantes n\u00e3o podiam interagir e permaneciam trancados em seus quartos.<\/p>\n<p class=\"embed-responsive embed-responsive-16by9 mb-3 d-block\"><iframe loading=\"lazy\" title=\"Round 6: O Desafio | Trailer oficial | Netflix\" width=\"500\" height=\"281\" src=\"https:\/\/www.youtube.com\/embed\/VBIGg4xXOJM?feature=oembed\" frameborder=\"0\" allow=\"accelerometer; autoplay; clipboard-write; encrypted-media; gyroscope; picture-in-picture; web-share\" referrerpolicy=\"strict-origin-when-cross-origin\" allowfullscreen><\/iframe><\/p>\n<h2>Demora no atendimento<\/h2>\n<p>Ainda de acordo com o brasileiro, em uma das grava\u00e7\u00f5es a equipe do reality teria optado pela continua\u00e7\u00e3o de um jogo ao inv\u00e9s de ajudar uma pessoa que havia desmaiado.<\/p>\n<p>\u201cEles demoraram mais dez minutos porque estavam terminando de filmar a rodada\u201d, relembrou.<\/p>\n<p>Ele tamb\u00e9m alegou que os demais participantes n\u00e3o podiam se mover para ajudar ou ent\u00e3o estariam eliminados.<\/p>\n<h2>O que diz a Netflix?<\/h2>\n<p>At\u00e9 o momento, a Netflix n\u00e3o se pronunciou, especificamente, sobre as acusa\u00e7\u00f5es do brasileiro. Por\u00e9m, quando outros ex-participantes denunciaram os problemas no reality, a empresa emitiu uma nota.<\/p>\n<p>Em resposta \u00e0s primeiras acusa\u00e7\u00f5es, em fevereiro, a Netflix disse que somente tr\u00eas jogadores buscaram ajuda m\u00e9dica para ferimentos leves.<\/p>\n<p>Al\u00e9m disso, a plataforma disse tamb\u00e9m que qualquer depoimento sobre casos graves de sa\u00fade s\u00e3o irreais.<\/p>\n<\/div>\n<p><script>\n\t\t! function(f, b, e, v, n, t, s) {\n\t\t\tif (f.fbq) return;\n\t\t\tn = f.fbq = function() {\n\t\t\t\tn.callMethod ?\n\t\t\t\t\tn.callMethod.apply(n, arguments) : n.queue.push(arguments)\n\t\t\t};\n\t\t\tif (!f._fbq) f._fbq = n;\n\t\t\tn.push = n;\n\t\t\tn.loaded = !0;\n\t\t\tn.version = '2.0';\n\t\t\tn.queue = [];\n\t\t\tt = b.createElement(e);\n\t\t\tt.async = !0;\n\t\t\tt.src = v;\n\t\t\ts = b.getElementsByTagName(e)[0];\n\t\t\ts.parentNode.insertBefore(t, s)\n\t\t}(window, document, 'script',\n\t\t\t'https:\/\/connect.facebook.net\/en_US\/fbevents.js');\n\t\tfbq('init', '338315473262380');\n\t\tfbq('track', 'PageView');\n\t<\/script><br \/>\n<br \/><br \/>\n<br \/><a href=\"https:\/\/catracalivre.com.br\/entretenimento\/brasileiro-denuncia-abusos-e-manipulacao-em-round-6-o-desafio-reality-da-netflix\/\">Source link <\/a><\/p>\n<!-- CONTENT END 1 -->\n","protected":false},"excerpt":{"rendered":"<p>O brasileiro Yohan Tanaka, ex-participante do reality show \u201cRound 6: O Desafio\u201c, produzido pela Netflix, veio a p\u00fablico para fazer uma s\u00e9rie de den\u00fancias sobre&#8230;<\/p>\n","protected":false},"author":1,"featured_media":5532,"comment_status":"open","ping_status":"open","sticky":false,"template":"","format":"standard","meta":{"advanced_seo_description":"","jetpack_seo_html_title":"","jetpack_seo_noindex":false,"jetpack_post_was_ever_published":false,"_jetpack_newsletter_access":"","_jetpack_dont_email_post_to_subs":false,"_jetpack_newsletter_tier_id":0,"_jetpack_memberships_contains_paywalled_content":false,"_jetpack_memberships_contains_paid_content":false,"footnotes":"","jetpack_publicize_message":"","jetpack_publicize_feature_enabled":true,"jetpack_social_post_already_shared":true,"jetpack_social_options":{"image_generator_settings":{"template":"highway","default_image_id":0,"font":"","enabled":false},"version":2}},"categories":[19],"tags":[],"class_list":["post-5531","post","type-post","status-publish","format-standard","has-post-thumbnail","hentry","category-variedades"],"jetpack_publicize_connections":[],"jetpack_featured_media_url":"https:\/\/i0.wp.com\/noticiasribeiraopreto.com.br\/wp-content\/uploads\/2023\/11\/fotos-catraca-2023-11-23t164721736.png?fit=1200%2C638&ssl=1","jetpack-related-posts":[{"id":5881,"url":"https:\/\/noticiasribeiraopreto.com.br\/index.php\/2023\/11\/24\/o-desafio-cogitam-processar-netflix\/","url_meta":{"origin":5531,"position":0},"title":"O Desafio&#8217; cogitam processar Netflix","author":"noticiasribeiraopreto.com.br","date":"24 de November de 2023","format":false,"excerpt":"Cr\u00e9ditos: Reprodu\u00e7\u00e3o\/Netflix\u201cRound 6: O Desafio\u201d estreou recentemente na Netflix Duas pessoas que fizeram parte da 1\u00aa temporada do reality show \u201cRound 6: O Desafio\u201d, da Netflix, est\u00e3o considerando entrar com uma a\u00e7\u00e3o legal contra o streaming, conforme informa\u00e7\u00f5es do\u00a0Deadline. No programa, que tem seu enredo baseado na s\u00e9rie de sucesso\u2026","rel":"","context":"In &quot;Variedades&quot;","block_context":{"text":"Variedades","link":"https:\/\/noticiasribeiraopreto.com.br\/index.php\/category\/variedades\/"},"img":{"alt_text":"","src":"https:\/\/i0.wp.com\/noticiasribeiraopreto.com.br\/wp-content\/uploads\/2023\/11\/fotos-catraca-2023-11-24t105113356.png?fit=1200%2C638&ssl=1&resize=350%2C200","width":350,"height":200,"srcset":"https:\/\/i0.wp.com\/noticiasribeiraopreto.com.br\/wp-content\/uploads\/2023\/11\/fotos-catraca-2023-11-24t105113356.png?fit=1200%2C638&ssl=1&resize=350%2C200 1x, https:\/\/i0.wp.com\/noticiasribeiraopreto.com.br\/wp-content\/uploads\/2023\/11\/fotos-catraca-2023-11-24t105113356.png?fit=1200%2C638&ssl=1&resize=525%2C300 1.5x, https:\/\/i0.wp.com\/noticiasribeiraopreto.com.br\/wp-content\/uploads\/2023\/11\/fotos-catraca-2023-11-24t105113356.png?fit=1200%2C638&ssl=1&resize=700%2C400 2x, https:\/\/i0.wp.com\/noticiasribeiraopreto.com.br\/wp-content\/uploads\/2023\/11\/fotos-catraca-2023-11-24t105113356.png?fit=1200%2C638&ssl=1&resize=1050%2C600 3x"},"classes":[]},{"id":4024,"url":"https:\/\/noticiasribeiraopreto.com.br\/index.php\/2023\/11\/20\/7-series-imperdiveis-estreiam-na-netflix-ainda-em-2023\/","url_meta":{"origin":5531,"position":1},"title":"7 s\u00e9ries imperd\u00edveis estreiam na Netflix ainda em 2023","author":"noticiasribeiraopreto.com.br","date":"20 de November de 2023","format":false,"excerpt":"Cr\u00e9ditos: Unsplash\/David BalevS\u00e9ries que estreiam na Netflix ainda em 2023 2023 est\u00e1 longe do fim na Netflix! O servi\u00e7o de streaming ainda tem s\u00e9ries in\u00e9ditas para lan\u00e7ar at\u00e9 as \u00faltimas semanas do ano. Entre os destaques, os assinantes ter\u00e3o o reality show \u201cRound 6: O Desafio\u201c, novos epis\u00f3dios da 5\u00aa\u2026","rel":"","context":"In &quot;Variedades&quot;","block_context":{"text":"Variedades","link":"https:\/\/noticiasribeiraopreto.com.br\/index.php\/category\/variedades\/"},"img":{"alt_text":"","src":"https:\/\/i0.wp.com\/noticiasribeiraopreto.com.br\/wp-content\/uploads\/2023\/11\/david-balev-ilwdw2lsozk-unsplash-scaled-e1687794401621.jpg?fit=1200%2C638&ssl=1&resize=350%2C200","width":350,"height":200,"srcset":"https:\/\/i0.wp.com\/noticiasribeiraopreto.com.br\/wp-content\/uploads\/2023\/11\/david-balev-ilwdw2lsozk-unsplash-scaled-e1687794401621.jpg?fit=1200%2C638&ssl=1&resize=350%2C200 1x, https:\/\/i0.wp.com\/noticiasribeiraopreto.com.br\/wp-content\/uploads\/2023\/11\/david-balev-ilwdw2lsozk-unsplash-scaled-e1687794401621.jpg?fit=1200%2C638&ssl=1&resize=525%2C300 1.5x, https:\/\/i0.wp.com\/noticiasribeiraopreto.com.br\/wp-content\/uploads\/2023\/11\/david-balev-ilwdw2lsozk-unsplash-scaled-e1687794401621.jpg?fit=1200%2C638&ssl=1&resize=700%2C400 2x, https:\/\/i0.wp.com\/noticiasribeiraopreto.com.br\/wp-content\/uploads\/2023\/11\/david-balev-ilwdw2lsozk-unsplash-scaled-e1687794401621.jpg?fit=1200%2C638&ssl=1&resize=1050%2C600 3x"},"classes":[]},{"id":14412,"url":"https:\/\/noticiasribeiraopreto.com.br\/index.php\/2023\/12\/12\/10-reality-shows-de-culinaria-para-voce-assistir-hoje-meu-valor-digital\/","url_meta":{"origin":5531,"position":2},"title":"10 reality shows de culin\u00e1ria para voc\u00ea assistir hoje &#8211; Meu Valor Digital","author":"noticiasribeiraopreto.com.br","date":"12 de December de 2023","format":false,"excerpt":"Em um mundo onde a arte culin\u00e1ria se funde com o entretenimento vibrante, os reality shows de culin\u00e1ria emergiram como uma forma cativante de lazer, combinando a emo\u00e7\u00e3o da competi\u00e7\u00e3o com a beleza da gastronomia. Para os amantes da boa comida e das competi\u00e7\u00f5es acirradas, nada se compara \u00e0 alegria\u2026","rel":"","context":"In &quot;Vagas de Emprego em Ribeir\u00e3o Preto-SP&quot;","block_context":{"text":"Vagas de Emprego em Ribeir\u00e3o Preto-SP","link":"https:\/\/noticiasribeiraopreto.com.br\/index.php\/category\/empregos-classificados-vagas-trabalho\/vagas-de-empregos-em-ribeirao-preto-regiao-brasil\/"},"img":{"alt_text":"","src":"https:\/\/i0.wp.com\/noticiasribeiraopreto.com.br\/wp-content\/uploads\/2023\/12\/MasterChef-2.jpg?fit=1200%2C773&ssl=1&resize=350%2C200","width":350,"height":200,"srcset":"https:\/\/i0.wp.com\/noticiasribeiraopreto.com.br\/wp-content\/uploads\/2023\/12\/MasterChef-2.jpg?fit=1200%2C773&ssl=1&resize=350%2C200 1x, https:\/\/i0.wp.com\/noticiasribeiraopreto.com.br\/wp-content\/uploads\/2023\/12\/MasterChef-2.jpg?fit=1200%2C773&ssl=1&resize=525%2C300 1.5x, https:\/\/i0.wp.com\/noticiasribeiraopreto.com.br\/wp-content\/uploads\/2023\/12\/MasterChef-2.jpg?fit=1200%2C773&ssl=1&resize=700%2C400 2x, https:\/\/i0.wp.com\/noticiasribeiraopreto.com.br\/wp-content\/uploads\/2023\/12\/MasterChef-2.jpg?fit=1200%2C773&ssl=1&resize=1050%2C600 3x"},"classes":[]},{"id":85201,"url":"https:\/\/noticiasribeiraopreto.com.br\/index.php\/2026\/04\/24\/juiz-fala-sobre-o-combate-ao-abuso-e-exploracao-sexual-de-criancas-em-ribeirao-preto\/","url_meta":{"origin":5531,"position":3},"title":"Juiz fala sobre o combate ao abuso e explora\u00e7\u00e3o sexual de crian\u00e7as em Ribeir\u00e3o Preto &#8211; THMais","author":"noticiasribeiraopreto.com.br","date":"24 de April de 2026","format":false,"excerpt":"O programa Larga Brasa recebeu, nesta sexta-feira (24), F\u00e1bio Natali Costa, Juiz do Trabalho Titular da 2\u00aa Vara do Trabalho de Jaboticabal e Coordenador do Juizado Especial da Inf\u00e2ncia e Adolesc\u00eancia da Circunscri\u00e7\u00e3o de Ribeir\u00e3o Preto.Durante a entrevista, a autoridade explicou sobre o Maio Laranja, campanha de conscientiza\u00e7\u00e3o e combate\u2026","rel":"","context":"In &quot;Not\u00edcias de Ribeir\u00e3o Preto-SP e Regi\u00e3o&quot;","block_context":{"text":"Not\u00edcias de Ribeir\u00e3o Preto-SP e Regi\u00e3o","link":"https:\/\/noticiasribeiraopreto.com.br\/index.php\/category\/noticias-de-ribeirao-preto-sp-e-regiao-ismael-colosi\/"},"img":{"alt_text":"","src":"https:\/\/i0.wp.com\/noticiasribeiraopreto.com.br\/wp-content\/uploads\/2026\/04\/menina-garota-triste-abuso-estupro-violencia-sexual-depressao-1655821441370_v2_4x3.jpg?fit=1112%2C834&ssl=1&resize=350%2C200","width":350,"height":200,"srcset":"https:\/\/i0.wp.com\/noticiasribeiraopreto.com.br\/wp-content\/uploads\/2026\/04\/menina-garota-triste-abuso-estupro-violencia-sexual-depressao-1655821441370_v2_4x3.jpg?fit=1112%2C834&ssl=1&resize=350%2C200 1x, https:\/\/i0.wp.com\/noticiasribeiraopreto.com.br\/wp-content\/uploads\/2026\/04\/menina-garota-triste-abuso-estupro-violencia-sexual-depressao-1655821441370_v2_4x3.jpg?fit=1112%2C834&ssl=1&resize=525%2C300 1.5x, https:\/\/i0.wp.com\/noticiasribeiraopreto.com.br\/wp-content\/uploads\/2026\/04\/menina-garota-triste-abuso-estupro-violencia-sexual-depressao-1655821441370_v2_4x3.jpg?fit=1112%2C834&ssl=1&resize=700%2C400 2x, https:\/\/i0.wp.com\/noticiasribeiraopreto.com.br\/wp-content\/uploads\/2026\/04\/menina-garota-triste-abuso-estupro-violencia-sexual-depressao-1655821441370_v2_4x3.jpg?fit=1112%2C834&ssl=1&resize=1050%2C600 3x"},"classes":[]},{"id":59518,"url":"https:\/\/noticiasribeiraopreto.com.br\/index.php\/2024\/10\/25\/violencia-infantil-quase-200-criancas-e-adolescentes-sao-vitimas-de-agressao-diariamente-no-brasil\/","url_meta":{"origin":5531,"position":4},"title":"Viol\u00eancia Infantil: Quase 200 Crian\u00e7as e Adolescentes S\u00e3o V\u00edtimas de Agress\u00e3o Diariamente no Brasil","author":"noticiasribeiraopreto.com.br","date":"25 de October de 2024","format":false,"excerpt":"Dados divulgados pelo Sistema Nacional de Informa\u00e7\u00f5es de Sa\u00fade (SINAN) revelam um dado alarmante: cerca de 200 crian\u00e7as e adolescentes s\u00e3o v\u00edtimas de agress\u00f5es todos os dias no Brasil. A situa\u00e7\u00e3o, que representa um grave problema de direitos humanos, envolve viol\u00eancia f\u00edsica, psicol\u00f3gica e sexual, e destaca a necessidade urgente\u2026","rel":"","context":"In &quot;Not\u00edcias de Ribeir\u00e3o Preto-SP e Regi\u00e3o&quot;","block_context":{"text":"Not\u00edcias de Ribeir\u00e3o Preto-SP e Regi\u00e3o","link":"https:\/\/noticiasribeiraopreto.com.br\/index.php\/category\/noticias-de-ribeirao-preto-sp-e-regiao-ismael-colosi\/"},"img":{"alt_text":"","src":"https:\/\/i0.wp.com\/noticiasribeiraopreto.com.br\/wp-content\/uploads\/2024\/10\/rbr4212_0.webp.webp?fit=1170%2C700&ssl=1&resize=350%2C200","width":350,"height":200,"srcset":"https:\/\/i0.wp.com\/noticiasribeiraopreto.com.br\/wp-content\/uploads\/2024\/10\/rbr4212_0.webp.webp?fit=1170%2C700&ssl=1&resize=350%2C200 1x, https:\/\/i0.wp.com\/noticiasribeiraopreto.com.br\/wp-content\/uploads\/2024\/10\/rbr4212_0.webp.webp?fit=1170%2C700&ssl=1&resize=525%2C300 1.5x, https:\/\/i0.wp.com\/noticiasribeiraopreto.com.br\/wp-content\/uploads\/2024\/10\/rbr4212_0.webp.webp?fit=1170%2C700&ssl=1&resize=700%2C400 2x, https:\/\/i0.wp.com\/noticiasribeiraopreto.com.br\/wp-content\/uploads\/2024\/10\/rbr4212_0.webp.webp?fit=1170%2C700&ssl=1&resize=1050%2C600 3x"},"classes":[]},{"id":30845,"url":"https:\/\/noticiasribeiraopreto.com.br\/index.php\/2024\/01\/20\/filho-de-astro-do-programa-morre-aos-39-anos-motivo-da-morte-foi-divulgado\/","url_meta":{"origin":5531,"position":5},"title":"Filho de astro do programa morre aos 39 anos; motivo da morte foi divulgado","author":"noticiasribeiraopreto.com.br","date":"20 de January de 2024","format":false,"excerpt":"Adam Harrison, filho de Rick Harrison, querido astro da famosa s\u00e9rie \u201cTrato Feito\u201d, faleceu aos 39 anos. A not\u00edcia da morte de Adam foi confirmada pela fam\u00edlia, que est\u00e1 profundamente abalada com o ocorrido.A causa da morte, revelada pela fam\u00edlia, foi uma overdose, marcando um triste desfecho para o jovem\u2026","rel":"","context":"In &quot;Blog&quot;","block_context":{"text":"Blog","link":"https:\/\/noticiasribeiraopreto.com.br\/index.php\/category\/blog\/"},"img":{"alt_text":"","src":"https:\/\/i0.wp.com\/noticiasribeiraopreto.com.br\/wp-content\/uploads\/2024\/01\/postimg-65ac2f081885c9921.jpg?fit=1200%2C628&ssl=1&resize=350%2C200","width":350,"height":200,"srcset":"https:\/\/i0.wp.com\/noticiasribeiraopreto.com.br\/wp-content\/uploads\/2024\/01\/postimg-65ac2f081885c9921.jpg?fit=1200%2C628&ssl=1&resize=350%2C200 1x, https:\/\/i0.wp.com\/noticiasribeiraopreto.com.br\/wp-content\/uploads\/2024\/01\/postimg-65ac2f081885c9921.jpg?fit=1200%2C628&ssl=1&resize=525%2C300 1.5x, https:\/\/i0.wp.com\/noticiasribeiraopreto.com.br\/wp-content\/uploads\/2024\/01\/postimg-65ac2f081885c9921.jpg?fit=1200%2C628&ssl=1&resize=700%2C400 2x, https:\/\/i0.wp.com\/noticiasribeiraopreto.com.br\/wp-content\/uploads\/2024\/01\/postimg-65ac2f081885c9921.jpg?fit=1200%2C628&ssl=1&resize=1050%2C600 3x"},"classes":[]}],"jetpack_sharing_enabled":true,"jetpack_shortlink":"https:\/\/wp.me\/peQAOb-1rd","_links":{"self":[{"href":"https:\/\/noticiasribeiraopreto.com.br\/index.php\/wp-json\/wp\/v2\/posts\/5531","targetHints":{"allow":["GET"]}}],"collection":[{"href":"https:\/\/noticiasribeiraopreto.com.br\/index.php\/wp-json\/wp\/v2\/posts"}],"about":[{"href":"https:\/\/noticiasribeiraopreto.com.br\/index.php\/wp-json\/wp\/v2\/types\/post"}],"author":[{"embeddable":true,"href":"https:\/\/noticiasribeiraopreto.com.br\/index.php\/wp-json\/wp\/v2\/users\/1"}],"replies":[{"embeddable":true,"href":"https:\/\/noticiasribeiraopreto.com.br\/index.php\/wp-json\/wp\/v2\/comments?post=5531"}],"version-history":[{"count":0,"href":"https:\/\/noticiasribeiraopreto.com.br\/index.php\/wp-json\/wp\/v2\/posts\/5531\/revisions"}],"wp:featuredmedia":[{"embeddable":true,"href":"https:\/\/noticiasribeiraopreto.com.br\/index.php\/wp-json\/wp\/v2\/media\/5532"}],"wp:attachment":[{"href":"https:\/\/noticiasribeiraopreto.com.br\/index.php\/wp-json\/wp\/v2\/media?parent=5531"}],"wp:term":[{"taxonomy":"category","embeddable":true,"href":"https:\/\/noticiasribeiraopreto.com.br\/index.php\/wp-json\/wp\/v2\/categories?post=5531"},{"taxonomy":"post_tag","embeddable":true,"href":"https:\/\/noticiasribeiraopreto.com.br\/index.php\/wp-json\/wp\/v2\/tags?post=5531"}],"curies":[{"name":"wp","href":"https:\/\/api.w.org\/{rel}","templated":true}]}}