{"id":56164,"date":"2024-08-10T12:41:40","date_gmt":"2024-08-10T15:41:40","guid":{"rendered":"https:\/\/noticiasribeiraopreto.com.br\/index.php\/2024\/08\/10\/henrique-e-juliano-em-ribeirao-preto-saiba-tudo-sobre-o-show\/"},"modified":"2024-08-10T12:41:40","modified_gmt":"2024-08-10T15:41:40","slug":"henrique-e-juliano-em-ribeirao-preto-saiba-tudo-sobre-o-show","status":"publish","type":"post","link":"https:\/\/noticiasribeiraopreto.com.br\/index.php\/2024\/08\/10\/henrique-e-juliano-em-ribeirao-preto-saiba-tudo-sobre-o-show\/","title":{"rendered":"Henrique e Juliano em Ribeir\u00e3o Preto: Saiba tudo sobre o show"},"content":{"rendered":"<p> <br \/>\n<\/p>\n<div>\n<p>A dupla <strong>Henrique e Juliano<\/strong> se apresenta em <strong>Ribeir\u00e3o Preto <\/strong>neste <strong>s\u00e1bado (10)<\/strong>, no <strong>Parque Permanente de Exposi\u00e7\u00f5es<\/strong>. Os port\u00f5es devem ser abertos <strong>\u00e0s 18h<\/strong>.<\/p>\n<p>Al\u00e9m da dupla, sobem ao palco outros cantores, sendo eles Felipe Amorim, Nattan, Clayton &amp; Rom\u00e1rio, Oba Oba Samba House, DJ Materazzo e Rayane &amp; Rafaela.<\/p>\n<p>Henrique &amp; Juliano s\u00e3o conhecidos pelos hits \u201cCuida Bem Dela\u201d, \u201cFlor e o Beija-Flor\u201d, \u201cAquela Pessoa\u201d e \u201cA Maior Saudade\u201d.<\/p>\n<p><strong>Ingressos<\/strong><\/p>\n<p>Os ingressos\u00a0<strong>ainda est\u00e3o dispon\u00edveis<\/strong>\u00a0e podem ser adquiridos de forma <strong>on-line<\/strong> (<a href=\"https:\/\/www.guicheweb.com.br\/henrique-e-juliano-ribeirao-preto_31799\" target=\"_blank\" rel=\"noreferrer noopener\">clique aqui<\/a>). Os valores variam conforme os setores, <strong>confira:<\/strong><\/p>\n<ul>\n<li><strong>\u00c1rea Vip Al\u00f4 Inveja<\/strong>\u00a0\u2013 R$ 270 (inteira) | R$ 1350 (meia-social)<\/li>\n<li><strong>FrontStage Reca\u00eddas (cerveja, vodca, refrigerante e \u00e1gua)\u00a0<\/strong>\u2013 R$ 760 (inteira) | R$ 380 (meia-social)<\/li>\n<li><strong>Camarote Vidinha de Balada (cerveja, whisky, vodca, gin, refrigerante e \u00e1gua)<\/strong>\u00a0\u2013 R$ 1.100 (inteira) | R$ 550 (meia-social)<\/li>\n<\/ul>\n<p>\u00c9 importante ressaltar que, para adquirir a meia-entrada social deve ser apresentado<strong> 1 kg de alimento n\u00e3o perec\u00edvel<\/strong> na entrada do evento.<\/p>\n<p><mark style=\"background-color:#fcb900\" class=\"has-inline-color has-black-color\">Menores de idade podem entrar no evento acompanhado dos pais ou respons\u00e1vel legal, apenas na \u00c1rea Vip Al\u00f4 Inveja.<\/mark><\/p>\n<h4 class=\"wp-block-heading\"><strong>Ordem dos shows<\/strong><\/h4>\n<ul>\n<li>DJ Materazzo<\/li>\n<li>Oba Oba Samba House<\/li>\n<li>Rayane &amp; Rafaela<\/li>\n<li>Clayton &amp; Rom\u00e1rio<\/li>\n<li>Henrique &amp; Juliano<\/li>\n<li>Nattan<\/li>\n<li>Felipe Amorim<\/li>\n<\/ul>\n<p>A <strong>ordem est\u00e1 sujeita a altera\u00e7\u00e3o sem aviso pr\u00e9vio<\/strong>. O hor\u00e1rio de cada show n\u00e3o foi informado.<\/p>\n<h4 class=\"wp-block-heading\"><strong>Haver\u00e1 estacionamento no local?<\/strong><\/h4>\n<p>Conforme a organiza\u00e7\u00e3o, no espa\u00e7o\u00a0<strong>haver\u00e1 estacionamento oficial com seguran\u00e7a<\/strong>. Os valores n\u00e3o foram divulgados. Evento com acessibilidade.<\/p>\n<h4 class=\"wp-block-heading\"><strong>O que pode e n\u00e3o pode levar?<\/strong><\/h4>\n<figure class=\"wp-block-table\">\n<table>\n<tbody>\n<tr>\n<td><strong>Pode levar<\/strong><\/td>\n<td><strong>N\u00e3o pode levar<\/strong><\/td>\n<\/tr>\n<tr>\n<td>Documentos pessoais<\/td>\n<td>Copo t\u00e9rmico e similares<\/td>\n<\/tr>\n<tr>\n<td>Dinheiro e cart\u00f5es<\/td>\n<td>Garrafas e latas<\/td>\n<\/tr>\n<tr>\n<td>Chap\u00e9u ou bon\u00e9<\/td>\n<td>Capacetes<\/td>\n<\/tr>\n<tr>\n<td>Protetor solar ou labial<\/td>\n<td>Cadeiras ou bancos<\/td>\n<\/tr>\n<tr>\n<td>\u00d3culos escuros<\/td>\n<td>Armas de fogo\/brancas<\/td>\n<\/tr>\n<tr>\n<td>Capa de chuva<\/td>\n<td>Objetos cortantes e\/ou perfurantes<\/td>\n<\/tr>\n<tr>\n<td>Celular<\/td>\n<td>Correntes<\/td>\n<\/tr>\n<tr>\n<td>Bolsa, pochete e bag<\/td>\n<td>Fogos de artif\u00edcios<\/td>\n<\/tr>\n<tr>\n<td>Rem\u00e9dios com receita m\u00e9dica<\/td>\n<td>Objetos de vidro<\/td>\n<\/tr>\n<tr>\n<td>Maquiagem (exceto com embalagens de vidro)<\/td>\n<td>C\u00e2meras fotogr\u00e1ficas ou filmadoras<\/td>\n<\/tr>\n<tr>\n<td>Carregador port\u00e1til<\/td>\n<td>Bast\u00f5es para filmagem<\/td>\n<\/tr>\n<tr>\n<td>Bala e chiclete<\/td>\n<td>Cartazes com madeiras ou objetos r\u00edgidos<\/td>\n<\/tr>\n<tr>\n<td>\u2013<\/td>\n<td>Alimentos e bebidas em geral (exceto pessoas com restri\u00e7\u00e3o\/necess\u00e1rio apresentar laudo m\u00e9dico)<\/td>\n<\/tr>\n<\/tbody>\n<\/table>\n<\/figure>\n<h4 class=\"wp-block-heading\"><strong>Clima em Ribeir\u00e3o Preto neste s\u00e1bado<\/strong><\/h4>\n<p>Segundo os meteorologistas,\u00a0no per\u00edodo da noite em <strong>Ribeir\u00e3o Preto<\/strong>, o tempo deve permanecer firme.\u00a0Os term\u00f4metros podem registrar a <mark style=\"background-color:#fcb900\" class=\"has-inline-color has-black-color\">m\u00e1xima de 22\u00b0C, com m\u00ednima de 12\u00b0C.<\/mark><\/p>\n<h4 class=\"wp-block-heading\"><strong>Parque Permanente de Exposi\u00e7\u00f5es de Ribeir\u00e3o Preto<\/strong><\/h4>\n<p>O <strong>Parque Permanente de Exposi\u00e7\u00f5es<\/strong> fica na avenida Orestes Lopes de Camargo, 350, no Jardim J\u00f3quei Clube.<\/p>\n<p>SAIBA MAIS<br \/>Circo M\u00e1gico do Chaves chega a Ribeir\u00e3o Preto<\/p>\n<h4 class=\"wp-block-heading\"><strong>FIQUE ON<\/strong><\/h4>\n<p>Fique ligado em tudo que acontece em Ribeir\u00e3o Preto e regi\u00e3o. Siga os perfis do <strong>acidade on <\/strong>no <a href=\"https:\/\/www.instagram.com\/acidadeonribeirao\" target=\"_blank\" rel=\"noreferrer noopener\">Instagram<\/a> e no <a href=\"https:\/\/www.facebook.com\/acidadeonribeirao\" target=\"_blank\" rel=\"noreferrer noopener\">Facebook<\/a>.<\/p>\n<p>Receba not\u00edcias do<strong> acidade on <\/strong>no WhatsApp. Para entrar no grupo, basta <a href=\"https:\/\/chat.whatsapp.com\/Dtv9mxhy6V5BJBotM2OQ5k\" target=\"_blank\" rel=\"noreferrer noopener\">clicar aqui<\/a>.<\/p>\n<p>Fa\u00e7a uma den\u00fancia ou sugira uma reportagem sobre Ribeir\u00e3o Preto e regi\u00e3o pelo WhatsApp: 16 99117 7802.<\/p>\n<p>VEJA TAMB\u00c9M<br \/>O filme \u2018\u00c9 assim que acaba\u2019 foi inspirado em que hist\u00f3ria?<\/p>\n<p><!-- CONTENT END 1 -->\n<\/div>\n<p><script async src=\"\/\/www.instagram.com\/embed.js\"><\/script><br \/>\n<br \/><br \/>\n<br \/><a href=\"https:\/\/www.acidadeon.com\/ribeiraopreto\/lazer-e-cultura\/henrique-e-juliano-em-ribeirao-preto-saiba-tudo-sobre-o-show\/\">Source link <\/a><\/p>\n","protected":false},"excerpt":{"rendered":"<p>A dupla Henrique e Juliano se apresenta em Ribeir\u00e3o Preto neste s\u00e1bado (10), no Parque Permanente de Exposi\u00e7\u00f5es. Os port\u00f5es devem ser abertos \u00e0s 18h&#8230;.<\/p>\n","protected":false},"author":1,"featured_media":56165,"comment_status":"open","ping_status":"open","sticky":false,"template":"","format":"standard","meta":{"advanced_seo_description":"","jetpack_seo_html_title":"","jetpack_seo_noindex":false,"jetpack_post_was_ever_published":false,"_jetpack_newsletter_access":"","_jetpack_dont_email_post_to_subs":false,"_jetpack_newsletter_tier_id":0,"_jetpack_memberships_contains_paywalled_content":false,"_jetpack_memberships_contains_paid_content":false,"footnotes":"","jetpack_publicize_message":"","jetpack_publicize_feature_enabled":true,"jetpack_social_post_already_shared":true,"jetpack_social_options":{"image_generator_settings":{"template":"highway","default_image_id":0,"font":"","enabled":false},"version":2}},"categories":[11],"tags":[],"class_list":["post-56164","post","type-post","status-publish","format-standard","has-post-thumbnail","hentry","category-noticias-de-ribeirao-preto-sp-e-regiao-ismael-colosi"],"jetpack_publicize_connections":[],"jetpack_featured_media_url":"https:\/\/i0.wp.com\/noticiasribeiraopreto.com.br\/wp-content\/uploads\/2024\/08\/entretenimento-henrique-juliano-musica-sertaneja-1714194436_2024-08-10_15-04-48_jpeg_2024-08-10_15-04-48.webp.webp?fit=1600%2C1067&ssl=1","jetpack-related-posts":[{"id":55645,"url":"https:\/\/noticiasribeiraopreto.com.br\/index.php\/2024\/08\/04\/henrique-e-juliano-se-apresentam-no-final-de-semana-em-ribeirao-ingressos-ainda-estao-disponiveis\/","url_meta":{"origin":56164,"position":0},"title":"Henrique e Juliano se apresentam no final de semana em Ribeir\u00e3o; Ingressos ainda est\u00e3o dispon\u00edveis","author":"noticiasribeiraopreto.com.br","date":"4 de August de 2024","format":false,"excerpt":"A dupla sertaneja Henrique e Juliano se apresenta em Ribeir\u00e3o Preto neste s\u00e1bado (10), no Parque Permanente de Exposi\u00e7\u00f5es, zona Norte do munic\u00edpio. Os ingressos para o show ainda est\u00e3o dispon\u00edveis e podem ser adquiridos de forma on-line (clique aqui). Os valores variam de R$ 130 a R$ 1.040 \u2013\u2026","rel":"","context":"In &quot;Not\u00edcias de Ribeir\u00e3o Preto-SP e Regi\u00e3o&quot;","block_context":{"text":"Not\u00edcias de Ribeir\u00e3o Preto-SP e Regi\u00e3o","link":"https:\/\/noticiasribeiraopreto.com.br\/index.php\/category\/noticias-de-ribeirao-preto-sp-e-regiao-ismael-colosi\/"},"img":{"alt_text":"","src":"https:\/\/i0.wp.com\/noticiasribeiraopreto.com.br\/wp-content\/uploads\/2024\/08\/AnyConv.com__Capturar_2024-05-09_22-23-15.webp.webp?fit=870%2C478&ssl=1&resize=350%2C200","width":350,"height":200,"srcset":"https:\/\/i0.wp.com\/noticiasribeiraopreto.com.br\/wp-content\/uploads\/2024\/08\/AnyConv.com__Capturar_2024-05-09_22-23-15.webp.webp?fit=870%2C478&ssl=1&resize=350%2C200 1x, https:\/\/i0.wp.com\/noticiasribeiraopreto.com.br\/wp-content\/uploads\/2024\/08\/AnyConv.com__Capturar_2024-05-09_22-23-15.webp.webp?fit=870%2C478&ssl=1&resize=525%2C300 1.5x, https:\/\/i0.wp.com\/noticiasribeiraopreto.com.br\/wp-content\/uploads\/2024\/08\/AnyConv.com__Capturar_2024-05-09_22-23-15.webp.webp?fit=870%2C478&ssl=1&resize=700%2C400 2x"},"classes":[]},{"id":49670,"url":"https:\/\/noticiasribeiraopreto.com.br\/index.php\/2024\/05\/12\/confira-as-atracoes-confirmadas-para-o-show-de-henrique-e-juliano-em-ribeirao-preto\/","url_meta":{"origin":56164,"position":1},"title":"Confira as atra\u00e7\u00f5es confirmadas para o show de Henrique e Juliano em Ribeir\u00e3o Preto","author":"noticiasribeiraopreto.com.br","date":"12 de May de 2024","format":false,"excerpt":"Durante o show da dupla sertaneja Henrique e Juliano, em Ribeir\u00e3o Preto, que acontecer\u00e1 no dia 10 de agosto, v\u00e1rias atra\u00e7\u00f5es confirmaram presen\u00e7a (veja abaixo). As apresenta\u00e7\u00f5es musicais acontecer\u00e3o no Parque Permanente de Exposi\u00e7\u00f5es. Al\u00e9m dos irm\u00e3os Henrique e Juliano, se apresentam no show: Nattan Rayane e Rafaela Clayton e\u2026","rel":"","context":"In &quot;Not\u00edcias de Ribeir\u00e3o Preto-SP e Regi\u00e3o&quot;","block_context":{"text":"Not\u00edcias de Ribeir\u00e3o Preto-SP e Regi\u00e3o","link":"https:\/\/noticiasribeiraopreto.com.br\/index.php\/category\/noticias-de-ribeirao-preto-sp-e-regiao-ismael-colosi\/"},"img":{"alt_text":"","src":"https:\/\/i0.wp.com\/noticiasribeiraopreto.com.br\/wp-content\/uploads\/2024\/05\/1715545076_acidadeon_logos_Prancheta-1-copia-12_edited.jpg?fit=1199%2C1200&ssl=1&resize=350%2C200","width":350,"height":200,"srcset":"https:\/\/i0.wp.com\/noticiasribeiraopreto.com.br\/wp-content\/uploads\/2024\/05\/1715545076_acidadeon_logos_Prancheta-1-copia-12_edited.jpg?fit=1199%2C1200&ssl=1&resize=350%2C200 1x, https:\/\/i0.wp.com\/noticiasribeiraopreto.com.br\/wp-content\/uploads\/2024\/05\/1715545076_acidadeon_logos_Prancheta-1-copia-12_edited.jpg?fit=1199%2C1200&ssl=1&resize=525%2C300 1.5x, https:\/\/i0.wp.com\/noticiasribeiraopreto.com.br\/wp-content\/uploads\/2024\/05\/1715545076_acidadeon_logos_Prancheta-1-copia-12_edited.jpg?fit=1199%2C1200&ssl=1&resize=700%2C400 2x, https:\/\/i0.wp.com\/noticiasribeiraopreto.com.br\/wp-content\/uploads\/2024\/05\/1715545076_acidadeon_logos_Prancheta-1-copia-12_edited.jpg?fit=1199%2C1200&ssl=1&resize=1050%2C600 3x"},"classes":[]},{"id":49304,"url":"https:\/\/noticiasribeiraopreto.com.br\/index.php\/2024\/05\/09\/saiba-onde-comprar-ingresso-para-o-show-de-henrique-e-juliano-em-ribeirao-preto\/","url_meta":{"origin":56164,"position":2},"title":"Saiba onde comprar ingresso para o show de Henrique e Juliano em Ribeir\u00e3o Preto","author":"noticiasribeiraopreto.com.br","date":"9 de May de 2024","format":false,"excerpt":"O in\u00edcio da venda de ingressos para o show da dupla sertaneja Henrique e Juliano, que acontece em Ribeir\u00e3o Preto no dia 10 de agosto, j\u00e1 tem data e locais definidos. O an\u00fancio feito pela organiza\u00e7\u00e3o do evento, no fim da tarde desta quinta-feira (9), \u00e9 de que as vendas\u2026","rel":"","context":"In &quot;Not\u00edcias de Ribeir\u00e3o Preto-SP e Regi\u00e3o&quot;","block_context":{"text":"Not\u00edcias de Ribeir\u00e3o Preto-SP e Regi\u00e3o","link":"https:\/\/noticiasribeiraopreto.com.br\/index.php\/category\/noticias-de-ribeirao-preto-sp-e-regiao-ismael-colosi\/"},"img":{"alt_text":"","src":"https:\/\/i0.wp.com\/noticiasribeiraopreto.com.br\/wp-content\/uploads\/2024\/05\/AnyConv.com__438241396_18435220777049984_331597487909274022_n_2024-05-09_22-01-45.webp.webp?fit=1200%2C675&ssl=1&resize=350%2C200","width":350,"height":200,"srcset":"https:\/\/i0.wp.com\/noticiasribeiraopreto.com.br\/wp-content\/uploads\/2024\/05\/AnyConv.com__438241396_18435220777049984_331597487909274022_n_2024-05-09_22-01-45.webp.webp?fit=1200%2C675&ssl=1&resize=350%2C200 1x, https:\/\/i0.wp.com\/noticiasribeiraopreto.com.br\/wp-content\/uploads\/2024\/05\/AnyConv.com__438241396_18435220777049984_331597487909274022_n_2024-05-09_22-01-45.webp.webp?fit=1200%2C675&ssl=1&resize=525%2C300 1.5x, https:\/\/i0.wp.com\/noticiasribeiraopreto.com.br\/wp-content\/uploads\/2024\/05\/AnyConv.com__438241396_18435220777049984_331597487909274022_n_2024-05-09_22-01-45.webp.webp?fit=1200%2C675&ssl=1&resize=700%2C400 2x, https:\/\/i0.wp.com\/noticiasribeiraopreto.com.br\/wp-content\/uploads\/2024\/05\/AnyConv.com__438241396_18435220777049984_331597487909274022_n_2024-05-09_22-01-45.webp.webp?fit=1200%2C675&ssl=1&resize=1050%2C600 3x"},"classes":[]},{"id":50024,"url":"https:\/\/noticiasribeiraopreto.com.br\/index.php\/2024\/05\/14\/saiba-como-comprar-ingressos-para-o-show-do-henrique-e-juliano-em-ribeirao-preto\/","url_meta":{"origin":56164,"position":3},"title":"Saiba como comprar ingressos para o show do Henrique e Juliano em Ribeir\u00e3o Preto","author":"noticiasribeiraopreto.com.br","date":"14 de May de 2024","format":false,"excerpt":"As vendas de ingressos para o show do Henrique e Juliano, em Ribeir\u00e3o Preto, est\u00e3o liberadas a partir desta ter\u00e7a-feira (14). As apresenta\u00e7\u00f5es da dupla sertaneja e das atra\u00e7\u00f5es especiais (veja abaixo) acontecem no dia 10 de agosto, no Parque Permanente de Exposi\u00e7\u00f5es. Os ingressos on-line podem ser adquiridos pelo\u2026","rel":"","context":"In &quot;Not\u00edcias de Ribeir\u00e3o Preto-SP e Regi\u00e3o&quot;","block_context":{"text":"Not\u00edcias de Ribeir\u00e3o Preto-SP e Regi\u00e3o","link":"https:\/\/noticiasribeiraopreto.com.br\/index.php\/category\/noticias-de-ribeirao-preto-sp-e-regiao-ismael-colosi\/"},"img":{"alt_text":"","src":"https:\/\/i0.wp.com\/noticiasribeiraopreto.com.br\/wp-content\/uploads\/2024\/05\/henrique-e-juliano-1_2024-05-14_14-42-58_jpg_2024-05-14_14-42-58.webp.webp?fit=448%2C259&ssl=1&resize=350%2C200","width":350,"height":200},"classes":[]},{"id":46278,"url":"https:\/\/noticiasribeiraopreto.com.br\/index.php\/2024\/04\/10\/henrique-e-juliano-confirmam-show-em-ribeirao-preto\/","url_meta":{"origin":56164,"position":4},"title":"Henrique e Juliano confirmam show em Ribeir\u00e3o Preto","author":"noticiasribeiraopreto.com.br","date":"10 de April de 2024","format":false,"excerpt":"A dupla sertaneja Henrique e Juliano faz show em Ribeir\u00e3o Preto no dia 10 de agosto. A confirma\u00e7\u00e3o da data est\u00e1 em uma das redes sociais dos cantores. Ainda n\u00e3o h\u00e1 informa\u00e7\u00e3o sobre o local do evento e o in\u00edcio das vendas de ingressos. Sucessos da dupla Os irm\u00e3os s\u00e3o\u2026","rel":"","context":"In &quot;Not\u00edcias de Ribeir\u00e3o Preto-SP e Regi\u00e3o&quot;","block_context":{"text":"Not\u00edcias de Ribeir\u00e3o Preto-SP e Regi\u00e3o","link":"https:\/\/noticiasribeiraopreto.com.br\/index.php\/category\/noticias-de-ribeirao-preto-sp-e-regiao-ismael-colosi\/"},"img":{"alt_text":"","src":"https:\/\/i0.wp.com\/noticiasribeiraopreto.com.br\/wp-content\/uploads\/2024\/04\/Copia-de-Copia-de-TAMANHO-EXATO-PARA-FOTOS-NO-SISTEMA-NOVO-15.jpg?fit=1200%2C675&ssl=1&resize=350%2C200","width":350,"height":200,"srcset":"https:\/\/i0.wp.com\/noticiasribeiraopreto.com.br\/wp-content\/uploads\/2024\/04\/Copia-de-Copia-de-TAMANHO-EXATO-PARA-FOTOS-NO-SISTEMA-NOVO-15.jpg?fit=1200%2C675&ssl=1&resize=350%2C200 1x, https:\/\/i0.wp.com\/noticiasribeiraopreto.com.br\/wp-content\/uploads\/2024\/04\/Copia-de-Copia-de-TAMANHO-EXATO-PARA-FOTOS-NO-SISTEMA-NOVO-15.jpg?fit=1200%2C675&ssl=1&resize=525%2C300 1.5x, https:\/\/i0.wp.com\/noticiasribeiraopreto.com.br\/wp-content\/uploads\/2024\/04\/Copia-de-Copia-de-TAMANHO-EXATO-PARA-FOTOS-NO-SISTEMA-NOVO-15.jpg?fit=1200%2C675&ssl=1&resize=700%2C400 2x, https:\/\/i0.wp.com\/noticiasribeiraopreto.com.br\/wp-content\/uploads\/2024\/04\/Copia-de-Copia-de-TAMANHO-EXATO-PARA-FOTOS-NO-SISTEMA-NOVO-15.jpg?fit=1200%2C675&ssl=1&resize=1050%2C600 3x"},"classes":[]},{"id":48910,"url":"https:\/\/noticiasribeiraopreto.com.br\/index.php\/2024\/05\/07\/veja-onde-sera-o-show-do-henrique-e-juliano-em-ribeirao-preto\/","url_meta":{"origin":56164,"position":5},"title":"Veja onde ser\u00e1 o show do Henrique e Juliano em Ribeir\u00e3o Preto","author":"noticiasribeiraopreto.com.br","date":"7 de May de 2024","format":false,"excerpt":"A dupla sertaneja Henrique e Juliano confirmou em abril, em uma rede social, que far\u00e1 show em Ribeir\u00e3o Preto no dia 10 de agosto. Na ocasi\u00e3o, n\u00e3o foi informado o local e nem o in\u00edcio da venda de ingressos. Nesta ter\u00e7a-feira (7), a organiza\u00e7\u00e3o do evento divulgou que o show\u2026","rel":"","context":"In &quot;Not\u00edcias de Ribeir\u00e3o Preto-SP e Regi\u00e3o&quot;","block_context":{"text":"Not\u00edcias de Ribeir\u00e3o Preto-SP e Regi\u00e3o","link":"https:\/\/noticiasribeiraopreto.com.br\/index.php\/category\/noticias-de-ribeirao-preto-sp-e-regiao-ismael-colosi\/"},"img":{"alt_text":"","src":"https:\/\/i0.wp.com\/noticiasribeiraopreto.com.br\/wp-content\/uploads\/2024\/05\/Capturar_2024-05-07_16-22-17_jpg_2024-05-07_16-22-17.webp.webp?fit=748%2C404&ssl=1&resize=350%2C200","width":350,"height":200,"srcset":"https:\/\/i0.wp.com\/noticiasribeiraopreto.com.br\/wp-content\/uploads\/2024\/05\/Capturar_2024-05-07_16-22-17_jpg_2024-05-07_16-22-17.webp.webp?fit=748%2C404&ssl=1&resize=350%2C200 1x, https:\/\/i0.wp.com\/noticiasribeiraopreto.com.br\/wp-content\/uploads\/2024\/05\/Capturar_2024-05-07_16-22-17_jpg_2024-05-07_16-22-17.webp.webp?fit=748%2C404&ssl=1&resize=525%2C300 1.5x, https:\/\/i0.wp.com\/noticiasribeiraopreto.com.br\/wp-content\/uploads\/2024\/05\/Capturar_2024-05-07_16-22-17_jpg_2024-05-07_16-22-17.webp.webp?fit=748%2C404&ssl=1&resize=700%2C400 2x"},"classes":[]}],"jetpack_sharing_enabled":true,"jetpack_shortlink":"https:\/\/wp.me\/peQAOb-eBS","_links":{"self":[{"href":"https:\/\/noticiasribeiraopreto.com.br\/index.php\/wp-json\/wp\/v2\/posts\/56164","targetHints":{"allow":["GET"]}}],"collection":[{"href":"https:\/\/noticiasribeiraopreto.com.br\/index.php\/wp-json\/wp\/v2\/posts"}],"about":[{"href":"https:\/\/noticiasribeiraopreto.com.br\/index.php\/wp-json\/wp\/v2\/types\/post"}],"author":[{"embeddable":true,"href":"https:\/\/noticiasribeiraopreto.com.br\/index.php\/wp-json\/wp\/v2\/users\/1"}],"replies":[{"embeddable":true,"href":"https:\/\/noticiasribeiraopreto.com.br\/index.php\/wp-json\/wp\/v2\/comments?post=56164"}],"version-history":[{"count":0,"href":"https:\/\/noticiasribeiraopreto.com.br\/index.php\/wp-json\/wp\/v2\/posts\/56164\/revisions"}],"wp:featuredmedia":[{"embeddable":true,"href":"https:\/\/noticiasribeiraopreto.com.br\/index.php\/wp-json\/wp\/v2\/media\/56165"}],"wp:attachment":[{"href":"https:\/\/noticiasribeiraopreto.com.br\/index.php\/wp-json\/wp\/v2\/media?parent=56164"}],"wp:term":[{"taxonomy":"category","embeddable":true,"href":"https:\/\/noticiasribeiraopreto.com.br\/index.php\/wp-json\/wp\/v2\/categories?post=56164"},{"taxonomy":"post_tag","embeddable":true,"href":"https:\/\/noticiasribeiraopreto.com.br\/index.php\/wp-json\/wp\/v2\/tags?post=56164"}],"curies":[{"name":"wp","href":"https:\/\/api.w.org\/{rel}","templated":true}]}}