{"id":56461,"date":"2024-08-14T08:02:29","date_gmt":"2024-08-14T11:02:29","guid":{"rendered":"https:\/\/noticiasribeiraopreto.com.br\/index.php\/2024\/08\/14\/policia-encontra-carga-de-vinhos-importados-avaliada-em-r-160-mil-na-regiao-de-ribeirao-preto\/"},"modified":"2024-08-14T08:02:29","modified_gmt":"2024-08-14T11:02:29","slug":"policia-encontra-carga-de-vinhos-importados-avaliada-em-r-160-mil-na-regiao-de-ribeirao-preto","status":"publish","type":"post","link":"https:\/\/noticiasribeiraopreto.com.br\/index.php\/2024\/08\/14\/policia-encontra-carga-de-vinhos-importados-avaliada-em-r-160-mil-na-regiao-de-ribeirao-preto\/","title":{"rendered":"Pol\u00edcia Encontra Carga de Vinhos Importados Avaliada em R$ 160 Mil na Regi\u00e3o de Ribeir\u00e3o Preto \u2013 Folha de Ribeir\u00e3o"},"content":{"rendered":"<div class='code-block code-block-1' style='margin: 8px 0 8px auto; text-align: right; display: block; clear: both;'>\n<p><a href=\"https:\/\/wa.link\/vpicfd\"><img data-recalc-dims=\"1\" class=\"wp-image-4922\" style=\"aspect-ratio: 2.0253164556962027; width: 561px; height: auto;\" src=\"https:\/\/i0.wp.com\/ismaelcolosi.com.br\/wp-content\/uploads\/2023\/11\/grupo-de-empregos-whatsapp-e-facebook-ismael-colosi-vagas.jpg?ssl=1\" alt=\"\" \/><\/a><\/p>\n<!-- \/wp:image -->\n<\/div>\n<p> <br \/>\n<\/p>\n<div>\n<p><strong>Ribeir\u00e3o Preto, SP<\/strong>\u00a0\u2013 Em uma opera\u00e7\u00e3o recente, a pol\u00edcia encontrou uma carga de vinhos importados avaliada em R$ 160 mil na regi\u00e3o de Ribeir\u00e3o Preto. A apreens\u00e3o ocorreu ap\u00f3s uma den\u00fancia an\u00f4nima que levou as autoridades a um galp\u00e3o onde a mercadoria estava armazenada.<\/p>\n<p>Os vinhos, de diversas marcas e origens, estavam sendo mantidos em condi\u00e7\u00f5es inadequadas, o que levantou suspeitas sobre a legalidade da importa\u00e7\u00e3o e armazenamento. \u201cRecebemos a den\u00fancia e, ao chegarmos ao local, encontramos uma grande quantidade de vinhos sem a devida documenta\u00e7\u00e3o\u201d, explicou o delegado respons\u00e1vel pela opera\u00e7\u00e3o.<\/p>\n<p>A pol\u00edcia agora investiga a origem dos produtos e os respons\u00e1veis pelo armazenamento ilegal. \u201cEstamos trabalhando para identificar os envolvidos e entender como essa carga chegou at\u00e9 aqui\u201d, acrescentou o delegado.<\/p>\n<p>A apreens\u00e3o chamou a aten\u00e7\u00e3o da comunidade local, especialmente dos comerciantes de bebidas, que temem que produtos ilegais possam prejudicar o mercado. \u201c\u00c9 importante que as autoridades continuem vigilantes para evitar que mercadorias sem proced\u00eancia clara entrem no mercado\u201d, comentou um comerciante local.<\/p>\n<p>A opera\u00e7\u00e3o faz parte de um esfor\u00e7o cont\u00ednuo das autoridades para combater o contrabando e a venda de produtos ilegais na regi\u00e3o. \u201cVamos continuar nossas investiga\u00e7\u00f5es e opera\u00e7\u00f5es para garantir que a lei seja cumprida\u201d, concluiu o delegado.<\/p>\n<\/p><\/div>\n<p><br \/>\n<br \/><a href=\"https:\/\/folhaderibeirao.com.br\/2024\/08\/12\/policia-encontra-carga-de-vinhos-importados-avaliada-em-r-160-mil-na-regiao-de-ribeirao-preto\/\">Source link <\/a><\/p>\n<!-- CONTENT END 1 -->\n","protected":false},"excerpt":{"rendered":"<p>Ribeir\u00e3o Preto, SP\u00a0\u2013 Em uma opera\u00e7\u00e3o recente, a pol\u00edcia encontrou uma carga de vinhos importados avaliada em R$ 160 mil na regi\u00e3o de Ribeir\u00e3o Preto&#8230;.<\/p>\n","protected":false},"author":1,"featured_media":56462,"comment_status":"open","ping_status":"open","sticky":false,"template":"","format":"standard","meta":{"advanced_seo_description":"","jetpack_seo_html_title":"","jetpack_seo_noindex":false,"jetpack_post_was_ever_published":false,"_jetpack_newsletter_access":"","_jetpack_dont_email_post_to_subs":false,"_jetpack_newsletter_tier_id":0,"_jetpack_memberships_contains_paywalled_content":false,"_jetpack_memberships_contains_paid_content":false,"footnotes":"","jetpack_publicize_message":"","jetpack_publicize_feature_enabled":true,"jetpack_social_post_already_shared":true,"jetpack_social_options":{"image_generator_settings":{"template":"highway","default_image_id":0,"font":"","enabled":false},"version":2}},"categories":[11],"tags":[5904,2561,436,753,5903,402,20,27,277,26,5902],"class_list":["post-56461","post","type-post","status-publish","format-standard","has-post-thumbnail","hentry","category-noticias-de-ribeirao-preto-sp-e-regiao-ismael-colosi","tag-avaliada","tag-carga","tag-encontra","tag-folha","tag-importados","tag-mil","tag-policia","tag-preto","tag-regiao","tag-ribeirao","tag-vinhos"],"jetpack_publicize_connections":[],"jetpack_featured_media_url":"https:\/\/i0.wp.com\/noticiasribeiraopreto.com.br\/wp-content\/uploads\/2024\/08\/photo5102586701913631039.webp.webp?fit=1200%2C900&ssl=1","jetpack-related-posts":[{"id":56236,"url":"https:\/\/noticiasribeiraopreto.com.br\/index.php\/2024\/08\/12\/policia-encontra-carga-de-vinhos-importados-avaliada-em-r-160-mil-na-regiao-de-ribeirao\/","url_meta":{"origin":56461,"position":0},"title":"Pol\u00edcia encontra carga de vinhos importados avaliada em R$ 160 mil na regi\u00e3o de Ribeir\u00e3o","author":"noticiasribeiraopreto.com.br","date":"12 de August de 2024","format":false,"excerpt":"A Pol\u00edcia Militar encontrou uma carga de vinhos importados da Argentina, avaliada em R$ 160 mil, em Sert\u00e3ozinho, na regi\u00e3o de Ribeir\u00e3o Preto. A mercadoria estava em um caminh\u00e3o abandonado, na rua Ov\u00eddio Chiarati, no bairro Santo Ant\u00f4nio, no \u00faltimo domingo (11). De acordo com a pol\u00edcia, o ve\u00edculo estava\u2026","rel":"","context":"In &quot;Not\u00edcias de Ribeir\u00e3o Preto-SP e Regi\u00e3o&quot;","block_context":{"text":"Not\u00edcias de Ribeir\u00e3o Preto-SP e Regi\u00e3o","link":"https:\/\/noticiasribeiraopreto.com.br\/index.php\/category\/noticias-de-ribeirao-preto-sp-e-regiao-ismael-colosi\/"},"img":{"alt_text":"","src":"https:\/\/i0.wp.com\/noticiasribeiraopreto.com.br\/wp-content\/uploads\/2024\/08\/carga-vinho_2024-08-12_11-33-18_jpg_2024-08-12_11-33-18.webp.webp?fit=810%2C637&ssl=1&resize=350%2C200","width":350,"height":200,"srcset":"https:\/\/i0.wp.com\/noticiasribeiraopreto.com.br\/wp-content\/uploads\/2024\/08\/carga-vinho_2024-08-12_11-33-18_jpg_2024-08-12_11-33-18.webp.webp?fit=810%2C637&ssl=1&resize=350%2C200 1x, https:\/\/i0.wp.com\/noticiasribeiraopreto.com.br\/wp-content\/uploads\/2024\/08\/carga-vinho_2024-08-12_11-33-18_jpg_2024-08-12_11-33-18.webp.webp?fit=810%2C637&ssl=1&resize=525%2C300 1.5x, https:\/\/i0.wp.com\/noticiasribeiraopreto.com.br\/wp-content\/uploads\/2024\/08\/carga-vinho_2024-08-12_11-33-18_jpg_2024-08-12_11-33-18.webp.webp?fit=810%2C637&ssl=1&resize=700%2C400 2x"},"classes":[]},{"id":66056,"url":"https:\/\/noticiasribeiraopreto.com.br\/index.php\/2025\/03\/27\/leilao-da-receita-federal-acontece-nesta-sexta-tem-iphone-adidas-e-vinhos-importados\/","url_meta":{"origin":56461,"position":1},"title":"Leil\u00e3o da Receita Federal acontece nesta sexta; tem iPhone, Adidas e vinhos importados","author":"noticiasribeiraopreto.com.br","date":"27 de March de 2025","format":false,"excerpt":"O leil\u00e3o da Receita Federal acontece nesta sexta-feira (28) e conta com mais de 200 lotes com diversos itens, entre iPhones, produtos Adidas e vinhos importados. Os lances m\u00ednimos variam entre R$ 150 e R$ 120 mil. Podem participar pessoas f\u00edsicas e pessoas jur\u00eddicas, e as propostas devem ser realizadas\u2026","rel":"","context":"In &quot;Not\u00edcias de Ribeir\u00e3o Preto-SP e Regi\u00e3o&quot;","block_context":{"text":"Not\u00edcias de Ribeir\u00e3o Preto-SP e Regi\u00e3o","link":"https:\/\/noticiasribeiraopreto.com.br\/index.php\/category\/noticias-de-ribeirao-preto-sp-e-regiao-ismael-colosi\/"},"img":{"alt_text":"","src":"https:\/\/i0.wp.com\/noticiasribeiraopreto.com.br\/wp-content\/uploads\/2025\/03\/leilao-receita_2025-03-27_15-19-16_jpg_2025-03-27_15-19-16.webp.webp?fit=1200%2C633&ssl=1&resize=350%2C200","width":350,"height":200,"srcset":"https:\/\/i0.wp.com\/noticiasribeiraopreto.com.br\/wp-content\/uploads\/2025\/03\/leilao-receita_2025-03-27_15-19-16_jpg_2025-03-27_15-19-16.webp.webp?fit=1200%2C633&ssl=1&resize=350%2C200 1x, https:\/\/i0.wp.com\/noticiasribeiraopreto.com.br\/wp-content\/uploads\/2025\/03\/leilao-receita_2025-03-27_15-19-16_jpg_2025-03-27_15-19-16.webp.webp?fit=1200%2C633&ssl=1&resize=525%2C300 1.5x, https:\/\/i0.wp.com\/noticiasribeiraopreto.com.br\/wp-content\/uploads\/2025\/03\/leilao-receita_2025-03-27_15-19-16_jpg_2025-03-27_15-19-16.webp.webp?fit=1200%2C633&ssl=1&resize=700%2C400 2x, https:\/\/i0.wp.com\/noticiasribeiraopreto.com.br\/wp-content\/uploads\/2025\/03\/leilao-receita_2025-03-27_15-19-16_jpg_2025-03-27_15-19-16.webp.webp?fit=1200%2C633&ssl=1&resize=1050%2C600 3x"},"classes":[]},{"id":82944,"url":"https:\/\/noticiasribeiraopreto.com.br\/index.php\/2026\/03\/04\/receita-apreende-perfumes-e-cigarros-eletronicos-avaliados-em-r-980-mil-em-ribeirao-preto\/","url_meta":{"origin":56461,"position":2},"title":"Receita apreende perfumes e cigarros eletr\u00f4nicos avaliados em R$ 980 mil em Ribeir\u00e3o Preto","author":"noticiasribeiraopreto.com.br","date":"4 de March de 2026","format":false,"excerpt":"A Delegacia da Receita Federal apreendeu cargas de perfumes importados e cigarros eletr\u00f4nicos avaliadas em R$ 980 mil, em Ribeir\u00e3o Preto. A opera\u00e7\u00e3o foi realizada na \u00faltima quarta-feira (25) em uma transportadora da cidade, mas os dados foram divulgados nesta quarta-feira (4). Segundo a Receita, uma das cargas tinha 20\u2026","rel":"","context":"In &quot;Not\u00edcias de Ribeir\u00e3o Preto-SP e Regi\u00e3o&quot;","block_context":{"text":"Not\u00edcias de Ribeir\u00e3o Preto-SP e Regi\u00e3o","link":"https:\/\/noticiasribeiraopreto.com.br\/index.php\/category\/noticias-de-ribeirao-preto-sp-e-regiao-ismael-colosi\/"},"img":{"alt_text":"","src":"https:\/\/i0.wp.com\/noticiasribeiraopreto.com.br\/wp-content\/uploads\/2026\/03\/2026-2-25-DHONE-EZEQUIEL-LUIZ-FERREIRA-Foto-2_2026-03-04_12-24-55.webp.webp?fit=1200%2C893&ssl=1&resize=350%2C200","width":350,"height":200,"srcset":"https:\/\/i0.wp.com\/noticiasribeiraopreto.com.br\/wp-content\/uploads\/2026\/03\/2026-2-25-DHONE-EZEQUIEL-LUIZ-FERREIRA-Foto-2_2026-03-04_12-24-55.webp.webp?fit=1200%2C893&ssl=1&resize=350%2C200 1x, https:\/\/i0.wp.com\/noticiasribeiraopreto.com.br\/wp-content\/uploads\/2026\/03\/2026-2-25-DHONE-EZEQUIEL-LUIZ-FERREIRA-Foto-2_2026-03-04_12-24-55.webp.webp?fit=1200%2C893&ssl=1&resize=525%2C300 1.5x, https:\/\/i0.wp.com\/noticiasribeiraopreto.com.br\/wp-content\/uploads\/2026\/03\/2026-2-25-DHONE-EZEQUIEL-LUIZ-FERREIRA-Foto-2_2026-03-04_12-24-55.webp.webp?fit=1200%2C893&ssl=1&resize=700%2C400 2x, https:\/\/i0.wp.com\/noticiasribeiraopreto.com.br\/wp-content\/uploads\/2026\/03\/2026-2-25-DHONE-EZEQUIEL-LUIZ-FERREIRA-Foto-2_2026-03-04_12-24-55.webp.webp?fit=1200%2C893&ssl=1&resize=1050%2C600 3x"},"classes":[]},{"id":46603,"url":"https:\/\/noticiasribeiraopreto.com.br\/index.php\/2024\/04\/12\/varas-de-pesca-avaliadas-em-r-250-mil-sao-apreendidas-em-ribeirao-preto\/","url_meta":{"origin":56461,"position":3},"title":"Varas de pesca avaliadas em R$ 250 mil s\u00e3o apreendidas em Ribeir\u00e3o Preto","author":"noticiasribeiraopreto.com.br","date":"12 de April de 2024","format":false,"excerpt":"Durante opera\u00e7\u00e3o de rotina realizada pela Receita Federal de Ribeir\u00e3o Preto em transportadoras da cidade foram apreendidas varas de pesca e acess\u00f3rios importados avaliados em R$ 250 mil. Segundo informa\u00e7\u00f5es da Receita, os objetos apreendidos estavam com falsa declara\u00e7\u00e3o de conte\u00fado, constando cosm\u00e9ticos na descri\u00e7\u00e3o da nota fiscal ao inv\u00e9s\u2026","rel":"","context":"In &quot;Not\u00edcias de Ribeir\u00e3o Preto-SP e Regi\u00e3o&quot;","block_context":{"text":"Not\u00edcias de Ribeir\u00e3o Preto-SP e Regi\u00e3o","link":"https:\/\/noticiasribeiraopreto.com.br\/index.php\/category\/noticias-de-ribeirao-preto-sp-e-regiao-ismael-colosi\/"},"img":{"alt_text":"","src":"https:\/\/i0.wp.com\/noticiasribeiraopreto.com.br\/wp-content\/uploads\/2024\/04\/Copia-de-Copia-de-TAMANHO-EXATO-PARA-FOTOS-NO-SISTEMA-NOVO-25-1.webp.webp?fit=1200%2C675&ssl=1&resize=350%2C200","width":350,"height":200,"srcset":"https:\/\/i0.wp.com\/noticiasribeiraopreto.com.br\/wp-content\/uploads\/2024\/04\/Copia-de-Copia-de-TAMANHO-EXATO-PARA-FOTOS-NO-SISTEMA-NOVO-25-1.webp.webp?fit=1200%2C675&ssl=1&resize=350%2C200 1x, https:\/\/i0.wp.com\/noticiasribeiraopreto.com.br\/wp-content\/uploads\/2024\/04\/Copia-de-Copia-de-TAMANHO-EXATO-PARA-FOTOS-NO-SISTEMA-NOVO-25-1.webp.webp?fit=1200%2C675&ssl=1&resize=525%2C300 1.5x, https:\/\/i0.wp.com\/noticiasribeiraopreto.com.br\/wp-content\/uploads\/2024\/04\/Copia-de-Copia-de-TAMANHO-EXATO-PARA-FOTOS-NO-SISTEMA-NOVO-25-1.webp.webp?fit=1200%2C675&ssl=1&resize=700%2C400 2x, https:\/\/i0.wp.com\/noticiasribeiraopreto.com.br\/wp-content\/uploads\/2024\/04\/Copia-de-Copia-de-TAMANHO-EXATO-PARA-FOTOS-NO-SISTEMA-NOVO-25-1.webp.webp?fit=1200%2C675&ssl=1&resize=1050%2C600 3x"},"classes":[]},{"id":80406,"url":"https:\/\/noticiasribeiraopreto.com.br\/index.php\/2025\/12\/03\/contrabandista-e-preso-na-regiao\/","url_meta":{"origin":56461,"position":4},"title":"Contrabandista \u00e9 preso na regi\u00e3o","author":"noticiasribeiraopreto.com.br","date":"3 de December de 2025","format":false,"excerpt":"\r \r \r Caminh\u00e3o transportava de forma oculta 200 mil ma\u00e7os de cigarro, carga avaliada em R$ 1,3 milh\u00e3o\r \r 2 de dezembro de 2025 11:36 \r Compartilhar2 \r Por: Adalberto Luque O motorista de um caminh\u00e3o foi preso, no final da tarde desta segunda-feira (1\u00ba) por contrabando. Ele transportava\u2026","rel":"","context":"In &quot;Not\u00edcias de Ribeir\u00e3o Preto-SP e Regi\u00e3o&quot;","block_context":{"text":"Not\u00edcias de Ribeir\u00e3o Preto-SP e Regi\u00e3o","link":"https:\/\/noticiasribeiraopreto.com.br\/index.php\/category\/noticias-de-ribeirao-preto-sp-e-regiao-ismael-colosi\/"},"img":{"alt_text":"","src":"https:\/\/i0.wp.com\/noticiasribeiraopreto.com.br\/wp-content\/uploads\/2025\/12\/02-dez-2025-cigarrospradopoli2-scaled.jpg?fit=1200%2C602&ssl=1&resize=350%2C200","width":350,"height":200,"srcset":"https:\/\/i0.wp.com\/noticiasribeiraopreto.com.br\/wp-content\/uploads\/2025\/12\/02-dez-2025-cigarrospradopoli2-scaled.jpg?fit=1200%2C602&ssl=1&resize=350%2C200 1x, https:\/\/i0.wp.com\/noticiasribeiraopreto.com.br\/wp-content\/uploads\/2025\/12\/02-dez-2025-cigarrospradopoli2-scaled.jpg?fit=1200%2C602&ssl=1&resize=525%2C300 1.5x, https:\/\/i0.wp.com\/noticiasribeiraopreto.com.br\/wp-content\/uploads\/2025\/12\/02-dez-2025-cigarrospradopoli2-scaled.jpg?fit=1200%2C602&ssl=1&resize=700%2C400 2x, https:\/\/i0.wp.com\/noticiasribeiraopreto.com.br\/wp-content\/uploads\/2025\/12\/02-dez-2025-cigarrospradopoli2-scaled.jpg?fit=1200%2C602&ssl=1&resize=1050%2C600 3x"},"classes":[]},{"id":62996,"url":"https:\/\/noticiasribeiraopreto.com.br\/index.php\/2025\/01\/30\/eletronicos-bebidas-e-drogas-receita-federal-aprende-r-500-mil-em-mercadorias-em-ribeirao\/","url_meta":{"origin":56461,"position":5},"title":"Eletr\u00f4nicos, bebidas e drogas: Receita Federal aprende R$ 500 mil em mercadorias em Ribeir\u00e3o","author":"noticiasribeiraopreto.com.br","date":"30 de January de 2025","format":false,"excerpt":"A Receita Federal apreendeu cerca de R$ 500 mil entre eletr\u00f4nicos, bebidas e drogas, durante uma opera\u00e7\u00e3o no Centro de Tratamento de Cartas e Encomendas dos Correios de Ribeir\u00e3o Preto, realizada na quarta-feira (29). De acordo com a Receita, os c\u00e3es do canil do 11\u00ba do BAEP (Batalh\u00e3o de A\u00e7\u00f5es\u2026","rel":"","context":"In &quot;Not\u00edcias de Ribeir\u00e3o Preto-SP e Regi\u00e3o&quot;","block_context":{"text":"Not\u00edcias de Ribeir\u00e3o Preto-SP e Regi\u00e3o","link":"https:\/\/noticiasribeiraopreto.com.br\/index.php\/category\/noticias-de-ribeirao-preto-sp-e-regiao-ismael-colosi\/"},"img":{"alt_text":"","src":"https:\/\/i0.wp.com\/noticiasribeiraopreto.com.br\/wp-content\/uploads\/2025\/01\/2025-1-29-Foto-Placas_2025-01-30_15-39-50_jpeg_2025-01-30_15-39-51.webp.webp?fit=1200%2C900&ssl=1&resize=350%2C200","width":350,"height":200,"srcset":"https:\/\/i0.wp.com\/noticiasribeiraopreto.com.br\/wp-content\/uploads\/2025\/01\/2025-1-29-Foto-Placas_2025-01-30_15-39-50_jpeg_2025-01-30_15-39-51.webp.webp?fit=1200%2C900&ssl=1&resize=350%2C200 1x, https:\/\/i0.wp.com\/noticiasribeiraopreto.com.br\/wp-content\/uploads\/2025\/01\/2025-1-29-Foto-Placas_2025-01-30_15-39-50_jpeg_2025-01-30_15-39-51.webp.webp?fit=1200%2C900&ssl=1&resize=525%2C300 1.5x, https:\/\/i0.wp.com\/noticiasribeiraopreto.com.br\/wp-content\/uploads\/2025\/01\/2025-1-29-Foto-Placas_2025-01-30_15-39-50_jpeg_2025-01-30_15-39-51.webp.webp?fit=1200%2C900&ssl=1&resize=700%2C400 2x, https:\/\/i0.wp.com\/noticiasribeiraopreto.com.br\/wp-content\/uploads\/2025\/01\/2025-1-29-Foto-Placas_2025-01-30_15-39-50_jpeg_2025-01-30_15-39-51.webp.webp?fit=1200%2C900&ssl=1&resize=1050%2C600 3x"},"classes":[]}],"jetpack_sharing_enabled":true,"jetpack_shortlink":"https:\/\/wp.me\/peQAOb-eGF","_links":{"self":[{"href":"https:\/\/noticiasribeiraopreto.com.br\/index.php\/wp-json\/wp\/v2\/posts\/56461","targetHints":{"allow":["GET"]}}],"collection":[{"href":"https:\/\/noticiasribeiraopreto.com.br\/index.php\/wp-json\/wp\/v2\/posts"}],"about":[{"href":"https:\/\/noticiasribeiraopreto.com.br\/index.php\/wp-json\/wp\/v2\/types\/post"}],"author":[{"embeddable":true,"href":"https:\/\/noticiasribeiraopreto.com.br\/index.php\/wp-json\/wp\/v2\/users\/1"}],"replies":[{"embeddable":true,"href":"https:\/\/noticiasribeiraopreto.com.br\/index.php\/wp-json\/wp\/v2\/comments?post=56461"}],"version-history":[{"count":0,"href":"https:\/\/noticiasribeiraopreto.com.br\/index.php\/wp-json\/wp\/v2\/posts\/56461\/revisions"}],"wp:featuredmedia":[{"embeddable":true,"href":"https:\/\/noticiasribeiraopreto.com.br\/index.php\/wp-json\/wp\/v2\/media\/56462"}],"wp:attachment":[{"href":"https:\/\/noticiasribeiraopreto.com.br\/index.php\/wp-json\/wp\/v2\/media?parent=56461"}],"wp:term":[{"taxonomy":"category","embeddable":true,"href":"https:\/\/noticiasribeiraopreto.com.br\/index.php\/wp-json\/wp\/v2\/categories?post=56461"},{"taxonomy":"post_tag","embeddable":true,"href":"https:\/\/noticiasribeiraopreto.com.br\/index.php\/wp-json\/wp\/v2\/tags?post=56461"}],"curies":[{"name":"wp","href":"https:\/\/api.w.org\/{rel}","templated":true}]}}