{"id":56463,"date":"2024-08-14T08:09:34","date_gmt":"2024-08-14T11:09:34","guid":{"rendered":"https:\/\/noticiasribeiraopreto.com.br\/index.php\/2024\/08\/14\/ingressos-para-o-classico-come-fogo-em-ribeirao-preto-ainda-estao-disponiveis-2\/"},"modified":"2024-08-14T08:09:34","modified_gmt":"2024-08-14T11:09:34","slug":"ingressos-para-o-classico-come-fogo-em-ribeirao-preto-ainda-estao-disponiveis-2","status":"publish","type":"post","link":"https:\/\/noticiasribeiraopreto.com.br\/index.php\/2024\/08\/14\/ingressos-para-o-classico-come-fogo-em-ribeirao-preto-ainda-estao-disponiveis-2\/","title":{"rendered":"Ingressos para o Cl\u00e1ssico Come-Fogo em Ribeir\u00e3o Preto Ainda Est\u00e3o Dispon\u00edveis \u2013 Folha de Ribeir\u00e3o"},"content":{"rendered":"<div class='code-block code-block-1' style='margin: 8px 0 8px auto; text-align: right; display: block; clear: both;'>\n<p><a href=\"https:\/\/wa.link\/vpicfd\"><img data-recalc-dims=\"1\" class=\"wp-image-4922\" style=\"aspect-ratio: 2.0253164556962027; width: 561px; height: auto;\" src=\"https:\/\/i0.wp.com\/ismaelcolosi.com.br\/wp-content\/uploads\/2023\/11\/grupo-de-empregos-whatsapp-e-facebook-ismael-colosi-vagas.jpg?ssl=1\" alt=\"\" \/><\/a><\/p>\n<!-- \/wp:image -->\n<\/div>\n<p> <br \/>\n<\/p>\n<div>\n<p><strong>Ribeir\u00e3o Preto, SP<\/strong>\u00a0\u2013 Os torcedores que ainda n\u00e3o garantiram seus ingressos para o cl\u00e1ssico Come-Fogo t\u00eam uma \u00faltima chance de assistir ao confronto entre Botafogo-SP e Comercial-SP. A partida, que promete ser emocionante, ser\u00e1 realizada no pr\u00f3ximo domingo no Est\u00e1dio Santa Cruz.<\/p>\n<p>Os ingressos est\u00e3o dispon\u00edveis para compra online e nos pontos de venda autorizados. A expectativa \u00e9 de casa cheia, com ambas as torcidas ansiosas para apoiar seus times em um dos jogos mais tradicionais da regi\u00e3o. \u201cEstamos preparados para receber um grande p\u00fablico e garantir a seguran\u00e7a de todos os presentes\u201d, afirmou um representante do Botafogo-SP.<\/p>\n<p>Al\u00e9m da rivalidade hist\u00f3rica, o jogo deste ano ganha um tempero especial, pois ambas as equipes est\u00e3o em boa fase no campeonato. \u201c\u00c9 sempre um jogo muito esperado. A rivalidade \u00e9 grande e a emo\u00e7\u00e3o est\u00e1 garantida\u201d, comentou um torcedor do Comercial-SP.<\/p>\n<p>Os organizadores do evento refor\u00e7am a import\u00e2ncia de adquirir os ingressos com anteced\u00eancia para evitar filas e garantir um lugar no est\u00e1dio. \u201cQueremos que todos possam aproveitar o espet\u00e1culo com tranquilidade\u201d, destacou um dos respons\u00e1veis pela venda de ingressos.<\/p>\n<p>Para mais informa\u00e7\u00f5es sobre os pontos de venda e a compra online, os torcedores podem acessar o site oficial do Botafogo-SP ou do Comercial-SP. N\u00e3o perca a oportunidade de vivenciar a emo\u00e7\u00e3o do cl\u00e1ssico Come-Fogo!<\/p>\n<\/p><\/div>\n<p><br \/>\n<br \/><a href=\"https:\/\/folhaderibeirao.com.br\/2024\/08\/12\/ingressos-para-o-classico-come-fogo-em-ribeirao-preto-ainda-estao-disponiveis\/\">Source link <\/a><\/p>\n<!-- CONTENT END 1 -->\n","protected":false},"excerpt":{"rendered":"<p>Ribeir\u00e3o Preto, SP\u00a0\u2013 Os torcedores que ainda n\u00e3o garantiram seus ingressos para o cl\u00e1ssico Come-Fogo t\u00eam uma \u00faltima chance de assistir ao confronto entre Botafogo-SP&#8230;<\/p>\n","protected":false},"author":1,"featured_media":56464,"comment_status":"open","ping_status":"open","sticky":false,"template":"","format":"standard","meta":{"advanced_seo_description":"","jetpack_seo_html_title":"","jetpack_seo_noindex":false,"jetpack_post_was_ever_published":false,"_jetpack_newsletter_access":"","_jetpack_dont_email_post_to_subs":false,"_jetpack_newsletter_tier_id":0,"_jetpack_memberships_contains_paywalled_content":false,"_jetpack_memberships_contains_paid_content":false,"footnotes":"","jetpack_publicize_message":"","jetpack_publicize_feature_enabled":true,"jetpack_social_post_already_shared":true,"jetpack_social_options":{"image_generator_settings":{"template":"highway","default_image_id":0,"font":"","enabled":false},"version":2}},"categories":[11],"tags":[368,5905,2834,371,1450,753,370,71,27,26],"class_list":["post-56463","post","type-post","status-publish","format-standard","has-post-thumbnail","hentry","category-noticias-de-ribeirao-preto-sp-e-regiao-ismael-colosi","tag-ainda","tag-classico","tag-comefogo","tag-disponiveis","tag-estao","tag-folha","tag-ingressos","tag-para","tag-preto","tag-ribeirao"],"jetpack_publicize_connections":[],"jetpack_featured_media_url":"https:\/\/i0.wp.com\/noticiasribeiraopreto.com.br\/wp-content\/uploads\/2024\/08\/dd75c6b752abbaa360f7b00499f56b55.jpg?fit=568%2C454&ssl=1","jetpack-related-posts":[{"id":56214,"url":"https:\/\/noticiasribeiraopreto.com.br\/index.php\/2024\/08\/11\/ingressos-para-o-classico-come-fogo-em-ribeirao-preto-ainda-estao-disponiveis\/","url_meta":{"origin":56463,"position":0},"title":"Ingressos para o cl\u00e1ssico Come-Fogo em Ribeir\u00e3o Preto ainda est\u00e3o dispon\u00edveis","author":"noticiasribeiraopreto.com.br","date":"11 de August de 2024","format":false,"excerpt":"Os torcedores do Comercial ainda podem adquirir os ingressos para o cl\u00e1ssico Come-Fogo, que acontece nesta segunda-feira (12). O jogo pela 9\u00aa rodada da Copa Paulista est\u00e1 marcado para \u00e0s 20h, no est\u00e1dio Palma Travassos, na zona Leste de Ribeir\u00e3o Preto. Por determina\u00e7\u00e3o da Federa\u00e7\u00e3o Paulista de Futebol (FPF), ap\u00f3s\u2026","rel":"","context":"In &quot;Not\u00edcias de Ribeir\u00e3o Preto-SP e Regi\u00e3o&quot;","block_context":{"text":"Not\u00edcias de Ribeir\u00e3o Preto-SP e Regi\u00e3o","link":"https:\/\/noticiasribeiraopreto.com.br\/index.php\/category\/noticias-de-ribeirao-preto-sp-e-regiao-ismael-colosi\/"},"img":{"alt_text":"","src":"https:\/\/i0.wp.com\/noticiasribeiraopreto.com.br\/wp-content\/uploads\/2024\/08\/comefogo_2024-07-09_23-49-06_jpeg_2024-07-09_23-49-06.webp.webp?fit=1200%2C915&ssl=1&resize=350%2C200","width":350,"height":200,"srcset":"https:\/\/i0.wp.com\/noticiasribeiraopreto.com.br\/wp-content\/uploads\/2024\/08\/comefogo_2024-07-09_23-49-06_jpeg_2024-07-09_23-49-06.webp.webp?fit=1200%2C915&ssl=1&resize=350%2C200 1x, https:\/\/i0.wp.com\/noticiasribeiraopreto.com.br\/wp-content\/uploads\/2024\/08\/comefogo_2024-07-09_23-49-06_jpeg_2024-07-09_23-49-06.webp.webp?fit=1200%2C915&ssl=1&resize=525%2C300 1.5x, https:\/\/i0.wp.com\/noticiasribeiraopreto.com.br\/wp-content\/uploads\/2024\/08\/comefogo_2024-07-09_23-49-06_jpeg_2024-07-09_23-49-06.webp.webp?fit=1200%2C915&ssl=1&resize=700%2C400 2x, https:\/\/i0.wp.com\/noticiasribeiraopreto.com.br\/wp-content\/uploads\/2024\/08\/comefogo_2024-07-09_23-49-06_jpeg_2024-07-09_23-49-06.webp.webp?fit=1200%2C915&ssl=1&resize=1050%2C600 3x"},"classes":[]},{"id":54315,"url":"https:\/\/noticiasribeiraopreto.com.br\/index.php\/2024\/07\/08\/saiba-como-comprar-ingressos-para-o-classico-come-fogo-em-ribeirao-preto\/","url_meta":{"origin":56463,"position":1},"title":"Saiba como comprar ingressos para o cl\u00e1ssico Come-Fogo em Ribeir\u00e3o Preto","author":"noticiasribeiraopreto.com.br","date":"8 de July de 2024","format":false,"excerpt":"Os torcedores do Botafogo podem adquirir os ingressos para o cl\u00e1ssico Come-Fogo, que acontece nesta ter\u00e7a-feira (9), na bilheteria do est\u00e1dio Santa Cruz\/Arena Nicnet, na zona Leste de Ribeir\u00e3o Preto ou de forma on-line (clique aqui). O jogo pela quarta rodada da Copa Paulista est\u00e1 marcado para \u00e0s 19h, no\u2026","rel":"","context":"In &quot;Not\u00edcias de Ribeir\u00e3o Preto-SP e Regi\u00e3o&quot;","block_context":{"text":"Not\u00edcias de Ribeir\u00e3o Preto-SP e Regi\u00e3o","link":"https:\/\/noticiasribeiraopreto.com.br\/index.php\/category\/noticias-de-ribeirao-preto-sp-e-regiao-ismael-colosi\/"},"img":{"alt_text":"","src":"https:\/\/i0.wp.com\/noticiasribeiraopreto.com.br\/wp-content\/uploads\/2024\/07\/come-fogo_2024-07-08_15-21-10.webp.webp?fit=979%2C648&ssl=1&resize=350%2C200","width":350,"height":200,"srcset":"https:\/\/i0.wp.com\/noticiasribeiraopreto.com.br\/wp-content\/uploads\/2024\/07\/come-fogo_2024-07-08_15-21-10.webp.webp?fit=979%2C648&ssl=1&resize=350%2C200 1x, https:\/\/i0.wp.com\/noticiasribeiraopreto.com.br\/wp-content\/uploads\/2024\/07\/come-fogo_2024-07-08_15-21-10.webp.webp?fit=979%2C648&ssl=1&resize=525%2C300 1.5x, https:\/\/i0.wp.com\/noticiasribeiraopreto.com.br\/wp-content\/uploads\/2024\/07\/come-fogo_2024-07-08_15-21-10.webp.webp?fit=979%2C648&ssl=1&resize=700%2C400 2x"},"classes":[]},{"id":73249,"url":"https:\/\/noticiasribeiraopreto.com.br\/index.php\/2025\/06\/27\/ingressos-para-o-classico-come-fogo-ja-estao-a-venda-veja-os-precos\/","url_meta":{"origin":56463,"position":2},"title":"Ingressos para o cl\u00e1ssico Come-Fogo j\u00e1 est\u00e3o \u00e0 venda; veja os pre\u00e7os","author":"noticiasribeiraopreto.com.br","date":"27 de June de 2025","format":false,"excerpt":"O Comercial come\u00e7ou a vender os ingressos para o cl\u00e1ssico Come-Fogo, que acontece na pr\u00f3xima quarta-feira (2), \u00e0s 19h, no Est\u00e1dio Palma Travassos, em Ribeir\u00e3o Preto. A partida ser\u00e1 realizada com torcida \u00fanica, apenas para os torcedores do Le\u00e3o. Os bilhetes est\u00e3o dispon\u00edveis em dois pontos: na loja \u201cGarra do\u2026","rel":"","context":"In &quot;Not\u00edcias de Ribeir\u00e3o Preto-SP e Regi\u00e3o&quot;","block_context":{"text":"Not\u00edcias de Ribeir\u00e3o Preto-SP e Regi\u00e3o","link":"https:\/\/noticiasribeiraopreto.com.br\/index.php\/category\/noticias-de-ribeirao-preto-sp-e-regiao-ismael-colosi\/"},"img":{"alt_text":"","src":"https:\/\/i0.wp.com\/noticiasribeiraopreto.com.br\/wp-content\/uploads\/2025\/06\/Copia-de-Copia-de-Copia-de-TAMANHO-EXATO-PARA-FOTOS-NO-SISTEMA-NOVO-2024-12-23T124251.755_2024-12-23_15-42-58_png_2024-12-23_15-42-58.webp.webp?fit=1200%2C675&ssl=1&resize=350%2C200","width":350,"height":200,"srcset":"https:\/\/i0.wp.com\/noticiasribeiraopreto.com.br\/wp-content\/uploads\/2025\/06\/Copia-de-Copia-de-Copia-de-TAMANHO-EXATO-PARA-FOTOS-NO-SISTEMA-NOVO-2024-12-23T124251.755_2024-12-23_15-42-58_png_2024-12-23_15-42-58.webp.webp?fit=1200%2C675&ssl=1&resize=350%2C200 1x, https:\/\/i0.wp.com\/noticiasribeiraopreto.com.br\/wp-content\/uploads\/2025\/06\/Copia-de-Copia-de-Copia-de-TAMANHO-EXATO-PARA-FOTOS-NO-SISTEMA-NOVO-2024-12-23T124251.755_2024-12-23_15-42-58_png_2024-12-23_15-42-58.webp.webp?fit=1200%2C675&ssl=1&resize=525%2C300 1.5x, https:\/\/i0.wp.com\/noticiasribeiraopreto.com.br\/wp-content\/uploads\/2025\/06\/Copia-de-Copia-de-Copia-de-TAMANHO-EXATO-PARA-FOTOS-NO-SISTEMA-NOVO-2024-12-23T124251.755_2024-12-23_15-42-58_png_2024-12-23_15-42-58.webp.webp?fit=1200%2C675&ssl=1&resize=700%2C400 2x, https:\/\/i0.wp.com\/noticiasribeiraopreto.com.br\/wp-content\/uploads\/2025\/06\/Copia-de-Copia-de-Copia-de-TAMANHO-EXATO-PARA-FOTOS-NO-SISTEMA-NOVO-2024-12-23T124251.755_2024-12-23_15-42-58_png_2024-12-23_15-42-58.webp.webp?fit=1200%2C675&ssl=1&resize=1050%2C600 3x"},"classes":[]},{"id":25029,"url":"https:\/\/noticiasribeiraopreto.com.br\/index.php\/2024\/01\/05\/ingressos-para-o-show-de-ney-matogrosso-ainda-estao-disponiveis-em-ribeirao-veja-como-comprar\/","url_meta":{"origin":56463,"position":3},"title":"Ingressos para o show de Ney Matogrosso ainda est\u00e3o dispon\u00edveis em Ribeir\u00e3o; Veja como comprar","author":"noticiasribeiraopreto.com.br","date":"5 de January de 2024","format":false,"excerpt":"O cantor Ney Matogrosso se apresenta em Ribeir\u00e3o Preto, no dia 23 de mar\u00e7o, no Centro de Eventos do Ribeir\u00e3o Shopping, \u00e0s 21h, com o seu show \u201cBloco na Rua\u201d. Com mais de 50 anos de carreira, Ney foi um dos integrantes da banda Secos & Molhados, um dos maiores\u2026","rel":"","context":"In &quot;Not\u00edcias de Ribeir\u00e3o Preto-SP e Regi\u00e3o&quot;","block_context":{"text":"Not\u00edcias de Ribeir\u00e3o Preto-SP e Regi\u00e3o","link":"https:\/\/noticiasribeiraopreto.com.br\/index.php\/category\/noticias-de-ribeirao-preto-sp-e-regiao-ismael-colosi\/"},"img":{"alt_text":"","src":"https:\/\/i0.wp.com\/noticiasribeiraopreto.com.br\/wp-content\/uploads\/2024\/01\/ney_matogrosso_1200x675_06052022174706.jpg?fit=1200%2C675&ssl=1&resize=350%2C200","width":350,"height":200,"srcset":"https:\/\/i0.wp.com\/noticiasribeiraopreto.com.br\/wp-content\/uploads\/2024\/01\/ney_matogrosso_1200x675_06052022174706.jpg?fit=1200%2C675&ssl=1&resize=350%2C200 1x, https:\/\/i0.wp.com\/noticiasribeiraopreto.com.br\/wp-content\/uploads\/2024\/01\/ney_matogrosso_1200x675_06052022174706.jpg?fit=1200%2C675&ssl=1&resize=525%2C300 1.5x, https:\/\/i0.wp.com\/noticiasribeiraopreto.com.br\/wp-content\/uploads\/2024\/01\/ney_matogrosso_1200x675_06052022174706.jpg?fit=1200%2C675&ssl=1&resize=700%2C400 2x, https:\/\/i0.wp.com\/noticiasribeiraopreto.com.br\/wp-content\/uploads\/2024\/01\/ney_matogrosso_1200x675_06052022174706.jpg?fit=1200%2C675&ssl=1&resize=1050%2C600 3x"},"classes":[]},{"id":73203,"url":"https:\/\/noticiasribeiraopreto.com.br\/index.php\/2025\/06\/26\/comercial-confirma-torcida-unica-no-classico-contra-o-botafogo-pela-copa-paulista\/","url_meta":{"origin":56463,"position":4},"title":"Comercial confirma torcida \u00fanica no cl\u00e1ssico contra o Botafogo pela Copa Paulista","author":"noticiasribeiraopreto.com.br","date":"26 de June de 2025","format":false,"excerpt":"O Comercial Futebol Clube anunciou, na tarde desta quinta-feira (26), que realizar\u00e1 o cl\u00e1ssico Come-Fogo com torcida \u00fanica no dia 2 de julho, no est\u00e1dio Palma Travassos, em Ribeir\u00e3o Preto.A partida ter\u00e1 acesso exclusivo aos torcedores do Bafo, mandante do confronto. A medida cumpre a Portaria FPF n\u00ba 80\/24, de\u2026","rel":"","context":"In &quot;Not\u00edcias de Ribeir\u00e3o Preto-SP e Regi\u00e3o&quot;","block_context":{"text":"Not\u00edcias de Ribeir\u00e3o Preto-SP e Regi\u00e3o","link":"https:\/\/noticiasribeiraopreto.com.br\/index.php\/category\/noticias-de-ribeirao-preto-sp-e-regiao-ismael-colosi\/"},"img":{"alt_text":"","src":"https:\/\/i0.wp.com\/noticiasribeiraopreto.com.br\/wp-content\/uploads\/2025\/06\/Copia-de-Copia-de-TAMANHO-EXATO-PARA-FOTOS-NO-SISTEMA-NOVO-61.jpg?fit=1200%2C675&ssl=1&resize=350%2C200","width":350,"height":200,"srcset":"https:\/\/i0.wp.com\/noticiasribeiraopreto.com.br\/wp-content\/uploads\/2025\/06\/Copia-de-Copia-de-TAMANHO-EXATO-PARA-FOTOS-NO-SISTEMA-NOVO-61.jpg?fit=1200%2C675&ssl=1&resize=350%2C200 1x, https:\/\/i0.wp.com\/noticiasribeiraopreto.com.br\/wp-content\/uploads\/2025\/06\/Copia-de-Copia-de-TAMANHO-EXATO-PARA-FOTOS-NO-SISTEMA-NOVO-61.jpg?fit=1200%2C675&ssl=1&resize=525%2C300 1.5x, https:\/\/i0.wp.com\/noticiasribeiraopreto.com.br\/wp-content\/uploads\/2025\/06\/Copia-de-Copia-de-TAMANHO-EXATO-PARA-FOTOS-NO-SISTEMA-NOVO-61.jpg?fit=1200%2C675&ssl=1&resize=700%2C400 2x, https:\/\/i0.wp.com\/noticiasribeiraopreto.com.br\/wp-content\/uploads\/2025\/06\/Copia-de-Copia-de-TAMANHO-EXATO-PARA-FOTOS-NO-SISTEMA-NOVO-61.jpg?fit=1200%2C675&ssl=1&resize=1050%2C600 3x"},"classes":[]},{"id":79347,"url":"https:\/\/noticiasribeiraopreto.com.br\/index.php\/2025\/10\/29\/edson-e-hudson-fazem-show-em-ribeirao-preto-neste-sabado-ainda-ha-ingressos-disponiveis\/","url_meta":{"origin":56463,"position":5},"title":"Edson e Hudson fazem show em Ribeir\u00e3o Preto neste s\u00e1bado; ainda h\u00e1 ingressos dispon\u00edveis","author":"noticiasribeiraopreto.com.br","date":"29 de October de 2025","format":false,"excerpt":"A dupla Edson & Hudson se apresenta neste s\u00e1bado, 1\u00ba de novembro, no Multiplan Hall, em Ribeir\u00e3o Preto. O show come\u00e7a \u00e0s 19h30, com abertura da dupla Roby & Roger. Edson & Hudson incluem no repert\u00f3rio cl\u00e1ssicos como \u201cAzul\u201d, \u201cDeixa Eu Te Amar\u201d, \u201cGalera Cora\u00e7\u00e3o\u201d e \u201cFoi Deus\u201d, al\u00e9m de\u2026","rel":"","context":"In &quot;Not\u00edcias de Ribeir\u00e3o Preto-SP e Regi\u00e3o&quot;","block_context":{"text":"Not\u00edcias de Ribeir\u00e3o Preto-SP e Regi\u00e3o","link":"https:\/\/noticiasribeiraopreto.com.br\/index.php\/category\/noticias-de-ribeirao-preto-sp-e-regiao-ismael-colosi\/"},"img":{"alt_text":"","src":"https:\/\/i0.wp.com\/noticiasribeiraopreto.com.br\/wp-content\/uploads\/2025\/10\/voguing-10_2025-10-29_22-29-10.webp.webp?fit=1200%2C675&ssl=1&resize=350%2C200","width":350,"height":200,"srcset":"https:\/\/i0.wp.com\/noticiasribeiraopreto.com.br\/wp-content\/uploads\/2025\/10\/voguing-10_2025-10-29_22-29-10.webp.webp?fit=1200%2C675&ssl=1&resize=350%2C200 1x, https:\/\/i0.wp.com\/noticiasribeiraopreto.com.br\/wp-content\/uploads\/2025\/10\/voguing-10_2025-10-29_22-29-10.webp.webp?fit=1200%2C675&ssl=1&resize=525%2C300 1.5x, https:\/\/i0.wp.com\/noticiasribeiraopreto.com.br\/wp-content\/uploads\/2025\/10\/voguing-10_2025-10-29_22-29-10.webp.webp?fit=1200%2C675&ssl=1&resize=700%2C400 2x, https:\/\/i0.wp.com\/noticiasribeiraopreto.com.br\/wp-content\/uploads\/2025\/10\/voguing-10_2025-10-29_22-29-10.webp.webp?fit=1200%2C675&ssl=1&resize=1050%2C600 3x"},"classes":[]}],"jetpack_sharing_enabled":true,"jetpack_shortlink":"https:\/\/wp.me\/peQAOb-eGH","_links":{"self":[{"href":"https:\/\/noticiasribeiraopreto.com.br\/index.php\/wp-json\/wp\/v2\/posts\/56463","targetHints":{"allow":["GET"]}}],"collection":[{"href":"https:\/\/noticiasribeiraopreto.com.br\/index.php\/wp-json\/wp\/v2\/posts"}],"about":[{"href":"https:\/\/noticiasribeiraopreto.com.br\/index.php\/wp-json\/wp\/v2\/types\/post"}],"author":[{"embeddable":true,"href":"https:\/\/noticiasribeiraopreto.com.br\/index.php\/wp-json\/wp\/v2\/users\/1"}],"replies":[{"embeddable":true,"href":"https:\/\/noticiasribeiraopreto.com.br\/index.php\/wp-json\/wp\/v2\/comments?post=56463"}],"version-history":[{"count":0,"href":"https:\/\/noticiasribeiraopreto.com.br\/index.php\/wp-json\/wp\/v2\/posts\/56463\/revisions"}],"wp:featuredmedia":[{"embeddable":true,"href":"https:\/\/noticiasribeiraopreto.com.br\/index.php\/wp-json\/wp\/v2\/media\/56464"}],"wp:attachment":[{"href":"https:\/\/noticiasribeiraopreto.com.br\/index.php\/wp-json\/wp\/v2\/media?parent=56463"}],"wp:term":[{"taxonomy":"category","embeddable":true,"href":"https:\/\/noticiasribeiraopreto.com.br\/index.php\/wp-json\/wp\/v2\/categories?post=56463"},{"taxonomy":"post_tag","embeddable":true,"href":"https:\/\/noticiasribeiraopreto.com.br\/index.php\/wp-json\/wp\/v2\/tags?post=56463"}],"curies":[{"name":"wp","href":"https:\/\/api.w.org\/{rel}","templated":true}]}}