{"id":56499,"date":"2024-08-14T10:51:09","date_gmt":"2024-08-14T13:51:09","guid":{"rendered":"https:\/\/noticiasribeiraopreto.com.br\/index.php\/2024\/08\/14\/com-alerta-do-inmet-temperaturas-aumentam-no-interior-de-sp-veja-as-cidades\/"},"modified":"2024-08-14T10:51:09","modified_gmt":"2024-08-14T13:51:09","slug":"com-alerta-do-inmet-temperaturas-aumentam-no-interior-de-sp-veja-as-cidades","status":"publish","type":"post","link":"https:\/\/noticiasribeiraopreto.com.br\/index.php\/2024\/08\/14\/com-alerta-do-inmet-temperaturas-aumentam-no-interior-de-sp-veja-as-cidades\/","title":{"rendered":"Com alerta do Inmet, temperaturas aumentam no interior de SP; Veja as cidades"},"content":{"rendered":"<p> <br \/>\n<\/p>\n<div data-td-block-uid=\"tdi_106\">\n<div class=\"tdb-block-inner td-fix-index\">\n<p>O calor deve voltar a partir desta quarta-feira (14), com os term\u00f4metros chegando aos 29\u00b0C. Al\u00e9m disso, o <strong><a href=\"https:\/\/alertas2.inmet.gov.br\/48190\" target=\"_blank\" rel=\"noreferrer noopener nofollow\">Inmet (Instituto Nacional de Meteorologia) <\/a><\/strong>publicou um alerta de perigo para baixa umidade no <strong>interior de S\u00e3o Paulo.<\/strong> <mark style=\"background-color:#fcb900\" class=\"has-inline-color has-black-color\">O aviso deve durar entre 12h e 17h.<\/mark><\/p>\n<p>Segundo o aviso, a umidade relativa do ar deve ficar entre 12% e 20%, com risco de inc\u00eandios florestais e riscos \u00e0 sa\u00fade, como ressecamento da pele, desconforto nos olhos, na boca e no nariz.<\/p>\n<p>O aviso \u00e9 v\u00e1lido para:<\/p>\n<ul>\n<li><strong>Ribeir\u00e3o Preto<\/strong>, <strong>Presidente Prudente<\/strong>, <strong>S\u00e3o Jos\u00e9 do Rio Preto<\/strong>, <strong>Campinas<\/strong>, <strong>Ara\u00e7atuba<\/strong>, <strong>Mar\u00edlia<\/strong>, <strong>Bauru<\/strong> e <strong>Araraquara<\/strong>.<\/li>\n<\/ul>\n<h4 class=\"wp-block-heading\"><strong>Previs\u00e3o do tempo<\/strong><\/h4>\n<p>Segundo a <strong><a href=\"https:\/\/www.climatempo.com.br\/previsao-do-tempo\/15-dias\/cidade\/530\/ribeiraopreto-sp\" target=\"_blank\" rel=\"noreferrer noopener nofollow\">Climatempo<\/a><\/strong>, os term\u00f4metros podem chegar aos 29\u00b0C nesta quarta-feira em Ribeir\u00e3o Preto. J\u00e1 na quinta-feira (15), as temperaturas podem variar entre 13\u00b0C e 33\u00b0C.<\/p>\n<p>Na sexta-feira (16), a m\u00ednima prevista \u00e9 de 16\u00b0C, com m\u00e1xima de 34\u00b0C. A previs\u00e3o se repete no s\u00e1bado (17) e deve ficar ainda mais quente no domingo (18), com m\u00e1xima prevista de 35\u00b0C.<\/p>\n<p>SAIBA MAIS<br \/>Saerp alerta para falta d\u2019\u00e1gua em oito bairros de Ribeir\u00e3o Preto; Veja os locais<\/p>\n<h4 class=\"wp-block-heading\"><strong>FIQUE ON<\/strong><\/h4>\n<p>Fique ligado em tudo que acontece em Ribeir\u00e3o Preto e regi\u00e3o. Siga os perfis do\u00a0<strong>acidade on\u00a0<\/strong>no\u00a0<a href=\"https:\/\/www.instagram.com\/acidadeonribeirao\" target=\"_blank\" rel=\"noreferrer noopener\">Instagram<\/a>\u00a0e no\u00a0<a href=\"https:\/\/www.facebook.com\/acidadeonribeirao\" target=\"_blank\" rel=\"noreferrer noopener\">Facebook<\/a>.<\/p>\n<p>Receba not\u00edcias do acidade on no WhatsApp. Para entrar no grupo, basta\u00a0<a href=\"https:\/\/chat.whatsapp.com\/Dtv9mxhy6V5BJBotM2OQ5k\" target=\"_blank\" rel=\"noreferrer noopener\">clicar aqui<\/a>.<\/p>\n<p>Fa\u00e7a uma den\u00fancia ou sugira uma reportagem sobre Ribeir\u00e3o Preto e regi\u00e3o pelo WhatsApp: 16 99117 7802.<\/p>\n<p>VEJA TAMB\u00c9M<br \/>Fih e Edu do \u2018Diva Depress\u00e3o\u2019 terminaram?<\/p>\n<p><!-- CONTENT END 1 -->\n<\/div>\n<\/div>\n<p><script async src=\"\/\/www.instagram.com\/embed.js\"><\/script><br \/>\n<br \/><br \/>\n<br \/><a href=\"https:\/\/www.acidadeon.com\/ribeiraopreto\/cotidiano\/com-alerta-do-inmet-temperaturas-aumentam-no-interior-de-sp-veja-as-cidades\/\">Source link <\/a><\/p>\n","protected":false},"excerpt":{"rendered":"<p>O calor deve voltar a partir desta quarta-feira (14), com os term\u00f4metros chegando aos 29\u00b0C. Al\u00e9m disso, o Inmet (Instituto Nacional de Meteorologia) publicou um&#8230;<\/p>\n","protected":false},"author":1,"featured_media":56500,"comment_status":"open","ping_status":"open","sticky":false,"template":"","format":"standard","meta":{"advanced_seo_description":"","jetpack_seo_html_title":"","jetpack_seo_noindex":false,"jetpack_post_was_ever_published":false,"_jetpack_newsletter_access":"","_jetpack_dont_email_post_to_subs":false,"_jetpack_newsletter_tier_id":0,"_jetpack_memberships_contains_paywalled_content":false,"_jetpack_memberships_contains_paid_content":false,"footnotes":"","jetpack_publicize_message":"","jetpack_publicize_feature_enabled":true,"jetpack_social_post_already_shared":true,"jetpack_social_options":{"image_generator_settings":{"template":"highway","default_image_id":0,"font":"","enabled":false},"version":2}},"categories":[11],"tags":[],"class_list":["post-56499","post","type-post","status-publish","format-standard","has-post-thumbnail","hentry","category-noticias-de-ribeirao-preto-sp-e-regiao-ismael-colosi"],"jetpack_publicize_connections":[],"jetpack_featured_media_url":"https:\/\/i0.wp.com\/noticiasribeiraopreto.com.br\/wp-content\/uploads\/2024\/08\/WhatsApp-Image-2024-02-28-at-08.48.57.jpeg?fit=1600%2C1200&ssl=1","jetpack-related-posts":[{"id":85013,"url":"https:\/\/noticiasribeiraopreto.com.br\/index.php\/2026\/04\/20\/semana-comeca-com-alerta-do-inmet-para-risco-de-baixa-umidade-no-interior-de-sp\/","url_meta":{"origin":56499,"position":0},"title":"Semana come\u00e7a com alerta do Inmet para risco de baixa umidade no interior de SP","author":"noticiasribeiraopreto.com.br","date":"20 de April de 2026","format":false,"excerpt":"Ler o resumo da not\u00edcia O Inmet emitiu alerta para risco de baixa umidade no interior de SP nesta semana. Climatempo indica que ar seco predominar\u00e1 devido a um sistema de alta press\u00e3o em n\u00edveis m\u00e9dios. As cidades afetadas incluem Presidente Prudente, S\u00e3o Jos\u00e9 do Rio Preto, Campinas, Bauru, Piracicaba,\u2026","rel":"","context":"In &quot;Not\u00edcias de Ribeir\u00e3o Preto-SP e Regi\u00e3o&quot;","block_context":{"text":"Not\u00edcias de Ribeir\u00e3o Preto-SP e Regi\u00e3o","link":"https:\/\/noticiasribeiraopreto.com.br\/index.php\/category\/noticias-de-ribeirao-preto-sp-e-regiao-ismael-colosi\/"},"img":{"alt_text":"","src":"https:\/\/i0.wp.com\/noticiasribeiraopreto.com.br\/wp-content\/uploads\/2026\/04\/mapa-sp_2026-04-20_11-27-58.webp.webp?fit=1200%2C875&ssl=1&resize=350%2C200","width":350,"height":200,"srcset":"https:\/\/i0.wp.com\/noticiasribeiraopreto.com.br\/wp-content\/uploads\/2026\/04\/mapa-sp_2026-04-20_11-27-58.webp.webp?fit=1200%2C875&ssl=1&resize=350%2C200 1x, https:\/\/i0.wp.com\/noticiasribeiraopreto.com.br\/wp-content\/uploads\/2026\/04\/mapa-sp_2026-04-20_11-27-58.webp.webp?fit=1200%2C875&ssl=1&resize=525%2C300 1.5x, https:\/\/i0.wp.com\/noticiasribeiraopreto.com.br\/wp-content\/uploads\/2026\/04\/mapa-sp_2026-04-20_11-27-58.webp.webp?fit=1200%2C875&ssl=1&resize=700%2C400 2x, https:\/\/i0.wp.com\/noticiasribeiraopreto.com.br\/wp-content\/uploads\/2026\/04\/mapa-sp_2026-04-20_11-27-58.webp.webp?fit=1200%2C875&ssl=1&resize=1050%2C600 3x"},"classes":[]},{"id":58739,"url":"https:\/\/noticiasribeiraopreto.com.br\/index.php\/2024\/10\/05\/fim-de-semana-comeca-com-alerta-do-inmet-no-interior-de-sp\/","url_meta":{"origin":56499,"position":1},"title":"Fim de semana come\u00e7a com alerta do Inmet no interior de SP","author":"noticiasribeiraopreto.com.br","date":"5 de October de 2024","format":false,"excerpt":"O fim de semana come\u00e7ou com alerta do Inmet (Instituto Nacional de Meteorologia) no interior de S\u00e3o Paulo. Segundo o \u00f3rg\u00e3o, h\u00e1 um aviso de perigo potencial para baixa umidade neste s\u00e1bado (5), v\u00e1lido para o per\u00edodo entre 10h e 21h. O Inmet informa que a umidade do ar deve\u2026","rel":"","context":"In &quot;Not\u00edcias de Ribeir\u00e3o Preto-SP e Regi\u00e3o&quot;","block_context":{"text":"Not\u00edcias de Ribeir\u00e3o Preto-SP e Regi\u00e3o","link":"https:\/\/noticiasribeiraopreto.com.br\/index.php\/category\/noticias-de-ribeirao-preto-sp-e-regiao-ismael-colosi\/"},"img":{"alt_text":"","src":"https:\/\/i0.wp.com\/noticiasribeiraopreto.com.br\/wp-content\/uploads\/2024\/09\/ribeirao-preto_2024-09-30_10-41-38_jpeg_2024-09-30_10-41-38.webp.webp?fit=1200%2C903&ssl=1&resize=350%2C200","width":350,"height":200,"srcset":"https:\/\/i0.wp.com\/noticiasribeiraopreto.com.br\/wp-content\/uploads\/2024\/09\/ribeirao-preto_2024-09-30_10-41-38_jpeg_2024-09-30_10-41-38.webp.webp?fit=1200%2C903&ssl=1&resize=350%2C200 1x, https:\/\/i0.wp.com\/noticiasribeiraopreto.com.br\/wp-content\/uploads\/2024\/09\/ribeirao-preto_2024-09-30_10-41-38_jpeg_2024-09-30_10-41-38.webp.webp?fit=1200%2C903&ssl=1&resize=525%2C300 1.5x, https:\/\/i0.wp.com\/noticiasribeiraopreto.com.br\/wp-content\/uploads\/2024\/09\/ribeirao-preto_2024-09-30_10-41-38_jpeg_2024-09-30_10-41-38.webp.webp?fit=1200%2C903&ssl=1&resize=700%2C400 2x, https:\/\/i0.wp.com\/noticiasribeiraopreto.com.br\/wp-content\/uploads\/2024\/09\/ribeirao-preto_2024-09-30_10-41-38_jpeg_2024-09-30_10-41-38.webp.webp?fit=1200%2C903&ssl=1&resize=1050%2C600 3x"},"classes":[]},{"id":54525,"url":"https:\/\/noticiasribeiraopreto.com.br\/index.php\/2024\/07\/11\/inmet-emite-aviso-de-perigo-potencial-por-baixa-umidade-do-ar-para-cidades-do-interior-de-sp\/","url_meta":{"origin":56499,"position":2},"title":"Inmet emite aviso de perigo potencial por baixa umidade do ar para cidades do interior de SP","author":"noticiasribeiraopreto.com.br","date":"11 de July de 2024","format":false,"excerpt":"O Inmet (Instituto Nacional de Meteorologia) emitiu um novo aviso de perigo potencial por baixa umidade do ar para cidades do interior de S\u00e3o Paulo, entre elas, Ribeir\u00e3o Preto. O alerta \u00e9 v\u00e1lido das 11 \u00e0s 19h desta sexta-feira (12). Com o estado de aten\u00e7\u00e3o, por conta da umidade do\u2026","rel":"","context":"In &quot;Not\u00edcias de Ribeir\u00e3o Preto-SP e Regi\u00e3o&quot;","block_context":{"text":"Not\u00edcias de Ribeir\u00e3o Preto-SP e Regi\u00e3o","link":"https:\/\/noticiasribeiraopreto.com.br\/index.php\/category\/noticias-de-ribeirao-preto-sp-e-regiao-ismael-colosi\/"},"img":{"alt_text":"","src":"https:\/\/i0.wp.com\/noticiasribeiraopreto.com.br\/wp-content\/uploads\/2024\/07\/Copia-de-Copia-de-TAMANHO-EXATO-PARA-FOTOS-NO-SISTEMA-NOVO-6_2024-07-12_00-24-49_jpg_2024-07-12_00-24-49.webp.webp?fit=1200%2C675&ssl=1&resize=350%2C200","width":350,"height":200,"srcset":"https:\/\/i0.wp.com\/noticiasribeiraopreto.com.br\/wp-content\/uploads\/2024\/07\/Copia-de-Copia-de-TAMANHO-EXATO-PARA-FOTOS-NO-SISTEMA-NOVO-6_2024-07-12_00-24-49_jpg_2024-07-12_00-24-49.webp.webp?fit=1200%2C675&ssl=1&resize=350%2C200 1x, https:\/\/i0.wp.com\/noticiasribeiraopreto.com.br\/wp-content\/uploads\/2024\/07\/Copia-de-Copia-de-TAMANHO-EXATO-PARA-FOTOS-NO-SISTEMA-NOVO-6_2024-07-12_00-24-49_jpg_2024-07-12_00-24-49.webp.webp?fit=1200%2C675&ssl=1&resize=525%2C300 1.5x, https:\/\/i0.wp.com\/noticiasribeiraopreto.com.br\/wp-content\/uploads\/2024\/07\/Copia-de-Copia-de-TAMANHO-EXATO-PARA-FOTOS-NO-SISTEMA-NOVO-6_2024-07-12_00-24-49_jpg_2024-07-12_00-24-49.webp.webp?fit=1200%2C675&ssl=1&resize=700%2C400 2x, https:\/\/i0.wp.com\/noticiasribeiraopreto.com.br\/wp-content\/uploads\/2024\/07\/Copia-de-Copia-de-TAMANHO-EXATO-PARA-FOTOS-NO-SISTEMA-NOVO-6_2024-07-12_00-24-49_jpg_2024-07-12_00-24-49.webp.webp?fit=1200%2C675&ssl=1&resize=1050%2C600 3x"},"classes":[]},{"id":76057,"url":"https:\/\/noticiasribeiraopreto.com.br\/index.php\/2025\/08\/21\/interior-de-sp-tem-alerta-de-perigo-potencial-veja-os-locais-afetados\/","url_meta":{"origin":56499,"position":3},"title":"Interior de SP tem alerta de \u2018perigo potencial\u2019; Veja os locais afetados","author":"noticiasribeiraopreto.com.br","date":"21 de August de 2025","format":false,"excerpt":"O Inmet (Instituto Nacional de Meteorologia) publicou um novo alerta de \u201cperigo potencial\u201d para baixa umidade para o interior de S\u00e3o Paulo. O aviso \u00e9 v\u00e1lido para o per\u00edodo entre 12h desta quinta-feira (21) e 20h de sexta-feira (22). Segundo o Inmet, a umidade relativa do ar deve variar entre\u2026","rel":"","context":"In &quot;Not\u00edcias de Ribeir\u00e3o Preto-SP e Regi\u00e3o&quot;","block_context":{"text":"Not\u00edcias de Ribeir\u00e3o Preto-SP e Regi\u00e3o","link":"https:\/\/noticiasribeiraopreto.com.br\/index.php\/category\/noticias-de-ribeirao-preto-sp-e-regiao-ismael-colosi\/"},"img":{"alt_text":"","src":"https:\/\/i0.wp.com\/noticiasribeiraopreto.com.br\/wp-content\/uploads\/2025\/08\/alerta-baixa-umidade_2025-08-21_14-17-53.webp.webp?fit=1200%2C684&ssl=1&resize=350%2C200","width":350,"height":200,"srcset":"https:\/\/i0.wp.com\/noticiasribeiraopreto.com.br\/wp-content\/uploads\/2025\/08\/alerta-baixa-umidade_2025-08-21_14-17-53.webp.webp?fit=1200%2C684&ssl=1&resize=350%2C200 1x, https:\/\/i0.wp.com\/noticiasribeiraopreto.com.br\/wp-content\/uploads\/2025\/08\/alerta-baixa-umidade_2025-08-21_14-17-53.webp.webp?fit=1200%2C684&ssl=1&resize=525%2C300 1.5x, https:\/\/i0.wp.com\/noticiasribeiraopreto.com.br\/wp-content\/uploads\/2025\/08\/alerta-baixa-umidade_2025-08-21_14-17-53.webp.webp?fit=1200%2C684&ssl=1&resize=700%2C400 2x, https:\/\/i0.wp.com\/noticiasribeiraopreto.com.br\/wp-content\/uploads\/2025\/08\/alerta-baixa-umidade_2025-08-21_14-17-53.webp.webp?fit=1200%2C684&ssl=1&resize=1050%2C600 3x"},"classes":[]},{"id":57642,"url":"https:\/\/noticiasribeiraopreto.com.br\/index.php\/2024\/09\/06\/inmet-emite-alerta-de-perigo-para-o-interior-de-sp-veja-previsao-no-fim-de-semana\/","url_meta":{"origin":56499,"position":4},"title":"Inmet emite alerta de perigo para o interior de SP; Veja previs\u00e3o no fim de semana","author":"noticiasribeiraopreto.com.br","date":"6 de September de 2024","format":false,"excerpt":"O Inmet (Instituto Nacional de Meteorologia) emitou um alerta de \u201cperigo\u201d para onda de calor em parte do interior de S\u00e3o Paulo. O aviso, que e inclui a regi\u00e3o de Ribeir\u00e3o Preto, teve in\u00edcio \u00e0 0h e segue at\u00e9 as 23h59 desta sexta-feira (6). Este alerta \u00e9 na cor laranja\u2026","rel":"","context":"In &quot;Not\u00edcias de Ribeir\u00e3o Preto-SP e Regi\u00e3o&quot;","block_context":{"text":"Not\u00edcias de Ribeir\u00e3o Preto-SP e Regi\u00e3o","link":"https:\/\/noticiasribeiraopreto.com.br\/index.php\/category\/noticias-de-ribeirao-preto-sp-e-regiao-ismael-colosi\/"},"img":{"alt_text":"","src":"https:\/\/i0.wp.com\/noticiasribeiraopreto.com.br\/wp-content\/uploads\/2024\/09\/WhatsApp-Image-2023-11-10-at-08.08.42.jpeg?fit=1200%2C540&ssl=1&resize=350%2C200","width":350,"height":200,"srcset":"https:\/\/i0.wp.com\/noticiasribeiraopreto.com.br\/wp-content\/uploads\/2024\/09\/WhatsApp-Image-2023-11-10-at-08.08.42.jpeg?fit=1200%2C540&ssl=1&resize=350%2C200 1x, https:\/\/i0.wp.com\/noticiasribeiraopreto.com.br\/wp-content\/uploads\/2024\/09\/WhatsApp-Image-2023-11-10-at-08.08.42.jpeg?fit=1200%2C540&ssl=1&resize=525%2C300 1.5x, https:\/\/i0.wp.com\/noticiasribeiraopreto.com.br\/wp-content\/uploads\/2024\/09\/WhatsApp-Image-2023-11-10-at-08.08.42.jpeg?fit=1200%2C540&ssl=1&resize=700%2C400 2x, https:\/\/i0.wp.com\/noticiasribeiraopreto.com.br\/wp-content\/uploads\/2024\/09\/WhatsApp-Image-2023-11-10-at-08.08.42.jpeg?fit=1200%2C540&ssl=1&resize=1050%2C600 3x"},"classes":[]},{"id":54973,"url":"https:\/\/noticiasribeiraopreto.com.br\/index.php\/2024\/07\/26\/prorrogado-alerta-laranja-de-perigo-do-inmet-para-cidades-do-interior-de-sp-veja-quais\/","url_meta":{"origin":56499,"position":5},"title":"Prorrogado alerta laranja de perigo do Inmet para cidades do interior de SP; Veja quais","author":"noticiasribeiraopreto.com.br","date":"26 de July de 2024","format":false,"excerpt":"Foi prorrogado, por mais uma vez, o alerta de perigo do Inmet (Instituto Nacional de Meteorologia) por conta da baixa umidade do ar para cidades do interior de S\u00e3o Paulo, entre elas, Ribeir\u00e3o Preto. O aviso \u00e9 v\u00e1lido das 12h \u00e0s 17h deste s\u00e1bado (27). Desta vez, a prorroga\u00e7\u00e3o \u00e9\u2026","rel":"","context":"In &quot;Not\u00edcias de Ribeir\u00e3o Preto-SP e Regi\u00e3o&quot;","block_context":{"text":"Not\u00edcias de Ribeir\u00e3o Preto-SP e Regi\u00e3o","link":"https:\/\/noticiasribeiraopreto.com.br\/index.php\/category\/noticias-de-ribeirao-preto-sp-e-regiao-ismael-colosi\/"},"img":{"alt_text":"","src":"https:\/\/i0.wp.com\/noticiasribeiraopreto.com.br\/wp-content\/uploads\/2024\/07\/Copia-de-Copia-de-TAMANHO-EXATO-PARA-FOTOS-NO-SISTEMA-NOVO-42_2024-07-26_23-44-19_jpg_2024-07-26_23-44-20.webp.webp?fit=1200%2C675&ssl=1&resize=350%2C200","width":350,"height":200,"srcset":"https:\/\/i0.wp.com\/noticiasribeiraopreto.com.br\/wp-content\/uploads\/2024\/07\/Copia-de-Copia-de-TAMANHO-EXATO-PARA-FOTOS-NO-SISTEMA-NOVO-42_2024-07-26_23-44-19_jpg_2024-07-26_23-44-20.webp.webp?fit=1200%2C675&ssl=1&resize=350%2C200 1x, https:\/\/i0.wp.com\/noticiasribeiraopreto.com.br\/wp-content\/uploads\/2024\/07\/Copia-de-Copia-de-TAMANHO-EXATO-PARA-FOTOS-NO-SISTEMA-NOVO-42_2024-07-26_23-44-19_jpg_2024-07-26_23-44-20.webp.webp?fit=1200%2C675&ssl=1&resize=525%2C300 1.5x, https:\/\/i0.wp.com\/noticiasribeiraopreto.com.br\/wp-content\/uploads\/2024\/07\/Copia-de-Copia-de-TAMANHO-EXATO-PARA-FOTOS-NO-SISTEMA-NOVO-42_2024-07-26_23-44-19_jpg_2024-07-26_23-44-20.webp.webp?fit=1200%2C675&ssl=1&resize=700%2C400 2x, https:\/\/i0.wp.com\/noticiasribeiraopreto.com.br\/wp-content\/uploads\/2024\/07\/Copia-de-Copia-de-TAMANHO-EXATO-PARA-FOTOS-NO-SISTEMA-NOVO-42_2024-07-26_23-44-19_jpg_2024-07-26_23-44-20.webp.webp?fit=1200%2C675&ssl=1&resize=1050%2C600 3x"},"classes":[]}],"jetpack_sharing_enabled":true,"jetpack_shortlink":"https:\/\/wp.me\/peQAOb-eHh","_links":{"self":[{"href":"https:\/\/noticiasribeiraopreto.com.br\/index.php\/wp-json\/wp\/v2\/posts\/56499","targetHints":{"allow":["GET"]}}],"collection":[{"href":"https:\/\/noticiasribeiraopreto.com.br\/index.php\/wp-json\/wp\/v2\/posts"}],"about":[{"href":"https:\/\/noticiasribeiraopreto.com.br\/index.php\/wp-json\/wp\/v2\/types\/post"}],"author":[{"embeddable":true,"href":"https:\/\/noticiasribeiraopreto.com.br\/index.php\/wp-json\/wp\/v2\/users\/1"}],"replies":[{"embeddable":true,"href":"https:\/\/noticiasribeiraopreto.com.br\/index.php\/wp-json\/wp\/v2\/comments?post=56499"}],"version-history":[{"count":0,"href":"https:\/\/noticiasribeiraopreto.com.br\/index.php\/wp-json\/wp\/v2\/posts\/56499\/revisions"}],"wp:featuredmedia":[{"embeddable":true,"href":"https:\/\/noticiasribeiraopreto.com.br\/index.php\/wp-json\/wp\/v2\/media\/56500"}],"wp:attachment":[{"href":"https:\/\/noticiasribeiraopreto.com.br\/index.php\/wp-json\/wp\/v2\/media?parent=56499"}],"wp:term":[{"taxonomy":"category","embeddable":true,"href":"https:\/\/noticiasribeiraopreto.com.br\/index.php\/wp-json\/wp\/v2\/categories?post=56499"},{"taxonomy":"post_tag","embeddable":true,"href":"https:\/\/noticiasribeiraopreto.com.br\/index.php\/wp-json\/wp\/v2\/tags?post=56499"}],"curies":[{"name":"wp","href":"https:\/\/api.w.org\/{rel}","templated":true}]}}