{"id":56529,"date":"2024-08-14T14:05:36","date_gmt":"2024-08-14T17:05:36","guid":{"rendered":"https:\/\/noticiasribeiraopreto.com.br\/index.php\/2024\/08\/14\/mulher-e-resgatada-de-condicoes-analogas-a-escravidao-na-regiao-de-ribeirao-preto\/"},"modified":"2024-08-14T14:05:36","modified_gmt":"2024-08-14T17:05:36","slug":"mulher-e-resgatada-de-condicoes-analogas-a-escravidao-na-regiao-de-ribeirao-preto","status":"publish","type":"post","link":"https:\/\/noticiasribeiraopreto.com.br\/index.php\/2024\/08\/14\/mulher-e-resgatada-de-condicoes-analogas-a-escravidao-na-regiao-de-ribeirao-preto\/","title":{"rendered":"Mulher \u00e9 resgatada de condi\u00e7\u00f5es an\u00e1logas \u00e0 escravid\u00e3o na regi\u00e3o de Ribeir\u00e3o Preto"},"content":{"rendered":"<p> <br \/>\n<\/p>\n<div>\n<p>Uma <strong>trabalhadora dom\u00e9stica<\/strong> de 51 anos foi resgatada de <strong>condi\u00e7\u00f5es an\u00e1logas \u00e0 escravid\u00e3o<\/strong> em <strong>Santa Rosa de Viterbo<\/strong>, na regi\u00e3o de <strong>Ribeir\u00e3o Preto<\/strong>, nesta ter\u00e7a-feira (13).<\/p>\n<p>A opera\u00e7\u00e3o foi realizada pelo <strong>Minist\u00e9rio P\u00fablico do Trabalho (MPT)<\/strong>, <strong>Minist\u00e9rio do Trabalho e Emprego (MTE)<\/strong> e <strong>Pol\u00edcia Rodovi\u00e1ria Federal (PRF)<\/strong>.<\/p>\n<p>De acordo com o <strong>MPT<\/strong>, a trabalhadora foi adotada pelo casal de empregadores quando tinha<strong> 11 anos<\/strong>, em um orfanato da cidade. <mark style=\"background-color:#fcb900\" class=\"has-inline-color\">Ainda crian\u00e7a, come\u00e7ou a limpar os c\u00f4modos, a lavar e passar a roupa, cozinhar e exercer outras atividades dom\u00e9sticas. Em troca, <strong>recebia roupas e uma quantia \u201cpara comprar balas\u201d<\/strong>.<\/mark><\/p>\n<p>Durante depoimento prestado \u00e0s autoridades, a mulher informou que <strong>continuava sendo respons\u00e1vel pelos afazeres dom\u00e9sticos<\/strong>, al\u00e9m de cuidar do empregador idoso.<\/p>\n<figure class=\"wp-block-pullquote\">\n<blockquote>\n<p>Apesar do aparente v\u00ednculo parental, a trabalhadora claramente \u00e9 explorada pela fam\u00edlia como uma empregada h\u00e1 cerca de 40 anos, sem a formaliza\u00e7\u00e3o de contrato de trabalho. Ela n\u00e3o sai de casa, n\u00e3o tem direito a descanso, trabalho em jornada excessiva e vive de forma prec\u00e1ria. Trata-se de um caso grave de viola\u00e7\u00e3o de direitos humanos<\/p>\n<p><cite>afirmou a procuradora, Regina Duarte da Silva.<\/cite><\/p><\/blockquote>\n<\/figure>\n<h3 class=\"wp-block-heading\"><strong>Sete dias de trabalho<\/strong><\/h3>\n<p>Conforme o \u00f3rg\u00e3o, a mulher informou que <strong>trabalhava durante os sete dias da semana<\/strong>. De <strong>segunda a s\u00e1bado, das 7h \u00e0s 12h<\/strong>, e aos <strong>domingos \u201cpassava um pano na casa\u201d <\/strong>e <strong>lavava a lou\u00e7a<\/strong>.<\/p>\n<p>A dom\u00e9stica tamb\u00e9m disse que nunca tirou f\u00e9rias, sempre trabalhou aos feriados e que <mark style=\"background-color:#fcb900\" class=\"has-inline-color\">dormia em um colch\u00e3o infl\u00e1vel posicionado no ch\u00e3o, ao lado da cama onde o casal de empregadores dormia.<\/mark><\/p>\n<p>\u201cEla disse em depoimento que recolhe as contribui\u00e7\u00f5es previdenci\u00e1rias desde 1993 por conta pr\u00f3pria, como \u2018aut\u00f4noma\u2019, e que recentemente, o filho dos empregadores \u00e9 quem faz os pagamentos\u201d, informou o Minist\u00e9rio P\u00fablico do Trabalho.<\/p>\n<h4 class=\"wp-block-heading\"><strong>Indeniza\u00e7\u00e3o por danos morais<\/strong><\/h4>\n<p>Ainda de acordo com a nota divulgada, os auditores fiscais do trabalho lavraram <strong>auto de infra\u00e7\u00e3o de resgate<\/strong>, dando a trabalhadora o <strong>direito ao seguro-desemprego<\/strong>. Eles tamb\u00e9m far\u00e3o o <strong>levantamento das verbas salariais<\/strong> e <strong>rescis\u00f3rias devidas \u00e0 mulher<\/strong>.<\/p>\n<p>O <strong>MPT <\/strong>deve se reunir com os empregadores para discutir os termos de um <strong>acordo com obriga\u00e7\u00f5es de fazer<\/strong> <strong>e n\u00e3o fazer<\/strong>, al\u00e9m de uma <strong>indeniza\u00e7\u00e3o por danos morais<\/strong>.<\/p>\n<hr class=\"wp-block-separator has-alpha-channel-opacity\"\/>\n<p>SAIBA MAIS<\/p>\n<p>Abandono de incapaz: Crian\u00e7a \u00e9 esquecida em creche de Ribeir\u00e3o Preto<\/p>\n<h4 class=\"wp-block-heading\"><strong>FIQUE ON<\/strong><\/h4>\n<p>Fique ligado em tudo que acontece em Ribeir\u00e3o Preto e regi\u00e3o. Siga os perfis do\u00a0<strong>acidade on\u00a0<\/strong>no\u00a0<a href=\"https:\/\/www.instagram.com\/acidadeonribeirao\" target=\"_blank\" rel=\"noreferrer noopener\">Instagram<\/a>\u00a0e no\u00a0<a href=\"https:\/\/www.facebook.com\/acidadeonribeirao\" target=\"_blank\" rel=\"noreferrer noopener\">Facebook<\/a>.<\/p>\n<p>Receba not\u00edcias do\u00a0<strong>acidade on\u00a0<\/strong>no WhatsApp. Para entrar no grupo, basta\u00a0<a href=\"https:\/\/chat.whatsapp.com\/Dtv9mxhy6V5BJBotM2OQ5k\" target=\"_blank\" rel=\"noreferrer noopener\">clicar aqui<\/a>.<\/p>\n<p>Fa\u00e7a uma den\u00fancia ou sugira uma reportagem sobre Ribeir\u00e3o Preto e regi\u00e3o pelo WhatsApp: 16 99117 7802.<\/p>\n<p>VEJA TAMB\u00c9M<\/p>\n<p>Onde assistir \u2018Como Vender a Lua\u2019?<\/p>\n<p><!-- CONTENT END 1 -->\n<\/div>\n<p><script async src=\"\/\/www.instagram.com\/embed.js\"><\/script><br \/>\n<br \/><br \/>\n<br \/><a href=\"https:\/\/www.acidadeon.com\/ribeiraopreto\/cotidiano\/mulher-e-resgatada-de-condicoes-analogas-a-escravidao-na-regiao-de-ribeirao-preto\/\">Source link <\/a><\/p>\n","protected":false},"excerpt":{"rendered":"<p>Uma trabalhadora dom\u00e9stica de 51 anos foi resgatada de condi\u00e7\u00f5es an\u00e1logas \u00e0 escravid\u00e3o em Santa Rosa de Viterbo, na regi\u00e3o de Ribeir\u00e3o Preto, nesta ter\u00e7a-feira&#8230;<\/p>\n","protected":false},"author":1,"featured_media":56530,"comment_status":"open","ping_status":"open","sticky":false,"template":"","format":"standard","meta":{"advanced_seo_description":"","jetpack_seo_html_title":"","jetpack_seo_noindex":false,"jetpack_post_was_ever_published":false,"_jetpack_newsletter_access":"","_jetpack_dont_email_post_to_subs":false,"_jetpack_newsletter_tier_id":0,"_jetpack_memberships_contains_paywalled_content":false,"_jetpack_memberships_contains_paid_content":false,"footnotes":"","jetpack_publicize_message":"","jetpack_publicize_feature_enabled":true,"jetpack_social_post_already_shared":true,"jetpack_social_options":{"image_generator_settings":{"template":"highway","default_image_id":0,"font":"","enabled":false},"version":2}},"categories":[11],"tags":[],"class_list":["post-56529","post","type-post","status-publish","format-standard","has-post-thumbnail","hentry","category-noticias-de-ribeirao-preto-sp-e-regiao-ismael-colosi"],"jetpack_publicize_connections":[],"jetpack_featured_media_url":"https:\/\/i0.wp.com\/noticiasribeiraopreto.com.br\/wp-content\/uploads\/2024\/08\/WhatsApp-Image-2024-08-14-at-12.33.03_2024-08-14_16-57-41_jpeg_2024-08-14_16-57-41.webp.webp?fit=1280%2C960&ssl=1","jetpack-related-posts":[{"id":59876,"url":"https:\/\/noticiasribeiraopreto.com.br\/index.php\/2024\/10\/31\/idoso-e-resgatado-de-condicoes-analogas-a-escravidao-na-regiao-de-ribeirao\/","url_meta":{"origin":56529,"position":0},"title":"Idoso \u00e9 resgatado de condi\u00e7\u00f5es an\u00e1logas \u00e0 escravid\u00e3o na regi\u00e3o de Ribeir\u00e3o","author":"noticiasribeiraopreto.com.br","date":"31 de October de 2024","format":false,"excerpt":"Uma\u00a0idoso de 71 anos foi resgatado de\u00a0condi\u00e7\u00f5es an\u00e1logas \u00e0 escravid\u00e3o\u00a0em\u00a0Igarapava, na regi\u00e3o de\u00a0Ribeir\u00e3o Preto, nesta quinta-feira (31). A opera\u00e7\u00e3o foi realizada pelo\u00a0Minist\u00e9rio P\u00fablico do Trabalho (MPT),\u00a0Minist\u00e9rio do Trabalho e Emprego (MTE)\u00a0e\u00a0Pol\u00edcia Rodovi\u00e1ria Federal (PRF). Segundo a investiga\u00e7\u00e3o, o idoso trabalhava h\u00e1 tr\u00eas anos como caseiro em uma propriedade rural e\u2026","rel":"","context":"In &quot;Not\u00edcias de Ribeir\u00e3o Preto-SP e Regi\u00e3o&quot;","block_context":{"text":"Not\u00edcias de Ribeir\u00e3o Preto-SP e Regi\u00e3o","link":"https:\/\/noticiasribeiraopreto.com.br\/index.php\/category\/noticias-de-ribeirao-preto-sp-e-regiao-ismael-colosi\/"},"img":{"alt_text":"","src":"https:\/\/i0.wp.com\/noticiasribeiraopreto.com.br\/wp-content\/uploads\/2024\/10\/Copia-de-Copia-de-Copia-de-TAMANHO-EXATO-PARA-FOTOS-NO-SISTEMA-NOVO-67_2024-10-31_20-30-55_png_2024-10-31_20-30-55.webp.webp?fit=1200%2C675&ssl=1&resize=350%2C200","width":350,"height":200,"srcset":"https:\/\/i0.wp.com\/noticiasribeiraopreto.com.br\/wp-content\/uploads\/2024\/10\/Copia-de-Copia-de-Copia-de-TAMANHO-EXATO-PARA-FOTOS-NO-SISTEMA-NOVO-67_2024-10-31_20-30-55_png_2024-10-31_20-30-55.webp.webp?fit=1200%2C675&ssl=1&resize=350%2C200 1x, https:\/\/i0.wp.com\/noticiasribeiraopreto.com.br\/wp-content\/uploads\/2024\/10\/Copia-de-Copia-de-Copia-de-TAMANHO-EXATO-PARA-FOTOS-NO-SISTEMA-NOVO-67_2024-10-31_20-30-55_png_2024-10-31_20-30-55.webp.webp?fit=1200%2C675&ssl=1&resize=525%2C300 1.5x, https:\/\/i0.wp.com\/noticiasribeiraopreto.com.br\/wp-content\/uploads\/2024\/10\/Copia-de-Copia-de-Copia-de-TAMANHO-EXATO-PARA-FOTOS-NO-SISTEMA-NOVO-67_2024-10-31_20-30-55_png_2024-10-31_20-30-55.webp.webp?fit=1200%2C675&ssl=1&resize=700%2C400 2x, https:\/\/i0.wp.com\/noticiasribeiraopreto.com.br\/wp-content\/uploads\/2024\/10\/Copia-de-Copia-de-Copia-de-TAMANHO-EXATO-PARA-FOTOS-NO-SISTEMA-NOVO-67_2024-10-31_20-30-55_png_2024-10-31_20-30-55.webp.webp?fit=1200%2C675&ssl=1&resize=1050%2C600 3x"},"classes":[]},{"id":78093,"url":"https:\/\/noticiasribeiraopreto.com.br\/index.php\/2025\/10\/01\/trabalhadores-sao-resgatados-em-condicoes-analogas-a-escravidao-no-interior-de-sp-3\/","url_meta":{"origin":56529,"position":1},"title":"Trabalhadores s\u00e3o resgatados em condi\u00e7\u00f5es an\u00e1logas \u00e0 escravid\u00e3o no interior de SP","author":"noticiasribeiraopreto.com.br","date":"1 de October de 2025","format":false,"excerpt":"Treze trabalhadores, entre eles um adolescente de 15 anos, foram resgatados em condi\u00e7\u00f5es an\u00e1logas \u00e0 escravid\u00e3o em Santo Ant\u00f4nio da Alegria, no interior de S\u00e3o Paulo. O caso aconteceu no final de agosto, mas as imagens s\u00f3 foram divulgadas nesta quarta-feira (1\u00ba). Eles foram resgatados durante opera\u00e7\u00e3o do MPT (Minist\u00e9rio\u2026","rel":"","context":"In &quot;Not\u00edcias de Ribeir\u00e3o Preto-SP e Regi\u00e3o&quot;","block_context":{"text":"Not\u00edcias de Ribeir\u00e3o Preto-SP e Regi\u00e3o","link":"https:\/\/noticiasribeiraopreto.com.br\/index.php\/category\/noticias-de-ribeirao-preto-sp-e-regiao-ismael-colosi\/"},"img":{"alt_text":"","src":"https:\/\/i0.wp.com\/noticiasribeiraopreto.com.br\/wp-content\/uploads\/2025\/10\/Copia-de-Copia-de-Copia-de-TAMANHO-EXATO-PARA-FOTOS-NO-SISTEMA-NOVO-2025-10-01T202232.424_2025-10-01_23-25-36.webp.webp?fit=1200%2C675&ssl=1&resize=350%2C200","width":350,"height":200,"srcset":"https:\/\/i0.wp.com\/noticiasribeiraopreto.com.br\/wp-content\/uploads\/2025\/10\/Copia-de-Copia-de-Copia-de-TAMANHO-EXATO-PARA-FOTOS-NO-SISTEMA-NOVO-2025-10-01T202232.424_2025-10-01_23-25-36.webp.webp?fit=1200%2C675&ssl=1&resize=350%2C200 1x, https:\/\/i0.wp.com\/noticiasribeiraopreto.com.br\/wp-content\/uploads\/2025\/10\/Copia-de-Copia-de-Copia-de-TAMANHO-EXATO-PARA-FOTOS-NO-SISTEMA-NOVO-2025-10-01T202232.424_2025-10-01_23-25-36.webp.webp?fit=1200%2C675&ssl=1&resize=525%2C300 1.5x, https:\/\/i0.wp.com\/noticiasribeiraopreto.com.br\/wp-content\/uploads\/2025\/10\/Copia-de-Copia-de-Copia-de-TAMANHO-EXATO-PARA-FOTOS-NO-SISTEMA-NOVO-2025-10-01T202232.424_2025-10-01_23-25-36.webp.webp?fit=1200%2C675&ssl=1&resize=700%2C400 2x, https:\/\/i0.wp.com\/noticiasribeiraopreto.com.br\/wp-content\/uploads\/2025\/10\/Copia-de-Copia-de-Copia-de-TAMANHO-EXATO-PARA-FOTOS-NO-SISTEMA-NOVO-2025-10-01T202232.424_2025-10-01_23-25-36.webp.webp?fit=1200%2C675&ssl=1&resize=1050%2C600 3x"},"classes":[]},{"id":58961,"url":"https:\/\/noticiasribeiraopreto.com.br\/index.php\/2024\/10\/10\/130-trabalhadores-sao-resgatados-em-condicoes-analogas-a-escravidao-no-interior-de-sp\/","url_meta":{"origin":56529,"position":2},"title":"130 trabalhadores s\u00e3o resgatados em condi\u00e7\u00f5es an\u00e1logas \u00e0 escravid\u00e3o no interior de SP","author":"noticiasribeiraopreto.com.br","date":"10 de October de 2024","format":false,"excerpt":"Uma for\u00e7a-tarefa resgatou 130 trabalhadores rurais em condi\u00e7\u00f5es an\u00e1logas \u00e0 escravid\u00e3o, incluindo tr\u00eas adolescentes, em Jeriquara, cidade a aproximadamente 120 quil\u00f4metros de Ribeir\u00e3o Preto. Eles atuavam na colheita de cebolas. A opera\u00e7\u00e3o foi realizada na \u00faltima ter\u00e7a-feira (8) pelo Minist\u00e9rio P\u00fablico do Trabalho (MPT), Minist\u00e9rio do Trabalho e Emprego (MTE)\u2026","rel":"","context":"In &quot;Not\u00edcias de Ribeir\u00e3o Preto-SP e Regi\u00e3o&quot;","block_context":{"text":"Not\u00edcias de Ribeir\u00e3o Preto-SP e Regi\u00e3o","link":"https:\/\/noticiasribeiraopreto.com.br\/index.php\/category\/noticias-de-ribeirao-preto-sp-e-regiao-ismael-colosi\/"},"img":{"alt_text":"","src":"https:\/\/i0.wp.com\/noticiasribeiraopreto.com.br\/wp-content\/uploads\/2024\/10\/WhatsApp-Image-2024-10-10-at-13.49.16_2024-10-10_16-54-27_jpeg_2024-10-10_16-54-27.webp.webp?fit=1200%2C780&ssl=1&resize=350%2C200","width":350,"height":200,"srcset":"https:\/\/i0.wp.com\/noticiasribeiraopreto.com.br\/wp-content\/uploads\/2024\/10\/WhatsApp-Image-2024-10-10-at-13.49.16_2024-10-10_16-54-27_jpeg_2024-10-10_16-54-27.webp.webp?fit=1200%2C780&ssl=1&resize=350%2C200 1x, https:\/\/i0.wp.com\/noticiasribeiraopreto.com.br\/wp-content\/uploads\/2024\/10\/WhatsApp-Image-2024-10-10-at-13.49.16_2024-10-10_16-54-27_jpeg_2024-10-10_16-54-27.webp.webp?fit=1200%2C780&ssl=1&resize=525%2C300 1.5x, https:\/\/i0.wp.com\/noticiasribeiraopreto.com.br\/wp-content\/uploads\/2024\/10\/WhatsApp-Image-2024-10-10-at-13.49.16_2024-10-10_16-54-27_jpeg_2024-10-10_16-54-27.webp.webp?fit=1200%2C780&ssl=1&resize=700%2C400 2x, https:\/\/i0.wp.com\/noticiasribeiraopreto.com.br\/wp-content\/uploads\/2024\/10\/WhatsApp-Image-2024-10-10-at-13.49.16_2024-10-10_16-54-27_jpeg_2024-10-10_16-54-27.webp.webp?fit=1200%2C780&ssl=1&resize=1050%2C600 3x"},"classes":[]},{"id":83833,"url":"https:\/\/noticiasribeiraopreto.com.br\/index.php\/2026\/03\/26\/mpt-encontra-22-trabalhadores-em-condicoes-analogas-a-escravidao-em-fazenda-de-cana\/","url_meta":{"origin":56529,"position":3},"title":"MPT encontra 22 trabalhadores em condi\u00e7\u00f5es an\u00e1logas \u00e0 escravid\u00e3o em fazenda de cana","author":"noticiasribeiraopreto.com.br","date":"26 de March de 2026","format":false,"excerpt":"Uma opera\u00e7\u00e3o realizada entre os dias 16 e 19 de mar\u00e7o identificou e retirou 22 trabalhadores de uma fazenda de cana-de-a\u00e7\u00facar em Batatais, na regi\u00e3o de Ribeir\u00e3o Preto. O Minist\u00e9rio P\u00fablico do Trabalho (MPT) apontou que o grupo atuava em condi\u00e7\u00f5es an\u00e1logas \u00e0 escravid\u00e3o. Ap\u00f3s a a\u00e7\u00e3o, o respons\u00e1vel pela\u2026","rel":"","context":"In &quot;Not\u00edcias de Ribeir\u00e3o Preto-SP e Regi\u00e3o&quot;","block_context":{"text":"Not\u00edcias de Ribeir\u00e3o Preto-SP e Regi\u00e3o","link":"https:\/\/noticiasribeiraopreto.com.br\/index.php\/category\/noticias-de-ribeirao-preto-sp-e-regiao-ismael-colosi\/"},"img":{"alt_text":"","src":"https:\/\/i0.wp.com\/noticiasribeiraopreto.com.br\/wp-content\/uploads\/2026\/03\/palace-92_2026-03-26_22-26-45.webp.webp?fit=1200%2C675&ssl=1&resize=350%2C200","width":350,"height":200,"srcset":"https:\/\/i0.wp.com\/noticiasribeiraopreto.com.br\/wp-content\/uploads\/2026\/03\/palace-92_2026-03-26_22-26-45.webp.webp?fit=1200%2C675&ssl=1&resize=350%2C200 1x, https:\/\/i0.wp.com\/noticiasribeiraopreto.com.br\/wp-content\/uploads\/2026\/03\/palace-92_2026-03-26_22-26-45.webp.webp?fit=1200%2C675&ssl=1&resize=525%2C300 1.5x, https:\/\/i0.wp.com\/noticiasribeiraopreto.com.br\/wp-content\/uploads\/2026\/03\/palace-92_2026-03-26_22-26-45.webp.webp?fit=1200%2C675&ssl=1&resize=700%2C400 2x, https:\/\/i0.wp.com\/noticiasribeiraopreto.com.br\/wp-content\/uploads\/2026\/03\/palace-92_2026-03-26_22-26-45.webp.webp?fit=1200%2C675&ssl=1&resize=1050%2C600 3x"},"classes":[]},{"id":59880,"url":"https:\/\/noticiasribeiraopreto.com.br\/index.php\/2024\/10\/31\/idoso-e-resgatado-de-condicoes-analogas-a-escravidao-na-regiao-de-ribeirao-2\/","url_meta":{"origin":56529,"position":4},"title":"Idoso \u00e9 resgatado de condi\u00e7\u00f5es an\u00e1logas \u00e0 escravid\u00e3o na regi\u00e3o de Ribeir\u00e3o","author":"noticiasribeiraopreto.com.br","date":"31 de October de 2024","format":false,"excerpt":"Uma\u00a0idoso de 71 anos foi resgatado de\u00a0condi\u00e7\u00f5es an\u00e1logas \u00e0 escravid\u00e3o\u00a0em\u00a0Igarapava, na regi\u00e3o de\u00a0Ribeir\u00e3o Preto, nesta quinta-feira (31). A opera\u00e7\u00e3o foi realizada pelo\u00a0Minist\u00e9rio P\u00fablico do Trabalho (MPT),\u00a0Minist\u00e9rio do Trabalho e Emprego (MTE)\u00a0e\u00a0Pol\u00edcia Rodovi\u00e1ria Federal (PRF). Segundo a investiga\u00e7\u00e3o, o idoso trabalhava h\u00e1 tr\u00eas anos como caseiro em uma propriedade rural e\u2026","rel":"","context":"In &quot;Not\u00edcias de Ribeir\u00e3o Preto-SP e Regi\u00e3o&quot;","block_context":{"text":"Not\u00edcias de Ribeir\u00e3o Preto-SP e Regi\u00e3o","link":"https:\/\/noticiasribeiraopreto.com.br\/index.php\/category\/noticias-de-ribeirao-preto-sp-e-regiao-ismael-colosi\/"},"img":{"alt_text":"","src":"https:\/\/i0.wp.com\/noticiasribeiraopreto.com.br\/wp-content\/uploads\/2024\/10\/Copia-de-Copia-de-Copia-de-TAMANHO-EXATO-PARA-FOTOS-NO-SISTEMA-NOVO-67_2024-10-31_20-30-55_png_2024-10-31_20-30-55.webp.webp?fit=1200%2C675&ssl=1&resize=350%2C200","width":350,"height":200,"srcset":"https:\/\/i0.wp.com\/noticiasribeiraopreto.com.br\/wp-content\/uploads\/2024\/10\/Copia-de-Copia-de-Copia-de-TAMANHO-EXATO-PARA-FOTOS-NO-SISTEMA-NOVO-67_2024-10-31_20-30-55_png_2024-10-31_20-30-55.webp.webp?fit=1200%2C675&ssl=1&resize=350%2C200 1x, https:\/\/i0.wp.com\/noticiasribeiraopreto.com.br\/wp-content\/uploads\/2024\/10\/Copia-de-Copia-de-Copia-de-TAMANHO-EXATO-PARA-FOTOS-NO-SISTEMA-NOVO-67_2024-10-31_20-30-55_png_2024-10-31_20-30-55.webp.webp?fit=1200%2C675&ssl=1&resize=525%2C300 1.5x, https:\/\/i0.wp.com\/noticiasribeiraopreto.com.br\/wp-content\/uploads\/2024\/10\/Copia-de-Copia-de-Copia-de-TAMANHO-EXATO-PARA-FOTOS-NO-SISTEMA-NOVO-67_2024-10-31_20-30-55_png_2024-10-31_20-30-55.webp.webp?fit=1200%2C675&ssl=1&resize=700%2C400 2x, https:\/\/i0.wp.com\/noticiasribeiraopreto.com.br\/wp-content\/uploads\/2024\/10\/Copia-de-Copia-de-Copia-de-TAMANHO-EXATO-PARA-FOTOS-NO-SISTEMA-NOVO-67_2024-10-31_20-30-55_png_2024-10-31_20-30-55.webp.webp?fit=1200%2C675&ssl=1&resize=1050%2C600 3x"},"classes":[]},{"id":48884,"url":"https:\/\/noticiasribeiraopreto.com.br\/index.php\/2024\/05\/07\/trabalhadores-sao-resgatados-em-condicoes-analogas-a-escravidao-no-interior-de-sp\/","url_meta":{"origin":56529,"position":5},"title":"Trabalhadores s\u00e3o resgatados em condi\u00e7\u00f5es an\u00e1logas \u00e0 escravid\u00e3o no interior de SP","author":"noticiasribeiraopreto.com.br","date":"7 de May de 2024","format":false,"excerpt":"O MPT (Minist\u00e9rio P\u00fablico do Trabalho) e a Pol\u00edcia Militar resgataram quatorze trabalhadores em condi\u00e7\u00f5es an\u00e1logas \u00e0 escravid\u00e3o em Guar\u00e1, no interior de S\u00e3o Paulo. A opera\u00e7\u00e3o aconteceu entre os dias 30 de abril e 3 de maio. Os trabalhadores s\u00e3o oriundos dos estados do Maranh\u00e3o, Pernambuco e Piau\u00ed foram\u2026","rel":"","context":"In &quot;Not\u00edcias de Ribeir\u00e3o Preto-SP e Regi\u00e3o&quot;","block_context":{"text":"Not\u00edcias de Ribeir\u00e3o Preto-SP e Regi\u00e3o","link":"https:\/\/noticiasribeiraopreto.com.br\/index.php\/category\/noticias-de-ribeirao-preto-sp-e-regiao-ismael-colosi\/"},"img":{"alt_text":"","src":"https:\/\/i0.wp.com\/noticiasribeiraopreto.com.br\/wp-content\/uploads\/2024\/05\/trabalho-escravo_2024-05-07_14-23-18_jpg_2024-05-07_14-23-18.webp.webp?fit=1199%2C851&ssl=1&resize=350%2C200","width":350,"height":200,"srcset":"https:\/\/i0.wp.com\/noticiasribeiraopreto.com.br\/wp-content\/uploads\/2024\/05\/trabalho-escravo_2024-05-07_14-23-18_jpg_2024-05-07_14-23-18.webp.webp?fit=1199%2C851&ssl=1&resize=350%2C200 1x, https:\/\/i0.wp.com\/noticiasribeiraopreto.com.br\/wp-content\/uploads\/2024\/05\/trabalho-escravo_2024-05-07_14-23-18_jpg_2024-05-07_14-23-18.webp.webp?fit=1199%2C851&ssl=1&resize=525%2C300 1.5x, https:\/\/i0.wp.com\/noticiasribeiraopreto.com.br\/wp-content\/uploads\/2024\/05\/trabalho-escravo_2024-05-07_14-23-18_jpg_2024-05-07_14-23-18.webp.webp?fit=1199%2C851&ssl=1&resize=700%2C400 2x, https:\/\/i0.wp.com\/noticiasribeiraopreto.com.br\/wp-content\/uploads\/2024\/05\/trabalho-escravo_2024-05-07_14-23-18_jpg_2024-05-07_14-23-18.webp.webp?fit=1199%2C851&ssl=1&resize=1050%2C600 3x"},"classes":[]}],"jetpack_sharing_enabled":true,"jetpack_shortlink":"https:\/\/wp.me\/peQAOb-eHL","_links":{"self":[{"href":"https:\/\/noticiasribeiraopreto.com.br\/index.php\/wp-json\/wp\/v2\/posts\/56529","targetHints":{"allow":["GET"]}}],"collection":[{"href":"https:\/\/noticiasribeiraopreto.com.br\/index.php\/wp-json\/wp\/v2\/posts"}],"about":[{"href":"https:\/\/noticiasribeiraopreto.com.br\/index.php\/wp-json\/wp\/v2\/types\/post"}],"author":[{"embeddable":true,"href":"https:\/\/noticiasribeiraopreto.com.br\/index.php\/wp-json\/wp\/v2\/users\/1"}],"replies":[{"embeddable":true,"href":"https:\/\/noticiasribeiraopreto.com.br\/index.php\/wp-json\/wp\/v2\/comments?post=56529"}],"version-history":[{"count":0,"href":"https:\/\/noticiasribeiraopreto.com.br\/index.php\/wp-json\/wp\/v2\/posts\/56529\/revisions"}],"wp:featuredmedia":[{"embeddable":true,"href":"https:\/\/noticiasribeiraopreto.com.br\/index.php\/wp-json\/wp\/v2\/media\/56530"}],"wp:attachment":[{"href":"https:\/\/noticiasribeiraopreto.com.br\/index.php\/wp-json\/wp\/v2\/media?parent=56529"}],"wp:term":[{"taxonomy":"category","embeddable":true,"href":"https:\/\/noticiasribeiraopreto.com.br\/index.php\/wp-json\/wp\/v2\/categories?post=56529"},{"taxonomy":"post_tag","embeddable":true,"href":"https:\/\/noticiasribeiraopreto.com.br\/index.php\/wp-json\/wp\/v2\/tags?post=56529"}],"curies":[{"name":"wp","href":"https:\/\/api.w.org\/{rel}","templated":true}]}}