{"id":56531,"date":"2024-08-14T14:08:50","date_gmt":"2024-08-14T17:08:50","guid":{"rendered":"https:\/\/noticiasribeiraopreto.com.br\/index.php\/2024\/08\/14\/abandono-de-incapaz-crianca-e-esquecida-em-creche-de-ribeirao-preto\/"},"modified":"2024-08-14T14:08:50","modified_gmt":"2024-08-14T17:08:50","slug":"abandono-de-incapaz-crianca-e-esquecida-em-creche-de-ribeirao-preto","status":"publish","type":"post","link":"https:\/\/noticiasribeiraopreto.com.br\/index.php\/2024\/08\/14\/abandono-de-incapaz-crianca-e-esquecida-em-creche-de-ribeirao-preto\/","title":{"rendered":"Abandono de incapaz: Crian\u00e7a \u00e9 esquecida em creche de Ribeir\u00e3o Preto"},"content":{"rendered":"<p> <br \/>\n<\/p>\n<div data-td-block-uid=\"tdi_106\">\n<div class=\"tdb-block-inner td-fix-index\">\n<p>Uma <strong>crian\u00e7a de tr\u00eas anos<\/strong> foi esquecida na noite desta <strong>ter\u00e7a-feira (13)<\/strong>, em uma creche no <strong>Jardim Jandaia<\/strong>, na <strong>zona Norte de Ribeir\u00e3o Preto<\/strong>. O caso foi registrado como abandono de incapaz.<\/p>\n<p>De acordo com o<strong> BO (boletim de ocorr\u00eancia)<\/strong>, a diretora da creche informou que a m\u00e3e da crian\u00e7a n\u00e3o tinha ido busc\u00e1-la e nem atendia as liga\u00e7\u00f5es.<\/p>\n<p>A dire\u00e7\u00e3o da creche ainda tentou contato com uma <strong>tia da crian\u00e7a<\/strong>, que mora na mesma rua em que a fam\u00edlia reside. Contudo, a mulher informou que <strong>n\u00e3o iria buscar a sobrinha<\/strong> e aconselhou a diretora chamar a pol\u00edcia.<\/p>\n<p>Ainda de acordo com o depoimento da diretora, situa\u00e7\u00f5es parecidas j\u00e1 aconteceram outras vezes, mas um respons\u00e1vel sempre aparece para buscar a crian\u00e7a.<\/p>\n<p>Em seguida, o pai da crian\u00e7a foi contatado e buscou a filha. Para pol\u00edcia, ele afirmou que ficou sabendo pela av\u00f3 da filha que a estava sendo cuidada pela tia.<\/p>\n<p>O caso foi registrado na <strong>CPJ (Central de Pol\u00edcia Judici\u00e1ria) <\/strong>de Ribeir\u00e3o Preto.<\/p>\n<p>SAIBA MAIS<br \/>Jovem morre em acidente de moto na zona Oeste de Ribeir\u00e3o Preto<\/p>\n<h4 class=\"wp-block-heading\"><strong>FIQUE ON<\/strong><\/h4>\n<p>Fique ligado em tudo que acontece em Ribeir\u00e3o Preto e regi\u00e3o. Siga os perfis do <strong>acidade on <\/strong>no <a href=\"https:\/\/www.instagram.com\/acidadeonribeirao\" target=\"_blank\" rel=\"noreferrer noopener\">Instagram<\/a> e no <a href=\"https:\/\/www.facebook.com\/acidadeonribeirao\" target=\"_blank\" rel=\"noreferrer noopener\">Facebook<\/a>.<\/p>\n<p>Receba not\u00edcias do <strong>acidade on <\/strong>no WhatsApp. Para entrar no grupo, basta <a href=\"https:\/\/chat.whatsapp.com\/Dtv9mxhy6V5BJBotM2OQ5k\" target=\"_blank\" rel=\"noreferrer noopener\">clicar aqui<\/a>.<\/p>\n<p>Fa\u00e7a uma den\u00fancia ou sugira uma reportagem sobre Ribeir\u00e3o Preto e regi\u00e3o pelo WhatsApp: 16 99117 7802.<\/p>\n<p>VEJA TAMB\u00c9M<br \/>\u2018Estrela da Casa\u2019: por que tem participantes com mais saldo que outros?<\/p>\n<p><!-- CONTENT END 1 -->\n<\/div>\n<\/div>\n<p><script async src=\"\/\/www.instagram.com\/embed.js\"><\/script><br \/>\n<br \/><br \/>\n<br \/><a href=\"https:\/\/www.acidadeon.com\/ribeiraopreto\/cotidiano\/crianca-esquecida-em-creche-e-vira-caso-de-policia-em-ribeirao-preto\/\">Source link <\/a><\/p>\n","protected":false},"excerpt":{"rendered":"<p>Uma crian\u00e7a de tr\u00eas anos foi esquecida na noite desta ter\u00e7a-feira (13), em uma creche no Jardim Jandaia, na zona Norte de Ribeir\u00e3o Preto. O&#8230;<\/p>\n","protected":false},"author":1,"featured_media":56532,"comment_status":"open","ping_status":"open","sticky":false,"template":"","format":"standard","meta":{"advanced_seo_description":"","jetpack_seo_html_title":"","jetpack_seo_noindex":false,"jetpack_post_was_ever_published":false,"_jetpack_newsletter_access":"","_jetpack_dont_email_post_to_subs":false,"_jetpack_newsletter_tier_id":0,"_jetpack_memberships_contains_paywalled_content":false,"_jetpack_memberships_contains_paid_content":false,"footnotes":"","jetpack_publicize_message":"","jetpack_publicize_feature_enabled":true,"jetpack_social_post_already_shared":true,"jetpack_social_options":{"image_generator_settings":{"template":"highway","default_image_id":0,"font":"","enabled":false},"version":2}},"categories":[11],"tags":[],"class_list":["post-56531","post","type-post","status-publish","format-standard","has-post-thumbnail","hentry","category-noticias-de-ribeirao-preto-sp-e-regiao-ismael-colosi"],"jetpack_publicize_connections":[],"jetpack_featured_media_url":"https:\/\/i0.wp.com\/noticiasribeiraopreto.com.br\/wp-content\/uploads\/2024\/08\/cpj_1024x576_21012021092745.jpg?fit=1024%2C575&ssl=1","jetpack-related-posts":[{"id":56529,"url":"https:\/\/noticiasribeiraopreto.com.br\/index.php\/2024\/08\/14\/mulher-e-resgatada-de-condicoes-analogas-a-escravidao-na-regiao-de-ribeirao-preto\/","url_meta":{"origin":56531,"position":0},"title":"Mulher \u00e9 resgatada de condi\u00e7\u00f5es an\u00e1logas \u00e0 escravid\u00e3o na regi\u00e3o de Ribeir\u00e3o Preto","author":"noticiasribeiraopreto.com.br","date":"14 de August de 2024","format":false,"excerpt":"Uma trabalhadora dom\u00e9stica de 51 anos foi resgatada de condi\u00e7\u00f5es an\u00e1logas \u00e0 escravid\u00e3o em Santa Rosa de Viterbo, na regi\u00e3o de Ribeir\u00e3o Preto, nesta ter\u00e7a-feira (13). A opera\u00e7\u00e3o foi realizada pelo Minist\u00e9rio P\u00fablico do Trabalho (MPT), Minist\u00e9rio do Trabalho e Emprego (MTE) e Pol\u00edcia Rodovi\u00e1ria Federal (PRF). De acordo com\u2026","rel":"","context":"In &quot;Not\u00edcias de Ribeir\u00e3o Preto-SP e Regi\u00e3o&quot;","block_context":{"text":"Not\u00edcias de Ribeir\u00e3o Preto-SP e Regi\u00e3o","link":"https:\/\/noticiasribeiraopreto.com.br\/index.php\/category\/noticias-de-ribeirao-preto-sp-e-regiao-ismael-colosi\/"},"img":{"alt_text":"","src":"https:\/\/i0.wp.com\/noticiasribeiraopreto.com.br\/wp-content\/uploads\/2024\/08\/WhatsApp-Image-2024-08-14-at-12.33.03_2024-08-14_16-57-41_jpeg_2024-08-14_16-57-41.webp.webp?fit=1200%2C900&ssl=1&resize=350%2C200","width":350,"height":200,"srcset":"https:\/\/i0.wp.com\/noticiasribeiraopreto.com.br\/wp-content\/uploads\/2024\/08\/WhatsApp-Image-2024-08-14-at-12.33.03_2024-08-14_16-57-41_jpeg_2024-08-14_16-57-41.webp.webp?fit=1200%2C900&ssl=1&resize=350%2C200 1x, https:\/\/i0.wp.com\/noticiasribeiraopreto.com.br\/wp-content\/uploads\/2024\/08\/WhatsApp-Image-2024-08-14-at-12.33.03_2024-08-14_16-57-41_jpeg_2024-08-14_16-57-41.webp.webp?fit=1200%2C900&ssl=1&resize=525%2C300 1.5x, https:\/\/i0.wp.com\/noticiasribeiraopreto.com.br\/wp-content\/uploads\/2024\/08\/WhatsApp-Image-2024-08-14-at-12.33.03_2024-08-14_16-57-41_jpeg_2024-08-14_16-57-41.webp.webp?fit=1200%2C900&ssl=1&resize=700%2C400 2x, https:\/\/i0.wp.com\/noticiasribeiraopreto.com.br\/wp-content\/uploads\/2024\/08\/WhatsApp-Image-2024-08-14-at-12.33.03_2024-08-14_16-57-41_jpeg_2024-08-14_16-57-41.webp.webp?fit=1200%2C900&ssl=1&resize=1050%2C600 3x"},"classes":[]},{"id":77014,"url":"https:\/\/noticiasribeiraopreto.com.br\/index.php\/2025\/09\/10\/creche-realiza-cha-beneficente-para-arrecadar-fundos-e-manter-atividades-em-ribeirao\/","url_meta":{"origin":56531,"position":1},"title":"Creche realiza &#8216;Ch\u00e1 Beneficente&#8217; para arrecadar fundos e manter atividades em Ribeir\u00e3o","author":"noticiasribeiraopreto.com.br","date":"10 de September de 2025","format":false,"excerpt":"Ribeir\u00e3o Preto recebe no dia 08 de outubro, a partir das 14h, o tradicional \u201cCh\u00e1 Beneficente\u201d da Creche Modelo da Vila Virg\u00ednia. O evento acontece em um hotel localizado na avenida Maur\u00edlio Biagi, 1.577, no bairro Ribeir\u00e2nia, zona Leste de Ribeir\u00e3o Preto. O evento tem como objetivo arrecadar recursos para\u2026","rel":"","context":"In &quot;Not\u00edcias de Ribeir\u00e3o Preto-SP e Regi\u00e3o&quot;","block_context":{"text":"Not\u00edcias de Ribeir\u00e3o Preto-SP e Regi\u00e3o","link":"https:\/\/noticiasribeiraopreto.com.br\/index.php\/category\/noticias-de-ribeirao-preto-sp-e-regiao-ismael-colosi\/"},"img":{"alt_text":"","src":"https:\/\/i0.wp.com\/noticiasribeiraopreto.com.br\/wp-content\/uploads\/2025\/09\/WhatsApp-Image-2025-09-10-at-11.40.08_2025-09-10_14-53-45.webp.webp?fit=1200%2C1084&ssl=1&resize=350%2C200","width":350,"height":200,"srcset":"https:\/\/i0.wp.com\/noticiasribeiraopreto.com.br\/wp-content\/uploads\/2025\/09\/WhatsApp-Image-2025-09-10-at-11.40.08_2025-09-10_14-53-45.webp.webp?fit=1200%2C1084&ssl=1&resize=350%2C200 1x, https:\/\/i0.wp.com\/noticiasribeiraopreto.com.br\/wp-content\/uploads\/2025\/09\/WhatsApp-Image-2025-09-10-at-11.40.08_2025-09-10_14-53-45.webp.webp?fit=1200%2C1084&ssl=1&resize=525%2C300 1.5x, https:\/\/i0.wp.com\/noticiasribeiraopreto.com.br\/wp-content\/uploads\/2025\/09\/WhatsApp-Image-2025-09-10-at-11.40.08_2025-09-10_14-53-45.webp.webp?fit=1200%2C1084&ssl=1&resize=700%2C400 2x, https:\/\/i0.wp.com\/noticiasribeiraopreto.com.br\/wp-content\/uploads\/2025\/09\/WhatsApp-Image-2025-09-10-at-11.40.08_2025-09-10_14-53-45.webp.webp?fit=1200%2C1084&ssl=1&resize=1050%2C600 3x"},"classes":[]},{"id":81539,"url":"https:\/\/noticiasribeiraopreto.com.br\/index.php\/2026\/01\/09\/impasse-entre-prefeitura-de-ribeirao-e-entidades-preocupa-pais-de-criancas-matriculadas-em-creches-conveniadas\/","url_meta":{"origin":56531,"position":2},"title":"Impasse entre Prefeitura de Ribeir\u00e3o e entidades preocupa pais de crian\u00e7as matriculadas em creches conveniadas","author":"noticiasribeiraopreto.com.br","date":"9 de January de 2026","format":false,"excerpt":"Um comunicado assinado pela Unef (Uni\u00e3o das Entidades Filantr\u00f3picas de Ribeir\u00e3o Preto) deixou preocupados os pais de crian\u00e7as matriculadas em 29 creches e escolas conveniadas com a Prefeitura de Ribeir\u00e3o Preto. Isso porque o aviso afirma que as aulas seriam suspensas por per\u00edodo indeterminado a partir desta sexta-feira (9) \u2013\u2026","rel":"","context":"In &quot;Not\u00edcias de Ribeir\u00e3o Preto-SP e Regi\u00e3o&quot;","block_context":{"text":"Not\u00edcias de Ribeir\u00e3o Preto-SP e Regi\u00e3o","link":"https:\/\/noticiasribeiraopreto.com.br\/index.php\/category\/noticias-de-ribeirao-preto-sp-e-regiao-ismael-colosi\/"},"img":{"alt_text":"","src":"https:\/\/i0.wp.com\/noticiasribeiraopreto.com.br\/wp-content\/uploads\/2026\/01\/creche-1_2026-01-08_20-29-40.webp.webp?fit=1200%2C799&ssl=1&resize=350%2C200","width":350,"height":200,"srcset":"https:\/\/i0.wp.com\/noticiasribeiraopreto.com.br\/wp-content\/uploads\/2026\/01\/creche-1_2026-01-08_20-29-40.webp.webp?fit=1200%2C799&ssl=1&resize=350%2C200 1x, https:\/\/i0.wp.com\/noticiasribeiraopreto.com.br\/wp-content\/uploads\/2026\/01\/creche-1_2026-01-08_20-29-40.webp.webp?fit=1200%2C799&ssl=1&resize=525%2C300 1.5x, https:\/\/i0.wp.com\/noticiasribeiraopreto.com.br\/wp-content\/uploads\/2026\/01\/creche-1_2026-01-08_20-29-40.webp.webp?fit=1200%2C799&ssl=1&resize=700%2C400 2x, https:\/\/i0.wp.com\/noticiasribeiraopreto.com.br\/wp-content\/uploads\/2026\/01\/creche-1_2026-01-08_20-29-40.webp.webp?fit=1200%2C799&ssl=1&resize=1050%2C600 3x"},"classes":[]},{"id":82738,"url":"https:\/\/noticiasribeiraopreto.com.br\/index.php\/2026\/02\/25\/recem-nascido-e-encontrado-dentro-de-lixeira-na-regiao-de-ribeirao-preto\/","url_meta":{"origin":56531,"position":3},"title":"Rec\u00e9m-nascido \u00e9 encontrado dentro de lixeira na regi\u00e3o de Ribeir\u00e3o Preto","author":"noticiasribeiraopreto.com.br","date":"25 de February de 2026","format":false,"excerpt":"Uma crian\u00e7a rec\u00e9m-nascida foi encontrada dentro de uma lixeira, na tarde desta ter\u00e7a-feira (24), em Guariba, cidade que fica a cerca de 57 km de Ribeir\u00e3o Preto. De acordo com a Pol\u00edcia Militar, o beb\u00ea foi localizado por populares, que ouviram choro vindo do interior da lixeira. Ao verificarem a\u2026","rel":"","context":"In &quot;Not\u00edcias de Ribeir\u00e3o Preto-SP e Regi\u00e3o&quot;","block_context":{"text":"Not\u00edcias de Ribeir\u00e3o Preto-SP e Regi\u00e3o","link":"https:\/\/noticiasribeiraopreto.com.br\/index.php\/category\/noticias-de-ribeirao-preto-sp-e-regiao-ismael-colosi\/"},"img":{"alt_text":"","src":"https:\/\/i0.wp.com\/noticiasribeiraopreto.com.br\/wp-content\/uploads\/2026\/02\/domingo-11_2026-02-24_21-52-26.webp.webp?fit=1200%2C675&ssl=1&resize=350%2C200","width":350,"height":200,"srcset":"https:\/\/i0.wp.com\/noticiasribeiraopreto.com.br\/wp-content\/uploads\/2026\/02\/domingo-11_2026-02-24_21-52-26.webp.webp?fit=1200%2C675&ssl=1&resize=350%2C200 1x, https:\/\/i0.wp.com\/noticiasribeiraopreto.com.br\/wp-content\/uploads\/2026\/02\/domingo-11_2026-02-24_21-52-26.webp.webp?fit=1200%2C675&ssl=1&resize=525%2C300 1.5x, https:\/\/i0.wp.com\/noticiasribeiraopreto.com.br\/wp-content\/uploads\/2026\/02\/domingo-11_2026-02-24_21-52-26.webp.webp?fit=1200%2C675&ssl=1&resize=700%2C400 2x, https:\/\/i0.wp.com\/noticiasribeiraopreto.com.br\/wp-content\/uploads\/2026\/02\/domingo-11_2026-02-24_21-52-26.webp.webp?fit=1200%2C675&ssl=1&resize=1050%2C600 3x"},"classes":[]},{"id":41532,"url":"https:\/\/noticiasribeiraopreto.com.br\/index.php\/2024\/03\/08\/o-que-se-sabe-sobre-mae-acusada-de-agredir-filha-de-3-anos-em-ribeirao-preto\/","url_meta":{"origin":56531,"position":4},"title":"O que se sabe sobre m\u00e3e acusada de agredir filha de 3 anos em Ribeir\u00e3o Preto","author":"noticiasribeiraopreto.com.br","date":"8 de March de 2024","format":false,"excerpt":"A mulher que foi presa ap\u00f3s agredir uma das filhas de apenas tr\u00eas anos de idade recebeu liberdade provis\u00f3ria na quinta-feira (7), ap\u00f3s passar por audi\u00eancia de cust\u00f3dia realizada pelo Tribunal de Justi\u00e7a de S\u00e3o Paulo. Mesmo em liberdade, a m\u00e3e de duas crian\u00e7as ter\u00e1 que cumprir algumas medidas cautelares\u2026","rel":"","context":"In &quot;Not\u00edcias de Ribeir\u00e3o Preto-SP e Regi\u00e3o&quot;","block_context":{"text":"Not\u00edcias de Ribeir\u00e3o Preto-SP e Regi\u00e3o","link":"https:\/\/noticiasribeiraopreto.com.br\/index.php\/category\/noticias-de-ribeirao-preto-sp-e-regiao-ismael-colosi\/"},"img":{"alt_text":"","src":"https:\/\/i0.wp.com\/noticiasribeiraopreto.com.br\/wp-content\/uploads\/2024\/03\/WhatsApp-Image-2023-12-09-at-13.55.44.jpeg?fit=1024%2C576&ssl=1&resize=350%2C200","width":350,"height":200,"srcset":"https:\/\/i0.wp.com\/noticiasribeiraopreto.com.br\/wp-content\/uploads\/2024\/03\/WhatsApp-Image-2023-12-09-at-13.55.44.jpeg?fit=1024%2C576&ssl=1&resize=350%2C200 1x, https:\/\/i0.wp.com\/noticiasribeiraopreto.com.br\/wp-content\/uploads\/2024\/03\/WhatsApp-Image-2023-12-09-at-13.55.44.jpeg?fit=1024%2C576&ssl=1&resize=525%2C300 1.5x, https:\/\/i0.wp.com\/noticiasribeiraopreto.com.br\/wp-content\/uploads\/2024\/03\/WhatsApp-Image-2023-12-09-at-13.55.44.jpeg?fit=1024%2C576&ssl=1&resize=700%2C400 2x"},"classes":[]},{"id":7355,"url":"https:\/\/noticiasribeiraopreto.com.br\/index.php\/2023\/11\/28\/motorista-de-creche-e-acusado-de-aliciar-criancas-para-obter-videos-intimos-das-maes-policia-investiga\/","url_meta":{"origin":56531,"position":5},"title":"Motorista de creche \u00e9 acusado de aliciar crian\u00e7as para obter v\u00eddeos \u00edntimos das m\u00e3es; pol\u00edcia investiga","author":"noticiasribeiraopreto.com.br","date":"28 de November de 2023","format":false,"excerpt":"Uma m\u00e3e de Alagoas, em Macei\u00f3, procurou a pol\u00edcia ap\u00f3s fazer uma descoberta perturbadora no telefone da filha. Segundo a mulher, a menina havia sido aliciada pelo motorista da creche onde a menina frequentava.A m\u00e3e descobriu o caso ap\u00f3s mexer no telefone ao qual a crian\u00e7a tinha acesso. Segundo ela,\u2026","rel":"","context":"In &quot;Blog&quot;","block_context":{"text":"Blog","link":"https:\/\/noticiasribeiraopreto.com.br\/index.php\/category\/blog\/"},"img":{"alt_text":"","src":"https:\/\/i0.wp.com\/noticiasribeiraopreto.com.br\/wp-content\/uploads\/2023\/11\/postimg-65656c38936bd4655.jpg?fit=1200%2C628&ssl=1&resize=350%2C200","width":350,"height":200,"srcset":"https:\/\/i0.wp.com\/noticiasribeiraopreto.com.br\/wp-content\/uploads\/2023\/11\/postimg-65656c38936bd4655.jpg?fit=1200%2C628&ssl=1&resize=350%2C200 1x, https:\/\/i0.wp.com\/noticiasribeiraopreto.com.br\/wp-content\/uploads\/2023\/11\/postimg-65656c38936bd4655.jpg?fit=1200%2C628&ssl=1&resize=525%2C300 1.5x, https:\/\/i0.wp.com\/noticiasribeiraopreto.com.br\/wp-content\/uploads\/2023\/11\/postimg-65656c38936bd4655.jpg?fit=1200%2C628&ssl=1&resize=700%2C400 2x, https:\/\/i0.wp.com\/noticiasribeiraopreto.com.br\/wp-content\/uploads\/2023\/11\/postimg-65656c38936bd4655.jpg?fit=1200%2C628&ssl=1&resize=1050%2C600 3x"},"classes":[]}],"jetpack_sharing_enabled":true,"jetpack_shortlink":"https:\/\/wp.me\/peQAOb-eHN","_links":{"self":[{"href":"https:\/\/noticiasribeiraopreto.com.br\/index.php\/wp-json\/wp\/v2\/posts\/56531","targetHints":{"allow":["GET"]}}],"collection":[{"href":"https:\/\/noticiasribeiraopreto.com.br\/index.php\/wp-json\/wp\/v2\/posts"}],"about":[{"href":"https:\/\/noticiasribeiraopreto.com.br\/index.php\/wp-json\/wp\/v2\/types\/post"}],"author":[{"embeddable":true,"href":"https:\/\/noticiasribeiraopreto.com.br\/index.php\/wp-json\/wp\/v2\/users\/1"}],"replies":[{"embeddable":true,"href":"https:\/\/noticiasribeiraopreto.com.br\/index.php\/wp-json\/wp\/v2\/comments?post=56531"}],"version-history":[{"count":0,"href":"https:\/\/noticiasribeiraopreto.com.br\/index.php\/wp-json\/wp\/v2\/posts\/56531\/revisions"}],"wp:featuredmedia":[{"embeddable":true,"href":"https:\/\/noticiasribeiraopreto.com.br\/index.php\/wp-json\/wp\/v2\/media\/56532"}],"wp:attachment":[{"href":"https:\/\/noticiasribeiraopreto.com.br\/index.php\/wp-json\/wp\/v2\/media?parent=56531"}],"wp:term":[{"taxonomy":"category","embeddable":true,"href":"https:\/\/noticiasribeiraopreto.com.br\/index.php\/wp-json\/wp\/v2\/categories?post=56531"},{"taxonomy":"post_tag","embeddable":true,"href":"https:\/\/noticiasribeiraopreto.com.br\/index.php\/wp-json\/wp\/v2\/tags?post=56531"}],"curies":[{"name":"wp","href":"https:\/\/api.w.org\/{rel}","templated":true}]}}