{"id":56535,"date":"2024-08-14T14:35:43","date_gmt":"2024-08-14T17:35:43","guid":{"rendered":"https:\/\/noticiasribeiraopreto.com.br\/index.php\/2024\/08\/14\/sesi-ribeirao-preto-tem-espetaculo-de-sapateado-gratuito-confira\/"},"modified":"2024-08-14T14:35:43","modified_gmt":"2024-08-14T17:35:43","slug":"sesi-ribeirao-preto-tem-espetaculo-de-sapateado-gratuito-confira","status":"publish","type":"post","link":"https:\/\/noticiasribeiraopreto.com.br\/index.php\/2024\/08\/14\/sesi-ribeirao-preto-tem-espetaculo-de-sapateado-gratuito-confira\/","title":{"rendered":"Sesi Ribeir\u00e3o Preto tem espet\u00e1culo de sapateado gratuito; Confira"},"content":{"rendered":"<p> <br \/>\n<\/p>\n<div data-td-block-uid=\"tdi_106\">\n<div class=\"tdb-block-inner td-fix-index\">\n<p>O<strong> Centro Cultural Sesi Ribeir\u00e3o Preto<\/strong> receber\u00e1 uma <strong>temporada gratuita<\/strong> do espet\u00e1culo de sapateado \u201c<strong>Eu s\u00f3 dan\u00e7arei com voc\u00ea<\/strong>\u201d, apresentado pela <strong>Cia. P\u00e9 na T\u00e1bua<\/strong>.<\/p>\n<p>O espet\u00e1culo traz a proposta de que todos podem contar hist\u00f3rias atrav\u00e9s dos <strong>gestos <\/strong>e <strong>sons<\/strong> com o <strong>pr\u00f3prio corpo<\/strong>. Al\u00e9m de convidar o p\u00fablico \u00e0 intera\u00e7\u00e3o em uma viv\u00eancia na qual <strong>Libras<\/strong>, <strong>percuss\u00e3o corporal<\/strong> e <strong>sapateado<\/strong> se encontram, dando lugar a uma dan\u00e7a inusitada.<\/p>\n<p>As apresenta\u00e7\u00f5es acontecem nos dias <strong>17, 18, 24 e 25 <\/strong>de <strong>agosto<\/strong> \u00e0s <strong>16h<\/strong>, e no dia <strong>23 de agosto<\/strong> a apresenta\u00e7\u00e3o acontece \u00e0s <strong>19h<\/strong>. <mark style=\"background-color:#fcb900\" class=\"has-inline-color has-black-color\">A classifica\u00e7\u00e3o indicativa \u00e9 livre.<\/mark><\/p>\n<p>Apesar de a<strong> entrada ser gratuita<\/strong>, tamb\u00e9m \u00e9 necess\u00e1rio reservar atrav\u00e9s do sistema <strong>on-line<\/strong> (<a href=\"https:\/\/www.sesisp.org.br\/evento\/0d344198-e13b-4cb8-a4c4-403ab55bf65c\/eu-s-danarei-com-voc\" target=\"_blank\" rel=\"noreferrer noopener\">clique aqui<\/a>). O <strong>Sesi Ribeir\u00e3o<\/strong> fica localizado na <strong>rua Jo\u00e3o Ignacchitti<\/strong>, no <strong>Jardim Castelo Branco<\/strong>.<\/p>\n<h4 class=\"wp-block-heading\"><strong>Servi\u00e7o<\/strong><\/h4>\n<p><strong>Eu s\u00f3 dan\u00e7arei com voc\u00ea <\/strong><\/p>\n<p>Quando: 17, 18, 23, 24 e 25 de agosto, fim de semana<br \/>Hor\u00e1rio: 17, 18, 24 e 25 de agosto \u00e0s 16h e dia 23 de agosto \u00e0s 19h<br \/>Local: Centro Cultural Sesi Ribeir\u00e3o Preto<\/p>\n<p>SAIBA MAIS<br \/>Cia Minaz estreia \u00f3pera \u2018O Afiador de Facas\u2019 com entrada gratuita em Ribeir\u00e3o Preto<\/p>\n<h4 class=\"wp-block-heading\"><strong>FIQUE ON<\/strong><\/h4>\n<p>Fique ligado em tudo que acontece em Ribeir\u00e3o Preto e regi\u00e3o. Siga os perfis do <strong>acidade on <\/strong>no <a href=\"https:\/\/www.instagram.com\/acidadeonribeirao\" target=\"_blank\" rel=\"noreferrer noopener\">Instagram<\/a> e no <a href=\"https:\/\/www.facebook.com\/acidadeonribeirao\" target=\"_blank\" rel=\"noreferrer noopener\">Facebook<\/a>.<\/p>\n<p>Receba not\u00edcias do acidade on no WhatsApp. Para entrar no grupo, basta <a href=\"https:\/\/chat.whatsapp.com\/Dtv9mxhy6V5BJBotM2OQ5k\" target=\"_blank\" rel=\"noreferrer noopener\">clicar aqui<\/a>.<\/p>\n<p>Fa\u00e7a uma den\u00fancia ou sugira uma reportagem sobre Ribeir\u00e3o Preto e regi\u00e3o pelo WhatsApp: 16 99117 7802.<\/p>\n<p>VEJA TAMB\u00c9M<br \/>Quando termina a novela \u201cAlma G\u00eamea\u201d?<\/p>\n<p><!-- CONTENT END 1 -->\n<\/div>\n<\/div>\n<p><script async src=\"\/\/www.instagram.com\/embed.js\"><\/script><br \/>\n<br \/><br \/>\n<br \/><a href=\"https:\/\/www.acidadeon.com\/ribeiraopreto\/lazer-e-cultura\/sesi-ribeirao-preto-tem-espetaculo-de-sapateado-gratuito-confira\/\">Source link <\/a><\/p>\n","protected":false},"excerpt":{"rendered":"<p>O Centro Cultural Sesi Ribeir\u00e3o Preto receber\u00e1 uma temporada gratuita do espet\u00e1culo de sapateado \u201cEu s\u00f3 dan\u00e7arei com voc\u00ea\u201d, apresentado pela Cia. P\u00e9 na T\u00e1bua&#8230;.<\/p>\n","protected":false},"author":1,"featured_media":56536,"comment_status":"open","ping_status":"open","sticky":false,"template":"","format":"standard","meta":{"advanced_seo_description":"","jetpack_seo_html_title":"","jetpack_seo_noindex":false,"jetpack_post_was_ever_published":false,"_jetpack_newsletter_access":"","_jetpack_dont_email_post_to_subs":false,"_jetpack_newsletter_tier_id":0,"_jetpack_memberships_contains_paywalled_content":false,"_jetpack_memberships_contains_paid_content":false,"footnotes":"","jetpack_publicize_message":"","jetpack_publicize_feature_enabled":true,"jetpack_social_post_already_shared":true,"jetpack_social_options":{"image_generator_settings":{"template":"highway","default_image_id":0,"font":"","enabled":false},"version":2}},"categories":[11],"tags":[],"class_list":["post-56535","post","type-post","status-publish","format-standard","has-post-thumbnail","hentry","category-noticias-de-ribeirao-preto-sp-e-regiao-ismael-colosi"],"jetpack_publicize_connections":[],"jetpack_featured_media_url":"https:\/\/i0.wp.com\/noticiasribeiraopreto.com.br\/wp-content\/uploads\/2024\/08\/b645a86f-2604-415c-a5c4-a99e537e15d0_2024-08-14_16-19-51_png_2024-08-14_16-19-52.webp.webp?fit=1066%2C600&ssl=1","jetpack-related-posts":[{"id":79271,"url":"https:\/\/noticiasribeiraopreto.com.br\/index.php\/2025\/10\/28\/sesi-ribeirao-realiza-semana-gratuita-da-danca-veja-programacao\/","url_meta":{"origin":56535,"position":0},"title":"Sesi Ribeir\u00e3o realiza semana gratuita da dan\u00e7a; veja programa\u00e7\u00e3o","author":"noticiasribeiraopreto.com.br","date":"28 de October de 2025","format":false,"excerpt":"O Sesi Ribeir\u00e3o Preto promove entre os dias 30 de outubro a 2 de novembro o projeto \u201cCorpos em Cena\u201d, que contar\u00e1 com apresenta\u00e7\u00f5es, oficinas e viv\u00eancias que transitam entre o sapateado, dan\u00e7a contempor\u00e2nea e voguing. As atividades ficam por conta de grupos e artistas locais. Todas as atra\u00e7\u00f5es s\u00e3o\u2026","rel":"","context":"In &quot;Not\u00edcias de Ribeir\u00e3o Preto-SP e Regi\u00e3o&quot;","block_context":{"text":"Not\u00edcias de Ribeir\u00e3o Preto-SP e Regi\u00e3o","link":"https:\/\/noticiasribeiraopreto.com.br\/index.php\/category\/noticias-de-ribeirao-preto-sp-e-regiao-ismael-colosi\/"},"img":{"alt_text":"","src":"https:\/\/i0.wp.com\/noticiasribeiraopreto.com.br\/wp-content\/uploads\/2025\/10\/c497a2e1-34bd-4901-b39a-9e126d262a38_2025-10-28_14-32-13.webp.webp?fit=1200%2C800&ssl=1&resize=350%2C200","width":350,"height":200,"srcset":"https:\/\/i0.wp.com\/noticiasribeiraopreto.com.br\/wp-content\/uploads\/2025\/10\/c497a2e1-34bd-4901-b39a-9e126d262a38_2025-10-28_14-32-13.webp.webp?fit=1200%2C800&ssl=1&resize=350%2C200 1x, https:\/\/i0.wp.com\/noticiasribeiraopreto.com.br\/wp-content\/uploads\/2025\/10\/c497a2e1-34bd-4901-b39a-9e126d262a38_2025-10-28_14-32-13.webp.webp?fit=1200%2C800&ssl=1&resize=525%2C300 1.5x, https:\/\/i0.wp.com\/noticiasribeiraopreto.com.br\/wp-content\/uploads\/2025\/10\/c497a2e1-34bd-4901-b39a-9e126d262a38_2025-10-28_14-32-13.webp.webp?fit=1200%2C800&ssl=1&resize=700%2C400 2x, https:\/\/i0.wp.com\/noticiasribeiraopreto.com.br\/wp-content\/uploads\/2025\/10\/c497a2e1-34bd-4901-b39a-9e126d262a38_2025-10-28_14-32-13.webp.webp?fit=1200%2C800&ssl=1&resize=1050%2C600 3x"},"classes":[]},{"id":78646,"url":"https:\/\/noticiasribeiraopreto.com.br\/index.php\/2025\/10\/15\/sesi-ribeirao-recebe-espetaculo-que-traz-reflexoes-sobre-racismo-no-brasil\/","url_meta":{"origin":56535,"position":1},"title":"Sesi Ribeir\u00e3o recebe espet\u00e1culo que traz reflex\u00f5es sobre racismo no Brasil","author":"noticiasribeiraopreto.com.br","date":"15 de October de 2025","format":false,"excerpt":"O Sesi Ribeir\u00e3o Preto recebe a pe\u00e7a \u201cContos Negreiros do Brasil\u201d, entre os dias 17 a 19 de outubro. Com dire\u00e7\u00e3o de Fernando Philbert, o espet\u00e1culo apresenta a certeza de que o racismo \u00e9 o motor de guerras e fissuras sociais profundas. A entrada \u00e9 gratuita mediante a reserva de\u2026","rel":"","context":"In &quot;Not\u00edcias de Ribeir\u00e3o Preto-SP e Regi\u00e3o&quot;","block_context":{"text":"Not\u00edcias de Ribeir\u00e3o Preto-SP e Regi\u00e3o","link":"https:\/\/noticiasribeiraopreto.com.br\/index.php\/category\/noticias-de-ribeirao-preto-sp-e-regiao-ismael-colosi\/"},"img":{"alt_text":"","src":"https:\/\/i0.wp.com\/noticiasribeiraopreto.com.br\/wp-content\/uploads\/2025\/10\/1ff47a34-c559-4a6a-9961-a0946c9d319e_2025-10-15_13-25-29.webp.webp?fit=1066%2C600&ssl=1&resize=350%2C200","width":350,"height":200,"srcset":"https:\/\/i0.wp.com\/noticiasribeiraopreto.com.br\/wp-content\/uploads\/2025\/10\/1ff47a34-c559-4a6a-9961-a0946c9d319e_2025-10-15_13-25-29.webp.webp?fit=1066%2C600&ssl=1&resize=350%2C200 1x, https:\/\/i0.wp.com\/noticiasribeiraopreto.com.br\/wp-content\/uploads\/2025\/10\/1ff47a34-c559-4a6a-9961-a0946c9d319e_2025-10-15_13-25-29.webp.webp?fit=1066%2C600&ssl=1&resize=525%2C300 1.5x, https:\/\/i0.wp.com\/noticiasribeiraopreto.com.br\/wp-content\/uploads\/2025\/10\/1ff47a34-c559-4a6a-9961-a0946c9d319e_2025-10-15_13-25-29.webp.webp?fit=1066%2C600&ssl=1&resize=700%2C400 2x, https:\/\/i0.wp.com\/noticiasribeiraopreto.com.br\/wp-content\/uploads\/2025\/10\/1ff47a34-c559-4a6a-9961-a0946c9d319e_2025-10-15_13-25-29.webp.webp?fit=1066%2C600&ssl=1&resize=1050%2C600 3x"},"classes":[]},{"id":68911,"url":"https:\/\/noticiasribeiraopreto.com.br\/index.php\/2025\/04\/30\/sesi-ribeirao-preto-recebe-temporada-do-espetaculo-floresta-dos-misterios\/","url_meta":{"origin":56535,"position":2},"title":"Sesi Ribeir\u00e3o Preto recebe temporada do espet\u00e1culo \u2018Floresta dos Mist\u00e9rios\u2019","author":"noticiasribeiraopreto.com.br","date":"30 de April de 2025","format":false,"excerpt":"O Sesi Ribeir\u00e3o Preto receber\u00e1 uma temporada gratuita do espet\u00e1culo \u201cFloresta dos Mist\u00e9rios\u201d entre os dias 8 a 18 de maio. As reservas de ingressos estar\u00e3o liberadas a partir desta quinta-feira (1\u00ba de maio). A hist\u00f3ria se passa na cidade de Micr\u00f3polis, onde fica a Floresta dos Mist\u00e9rios, que est\u00e1\u2026","rel":"","context":"In &quot;Not\u00edcias de Ribeir\u00e3o Preto-SP e Regi\u00e3o&quot;","block_context":{"text":"Not\u00edcias de Ribeir\u00e3o Preto-SP e Regi\u00e3o","link":"https:\/\/noticiasribeiraopreto.com.br\/index.php\/category\/noticias-de-ribeirao-preto-sp-e-regiao-ismael-colosi\/"},"img":{"alt_text":"","src":"https:\/\/i0.wp.com\/noticiasribeiraopreto.com.br\/wp-content\/uploads\/2025\/04\/RESISTENCIA-E-CONQUISTA_2025-04-30_12-14-04.webp.webp?fit=1066%2C600&ssl=1&resize=350%2C200","width":350,"height":200,"srcset":"https:\/\/i0.wp.com\/noticiasribeiraopreto.com.br\/wp-content\/uploads\/2025\/04\/RESISTENCIA-E-CONQUISTA_2025-04-30_12-14-04.webp.webp?fit=1066%2C600&ssl=1&resize=350%2C200 1x, https:\/\/i0.wp.com\/noticiasribeiraopreto.com.br\/wp-content\/uploads\/2025\/04\/RESISTENCIA-E-CONQUISTA_2025-04-30_12-14-04.webp.webp?fit=1066%2C600&ssl=1&resize=525%2C300 1.5x, https:\/\/i0.wp.com\/noticiasribeiraopreto.com.br\/wp-content\/uploads\/2025\/04\/RESISTENCIA-E-CONQUISTA_2025-04-30_12-14-04.webp.webp?fit=1066%2C600&ssl=1&resize=700%2C400 2x, https:\/\/i0.wp.com\/noticiasribeiraopreto.com.br\/wp-content\/uploads\/2025\/04\/RESISTENCIA-E-CONQUISTA_2025-04-30_12-14-04.webp.webp?fit=1066%2C600&ssl=1&resize=1050%2C600 3x"},"classes":[]},{"id":60316,"url":"https:\/\/noticiasribeiraopreto.com.br\/index.php\/2024\/11\/11\/sesi-ribeirao-preto-recebe-espetaculo-de-danca-com-entrada-gratuita\/","url_meta":{"origin":56535,"position":3},"title":"Sesi Ribeir\u00e3o Preto recebe espet\u00e1culo de dan\u00e7a com entrada gratuita","author":"noticiasribeiraopreto.com.br","date":"11 de November de 2024","format":false,"excerpt":"O Centro Cultural Sesi Ribeir\u00e3o Preto recebe, entre os dias 15 e 17 de novembro, o espet\u00e1culo Ou 9 ou 80, que utiliza o passinho e o funk para narrar as hist\u00f3rias de dois crimes que marcaram o Rio de Janeiro e S\u00e3o Paulo. A entrada \u00e9 gratuita e aberta\u2026","rel":"","context":"In &quot;Not\u00edcias de Ribeir\u00e3o Preto-SP e Regi\u00e3o&quot;","block_context":{"text":"Not\u00edcias de Ribeir\u00e3o Preto-SP e Regi\u00e3o","link":"https:\/\/noticiasribeiraopreto.com.br\/index.php\/category\/noticias-de-ribeirao-preto-sp-e-regiao-ismael-colosi\/"},"img":{"alt_text":"","src":"https:\/\/i0.wp.com\/noticiasribeiraopreto.com.br\/wp-content\/uploads\/2024\/11\/c80697f7-971e-42ca-affe-a6d1553c27c6_2024-11-11_13-41-57_png_2024-11-11_13-41-57.webp.webp?fit=1066%2C600&ssl=1&resize=350%2C200","width":350,"height":200,"srcset":"https:\/\/i0.wp.com\/noticiasribeiraopreto.com.br\/wp-content\/uploads\/2024\/11\/c80697f7-971e-42ca-affe-a6d1553c27c6_2024-11-11_13-41-57_png_2024-11-11_13-41-57.webp.webp?fit=1066%2C600&ssl=1&resize=350%2C200 1x, https:\/\/i0.wp.com\/noticiasribeiraopreto.com.br\/wp-content\/uploads\/2024\/11\/c80697f7-971e-42ca-affe-a6d1553c27c6_2024-11-11_13-41-57_png_2024-11-11_13-41-57.webp.webp?fit=1066%2C600&ssl=1&resize=525%2C300 1.5x, https:\/\/i0.wp.com\/noticiasribeiraopreto.com.br\/wp-content\/uploads\/2024\/11\/c80697f7-971e-42ca-affe-a6d1553c27c6_2024-11-11_13-41-57_png_2024-11-11_13-41-57.webp.webp?fit=1066%2C600&ssl=1&resize=700%2C400 2x, https:\/\/i0.wp.com\/noticiasribeiraopreto.com.br\/wp-content\/uploads\/2024\/11\/c80697f7-971e-42ca-affe-a6d1553c27c6_2024-11-11_13-41-57_png_2024-11-11_13-41-57.webp.webp?fit=1066%2C600&ssl=1&resize=1050%2C600 3x"},"classes":[]},{"id":43267,"url":"https:\/\/noticiasribeiraopreto.com.br\/index.php\/2024\/03\/20\/sesi-ribeirao-recebe-espetaculo-gratuito-inspirado-nas-festas-dos-anos-60\/","url_meta":{"origin":56535,"position":4},"title":"Sesi Ribeir\u00e3o recebe espet\u00e1culo gratuito inspirado nas festas dos anos 60","author":"noticiasribeiraopreto.com.br","date":"20 de March de 2024","format":false,"excerpt":"No pr\u00f3ximo domingo (24), o Teatro Sesi de Ribeir\u00e3o Preto recebe o show gratuito \u201cMundo Negro\u201d, inspirado nos \u2018Bailes Black\u2019, festas do final da d\u00e9cada de 60. Os interessados podem reservar o ingresso pela internet (Clique aqui). A apresenta\u00e7\u00e3o conta com um repert\u00f3rio recheado de grandes nomes da m\u00fasica como:\u2026","rel":"","context":"In &quot;Not\u00edcias de Ribeir\u00e3o Preto-SP e Regi\u00e3o&quot;","block_context":{"text":"Not\u00edcias de Ribeir\u00e3o Preto-SP e Regi\u00e3o","link":"https:\/\/noticiasribeiraopreto.com.br\/index.php\/category\/noticias-de-ribeirao-preto-sp-e-regiao-ismael-colosi\/"},"img":{"alt_text":"","src":"https:\/\/i0.wp.com\/noticiasribeiraopreto.com.br\/wp-content\/uploads\/2024\/03\/52557169734_f918a908aa_o-scaled.jpg?fit=1200%2C800&ssl=1&resize=350%2C200","width":350,"height":200,"srcset":"https:\/\/i0.wp.com\/noticiasribeiraopreto.com.br\/wp-content\/uploads\/2024\/03\/52557169734_f918a908aa_o-scaled.jpg?fit=1200%2C800&ssl=1&resize=350%2C200 1x, https:\/\/i0.wp.com\/noticiasribeiraopreto.com.br\/wp-content\/uploads\/2024\/03\/52557169734_f918a908aa_o-scaled.jpg?fit=1200%2C800&ssl=1&resize=525%2C300 1.5x, https:\/\/i0.wp.com\/noticiasribeiraopreto.com.br\/wp-content\/uploads\/2024\/03\/52557169734_f918a908aa_o-scaled.jpg?fit=1200%2C800&ssl=1&resize=700%2C400 2x, https:\/\/i0.wp.com\/noticiasribeiraopreto.com.br\/wp-content\/uploads\/2024\/03\/52557169734_f918a908aa_o-scaled.jpg?fit=1200%2C800&ssl=1&resize=1050%2C600 3x"},"classes":[]},{"id":44955,"url":"https:\/\/noticiasribeiraopreto.com.br\/index.php\/2024\/04\/01\/teatro-sesi-de-ribeirao-recebe-dubladora-de-frozen-no-espetaculo-um-seculo-de-jazz-e-blues\/","url_meta":{"origin":56535,"position":5},"title":"Teatro Sesi de Ribeir\u00e3o recebe dubladora de Frozen no espet\u00e1culo &#8216;Um S\u00e9culo de Jazz e Blues&#8217;","author":"noticiasribeiraopreto.com.br","date":"1 de April de 2024","format":false,"excerpt":"O Teatro Sesi de Ribeir\u00e3o Preto recebe no pr\u00f3ximo s\u00e1bado (6), \u00e0s 20h, a cantora e atriz Taryn Szpilman, com um espet\u00e1culo com est\u00e9tica dos anos 40, o \u201cUm S\u00e9culo de Jazz e Blues\u201d. O evento \u00e9 gratuito, por\u00e9m, os ingressos devem ser reservados por meio do site Meu Sesi.\u2026","rel":"","context":"In &quot;Not\u00edcias de Ribeir\u00e3o Preto-SP e Regi\u00e3o&quot;","block_context":{"text":"Not\u00edcias de Ribeir\u00e3o Preto-SP e Regi\u00e3o","link":"https:\/\/noticiasribeiraopreto.com.br\/index.php\/category\/noticias-de-ribeirao-preto-sp-e-regiao-ismael-colosi\/"},"img":{"alt_text":"","src":"https:\/\/i0.wp.com\/noticiasribeiraopreto.com.br\/wp-content\/uploads\/2024\/04\/Copia-de-Copia-de-TAMANHO-EXATO-PARA-FOTOS-NO-SISTEMA-NOVO-8.jpg?fit=1200%2C675&ssl=1&resize=350%2C200","width":350,"height":200,"srcset":"https:\/\/i0.wp.com\/noticiasribeiraopreto.com.br\/wp-content\/uploads\/2024\/04\/Copia-de-Copia-de-TAMANHO-EXATO-PARA-FOTOS-NO-SISTEMA-NOVO-8.jpg?fit=1200%2C675&ssl=1&resize=350%2C200 1x, https:\/\/i0.wp.com\/noticiasribeiraopreto.com.br\/wp-content\/uploads\/2024\/04\/Copia-de-Copia-de-TAMANHO-EXATO-PARA-FOTOS-NO-SISTEMA-NOVO-8.jpg?fit=1200%2C675&ssl=1&resize=525%2C300 1.5x, https:\/\/i0.wp.com\/noticiasribeiraopreto.com.br\/wp-content\/uploads\/2024\/04\/Copia-de-Copia-de-TAMANHO-EXATO-PARA-FOTOS-NO-SISTEMA-NOVO-8.jpg?fit=1200%2C675&ssl=1&resize=700%2C400 2x, https:\/\/i0.wp.com\/noticiasribeiraopreto.com.br\/wp-content\/uploads\/2024\/04\/Copia-de-Copia-de-TAMANHO-EXATO-PARA-FOTOS-NO-SISTEMA-NOVO-8.jpg?fit=1200%2C675&ssl=1&resize=1050%2C600 3x"},"classes":[]}],"jetpack_sharing_enabled":true,"jetpack_shortlink":"https:\/\/wp.me\/peQAOb-eHR","_links":{"self":[{"href":"https:\/\/noticiasribeiraopreto.com.br\/index.php\/wp-json\/wp\/v2\/posts\/56535","targetHints":{"allow":["GET"]}}],"collection":[{"href":"https:\/\/noticiasribeiraopreto.com.br\/index.php\/wp-json\/wp\/v2\/posts"}],"about":[{"href":"https:\/\/noticiasribeiraopreto.com.br\/index.php\/wp-json\/wp\/v2\/types\/post"}],"author":[{"embeddable":true,"href":"https:\/\/noticiasribeiraopreto.com.br\/index.php\/wp-json\/wp\/v2\/users\/1"}],"replies":[{"embeddable":true,"href":"https:\/\/noticiasribeiraopreto.com.br\/index.php\/wp-json\/wp\/v2\/comments?post=56535"}],"version-history":[{"count":0,"href":"https:\/\/noticiasribeiraopreto.com.br\/index.php\/wp-json\/wp\/v2\/posts\/56535\/revisions"}],"wp:featuredmedia":[{"embeddable":true,"href":"https:\/\/noticiasribeiraopreto.com.br\/index.php\/wp-json\/wp\/v2\/media\/56536"}],"wp:attachment":[{"href":"https:\/\/noticiasribeiraopreto.com.br\/index.php\/wp-json\/wp\/v2\/media?parent=56535"}],"wp:term":[{"taxonomy":"category","embeddable":true,"href":"https:\/\/noticiasribeiraopreto.com.br\/index.php\/wp-json\/wp\/v2\/categories?post=56535"},{"taxonomy":"post_tag","embeddable":true,"href":"https:\/\/noticiasribeiraopreto.com.br\/index.php\/wp-json\/wp\/v2\/tags?post=56535"}],"curies":[{"name":"wp","href":"https:\/\/api.w.org\/{rel}","templated":true}]}}