{"id":57100,"date":"2024-08-23T02:31:39","date_gmt":"2024-08-23T05:31:39","guid":{"rendered":"https:\/\/noticiasribeiraopreto.com.br\/index.php\/2024\/08\/23\/restaurante-nosso-prato-em-pontal-sedia-reuniao-da-crans-ribeirao-preto\/"},"modified":"2024-08-23T02:31:39","modified_gmt":"2024-08-23T05:31:39","slug":"restaurante-nosso-prato-em-pontal-sedia-reuniao-da-crans-ribeirao-preto","status":"publish","type":"post","link":"https:\/\/noticiasribeiraopreto.com.br\/index.php\/2024\/08\/23\/restaurante-nosso-prato-em-pontal-sedia-reuniao-da-crans-ribeirao-preto\/","title":{"rendered":"Restaurante Nosso Prato em Pontal Sedia Reuni\u00e3o da CRANS Ribeir\u00e3o Preto"},"content":{"rendered":"<div class='code-block code-block-1' style='margin: 8px 0 8px auto; text-align: right; display: block; clear: both;'>\n<p><a href=\"https:\/\/wa.link\/vpicfd\"><img data-recalc-dims=\"1\" class=\"wp-image-4922\" style=\"aspect-ratio: 2.0253164556962027; width: 561px; height: auto;\" src=\"https:\/\/i0.wp.com\/ismaelcolosi.com.br\/wp-content\/uploads\/2023\/11\/grupo-de-empregos-whatsapp-e-facebook-ismael-colosi-vagas.jpg?ssl=1\" alt=\"\" \/><\/a><\/p>\n<!-- \/wp:image -->\n<\/div>\n<p> <br \/>\n<\/p>\n<p>Na manh\u00e3 do dia 16 de agosto de 2024, o Restaurante Nosso Prato, localizado na Rua Jos\u00e9 Leonel Pupo, 816, em Pontal, foi o palco da reuni\u00e3o da Comiss\u00e3o Regional de Seguran\u00e7a Alimentar e Nutricional Sustent\u00e1vel (CRANS) de Ribeir\u00e3o Preto. O evento, administrado pelo Instituto Acolher, reuniu diversos representantes e autoridades para discutir pautas importantes sobre a seguran\u00e7a alimentar na regi\u00e3o.<\/p>\n<p>A reuni\u00e3o foi aberta por Luciano Botelho Lima, conselheiro titular e coordenador da CRSANS Ribeir\u00e3o Preto, que deu as boas-vindas aos participantes e destacou a import\u00e2ncia do encontro para o fortalecimento das pol\u00edticas de seguran\u00e7a alimentar e nutricional. Em seguida, foram aprovadas as atas das reuni\u00f5es anteriores e justificadas as faltas dos membros ausentes.<\/p>\n<figure id=\"attachment_1210\" aria-describedby=\"caption-attachment-1210\" style=\"width: 1600px\" class=\"wp-caption alignnone\"><img data-recalc-dims=\"1\" loading=\"lazy\" decoding=\"async\" class=\"wp-image-1210 size-full\" src=\"https:\/\/i0.wp.com\/folhaderibeirao.com.br\/wp-content\/uploads\/2024\/08\/Imagem-do-WhatsApp-de-2024-08-18-as-05.37.07_00e98536.jpg?resize=1600%2C747&#038;ssl=1\" alt=\"\" width=\"1600\" height=\"747\" \/><figcaption id=\"caption-attachment-1210\" class=\"wp-caption-text\">Divulga\u00e7\u00e3o<\/figcaption><\/figure>\n<p>Um dos pontos altos da reuni\u00e3o foi o informe sobre a reuni\u00e3o do Conselho Estadual de Seguran\u00e7a Alimentar e Nutricional Sustent\u00e1vel de S\u00e3o Paulo (CONSEA-SP), referente ao m\u00eas de agosto. A equipe do CONSEA-SP tamb\u00e9m apresentou a plataforma Abastece, uma ferramenta inovadora para facilitar as compras p\u00fablicas de alimentos, promovendo a transpar\u00eancia e a efici\u00eancia no processo.<\/p>\n<p>Al\u00e9m disso, foi discutido o cronograma de a\u00e7\u00f5es do CRSANS para os pr\u00f3ximos meses, com foco em iniciativas que visam melhorar a seguran\u00e7a alimentar e nutricional na regi\u00e3o. Entre os informes gerais, destacaram-se a sele\u00e7\u00e3o para a Elei\u00e7\u00e3o 2024 e o Pr\u00eamio Josu\u00e9 de Castro, que reconhece iniciativas de destaque na \u00e1rea de seguran\u00e7a alimentar.<\/p>\n<p>O Restaurante Nosso Prato, administrado pelo Instituto Acolher, foi elogiado pelos participantes pela organiza\u00e7\u00e3o e pelo ambiente acolhedor. O local, que j\u00e1 \u00e9 conhecido por seu compromisso com a alimenta\u00e7\u00e3o saud\u00e1vel e acess\u00edvel, mostrou-se um espa\u00e7o ideal para a realiza\u00e7\u00e3o de eventos que promovem o bem-estar da comunidade.<\/p>\n<p>A reuni\u00e3o da CRANS Ribeir\u00e3o Preto foi um sucesso, refor\u00e7ando o compromisso das autoridades e da sociedade civil com a promo\u00e7\u00e3o da seguran\u00e7a alimentar e nutricional sustent\u00e1vel na regi\u00e3o.<\/p>\n<p><br \/>\n<br \/><a href=\"https:\/\/folhaderibeirao.com.br\/2024\/08\/19\/restaurante-nosso-prato-em-pontal-sedia-reuniao-da-crans-ribeirao-preto\/\">Source link <\/a><\/p>\n<!-- CONTENT END 1 -->\n","protected":false},"excerpt":{"rendered":"<p>Na manh\u00e3 do dia 16 de agosto de 2024, o Restaurante Nosso Prato, localizado na Rua Jos\u00e9 Leonel Pupo, 816, em Pontal, foi o palco&#8230;<\/p>\n","protected":false},"author":1,"featured_media":0,"comment_status":"open","ping_status":"open","sticky":false,"template":"","format":"standard","meta":{"advanced_seo_description":"","jetpack_seo_html_title":"","jetpack_seo_noindex":false,"jetpack_post_was_ever_published":false,"_jetpack_newsletter_access":"","_jetpack_dont_email_post_to_subs":false,"_jetpack_newsletter_tier_id":0,"_jetpack_memberships_contains_paywalled_content":false,"_jetpack_memberships_contains_paid_content":false,"footnotes":"","jetpack_publicize_message":"","jetpack_publicize_feature_enabled":true,"jetpack_social_post_already_shared":true,"jetpack_social_options":{"image_generator_settings":{"template":"highway","default_image_id":0,"font":"","enabled":false},"version":2}},"categories":[11],"tags":[5910,3684,2194,2237,27,5279,1480,26,228],"class_list":["post-57100","post","type-post","status-publish","format-standard","hentry","category-noticias-de-ribeirao-preto-sp-e-regiao-ismael-colosi","tag-crans","tag-nosso","tag-pontal","tag-prato","tag-preto","tag-restaurante","tag-reuniao","tag-ribeirao","tag-sedia"],"jetpack_publicize_connections":[],"jetpack_featured_media_url":"","jetpack-related-posts":[{"id":79967,"url":"https:\/\/noticiasribeiraopreto.com.br\/index.php\/2025\/11\/11\/seguranca-e-atingido-por-pedrada-na-cabeca-na-fila-do-bom-prato-em-ribeirao-preto\/","url_meta":{"origin":57100,"position":0},"title":"Seguran\u00e7a \u00e9 atingido por pedrada na cabe\u00e7a na fila do Bom Prato em Ribeir\u00e3o Preto","author":"noticiasribeiraopreto.com.br","date":"11 de November de 2025","format":false,"excerpt":"Um seguran\u00e7a levou uma pedrada na cabe\u00e7a enquanto trabalhava na fila do Bom Prato, na tarde desta ter\u00e7a-feira (11), no Centro de Ribeir\u00e3o Preto. O agressor fugiu logo ap\u00f3s o ataque e ainda n\u00e3o foi identificado. De acordo com testemunhas, o seguran\u00e7a tentava organizar a fila do restaurante popular quando\u2026","rel":"","context":"In &quot;Not\u00edcias de Ribeir\u00e3o Preto-SP e Regi\u00e3o&quot;","block_context":{"text":"Not\u00edcias de Ribeir\u00e3o Preto-SP e Regi\u00e3o","link":"https:\/\/noticiasribeiraopreto.com.br\/index.php\/category\/noticias-de-ribeirao-preto-sp-e-regiao-ismael-colosi\/"},"img":{"alt_text":"","src":"https:\/\/i0.wp.com\/noticiasribeiraopreto.com.br\/wp-content\/uploads\/2025\/11\/pedrada_2025-11-11_22-18-19.webp.webp?fit=1200%2C536&ssl=1&resize=350%2C200","width":350,"height":200,"srcset":"https:\/\/i0.wp.com\/noticiasribeiraopreto.com.br\/wp-content\/uploads\/2025\/11\/pedrada_2025-11-11_22-18-19.webp.webp?fit=1200%2C536&ssl=1&resize=350%2C200 1x, https:\/\/i0.wp.com\/noticiasribeiraopreto.com.br\/wp-content\/uploads\/2025\/11\/pedrada_2025-11-11_22-18-19.webp.webp?fit=1200%2C536&ssl=1&resize=525%2C300 1.5x, https:\/\/i0.wp.com\/noticiasribeiraopreto.com.br\/wp-content\/uploads\/2025\/11\/pedrada_2025-11-11_22-18-19.webp.webp?fit=1200%2C536&ssl=1&resize=700%2C400 2x, https:\/\/i0.wp.com\/noticiasribeiraopreto.com.br\/wp-content\/uploads\/2025\/11\/pedrada_2025-11-11_22-18-19.webp.webp?fit=1200%2C536&ssl=1&resize=1050%2C600 3x"},"classes":[]},{"id":83847,"url":"https:\/\/noticiasribeiraopreto.com.br\/index.php\/2026\/03\/27\/elizabete-sera-julgada-em-pontal-por-morte-da-filha\/","url_meta":{"origin":57100,"position":1},"title":"Elizabete ser\u00e1 julgada em Pontal por morte da filha","author":"noticiasribeiraopreto.com.br","date":"27 de March de 2026","format":false,"excerpt":"\r Ju\u00edza respons\u00e1vel pelo caso havia declarado que o caso deveria ser julgado em Ribeir\u00e3o Preto\r \r 27 de mar\u00e7o de 2026 10:54 \r Compartilhar2 Por: Adalberto Luque A C\u00e2mara Especial do Tribunal de Justi\u00e7a de S\u00e3o Paulo (TJSP) confirmou para Pontal o julgamento de Elizabete Eug\u00eanio Arraba\u00e7a, de 68\u2026","rel":"","context":"In &quot;Not\u00edcias de Ribeir\u00e3o Preto-SP e Regi\u00e3o&quot;","block_context":{"text":"Not\u00edcias de Ribeir\u00e3o Preto-SP e Regi\u00e3o","link":"https:\/\/noticiasribeiraopreto.com.br\/index.php\/category\/noticias-de-ribeirao-preto-sp-e-regiao-ismael-colosi\/"},"img":{"alt_text":"","src":"https:\/\/i0.wp.com\/noticiasribeiraopreto.com.br\/wp-content\/uploads\/2026\/03\/12-set-2025-betechumbinhonathalia1.jpg?fit=906%2C752&ssl=1&resize=350%2C200","width":350,"height":200,"srcset":"https:\/\/i0.wp.com\/noticiasribeiraopreto.com.br\/wp-content\/uploads\/2026\/03\/12-set-2025-betechumbinhonathalia1.jpg?fit=906%2C752&ssl=1&resize=350%2C200 1x, https:\/\/i0.wp.com\/noticiasribeiraopreto.com.br\/wp-content\/uploads\/2026\/03\/12-set-2025-betechumbinhonathalia1.jpg?fit=906%2C752&ssl=1&resize=525%2C300 1.5x, https:\/\/i0.wp.com\/noticiasribeiraopreto.com.br\/wp-content\/uploads\/2026\/03\/12-set-2025-betechumbinhonathalia1.jpg?fit=906%2C752&ssl=1&resize=700%2C400 2x"},"classes":[]},{"id":80004,"url":"https:\/\/noticiasribeiraopreto.com.br\/index.php\/2025\/11\/12\/seguranca-do-bom-prato-atingido-por-pedrada-segue-internado-em-ribeirao-preto\/","url_meta":{"origin":57100,"position":2},"title":"Seguran\u00e7a do Bom Prato atingido por pedrada segue internado em Ribeir\u00e3o Preto","author":"noticiasribeiraopreto.com.br","date":"12 de November de 2025","format":false,"excerpt":"O seguran\u00e7a do Bom Prato agredido na cabe\u00e7a com uma pedra, enquanto trabalhava na tarde desta ter\u00e7a-feira (11), na unidade da rua Saldanha Marinho, no Centro de Ribeir\u00e3o Preto, segue internado em um hospital particular da cidade. Segundo o boletim de ocorr\u00eancia (BO), o seguran\u00e7a, de 61 anos, foi atingido\u2026","rel":"","context":"In &quot;Not\u00edcias de Ribeir\u00e3o Preto-SP e Regi\u00e3o&quot;","block_context":{"text":"Not\u00edcias de Ribeir\u00e3o Preto-SP e Regi\u00e3o","link":"https:\/\/noticiasribeiraopreto.com.br\/index.php\/category\/noticias-de-ribeirao-preto-sp-e-regiao-ismael-colosi\/"},"img":{"alt_text":"","src":"https:\/\/i0.wp.com\/noticiasribeiraopreto.com.br\/wp-content\/uploads\/2025\/11\/pedrada_2025-11-11_22-18-19.webp.webp?fit=1200%2C536&ssl=1&resize=350%2C200","width":350,"height":200,"srcset":"https:\/\/i0.wp.com\/noticiasribeiraopreto.com.br\/wp-content\/uploads\/2025\/11\/pedrada_2025-11-11_22-18-19.webp.webp?fit=1200%2C536&ssl=1&resize=350%2C200 1x, https:\/\/i0.wp.com\/noticiasribeiraopreto.com.br\/wp-content\/uploads\/2025\/11\/pedrada_2025-11-11_22-18-19.webp.webp?fit=1200%2C536&ssl=1&resize=525%2C300 1.5x, https:\/\/i0.wp.com\/noticiasribeiraopreto.com.br\/wp-content\/uploads\/2025\/11\/pedrada_2025-11-11_22-18-19.webp.webp?fit=1200%2C536&ssl=1&resize=700%2C400 2x, https:\/\/i0.wp.com\/noticiasribeiraopreto.com.br\/wp-content\/uploads\/2025\/11\/pedrada_2025-11-11_22-18-19.webp.webp?fit=1200%2C536&ssl=1&resize=1050%2C600 3x"},"classes":[]},{"id":79760,"url":"https:\/\/noticiasribeiraopreto.com.br\/index.php\/2025\/11\/06\/obra-do-novo-bom-prato-sera-concluida-ainda-em-2025-afirma-prefeitura-de-ribeirao-preto\/","url_meta":{"origin":57100,"position":3},"title":"Obra do novo Bom Prato ser\u00e1 conclu\u00edda ainda em 2025, afirma Prefeitura de Ribeir\u00e3o Preto","author":"noticiasribeiraopreto.com.br","date":"6 de November de 2025","format":false,"excerpt":"A Prefeitura de Ribeir\u00e3o Preto confirmou ao acidade on que a obra da nova unidade do Bom Prato, instalada na regi\u00e3o Central, ser\u00e1 conclu\u00edda ainda em 2025. O novo pr\u00e9dio substituir\u00e1 o restaurante popular da rua Saldanha Marinho, que existe h\u00e1 18 anos, e est\u00e1 sendo constru\u00eddo na rua Lafaiete,\u2026","rel":"","context":"In &quot;Not\u00edcias de Ribeir\u00e3o Preto-SP e Regi\u00e3o&quot;","block_context":{"text":"Not\u00edcias de Ribeir\u00e3o Preto-SP e Regi\u00e3o","link":"https:\/\/noticiasribeiraopreto.com.br\/index.php\/category\/noticias-de-ribeirao-preto-sp-e-regiao-ismael-colosi\/"},"img":{"alt_text":"","src":"https:\/\/i0.wp.com\/noticiasribeiraopreto.com.br\/wp-content\/uploads\/2025\/11\/palace-18_2025-11-06_22-31-47.webp.webp?fit=1200%2C675&ssl=1&resize=350%2C200","width":350,"height":200,"srcset":"https:\/\/i0.wp.com\/noticiasribeiraopreto.com.br\/wp-content\/uploads\/2025\/11\/palace-18_2025-11-06_22-31-47.webp.webp?fit=1200%2C675&ssl=1&resize=350%2C200 1x, https:\/\/i0.wp.com\/noticiasribeiraopreto.com.br\/wp-content\/uploads\/2025\/11\/palace-18_2025-11-06_22-31-47.webp.webp?fit=1200%2C675&ssl=1&resize=525%2C300 1.5x, https:\/\/i0.wp.com\/noticiasribeiraopreto.com.br\/wp-content\/uploads\/2025\/11\/palace-18_2025-11-06_22-31-47.webp.webp?fit=1200%2C675&ssl=1&resize=700%2C400 2x, https:\/\/i0.wp.com\/noticiasribeiraopreto.com.br\/wp-content\/uploads\/2025\/11\/palace-18_2025-11-06_22-31-47.webp.webp?fit=1200%2C675&ssl=1&resize=1050%2C600 3x"},"classes":[]},{"id":27451,"url":"https:\/\/noticiasribeiraopreto.com.br\/index.php\/2024\/01\/12\/licitacao-para-a-construcao-do-novo-predio-do-bom-prato-e-homologada\/","url_meta":{"origin":57100,"position":4},"title":"Licita\u00e7\u00e3o para a constru\u00e7\u00e3o do novo pr\u00e9dio do Bom Prato \u00e9 homologada \u2013 Folha de Ribeir\u00e3o","author":"noticiasribeiraopreto.com.br","date":"12 de January de 2024","format":false,"excerpt":"Uma boa not\u00edcia para os frequentadores da unidade do Bom Prato no centro de Ribeir\u00e3o Preto. A licita\u00e7\u00e3o para a constru\u00e7\u00e3o do novo pr\u00e9dio do Restaurante Popular Bom Prato, foi homologada nesta quinta-feira, 11 de janeiro. A disputa de pre\u00e7os foi vencida pela empresa ASF ENGENHARIA E NEG\u00d3CIOS LTDA EPP,\u2026","rel":"","context":"In &quot;Not\u00edcias de Ribeir\u00e3o Preto-SP e Regi\u00e3o&quot;","block_context":{"text":"Not\u00edcias de Ribeir\u00e3o Preto-SP e Regi\u00e3o","link":"https:\/\/noticiasribeiraopreto.com.br\/index.php\/category\/noticias-de-ribeirao-preto-sp-e-regiao-ismael-colosi\/"},"img":{"alt_text":"","src":"https:\/\/i0.wp.com\/noticiasribeiraopreto.com.br\/wp-content\/uploads\/2024\/01\/licitacao_bom_prato4.jpeg?fit=1184%2C885&ssl=1&resize=350%2C200","width":350,"height":200,"srcset":"https:\/\/i0.wp.com\/noticiasribeiraopreto.com.br\/wp-content\/uploads\/2024\/01\/licitacao_bom_prato4.jpeg?fit=1184%2C885&ssl=1&resize=350%2C200 1x, https:\/\/i0.wp.com\/noticiasribeiraopreto.com.br\/wp-content\/uploads\/2024\/01\/licitacao_bom_prato4.jpeg?fit=1184%2C885&ssl=1&resize=525%2C300 1.5x, https:\/\/i0.wp.com\/noticiasribeiraopreto.com.br\/wp-content\/uploads\/2024\/01\/licitacao_bom_prato4.jpeg?fit=1184%2C885&ssl=1&resize=700%2C400 2x, https:\/\/i0.wp.com\/noticiasribeiraopreto.com.br\/wp-content\/uploads\/2024\/01\/licitacao_bom_prato4.jpeg?fit=1184%2C885&ssl=1&resize=1050%2C600 3x"},"classes":[]},{"id":78404,"url":"https:\/\/noticiasribeiraopreto.com.br\/index.php\/2025\/10\/09\/bom-prato-oferece-almoco-especial-para-o-dia-das-criancas-veja-o-cardapio\/","url_meta":{"origin":57100,"position":5},"title":"Bom Prato oferece almo\u00e7o especial para o Dia das Crian\u00e7as; Veja o card\u00e1pio","author":"noticiasribeiraopreto.com.br","date":"9 de October de 2025","format":false,"excerpt":"As duas unidades do restaurante Bom Prato em Ribeir\u00e3o Preto v\u00e3o oferecer um almo\u00e7o especial nesta sexta-feira (10) em comemora\u00e7\u00e3o ao Dia das Crian\u00e7as. Segundo o Governo do Estado de S\u00e3o Paulo, os restaurantes de Barretos e Franca tamb\u00e9m ter\u00e3o op\u00e7\u00f5es especiais \u2013 confira o card\u00e1pio de cada unidade logo\u2026","rel":"","context":"In &quot;Not\u00edcias de Ribeir\u00e3o Preto-SP e Regi\u00e3o&quot;","block_context":{"text":"Not\u00edcias de Ribeir\u00e3o Preto-SP e Regi\u00e3o","link":"https:\/\/noticiasribeiraopreto.com.br\/index.php\/category\/noticias-de-ribeirao-preto-sp-e-regiao-ismael-colosi\/"},"img":{"alt_text":"","src":"https:\/\/i0.wp.com\/noticiasribeiraopreto.com.br\/wp-content\/uploads\/2025\/10\/bom-prato-1024x704.jpg?fit=1024%2C704&ssl=1&resize=350%2C200","width":350,"height":200,"srcset":"https:\/\/i0.wp.com\/noticiasribeiraopreto.com.br\/wp-content\/uploads\/2025\/10\/bom-prato-1024x704.jpg?fit=1024%2C704&ssl=1&resize=350%2C200 1x, https:\/\/i0.wp.com\/noticiasribeiraopreto.com.br\/wp-content\/uploads\/2025\/10\/bom-prato-1024x704.jpg?fit=1024%2C704&ssl=1&resize=525%2C300 1.5x, https:\/\/i0.wp.com\/noticiasribeiraopreto.com.br\/wp-content\/uploads\/2025\/10\/bom-prato-1024x704.jpg?fit=1024%2C704&ssl=1&resize=700%2C400 2x"},"classes":[]}],"jetpack_sharing_enabled":true,"jetpack_shortlink":"https:\/\/wp.me\/peQAOb-eQY","_links":{"self":[{"href":"https:\/\/noticiasribeiraopreto.com.br\/index.php\/wp-json\/wp\/v2\/posts\/57100","targetHints":{"allow":["GET"]}}],"collection":[{"href":"https:\/\/noticiasribeiraopreto.com.br\/index.php\/wp-json\/wp\/v2\/posts"}],"about":[{"href":"https:\/\/noticiasribeiraopreto.com.br\/index.php\/wp-json\/wp\/v2\/types\/post"}],"author":[{"embeddable":true,"href":"https:\/\/noticiasribeiraopreto.com.br\/index.php\/wp-json\/wp\/v2\/users\/1"}],"replies":[{"embeddable":true,"href":"https:\/\/noticiasribeiraopreto.com.br\/index.php\/wp-json\/wp\/v2\/comments?post=57100"}],"version-history":[{"count":0,"href":"https:\/\/noticiasribeiraopreto.com.br\/index.php\/wp-json\/wp\/v2\/posts\/57100\/revisions"}],"wp:attachment":[{"href":"https:\/\/noticiasribeiraopreto.com.br\/index.php\/wp-json\/wp\/v2\/media?parent=57100"}],"wp:term":[{"taxonomy":"category","embeddable":true,"href":"https:\/\/noticiasribeiraopreto.com.br\/index.php\/wp-json\/wp\/v2\/categories?post=57100"},{"taxonomy":"post_tag","embeddable":true,"href":"https:\/\/noticiasribeiraopreto.com.br\/index.php\/wp-json\/wp\/v2\/tags?post=57100"}],"curies":[{"name":"wp","href":"https:\/\/api.w.org\/{rel}","templated":true}]}}