{"id":57102,"date":"2024-08-23T07:48:50","date_gmt":"2024-08-23T10:48:50","guid":{"rendered":"https:\/\/noticiasribeiraopreto.com.br\/index.php\/2024\/08\/23\/rodovia-registra-congestionamento-apos-queimada-na-regiao-de-ribeirao-preto\/"},"modified":"2024-08-23T07:48:50","modified_gmt":"2024-08-23T10:48:50","slug":"rodovia-registra-congestionamento-apos-queimada-na-regiao-de-ribeirao-preto","status":"publish","type":"post","link":"https:\/\/noticiasribeiraopreto.com.br\/index.php\/2024\/08\/23\/rodovia-registra-congestionamento-apos-queimada-na-regiao-de-ribeirao-preto\/","title":{"rendered":"Rodovia registra congestionamento ap\u00f3s queimada na regi\u00e3o de Ribeir\u00e3o Preto"},"content":{"rendered":"<div class='code-block code-block-1' style='margin: 8px 0 8px auto; text-align: right; display: block; clear: both;'>\n<p><a href=\"https:\/\/wa.link\/vpicfd\"><img data-recalc-dims=\"1\" class=\"wp-image-4922\" style=\"aspect-ratio: 2.0253164556962027; width: 561px; height: auto;\" src=\"https:\/\/i0.wp.com\/ismaelcolosi.com.br\/wp-content\/uploads\/2023\/11\/grupo-de-empregos-whatsapp-e-facebook-ismael-colosi-vagas.jpg?ssl=1\" alt=\"\" \/><\/a><\/p>\n<!-- \/wp:image -->\n<\/div>\n<p> <br \/>\n<\/p>\n<p><strong>A rodovia M\u00e1rio Doneg\u00e1 (SP-291) registra congestionamento na manh\u00e3 desta sexta-feira\u00a0(23), no trecho entre Ribeir\u00e3o Preto e Dumont.<\/strong><\/p>\n<p>Segundo o <strong>DER (Departamento de Estradas de Rodagem)<\/strong>, equipes da base de Ribeir\u00e3o est\u00e3o sinalizando a rodovia, do km 3 ao 10, devido ao risco de queda de \u00e1rvore, ap\u00f3s um inc\u00eandio que atingiu \u00e1reas \u00e0s margens da via. <\/p>\n<h4 class=\"wp-block-heading\"><strong>Acidente<\/strong><\/h4>\n<p><mark class=\"has-inline-color has-black-color\">Um\u00a0engavetamento ocorreu no in\u00edcio da tarde desta quinta-feira (22), na\u00a0rodovia Brigadeiro Faria Lima (SP-326), em\u00a0Bebedouro, na regi\u00e3o de\u00a0Ribeir\u00e3o Preto.<\/mark><\/p>\n<p><mark class=\"has-inline-color has-black-color\">O acidente envolveu oito ve\u00edculos, dos quais\u00a0cinco carros\u00a0e\u00a0tr\u00eas caminh\u00f5es, \u00a0e a rodovia chegou a ser interditada.<\/mark><\/p>\n<p>SAIBA MAIS<\/p>\n<p>Inc\u00eandio atinge canavial e funcion\u00e1rios de usina na regi\u00e3o de Ribeir\u00e3o Preto evacuam o local<\/p>\n<h4 class=\"wp-block-heading\"><strong>FIQUE ON<\/strong><\/h4>\n<p>Fique ligado em tudo que acontece em Ribeir\u00e3o Preto e regi\u00e3o. Siga os perfis do&nbsp;<strong>acidade on<\/strong>&nbsp;no<a href=\"https:\/\/www.instagram.com\/acidadeonribeirao\" target=\"_blank\" rel=\"noreferrer noopener\">&nbsp;Instagram<\/a>&nbsp;e no&nbsp;<a href=\"https:\/\/www.facebook.com\/acidadeonribeirao\/\" target=\"_blank\" rel=\"noreferrer noopener\">Facebook<\/a>.<\/p>\n<p>Receba not\u00edcias do<strong>&nbsp;acidade on&nbsp;<\/strong>no WhatsApp.&nbsp;<a href=\"https:\/\/chat.whatsapp.com\/Dtv9mxhy6V5BJBotM2OQ5k\" target=\"_blank\" rel=\"noreferrer noopener\">Para entrar no grupo, basta clicar aqui.<\/a><\/p>\n<p>Fa\u00e7a uma den\u00fancia ou sugira uma reportagem sobre Ribeir\u00e3o Preto e regi\u00e3o pelo WhatsApp: 16 99117 7802.<\/p>\n<p>VEJA TAMB\u00c9M<\/p>\n<p>Como acessar os documentos sobre OVNI no Brasil?<\/p>\n<p>O post Rodovia registra congestionamento ap\u00f3s queimada na regi\u00e3o de Ribeir\u00e3o Preto apareceu primeiro em ACidade ON Ribeir\u00e3o Preto.<\/p>\n<p><script async src=\"\/\/www.instagram.com\/embed.js\"><\/script><br \/>\n<br \/><br \/>\n<br \/><a href=\"https:\/\/www.acidadeon.com\/ribeiraopreto\/cotidiano\/rodovia-registra-congestionamento-apos-queimada-na-regiao-de-ribeirao-preto\/\">Source link <\/a><\/p>\n<!-- CONTENT END 1 -->\n","protected":false},"excerpt":{"rendered":"<p>A rodovia M\u00e1rio Doneg\u00e1 (SP-291) registra congestionamento na manh\u00e3 desta sexta-feira\u00a0(23), no trecho entre Ribeir\u00e3o Preto e Dumont. Segundo o DER (Departamento de Estradas de&#8230;<\/p>\n","protected":false},"author":1,"featured_media":57103,"comment_status":"open","ping_status":"open","sticky":false,"template":"","format":"standard","meta":{"advanced_seo_description":"","jetpack_seo_html_title":"","jetpack_seo_noindex":false,"jetpack_post_was_ever_published":false,"_jetpack_newsletter_access":"","_jetpack_dont_email_post_to_subs":false,"_jetpack_newsletter_tier_id":0,"_jetpack_memberships_contains_paywalled_content":false,"_jetpack_memberships_contains_paid_content":false,"footnotes":"","jetpack_publicize_message":"","jetpack_publicize_feature_enabled":true,"jetpack_social_post_already_shared":true,"jetpack_social_options":{"image_generator_settings":{"template":"highway","default_image_id":0,"font":"","enabled":false},"version":2}},"categories":[11],"tags":[],"class_list":["post-57102","post","type-post","status-publish","format-standard","has-post-thumbnail","hentry","category-noticias-de-ribeirao-preto-sp-e-regiao-ismael-colosi"],"jetpack_publicize_connections":[],"jetpack_featured_media_url":"https:\/\/i0.wp.com\/noticiasribeiraopreto.com.br\/wp-content\/uploads\/2024\/08\/WhatsApp-Image-2024-08-23-at-06.54.38_2024-08-23_10-39-11_jpeg_2024-08-23_10-39-12.webp.webp?fit=1600%2C901&ssl=1","jetpack-related-posts":[{"id":55455,"url":"https:\/\/noticiasribeiraopreto.com.br\/index.php\/2024\/08\/02\/incendio-provoca-engavetamento-em-rodovia-da-regiao-de-ribeirao-preto-veja-o-video\/","url_meta":{"origin":57102,"position":0},"title":"Inc\u00eandio provoca engavetamento em rodovia da regi\u00e3o de Ribeir\u00e3o Preto; Veja o v\u00eddeo","author":"noticiasribeiraopreto.com.br","date":"2 de August de 2024","format":false,"excerpt":"Um inc\u00eandio no in\u00edcio da tarde desta quinta-feira (1), no quil\u00f4metro um da rodovia Maur\u00edlio Biagi (SPA 343\/322) em Pontal, na regi\u00e3o de Ribeir\u00e3o Preto, provocou um acidente envolvendo tr\u00eas carros. Informa\u00e7\u00f5es apuradas no local pela EPTV apontam que n\u00e3o houve v\u00edtimas. Segundo a Entrevias, equipes da concession\u00e1ria, Corpo de\u2026","rel":"","context":"In &quot;Not\u00edcias de Ribeir\u00e3o Preto-SP e Regi\u00e3o&quot;","block_context":{"text":"Not\u00edcias de Ribeir\u00e3o Preto-SP e Regi\u00e3o","link":"https:\/\/noticiasribeiraopreto.com.br\/index.php\/category\/noticias-de-ribeirao-preto-sp-e-regiao-ismael-colosi\/"},"img":{"alt_text":"","src":"https:\/\/i0.wp.com\/noticiasribeiraopreto.com.br\/wp-content\/uploads\/2024\/08\/Copia-de-Copia-de-TAMANHO-EXATO-PARA-FOTOS-NO-SISTEMA-NOVO-21_2024-08-01_18-57-26_jpg_2024-08-01_18-57-26.webp.webp?fit=1200%2C675&ssl=1&resize=350%2C200","width":350,"height":200,"srcset":"https:\/\/i0.wp.com\/noticiasribeiraopreto.com.br\/wp-content\/uploads\/2024\/08\/Copia-de-Copia-de-TAMANHO-EXATO-PARA-FOTOS-NO-SISTEMA-NOVO-21_2024-08-01_18-57-26_jpg_2024-08-01_18-57-26.webp.webp?fit=1200%2C675&ssl=1&resize=350%2C200 1x, https:\/\/i0.wp.com\/noticiasribeiraopreto.com.br\/wp-content\/uploads\/2024\/08\/Copia-de-Copia-de-TAMANHO-EXATO-PARA-FOTOS-NO-SISTEMA-NOVO-21_2024-08-01_18-57-26_jpg_2024-08-01_18-57-26.webp.webp?fit=1200%2C675&ssl=1&resize=525%2C300 1.5x, https:\/\/i0.wp.com\/noticiasribeiraopreto.com.br\/wp-content\/uploads\/2024\/08\/Copia-de-Copia-de-TAMANHO-EXATO-PARA-FOTOS-NO-SISTEMA-NOVO-21_2024-08-01_18-57-26_jpg_2024-08-01_18-57-26.webp.webp?fit=1200%2C675&ssl=1&resize=700%2C400 2x, https:\/\/i0.wp.com\/noticiasribeiraopreto.com.br\/wp-content\/uploads\/2024\/08\/Copia-de-Copia-de-TAMANHO-EXATO-PARA-FOTOS-NO-SISTEMA-NOVO-21_2024-08-01_18-57-26_jpg_2024-08-01_18-57-26.webp.webp?fit=1200%2C675&ssl=1&resize=1050%2C600 3x"},"classes":[]},{"id":66154,"url":"https:\/\/noticiasribeiraopreto.com.br\/index.php\/2025\/03\/28\/incendio-em-caminhao-interdita-rodovia-anhanguera-em-cravinhos\/","url_meta":{"origin":57102,"position":1},"title":"Inc\u00eandio em Caminh\u00e3o Interdita Rodovia Anhanguera em Cravinhos","author":"noticiasribeiraopreto.com.br","date":"28 de March de 2025","format":false,"excerpt":"Na madrugada desta sexta-feira, 28 de mar\u00e7o de 2025, um caminh\u00e3o carregado de gesso pegou fogo no quil\u00f4metro 300 da Rodovia Anhanguera (SP-330), no munic\u00edpio de Cravinhos, regi\u00e3o de Ribeir\u00e3o Preto. O incidente ocorreu por volta das 6h e resultou na interdi\u00e7\u00e3o da pista no sentido sul (capital), causando um\u2026","rel":"","context":"In &quot;Not\u00edcias de Ribeir\u00e3o Preto-SP e Regi\u00e3o&quot;","block_context":{"text":"Not\u00edcias de Ribeir\u00e3o Preto-SP e Regi\u00e3o","link":"https:\/\/noticiasribeiraopreto.com.br\/index.php\/category\/noticias-de-ribeirao-preto-sp-e-regiao-ismael-colosi\/"},"img":{"alt_text":"","src":"https:\/\/i0.wp.com\/noticiasribeiraopreto.com.br\/wp-content\/uploads\/2025\/03\/folder_soldado_do_fogo_3.webp.webp?fit=1170%2C700&ssl=1&resize=350%2C200","width":350,"height":200,"srcset":"https:\/\/i0.wp.com\/noticiasribeiraopreto.com.br\/wp-content\/uploads\/2025\/03\/folder_soldado_do_fogo_3.webp.webp?fit=1170%2C700&ssl=1&resize=350%2C200 1x, https:\/\/i0.wp.com\/noticiasribeiraopreto.com.br\/wp-content\/uploads\/2025\/03\/folder_soldado_do_fogo_3.webp.webp?fit=1170%2C700&ssl=1&resize=525%2C300 1.5x, https:\/\/i0.wp.com\/noticiasribeiraopreto.com.br\/wp-content\/uploads\/2025\/03\/folder_soldado_do_fogo_3.webp.webp?fit=1170%2C700&ssl=1&resize=700%2C400 2x, https:\/\/i0.wp.com\/noticiasribeiraopreto.com.br\/wp-content\/uploads\/2025\/03\/folder_soldado_do_fogo_3.webp.webp?fit=1170%2C700&ssl=1&resize=1050%2C600 3x"},"classes":[]},{"id":57135,"url":"https:\/\/noticiasribeiraopreto.com.br\/index.php\/2024\/08\/23\/ribeirao-preto-registra-dois-grandes-incendios-na-tarde-desta-sexta-feira-video\/","url_meta":{"origin":57102,"position":2},"title":"Ribeir\u00e3o Preto registra dois grandes inc\u00eandios na tarde desta sexta-feira; V\u00eddeo","author":"noticiasribeiraopreto.com.br","date":"23 de August de 2024","format":false,"excerpt":"A Defesa Civil e a Guarda Civil Metropolitana informaram que est\u00e3o realizando o combate de dois grandes inc\u00eandios em Ribeir\u00e3o Preto, na tarde desta sexta-feira (23). Os focos foram registrados em uma \u00e1rea de mata pr\u00f3xima ao campus Moura Lacerda, na zona Norte, e outra pr\u00f3xima ao Residencial L\u00e9o Gomes\u2026","rel":"","context":"In &quot;Not\u00edcias de Ribeir\u00e3o Preto-SP e Regi\u00e3o&quot;","block_context":{"text":"Not\u00edcias de Ribeir\u00e3o Preto-SP e Regi\u00e3o","link":"https:\/\/noticiasribeiraopreto.com.br\/index.php\/category\/noticias-de-ribeirao-preto-sp-e-regiao-ismael-colosi\/"},"img":{"alt_text":"","src":"https:\/\/i0.wp.com\/noticiasribeiraopreto.com.br\/wp-content\/uploads\/2024\/08\/incendio-leo-gomes_2024-08-23_20-31-31_jpg_2024-08-23_20-31-31.webp.webp?fit=861%2C586&ssl=1&resize=350%2C200","width":350,"height":200,"srcset":"https:\/\/i0.wp.com\/noticiasribeiraopreto.com.br\/wp-content\/uploads\/2024\/08\/incendio-leo-gomes_2024-08-23_20-31-31_jpg_2024-08-23_20-31-31.webp.webp?fit=861%2C586&ssl=1&resize=350%2C200 1x, https:\/\/i0.wp.com\/noticiasribeiraopreto.com.br\/wp-content\/uploads\/2024\/08\/incendio-leo-gomes_2024-08-23_20-31-31_jpg_2024-08-23_20-31-31.webp.webp?fit=861%2C586&ssl=1&resize=525%2C300 1.5x, https:\/\/i0.wp.com\/noticiasribeiraopreto.com.br\/wp-content\/uploads\/2024\/08\/incendio-leo-gomes_2024-08-23_20-31-31_jpg_2024-08-23_20-31-31.webp.webp?fit=861%2C586&ssl=1&resize=700%2C400 2x"},"classes":[]},{"id":79322,"url":"https:\/\/noticiasribeiraopreto.com.br\/index.php\/2025\/10\/29\/rodovia-na-regiao-de-ribeirao-preto-registra-segundo-acidente-com-morte-em-menos-de-24-horas\/","url_meta":{"origin":57102,"position":3},"title":"Rodovia na regi\u00e3o de Ribeir\u00e3o Preto registra segundo acidente com morte em menos de 24 horas","author":"noticiasribeiraopreto.com.br","date":"29 de October de 2025","format":false,"excerpt":"Mais um acidente foi registrado na rodovia Brigadeiro Faria Lima (SP-326), desta vez no trecho que passa pela cidade de Bebedouro, na regi\u00e3o de Ribeir\u00e3o Preto. Vale lembrar que, na ter\u00e7a-feira (28), um homem morreu ap\u00f3s bater o carro na traseira de um caminh\u00e3o parado no acostamento da mesma rodovia.\u2026","rel":"","context":"In &quot;Not\u00edcias de Ribeir\u00e3o Preto-SP e Regi\u00e3o&quot;","block_context":{"text":"Not\u00edcias de Ribeir\u00e3o Preto-SP e Regi\u00e3o","link":"https:\/\/noticiasribeiraopreto.com.br\/index.php\/category\/noticias-de-ribeirao-preto-sp-e-regiao-ismael-colosi\/"},"img":{"alt_text":"","src":"https:\/\/i0.wp.com\/noticiasribeiraopreto.com.br\/wp-content\/uploads\/2025\/10\/voguing-8_2025-10-29_18-55-08.webp.webp?fit=1200%2C675&ssl=1&resize=350%2C200","width":350,"height":200,"srcset":"https:\/\/i0.wp.com\/noticiasribeiraopreto.com.br\/wp-content\/uploads\/2025\/10\/voguing-8_2025-10-29_18-55-08.webp.webp?fit=1200%2C675&ssl=1&resize=350%2C200 1x, https:\/\/i0.wp.com\/noticiasribeiraopreto.com.br\/wp-content\/uploads\/2025\/10\/voguing-8_2025-10-29_18-55-08.webp.webp?fit=1200%2C675&ssl=1&resize=525%2C300 1.5x, https:\/\/i0.wp.com\/noticiasribeiraopreto.com.br\/wp-content\/uploads\/2025\/10\/voguing-8_2025-10-29_18-55-08.webp.webp?fit=1200%2C675&ssl=1&resize=700%2C400 2x, https:\/\/i0.wp.com\/noticiasribeiraopreto.com.br\/wp-content\/uploads\/2025\/10\/voguing-8_2025-10-29_18-55-08.webp.webp?fit=1200%2C675&ssl=1&resize=1050%2C600 3x"},"classes":[]},{"id":56984,"url":"https:\/\/noticiasribeiraopreto.com.br\/index.php\/2024\/08\/20\/motorista-morre-em-incendio-apos-acidente-na-regiao-de-ribeirao-preto\/","url_meta":{"origin":57102,"position":4},"title":"Motorista morre em inc\u00eandio ap\u00f3s acidente na regi\u00e3o de Ribeir\u00e3o Preto","author":"noticiasribeiraopreto.com.br","date":"20 de August de 2024","format":false,"excerpt":"O motorista de um caminh\u00e3o morreu ap\u00f3s um acidente envolvendo o reboque de outro ve\u00edculo na rodovia F\u00e1bio Talarico, em Ipu\u00e3, na regi\u00e3o de Ribeir\u00e3o Preto. O acidente aconteceu por volta das 3h desta ter\u00e7a-feira (20), na altura do quil\u00f4metro 102, no trevo. De acordo com apura\u00e7\u00e3o da EPTV, o\u2026","rel":"","context":"In &quot;Not\u00edcias de Ribeir\u00e3o Preto-SP e Regi\u00e3o&quot;","block_context":{"text":"Not\u00edcias de Ribeir\u00e3o Preto-SP e Regi\u00e3o","link":"https:\/\/noticiasribeiraopreto.com.br\/index.php\/category\/noticias-de-ribeirao-preto-sp-e-regiao-ismael-colosi\/"},"img":{"alt_text":"","src":"https:\/\/i0.wp.com\/noticiasribeiraopreto.com.br\/wp-content\/uploads\/2024\/08\/transito_2024-08-20_11-44-03_jpeg_2024-08-20_11-44-03.webp.webp?fit=1200%2C674&ssl=1&resize=350%2C200","width":350,"height":200,"srcset":"https:\/\/i0.wp.com\/noticiasribeiraopreto.com.br\/wp-content\/uploads\/2024\/08\/transito_2024-08-20_11-44-03_jpeg_2024-08-20_11-44-03.webp.webp?fit=1200%2C674&ssl=1&resize=350%2C200 1x, https:\/\/i0.wp.com\/noticiasribeiraopreto.com.br\/wp-content\/uploads\/2024\/08\/transito_2024-08-20_11-44-03_jpeg_2024-08-20_11-44-03.webp.webp?fit=1200%2C674&ssl=1&resize=525%2C300 1.5x, https:\/\/i0.wp.com\/noticiasribeiraopreto.com.br\/wp-content\/uploads\/2024\/08\/transito_2024-08-20_11-44-03_jpeg_2024-08-20_11-44-03.webp.webp?fit=1200%2C674&ssl=1&resize=700%2C400 2x, https:\/\/i0.wp.com\/noticiasribeiraopreto.com.br\/wp-content\/uploads\/2024\/08\/transito_2024-08-20_11-44-03_jpeg_2024-08-20_11-44-03.webp.webp?fit=1200%2C674&ssl=1&resize=1050%2C600 3x"},"classes":[]},{"id":16802,"url":"https:\/\/noticiasribeiraopreto.com.br\/index.php\/2023\/12\/16\/homem-morre-apos-capotamento-em-rodovia-na-regiao-de-ribeirao-preto\/","url_meta":{"origin":57102,"position":5},"title":"Homem morre ap\u00f3s capotamento em rodovia na regi\u00e3o de Ribeir\u00e3o Preto","author":"noticiasribeiraopreto.com.br","date":"16 de December de 2023","format":false,"excerpt":"Um homem de 37 anos morreu ap\u00f3s o carro que ele dirigia capotar na rodovia Altino Arantes, em Batatais, na regi\u00e3o de Ribeir\u00e3o Preto. O acidente aconteceu na noite da \u00faltima sexta-feira (15). De acordo com o Corpo de Bombeiros, o homem chegou a ser socorrido, mas n\u00e3o resistiu aos\u2026","rel":"","context":"In &quot;Not\u00edcias de Ribeir\u00e3o Preto-SP e Regi\u00e3o&quot;","block_context":{"text":"Not\u00edcias de Ribeir\u00e3o Preto-SP e Regi\u00e3o","link":"https:\/\/noticiasribeiraopreto.com.br\/index.php\/category\/noticias-de-ribeirao-preto-sp-e-regiao-ismael-colosi\/"},"img":{"alt_text":"","src":"https:\/\/i0.wp.com\/noticiasribeiraopreto.com.br\/wp-content\/uploads\/2023\/12\/1702748518_WhatsApp-Image-2023-10-01-at-15.55.52.jpeg?fit=1024%2C576&ssl=1&resize=350%2C200","width":350,"height":200,"srcset":"https:\/\/i0.wp.com\/noticiasribeiraopreto.com.br\/wp-content\/uploads\/2023\/12\/1702748518_WhatsApp-Image-2023-10-01-at-15.55.52.jpeg?fit=1024%2C576&ssl=1&resize=350%2C200 1x, https:\/\/i0.wp.com\/noticiasribeiraopreto.com.br\/wp-content\/uploads\/2023\/12\/1702748518_WhatsApp-Image-2023-10-01-at-15.55.52.jpeg?fit=1024%2C576&ssl=1&resize=525%2C300 1.5x, https:\/\/i0.wp.com\/noticiasribeiraopreto.com.br\/wp-content\/uploads\/2023\/12\/1702748518_WhatsApp-Image-2023-10-01-at-15.55.52.jpeg?fit=1024%2C576&ssl=1&resize=700%2C400 2x"},"classes":[]}],"jetpack_sharing_enabled":true,"jetpack_shortlink":"https:\/\/wp.me\/peQAOb-eR0","_links":{"self":[{"href":"https:\/\/noticiasribeiraopreto.com.br\/index.php\/wp-json\/wp\/v2\/posts\/57102","targetHints":{"allow":["GET"]}}],"collection":[{"href":"https:\/\/noticiasribeiraopreto.com.br\/index.php\/wp-json\/wp\/v2\/posts"}],"about":[{"href":"https:\/\/noticiasribeiraopreto.com.br\/index.php\/wp-json\/wp\/v2\/types\/post"}],"author":[{"embeddable":true,"href":"https:\/\/noticiasribeiraopreto.com.br\/index.php\/wp-json\/wp\/v2\/users\/1"}],"replies":[{"embeddable":true,"href":"https:\/\/noticiasribeiraopreto.com.br\/index.php\/wp-json\/wp\/v2\/comments?post=57102"}],"version-history":[{"count":0,"href":"https:\/\/noticiasribeiraopreto.com.br\/index.php\/wp-json\/wp\/v2\/posts\/57102\/revisions"}],"wp:featuredmedia":[{"embeddable":true,"href":"https:\/\/noticiasribeiraopreto.com.br\/index.php\/wp-json\/wp\/v2\/media\/57103"}],"wp:attachment":[{"href":"https:\/\/noticiasribeiraopreto.com.br\/index.php\/wp-json\/wp\/v2\/media?parent=57102"}],"wp:term":[{"taxonomy":"category","embeddable":true,"href":"https:\/\/noticiasribeiraopreto.com.br\/index.php\/wp-json\/wp\/v2\/categories?post=57102"},{"taxonomy":"post_tag","embeddable":true,"href":"https:\/\/noticiasribeiraopreto.com.br\/index.php\/wp-json\/wp\/v2\/tags?post=57102"}],"curies":[{"name":"wp","href":"https:\/\/api.w.org\/{rel}","templated":true}]}}